{"id":6126,"date":"2019-07-04T12:38:36","date_gmt":"2019-07-04T12:38:36","guid":{"rendered":"https:\/\/laprensacristiana.com\/?p=6126"},"modified":"2019-07-04T12:38:39","modified_gmt":"2019-07-04T12:38:39","slug":"facultad-de-teologia-ucad-celebro-33-aniversario-con-congreso","status":"publish","type":"post","link":"https:\/\/laprensacristiana.com\/?p=6126","title":{"rendered":"Facultad de teolog\u00eda UCAD celebr\u00f3 33 aniversario con congreso"},"content":{"rendered":"\n<p>El viernes 31 de\nmayo, la Facultad de Teolog\u00eda Dr. DeLonn Lynn Rance, celebr\u00f3 su 33 aniversario;\nocasi\u00f3n que aprovech\u00f3 para desarrollar el Congreso teol\u00f3gico denominado \u201cUna\nTeolog\u00eda que Informa y Transforma\u201d. En dicha actividad se cont\u00f3 con los\nprestigiosos conferencistas, Luis Alejandro Guerra, PhD. Decano acad\u00e9mico del\nSeminario Teol\u00f3gico Centroamericano, mejor conocido como SETECA; Y el hermano\nDeLonn Lyn Rance, PhD. Director del Instituto de Estudios Interculturales del\nSeminario Teol\u00f3gico de la Asambleas de Dios en Springfield Missouri, Estados\nUnidos.<\/p>\n\n\n\n<p>El congreso\ntambi\u00e9n dio lugar para que cuatro de los decanos que han servido en esta\nFacultad, fuesen reconocidos por su destacada labor, ellos son: Dr. DeLonn Lynn\nRance, el Mtro Orlando C\u00e1mbara (hoy Rector), el Lic. Oscar Dur\u00e1n, y el Lic.\nCarlos Antonio Castillo.<\/p>\n\n\n\n<p>Al evento\nasistieron unas 175 personas, entre ellos, distinguidos pastores de las\ndiferentes denominaciones, adem\u00e1s de un buen n\u00famero de estudiantes de\ninstitutos b\u00edblicos y de la misma Facultad.<\/p>\n\n\n\n<p>Seg\u00fan las\nestad\u00edsticas institucionales, la Facultad de Teolog\u00eda ha graduado a 190\nprofesionales en Teolog\u00eda, entre ellos, 45 mujeres.<\/p>\n\n\n\n<p>Para los pr\u00f3ximos cinco a\u00f1os se proyectan dos nuevas carreras, la Licenciatura en Teolog\u00eda con especialidad en ministerios pastorales y la Maestr\u00eda en estudios Teol\u00f3gicos. <\/p>\n\n\n\n<figure class=\"wp-block-image\"><img decoding=\"async\" loading=\"lazy\" width=\"720\" height=\"405\" src=\"https:\/\/laprensacristiana.com\/wp-content\/uploads\/2019\/07\/65893222_2837878306283414_6446601020574269440_n.jpg\" alt=\"\" class=\"wp-image-6112\" srcset=\"https:\/\/laprensacristiana.com\/wp-content\/uploads\/2019\/07\/65893222_2837878306283414_6446601020574269440_n.jpg 720w, https:\/\/laprensacristiana.com\/wp-content\/uploads\/2019\/07\/65893222_2837878306283414_6446601020574269440_n-600x338.jpg 600w, https:\/\/laprensacristiana.com\/wp-content\/uploads\/2019\/07\/65893222_2837878306283414_6446601020574269440_n-300x169.jpg 300w, https:\/\/laprensacristiana.com\/wp-content\/uploads\/2019\/07\/65893222_2837878306283414_6446601020574269440_n-696x392.jpg 696w\" sizes=\"(max-width: 720px) 100vw, 720px\" \/><\/figure>\n","protected":false},"excerpt":{"rendered":"<p>El viernes 31 de mayo, la Facultad de Teolog\u00eda Dr. DeLonn Lynn Rance, celebr\u00f3 su 33 aniversario; ocasi\u00f3n que aprovech\u00f3 para desarrollar el Congreso teol\u00f3gico denominado \u201cUna Teolog\u00eda que Informa y Transforma\u201d. En dicha actividad se cont\u00f3 con los prestigiosos conferencistas, Luis Alejandro Guerra, PhD. Decano acad\u00e9mico del Seminario Teol\u00f3gico Centroamericano, mejor conocido como SETECA; [&hellip;]<\/p>\n","protected":false},"author":3,"featured_media":6127,"comment_status":"open","ping_status":"open","sticky":false,"template":"","format":"standard","meta":[],"categories":[56],"tags":[],"yoast_head":"<!-- This site is optimized with the Yoast SEO plugin v20.8 - https:\/\/yoast.com\/wordpress\/plugins\/seo\/ -->\n<title>Facultad de teolog\u00eda UCAD celebr\u00f3 33 aniversario con congreso - La Prensa Cristiana<\/title>\n<meta name=\"robots\" content=\"index, follow, max-snippet:-1, max-image-preview:large, max-video-preview:-1\" \/>\n<link rel=\"canonical\" href=\"https:\/\/laprensacristiana.com\/?p=6126\" \/>\n<meta property=\"og:locale\" content=\"es_ES\" \/>\n<meta property=\"og:type\" content=\"article\" \/>\n<meta property=\"og:title\" content=\"Facultad de teolog\u00eda UCAD celebr\u00f3 33 aniversario con congreso - La Prensa Cristiana\" \/>\n<meta property=\"og:description\" content=\"El viernes 31 de mayo, la Facultad de Teolog\u00eda Dr. DeLonn Lynn Rance, celebr\u00f3 su 33 aniversario; ocasi\u00f3n que aprovech\u00f3 para desarrollar el Congreso teol\u00f3gico denominado \u201cUna Teolog\u00eda que Informa y Transforma\u201d. En dicha actividad se cont\u00f3 con los prestigiosos conferencistas, Luis Alejandro Guerra, PhD. Decano acad\u00e9mico del Seminario Teol\u00f3gico Centroamericano, mejor conocido como SETECA; [&hellip;]\" \/>\n<meta property=\"og:url\" content=\"https:\/\/laprensacristiana.com\/?p=6126\" \/>\n<meta property=\"og:site_name\" content=\"La Prensa Cristiana\" \/>\n<meta property=\"article:published_time\" content=\"2019-07-04T12:38:36+00:00\" \/>\n<meta property=\"article:modified_time\" content=\"2019-07-04T12:38:39+00:00\" \/>\n<meta property=\"og:image\" content=\"https:\/\/laprensacristiana.com\/wp-content\/uploads\/2019\/07\/congreso-teologia.jpg\" \/>\n\t<meta property=\"og:image:width\" content=\"720\" \/>\n\t<meta property=\"og:image:height\" content=\"480\" \/>\n\t<meta property=\"og:image:type\" content=\"image\/jpeg\" \/>\n<meta name=\"author\" content=\"EDITOR\" \/>\n<meta name=\"twitter:card\" content=\"summary_large_image\" \/>\n<meta name=\"twitter:label1\" content=\"Escrito por\" \/>\n\t<meta name=\"twitter:data1\" content=\"EDITOR\" \/>\n\t<meta name=\"twitter:label2\" content=\"Tiempo de lectura\" \/>\n\t<meta name=\"twitter:data2\" content=\"1 minuto\" \/>\n<script type=\"application\/ld+json\" class=\"yoast-schema-graph\">{\"@context\":\"https:\/\/schema.org\",\"@graph\":[{\"@type\":\"WebPage\",\"@id\":\"https:\/\/laprensacristiana.com\/?p=6126\",\"url\":\"https:\/\/laprensacristiana.com\/?p=6126\",\"name\":\"Facultad de teolog\u00eda UCAD celebr\u00f3 33 aniversario con congreso - La Prensa Cristiana\",\"isPartOf\":{\"@id\":\"https:\/\/laprensacristiana.com\/#website\"},\"datePublished\":\"2019-07-04T12:38:36+00:00\",\"dateModified\":\"2019-07-04T12:38:39+00:00\",\"author\":{\"@id\":\"https:\/\/laprensacristiana.com\/#\/schema\/person\/3e7d82c6bfd6b1fa67010f8f7cd5256e\"},\"breadcrumb\":{\"@id\":\"https:\/\/laprensacristiana.com\/?p=6126#breadcrumb\"},\"inLanguage\":\"es\",\"potentialAction\":[{\"@type\":\"ReadAction\",\"target\":[\"https:\/\/laprensacristiana.com\/?p=6126\"]}]},{\"@type\":\"BreadcrumbList\",\"@id\":\"https:\/\/laprensacristiana.com\/?p=6126#breadcrumb\",\"itemListElement\":[{\"@type\":\"ListItem\",\"position\":1,\"name\":\"Portada\",\"item\":\"https:\/\/laprensacristiana.com\/\"},{\"@type\":\"ListItem\",\"position\":2,\"name\":\"Facultad de teolog\u00eda UCAD celebr\u00f3 33 aniversario con congreso\"}]},{\"@type\":\"WebSite\",\"@id\":\"https:\/\/laprensacristiana.com\/#website\",\"url\":\"https:\/\/laprensacristiana.com\/\",\"name\":\"La Prensa Cristiana\",\"description\":\"Anunciando Las Buenas Nuevas\",\"potentialAction\":[{\"@type\":\"SearchAction\",\"target\":{\"@type\":\"EntryPoint\",\"urlTemplate\":\"https:\/\/laprensacristiana.com\/?s={search_term_string}\"},\"query-input\":\"required name=search_term_string\"}],\"inLanguage\":\"es\"},{\"@type\":\"Person\",\"@id\":\"https:\/\/laprensacristiana.com\/#\/schema\/person\/3e7d82c6bfd6b1fa67010f8f7cd5256e\",\"name\":\"EDITOR\",\"image\":{\"@type\":\"ImageObject\",\"inLanguage\":\"es\",\"@id\":\"https:\/\/laprensacristiana.com\/#\/schema\/person\/image\/\",\"url\":\"https:\/\/secure.gravatar.com\/avatar\/72069dfb6c13772d9e8381e3638666d2?s=96&d=mm&r=g\",\"contentUrl\":\"https:\/\/secure.gravatar.com\/avatar\/72069dfb6c13772d9e8381e3638666d2?s=96&d=mm&r=g\",\"caption\":\"EDITOR\"},\"url\":\"https:\/\/laprensacristiana.com\/?author=3\"}]}<\/script>\n<!-- \/ Yoast SEO plugin. -->","yoast_head_json":{"title":"Facultad de teolog\u00eda UCAD celebr\u00f3 33 aniversario con congreso - La Prensa Cristiana","robots":{"index":"index","follow":"follow","max-snippet":"max-snippet:-1","max-image-preview":"max-image-preview:large","max-video-preview":"max-video-preview:-1"},"canonical":"https:\/\/laprensacristiana.com\/?p=6126","og_locale":"es_ES","og_type":"article","og_title":"Facultad de teolog\u00eda UCAD celebr\u00f3 33 aniversario con congreso - La Prensa Cristiana","og_description":"El viernes 31 de mayo, la Facultad de Teolog\u00eda Dr. DeLonn Lynn Rance, celebr\u00f3 su 33 aniversario; ocasi\u00f3n que aprovech\u00f3 para desarrollar el Congreso teol\u00f3gico denominado \u201cUna Teolog\u00eda que Informa y Transforma\u201d. En dicha actividad se cont\u00f3 con los prestigiosos conferencistas, Luis Alejandro Guerra, PhD. Decano acad\u00e9mico del Seminario Teol\u00f3gico Centroamericano, mejor conocido como SETECA; [&hellip;]","og_url":"https:\/\/laprensacristiana.com\/?p=6126","og_site_name":"La Prensa Cristiana","article_published_time":"2019-07-04T12:38:36+00:00","article_modified_time":"2019-07-04T12:38:39+00:00","og_image":[{"width":720,"height":480,"url":"https:\/\/laprensacristiana.com\/wp-content\/uploads\/2019\/07\/congreso-teologia.jpg","type":"image\/jpeg"}],"author":"EDITOR","twitter_card":"summary_large_image","twitter_misc":{"Escrito por":"EDITOR","Tiempo de lectura":"1 minuto"},"schema":{"@context":"https:\/\/schema.org","@graph":[{"@type":"WebPage","@id":"https:\/\/laprensacristiana.com\/?p=6126","url":"https:\/\/laprensacristiana.com\/?p=6126","name":"Facultad de teolog\u00eda UCAD celebr\u00f3 33 aniversario con congreso - La Prensa Cristiana","isPartOf":{"@id":"https:\/\/laprensacristiana.com\/#website"},"datePublished":"2019-07-04T12:38:36+00:00","dateModified":"2019-07-04T12:38:39+00:00","author":{"@id":"https:\/\/laprensacristiana.com\/#\/schema\/person\/3e7d82c6bfd6b1fa67010f8f7cd5256e"},"breadcrumb":{"@id":"https:\/\/laprensacristiana.com\/?p=6126#breadcrumb"},"inLanguage":"es","potentialAction":[{"@type":"ReadAction","target":["https:\/\/laprensacristiana.com\/?p=6126"]}]},{"@type":"BreadcrumbList","@id":"https:\/\/laprensacristiana.com\/?p=6126#breadcrumb","itemListElement":[{"@type":"ListItem","position":1,"name":"Portada","item":"https:\/\/laprensacristiana.com\/"},{"@type":"ListItem","position":2,"name":"Facultad de teolog\u00eda UCAD celebr\u00f3 33 aniversario con congreso"}]},{"@type":"WebSite","@id":"https:\/\/laprensacristiana.com\/#website","url":"https:\/\/laprensacristiana.com\/","name":"La Prensa Cristiana","description":"Anunciando Las Buenas Nuevas","potentialAction":[{"@type":"SearchAction","target":{"@type":"EntryPoint","urlTemplate":"https:\/\/laprensacristiana.com\/?s={search_term_string}"},"query-input":"required name=search_term_string"}],"inLanguage":"es"},{"@type":"Person","@id":"https:\/\/laprensacristiana.com\/#\/schema\/person\/3e7d82c6bfd6b1fa67010f8f7cd5256e","name":"EDITOR","image":{"@type":"ImageObject","inLanguage":"es","@id":"https:\/\/laprensacristiana.com\/#\/schema\/person\/image\/","url":"https:\/\/secure.gravatar.com\/avatar\/72069dfb6c13772d9e8381e3638666d2?s=96&d=mm&r=g","contentUrl":"https:\/\/secure.gravatar.com\/avatar\/72069dfb6c13772d9e8381e3638666d2?s=96&d=mm&r=g","caption":"EDITOR"},"url":"https:\/\/laprensacristiana.com\/?author=3"}]}},"_links":{"self":[{"href":"https:\/\/laprensacristiana.com\/index.php?rest_route=\/wp\/v2\/posts\/6126"}],"collection":[{"href":"https:\/\/laprensacristiana.com\/index.php?rest_route=\/wp\/v2\/posts"}],"about":[{"href":"https:\/\/laprensacristiana.com\/index.php?rest_route=\/wp\/v2\/types\/post"}],"author":[{"embeddable":true,"href":"https:\/\/laprensacristiana.com\/index.php?rest_route=\/wp\/v2\/users\/3"}],"replies":[{"embeddable":true,"href":"https:\/\/laprensacristiana.com\/index.php?rest_route=%2Fwp%2Fv2%2Fcomments&post=6126"}],"version-history":[{"count":1,"href":"https:\/\/laprensacristiana.com\/index.php?rest_route=\/wp\/v2\/posts\/6126\/revisions"}],"predecessor-version":[{"id":6128,"href":"https:\/\/laprensacristiana.com\/index.php?rest_route=\/wp\/v2\/posts\/6126\/revisions\/6128"}],"wp:featuredmedia":[{"embeddable":true,"href":"https:\/\/laprensacristiana.com\/index.php?rest_route=\/wp\/v2\/media\/6127"}],"wp:attachment":[{"href":"https:\/\/laprensacristiana.com\/index.php?rest_route=%2Fwp%2Fv2%2Fmedia&parent=6126"}],"wp:term":[{"taxonomy":"category","embeddable":true,"href":"https:\/\/laprensacristiana.com\/index.php?rest_route=%2Fwp%2Fv2%2Fcategories&post=6126"},{"taxonomy":"post_tag","embeddable":true,"href":"https:\/\/laprensacristiana.com\/index.php?rest_route=%2Fwp%2Fv2%2Ftags&post=6126"}],"curies":[{"name":"wp","href":"https:\/\/api.w.org\/{rel}","templated":true}]}}