{"id":6139,"date":"2019-07-08T14:54:07","date_gmt":"2019-07-08T14:54:07","guid":{"rendered":"https:\/\/laprensacristiana.com\/?p=6139"},"modified":"2019-07-08T14:54:10","modified_gmt":"2019-07-08T14:54:10","slug":"el-derecho-a-manifestarse","status":"publish","type":"post","link":"https:\/\/laprensacristiana.com\/?p=6139","title":{"rendered":"El derecho a manifestarse"},"content":{"rendered":"\n<p>La acci\u00f3n de manifestarse\ny de expresar las ideas, es un derecho de rango Constitucional, que tiene todo\nciudadano, cuando siente que se le ha soslayado un derecho o existe alguna\ninconformidad sobre alguna pol\u00edtica p\u00fablica, en ese sentido la comunidad LGTBI,\ntiene al igual que el resto de grupos, la facultad de manifestarse\np\u00fablicamente, y a expresar sus ideas. Sin embargo, el derecho a manifestarse\ntiene sus l\u00edmites; no pueden obligar a otra persona o a un menor de edad a pertenecer\na una asociaci\u00f3n; no deben subvertir el orden p\u00fablico, ni lesionar la moral, el\nhonor, ni la vida privada de los dem\u00e1s. <\/p>\n\n\n\n<p>En mi opini\u00f3n, ning\u00fan\nsalvadore\u00f1o, debe ser tratado con menos dignidad por el hecho de no tener una\nbuena posici\u00f3n econ\u00f3mica o por sus creencias, ni puede ser tratado con mayor\nhonor aquel ciudadano, que tiene poder econ\u00f3mico o por su preferencia sexual,\ndado que la Constituci\u00f3n, establece que todas las personas son iguales ante la\nley, en ese sentido se entiende que la justicia reconoce derechos sobre\npersonas y no sobre orientaciones o creencias, de manera que pedir derechos\nadicionales que el resto de los ciudadanos,&nbsp;\nno solo es lesivo&nbsp; para la\njusticia, sino que deja un mal precedente. <\/p>\n\n\n\n<p>Es como si el d\u00eda de\nma\u00f1ana, un ciego se presente a Sertracen a exigir se le otorgue una licencia de\nconducir, aduciendo que \u00e9l siente que ve perfectamente, porque la ideolog\u00eda de\ng\u00e9nero, le ha ense\u00f1ado que si un hombre, se siente mujer, \u00a1entonces\nautom\u00e1ticamente, es una mujer! &nbsp;De modo que,\npara vivir pac\u00edficamente como sociedad, es importante que avancemos hacia el\nrespeto y la tolerancia de las ideas.&nbsp; Y\npor ac\u00e1 esta la piedra en el zapato, ya que el movimiento LGTBI, no solo\npromueve su ideolog\u00eda, sino que tiene un af\u00e1n desmedido por imponer sus ideas a\ntoda la sociedad incluyendo especialmente a los ni\u00f1os. <\/p>\n\n\n\n<p>De modo que el movimiento LGTBI,\nno se ha bajado aun de la nube en la que abandero; la exclusi\u00f3n, el maltrato,\nla discriminaci\u00f3n y la homofobia, con la que inicio en los a\u00f1os setenta, logrando\ncon ello un trato m\u00e1s digno e igualitario, &nbsp;y con justa raz\u00f3n, pero no pueden continuar\naseverando &nbsp;que en pleno siglo XXI,\nexiste homofobia, cuando en una gran cantidad de pa\u00edses de Europa, Occidente y\nLatinoam\u00e9rica, han sucumbido al capricho y&nbsp;\na las riquezas que ofrece el movimiento LGTBI, donde han aprobado leyes tales\ncomo; el aborto, los matrimonios igualitarios y cambios de identidades. <\/p>\n\n\n\n<p>De manera que la presi\u00f3n\nLGTBI,&nbsp; es tan grande, que algunos\npastores y sacerdotes, est\u00e1n siendo perseguidos y encarcelados, por disentir\np\u00fablicamente con la ideolog\u00eda de g\u00e9nero, tal como le ocurriera al pastor Ake\nGreen, de Suecia, en el a\u00f1o 2004, al obispo anglicano Peter Forster, en\nChester, Gran Breta\u00f1a en el a\u00f1o 2003, y en Canad\u00e1, cuando un diario de Saskatchewan\ny un ciudadano particular fueron multados en 2001, por publicar un anuncio con vers\u00edculos\nb\u00edblicos sobre la homosexualidad o lo que sucedi\u00f3 en &nbsp;Espa\u00f1a en el a\u00f1o 2003, &nbsp;cuando el presidente de la \u201cPlataforma Popular\nGay\u00bb, present\u00f3 una denuncia penal contra el Cardenal Rouco. <\/p>\n\n\n\n<p>De tal suerte, que la\nintolerancia, no deviene de los grupos que apoyan la vida y la familia formados\npor un hombre y una mujer nacidos as\u00ed, ni tampoco del cristianismo, dado que,\nen El Salvador, no se persigue, ni se encarcela, ni se discrimina a personas\nque practican la diversidad sexual, contrario a ello si se ha visto que el\nmovimiento LGTBI, ha impuesto su ideolog\u00eda en cada estructura del Estado. Tambi\u00e9n\nhan irrespetado los s\u00edmbolos viales o el Teatro Nacional, al imponer su bandera\ndel orgullo gay. <\/p>\n\n\n\n<p>Y el gobierno se ha vuelto\ncomplaciente, dado que ha destinado recursos p\u00fablicos, para propagar esa\nideolog\u00eda en los ni\u00f1os, por medio del MINED, con el programa Educaci\u00f3n Integral\nde la Sexualidad, que est\u00e1 en su portal.&nbsp;\nEs importante recordar que el Estado es Laico, y tiene que estar libre\nde todo ideolog\u00eda o religi\u00f3n.&nbsp; Aun as\u00ed,\nen la marcha del 28 de junio, del orgullo gay, llevaban ni\u00f1os y ni\u00f1as, y\nposteaban carteles diciendo \u201cDios es una reina\u201d, de tal manera, que estos actos\nrepresentan intolerancia y son una falta de respeto a la fe cristiana, adem\u00e1s\nde ser constitutiva de delitos, por cuanto pervierten a menores. <\/p>\n","protected":false},"excerpt":{"rendered":"<p>La acci\u00f3n de manifestarse y de expresar las ideas, es un derecho de rango Constitucional, que tiene todo ciudadano, cuando siente que se le ha soslayado un derecho o existe alguna inconformidad sobre alguna pol\u00edtica p\u00fablica, en ese sentido la comunidad LGTBI, tiene al igual que el resto de grupos, la facultad de manifestarse p\u00fablicamente, [&hellip;]<\/p>\n","protected":false},"author":3,"featured_media":6140,"comment_status":"open","ping_status":"open","sticky":false,"template":"","format":"standard","meta":[],"categories":[23],"tags":[],"yoast_head":"<!-- This site is optimized with the Yoast SEO plugin v20.8 - https:\/\/yoast.com\/wordpress\/plugins\/seo\/ -->\n<title>El derecho a manifestarse - La Prensa Cristiana<\/title>\n<meta name=\"robots\" content=\"index, follow, max-snippet:-1, max-image-preview:large, max-video-preview:-1\" \/>\n<link rel=\"canonical\" href=\"https:\/\/laprensacristiana.com\/?p=6139\" \/>\n<meta property=\"og:locale\" content=\"es_ES\" \/>\n<meta property=\"og:type\" content=\"article\" \/>\n<meta property=\"og:title\" content=\"El derecho a manifestarse - La Prensa Cristiana\" \/>\n<meta property=\"og:description\" content=\"La acci\u00f3n de manifestarse y de expresar las ideas, es un derecho de rango Constitucional, que tiene todo ciudadano, cuando siente que se le ha soslayado un derecho o existe alguna inconformidad sobre alguna pol\u00edtica p\u00fablica, en ese sentido la comunidad LGTBI, tiene al igual que el resto de grupos, la facultad de manifestarse p\u00fablicamente, [&hellip;]\" \/>\n<meta property=\"og:url\" content=\"https:\/\/laprensacristiana.com\/?p=6139\" \/>\n<meta property=\"og:site_name\" content=\"La Prensa Cristiana\" \/>\n<meta property=\"article:published_time\" content=\"2019-07-08T14:54:07+00:00\" \/>\n<meta property=\"article:modified_time\" content=\"2019-07-08T14:54:10+00:00\" \/>\n<meta property=\"og:image\" content=\"https:\/\/laprensacristiana.com\/wp-content\/uploads\/2019\/07\/WhatsApp-Image-2019-07-08-at-08.23.53.jpeg\" \/>\n\t<meta property=\"og:image:width\" content=\"1280\" \/>\n\t<meta property=\"og:image:height\" content=\"647\" \/>\n\t<meta property=\"og:image:type\" content=\"image\/jpeg\" \/>\n<meta name=\"author\" content=\"EDITOR\" \/>\n<meta name=\"twitter:card\" content=\"summary_large_image\" \/>\n<meta name=\"twitter:label1\" content=\"Escrito por\" \/>\n\t<meta name=\"twitter:data1\" content=\"EDITOR\" \/>\n\t<meta name=\"twitter:label2\" content=\"Tiempo de lectura\" \/>\n\t<meta name=\"twitter:data2\" content=\"4 minutos\" \/>\n<script type=\"application\/ld+json\" class=\"yoast-schema-graph\">{\"@context\":\"https:\/\/schema.org\",\"@graph\":[{\"@type\":\"WebPage\",\"@id\":\"https:\/\/laprensacristiana.com\/?p=6139\",\"url\":\"https:\/\/laprensacristiana.com\/?p=6139\",\"name\":\"El derecho a manifestarse - La Prensa Cristiana\",\"isPartOf\":{\"@id\":\"https:\/\/laprensacristiana.com\/#website\"},\"datePublished\":\"2019-07-08T14:54:07+00:00\",\"dateModified\":\"2019-07-08T14:54:10+00:00\",\"author\":{\"@id\":\"https:\/\/laprensacristiana.com\/#\/schema\/person\/3e7d82c6bfd6b1fa67010f8f7cd5256e\"},\"breadcrumb\":{\"@id\":\"https:\/\/laprensacristiana.com\/?p=6139#breadcrumb\"},\"inLanguage\":\"es\",\"potentialAction\":[{\"@type\":\"ReadAction\",\"target\":[\"https:\/\/laprensacristiana.com\/?p=6139\"]}]},{\"@type\":\"BreadcrumbList\",\"@id\":\"https:\/\/laprensacristiana.com\/?p=6139#breadcrumb\",\"itemListElement\":[{\"@type\":\"ListItem\",\"position\":1,\"name\":\"Portada\",\"item\":\"https:\/\/laprensacristiana.com\/\"},{\"@type\":\"ListItem\",\"position\":2,\"name\":\"El derecho a manifestarse\"}]},{\"@type\":\"WebSite\",\"@id\":\"https:\/\/laprensacristiana.com\/#website\",\"url\":\"https:\/\/laprensacristiana.com\/\",\"name\":\"La Prensa Cristiana\",\"description\":\"Anunciando Las Buenas Nuevas\",\"potentialAction\":[{\"@type\":\"SearchAction\",\"target\":{\"@type\":\"EntryPoint\",\"urlTemplate\":\"https:\/\/laprensacristiana.com\/?s={search_term_string}\"},\"query-input\":\"required name=search_term_string\"}],\"inLanguage\":\"es\"},{\"@type\":\"Person\",\"@id\":\"https:\/\/laprensacristiana.com\/#\/schema\/person\/3e7d82c6bfd6b1fa67010f8f7cd5256e\",\"name\":\"EDITOR\",\"image\":{\"@type\":\"ImageObject\",\"inLanguage\":\"es\",\"@id\":\"https:\/\/laprensacristiana.com\/#\/schema\/person\/image\/\",\"url\":\"https:\/\/secure.gravatar.com\/avatar\/72069dfb6c13772d9e8381e3638666d2?s=96&d=mm&r=g\",\"contentUrl\":\"https:\/\/secure.gravatar.com\/avatar\/72069dfb6c13772d9e8381e3638666d2?s=96&d=mm&r=g\",\"caption\":\"EDITOR\"},\"url\":\"https:\/\/laprensacristiana.com\/?author=3\"}]}<\/script>\n<!-- \/ Yoast SEO plugin. -->","yoast_head_json":{"title":"El derecho a manifestarse - La Prensa Cristiana","robots":{"index":"index","follow":"follow","max-snippet":"max-snippet:-1","max-image-preview":"max-image-preview:large","max-video-preview":"max-video-preview:-1"},"canonical":"https:\/\/laprensacristiana.com\/?p=6139","og_locale":"es_ES","og_type":"article","og_title":"El derecho a manifestarse - La Prensa Cristiana","og_description":"La acci\u00f3n de manifestarse y de expresar las ideas, es un derecho de rango Constitucional, que tiene todo ciudadano, cuando siente que se le ha soslayado un derecho o existe alguna inconformidad sobre alguna pol\u00edtica p\u00fablica, en ese sentido la comunidad LGTBI, tiene al igual que el resto de grupos, la facultad de manifestarse p\u00fablicamente, [&hellip;]","og_url":"https:\/\/laprensacristiana.com\/?p=6139","og_site_name":"La Prensa Cristiana","article_published_time":"2019-07-08T14:54:07+00:00","article_modified_time":"2019-07-08T14:54:10+00:00","og_image":[{"width":1280,"height":647,"url":"https:\/\/laprensacristiana.com\/wp-content\/uploads\/2019\/07\/WhatsApp-Image-2019-07-08-at-08.23.53.jpeg","type":"image\/jpeg"}],"author":"EDITOR","twitter_card":"summary_large_image","twitter_misc":{"Escrito por":"EDITOR","Tiempo de lectura":"4 minutos"},"schema":{"@context":"https:\/\/schema.org","@graph":[{"@type":"WebPage","@id":"https:\/\/laprensacristiana.com\/?p=6139","url":"https:\/\/laprensacristiana.com\/?p=6139","name":"El derecho a manifestarse - La Prensa Cristiana","isPartOf":{"@id":"https:\/\/laprensacristiana.com\/#website"},"datePublished":"2019-07-08T14:54:07+00:00","dateModified":"2019-07-08T14:54:10+00:00","author":{"@id":"https:\/\/laprensacristiana.com\/#\/schema\/person\/3e7d82c6bfd6b1fa67010f8f7cd5256e"},"breadcrumb":{"@id":"https:\/\/laprensacristiana.com\/?p=6139#breadcrumb"},"inLanguage":"es","potentialAction":[{"@type":"ReadAction","target":["https:\/\/laprensacristiana.com\/?p=6139"]}]},{"@type":"BreadcrumbList","@id":"https:\/\/laprensacristiana.com\/?p=6139#breadcrumb","itemListElement":[{"@type":"ListItem","position":1,"name":"Portada","item":"https:\/\/laprensacristiana.com\/"},{"@type":"ListItem","position":2,"name":"El derecho a manifestarse"}]},{"@type":"WebSite","@id":"https:\/\/laprensacristiana.com\/#website","url":"https:\/\/laprensacristiana.com\/","name":"La Prensa Cristiana","description":"Anunciando Las Buenas Nuevas","potentialAction":[{"@type":"SearchAction","target":{"@type":"EntryPoint","urlTemplate":"https:\/\/laprensacristiana.com\/?s={search_term_string}"},"query-input":"required name=search_term_string"}],"inLanguage":"es"},{"@type":"Person","@id":"https:\/\/laprensacristiana.com\/#\/schema\/person\/3e7d82c6bfd6b1fa67010f8f7cd5256e","name":"EDITOR","image":{"@type":"ImageObject","inLanguage":"es","@id":"https:\/\/laprensacristiana.com\/#\/schema\/person\/image\/","url":"https:\/\/secure.gravatar.com\/avatar\/72069dfb6c13772d9e8381e3638666d2?s=96&d=mm&r=g","contentUrl":"https:\/\/secure.gravatar.com\/avatar\/72069dfb6c13772d9e8381e3638666d2?s=96&d=mm&r=g","caption":"EDITOR"},"url":"https:\/\/laprensacristiana.com\/?author=3"}]}},"_links":{"self":[{"href":"https:\/\/laprensacristiana.com\/index.php?rest_route=\/wp\/v2\/posts\/6139"}],"collection":[{"href":"https:\/\/laprensacristiana.com\/index.php?rest_route=\/wp\/v2\/posts"}],"about":[{"href":"https:\/\/laprensacristiana.com\/index.php?rest_route=\/wp\/v2\/types\/post"}],"author":[{"embeddable":true,"href":"https:\/\/laprensacristiana.com\/index.php?rest_route=\/wp\/v2\/users\/3"}],"replies":[{"embeddable":true,"href":"https:\/\/laprensacristiana.com\/index.php?rest_route=%2Fwp%2Fv2%2Fcomments&post=6139"}],"version-history":[{"count":1,"href":"https:\/\/laprensacristiana.com\/index.php?rest_route=\/wp\/v2\/posts\/6139\/revisions"}],"predecessor-version":[{"id":6141,"href":"https:\/\/laprensacristiana.com\/index.php?rest_route=\/wp\/v2\/posts\/6139\/revisions\/6141"}],"wp:featuredmedia":[{"embeddable":true,"href":"https:\/\/laprensacristiana.com\/index.php?rest_route=\/wp\/v2\/media\/6140"}],"wp:attachment":[{"href":"https:\/\/laprensacristiana.com\/index.php?rest_route=%2Fwp%2Fv2%2Fmedia&parent=6139"}],"wp:term":[{"taxonomy":"category","embeddable":true,"href":"https:\/\/laprensacristiana.com\/index.php?rest_route=%2Fwp%2Fv2%2Fcategories&post=6139"},{"taxonomy":"post_tag","embeddable":true,"href":"https:\/\/laprensacristiana.com\/index.php?rest_route=%2Fwp%2Fv2%2Ftags&post=6139"}],"curies":[{"name":"wp","href":"https:\/\/api.w.org\/{rel}","templated":true}]}}