{"id":6142,"date":"2019-07-08T23:01:12","date_gmt":"2019-07-08T23:01:12","guid":{"rendered":"https:\/\/laprensacristiana.com\/?p=6142"},"modified":"2019-07-08T23:01:16","modified_gmt":"2019-07-08T23:01:16","slug":"perspectivas-matrimoniales-2","status":"publish","type":"post","link":"https:\/\/laprensacristiana.com\/?p=6142","title":{"rendered":"Perspectivas matrimoniales"},"content":{"rendered":"\n<p>G\u00e9nesis. 28:10-12\n\u201cY sali\u00f3 Jacob de Beersheba, y fue para Har\u00e1n. Y lleg\u00f3 a cierto lugar y pas\u00f3 la\nnoche all\u00ed, porque el sol se hab\u00eda puesto; tom\u00f3 una de las piedras del lugar,\nla puso de cabecera y se acost\u00f3 en aquel lugar. Y tuvo un sue\u00f1o, y he aqu\u00ed, hab\u00eda\nuna escalera apoyada en la tierra cuyo extremo superior alcanzaba hasta el\ncielo;\u201d<\/p>\n\n\n\n<p>En alg\u00fan punto de\nsu camino hacia la aventura en que Jacob ir\u00e1 a cumplir su destino despu\u00e9s de\nhuir de su casa paterna, llega a un lugar en donde todo est\u00e1 solitario, seco y\nsin atractivo. Llega la noche y toma una piedra que es lo \u00fanico que tiene a\nmano para reposar su cabeza y dormir.<\/p>\n\n\n\n<p>En su sue\u00f1o,\nJacob ve una escalera que est\u00e1 apoyada en tierra y el otro lado est\u00e1 apoyado en\nel cielo. Ve \u00e1ngeles que bajan y suben.&nbsp;\nNo voy a tocar a fondo este detalle. Lo dejar\u00e9 para despu\u00e9s.<\/p>\n\n\n\n<p>Hoy quiero\nenfocarme en la escalera de Jacob. Todos sabemos que en alg\u00fan punto de nuestro\ncaminar matrimonial encontraremos esas cosas de la vida, esos t\u00faneles que\noscurecen nuestra visi\u00f3n por la negrura que nos rodea cuando la crisis toca la\npuerta de nuestros hogares y que es algo terrible.&nbsp; Un divorcio. Un embarazo no deseado.\nDesempleo. Un cambio de casa a otro barrio. Un hijo que se enferma en la\nmadrugada y la billetera est\u00e1 vac\u00eda. Un diagn\u00f3stico m\u00e9dico que amenaza la\ntranquilidad del hogar.&nbsp; T\u00faneles negros\nque nos roban la paz y la seguridad que antes disfrut\u00e1bamos.<\/p>\n\n\n\n<p>La escalera de\nJacob nos ense\u00f1a que ambas perspectivas son reales. La parte que est\u00e1 sobre la\ntierra es real. No nos podemos enga\u00f1ar creyendo que no existe el problema. S\u00ec existe.\nEsta all\u00ed. La crisis lleg\u00f3, incluso, para quedarse por mucho tiempo. Pero\nexiste otra perspectiva: la celestial. Una cosa es como vemos las dificultades\ndesde nuestro terreno y otra como las vemos desde arriba. Ambas son\nimportantes. Ambas nos van a ayudar a entender esos vientos huracanados que a\nveces nos golpean el esp\u00edritu y nos desarman la fe.<\/p>\n\n\n\n<p>La perspectiva\ndesde abajo nos va a ayudar a poner los pies sobre la tierra. Nos va a ayudar a\ncomprender que estamos confrontando una tormenta real, que el dolor y la\ndesesperaci\u00f3n que enfrentamos no es ficticia, es aut\u00e9ntica, no es imaginaria,\nes real, es algo que duele en lo profundo del alma.&nbsp; Lacera la fe y nos introduce en un ambiente\nde desesperaci\u00f3n, incredulidad y depresi\u00f3n.&nbsp;\nEs una tormenta que nos engulle y que debemos tomar medidas necesarias\npara buscar una soluci\u00f3n. Es cuando el mismo cuerpo reacciona a esa presi\u00f3n que\namenaza nuestra existencia. Nuestra alfombra de comodidad se mueve y nos\nquedamos sin donde apoyar nuestras almas\u2026<\/p>\n\n\n\n<p>La perspectiva\ndesde arriba nos va a ayudar a confrontar esas tormentas de la manera adecuada,\nsacando provecho de ellas y nos va a ayudar a pasar del otro lado del t\u00fanel\noscuro para salir victoriosos, vencedores y fortalecidos en nuestro ser\ninterior. Se dice que las tormentas son las que fortalecen las palmeras. Llegan\na doblarse pero no se quiebran. Las tormentas sirven muchas veces para\nfortalecer nuestra fe, nuestro car\u00e1cter, nuestra visi\u00f2n de la vida. \u00bfC\u00f3mo\nenfrentar estas situaciones?<\/p>\n\n\n\n<p>Aqu\u00ed es donde\nentra la escalera de Jacob. Podemos ver las cosas desde una perspectiva\nterrenal o celestial. Si vemos las cosas desde una \u00f3ptica terrenal nunca vamos\na encontrar respuestas que satisfagan nuestra necesidad de ellas. Sabemos que\nel hombre quiere respuesta a todo. Todo tiene que tener una explicaci\u00f3n. Todo\ntiene que tener una raz\u00f3n. Y es cierto. Hay una ley en la Ley de Dios: Todo lo\nque el hombre siembre eso segar\u00e1. La ley de Causa y Efecto.&nbsp; Esto duele.<\/p>\n\n\n\n<p>Duele, porque se\nnos aplica a nosotros los que estamos al pie de la escalera. Los que estamos\ncon los pies en la tierra y nos damos cuenta que algo hemos hecho para que las\ncosas marchen tormentosamente. O hicimos o dejamos de hacer. Para las tormentas\nque nos llegan es lo mismo. Debemos ser sinceros y francos con nosotros mismos\npara darnos respuestas l\u00f3gicas: \u00bfQu\u00e9 dej\u00e9 de hacer para que mi esposa se\nenfriara en nuestra relaci\u00f3n?&nbsp; \u00bfQu\u00e9 necesidad\ndej\u00e9 de llenar en ella para que buscara saciarla en otros brazos? \u00bfQu\u00e9 palabras\ndej\u00e9 de decirle para que las buscara en otros labios? \u00bfQue dej\u00e9 de darle a mi\nesposo para que lo buscara en otra mujer? \u00bfQu\u00e9 vac\u00edos dej\u00e9 en mi pareja para\nque se fuera de mi lado en busca de llenarlas? \u00bfQu\u00e9 heridas he infligido en su\ncoraz\u00f3n para que buscara sanarlas en otra cama? \u00bfQu\u00e9 he dejado de cumplir para\nque el Fiel y Verdadero Dios ya no nos mire con su Bondad prometida? \u00bfPor qu\u00e9 este\na\u00f1o hemos estado sobreviviendo con lo m\u00ednimo, cuando Dios promete darnos\nabundantemente? <\/p>\n\n\n\n<p>Estar al pie de\nla escalera es ver la crueldad no de la vida sino de nuestro coraz\u00f3n. Es saber\nque no somos perfectos, que no somos cumplidores de la Palabra como se nos pide\nsino que simplemente hemos sido oidores. Esa es la verdad que necesitamos conocer.&nbsp;&nbsp; Sin embargo, subir a lo alto de la escalera,\nver las cosas desde una perspectiva celestial es diferente. Es ah\u00ed en donde\nencontraremos la paz que nuestra alma necesita. Es ah\u00ed en donde el Esp\u00edritu\nSanto nos consuela y nos dice que vendr\u00e1n tiempos mejores. Que Dios es\nMisericordioso y que a todo aquel que confiesa sus pecados y se aparta alcanzar\u00e1\nla soluci\u00f3n que tanto necesita. La parte superior de la escalera nos habla que\nexiste un Dios Omnipresente. Omnivalente. Omnipotente. Tenemos un Dios tan\nGrande que no hay forma que ninguna tormenta pueda opacarlo ni vencerlo.&nbsp; Pero tenemos que hacer eso precisamente:\nSubir a lo alto. Rendir nuestro coraz\u00f3n y nuestras emociones y poner nuestras\ndebilidades en Sus Manos y dejar que \u00c9l haga lo que le toca. Nosotros subamos y\n\u00c9l nos dar\u00e1 el descanso a nuestras atormentadas vidas. As\u00ed de simple.<\/p>\n","protected":false},"excerpt":{"rendered":"<p>G\u00e9nesis. 28:10-12 \u201cY sali\u00f3 Jacob de Beersheba, y fue para Har\u00e1n. Y lleg\u00f3 a cierto lugar y pas\u00f3 la noche all\u00ed, porque el sol se hab\u00eda puesto; tom\u00f3 una de las piedras del lugar, la puso de cabecera y se acost\u00f3 en aquel lugar. Y tuvo un sue\u00f1o, y he aqu\u00ed, hab\u00eda una escalera apoyada [&hellip;]<\/p>\n","protected":false},"author":3,"featured_media":5592,"comment_status":"open","ping_status":"open","sticky":false,"template":"","format":"standard","meta":[],"categories":[36],"tags":[],"yoast_head":"<!-- This site is optimized with the Yoast SEO plugin v20.8 - https:\/\/yoast.com\/wordpress\/plugins\/seo\/ -->\n<title>Perspectivas matrimoniales - La Prensa Cristiana<\/title>\n<meta name=\"robots\" content=\"index, follow, max-snippet:-1, max-image-preview:large, max-video-preview:-1\" \/>\n<link rel=\"canonical\" href=\"https:\/\/laprensacristiana.com\/?p=6142\" \/>\n<meta property=\"og:locale\" content=\"es_ES\" \/>\n<meta property=\"og:type\" content=\"article\" \/>\n<meta property=\"og:title\" content=\"Perspectivas matrimoniales - La Prensa Cristiana\" \/>\n<meta property=\"og:description\" content=\"G\u00e9nesis. 28:10-12 \u201cY sali\u00f3 Jacob de Beersheba, y fue para Har\u00e1n. Y lleg\u00f3 a cierto lugar y pas\u00f3 la noche all\u00ed, porque el sol se hab\u00eda puesto; tom\u00f3 una de las piedras del lugar, la puso de cabecera y se acost\u00f3 en aquel lugar. Y tuvo un sue\u00f1o, y he aqu\u00ed, hab\u00eda una escalera apoyada [&hellip;]\" \/>\n<meta property=\"og:url\" content=\"https:\/\/laprensacristiana.com\/?p=6142\" \/>\n<meta property=\"og:site_name\" content=\"La Prensa Cristiana\" \/>\n<meta property=\"article:published_time\" content=\"2019-07-08T23:01:12+00:00\" \/>\n<meta property=\"article:modified_time\" content=\"2019-07-08T23:01:16+00:00\" \/>\n<meta property=\"og:image\" content=\"https:\/\/laprensacristiana.com\/wp-content\/uploads\/2019\/04\/pastor-carlos.jpg\" \/>\n\t<meta property=\"og:image:width\" content=\"696\" \/>\n\t<meta property=\"og:image:height\" content=\"388\" \/>\n\t<meta property=\"og:image:type\" content=\"image\/jpeg\" \/>\n<meta name=\"author\" content=\"EDITOR\" \/>\n<meta name=\"twitter:card\" content=\"summary_large_image\" \/>\n<meta name=\"twitter:label1\" content=\"Escrito por\" \/>\n\t<meta name=\"twitter:data1\" content=\"EDITOR\" \/>\n\t<meta name=\"twitter:label2\" content=\"Tiempo de lectura\" \/>\n\t<meta name=\"twitter:data2\" content=\"5 minutos\" \/>\n<script type=\"application\/ld+json\" class=\"yoast-schema-graph\">{\"@context\":\"https:\/\/schema.org\",\"@graph\":[{\"@type\":\"WebPage\",\"@id\":\"https:\/\/laprensacristiana.com\/?p=6142\",\"url\":\"https:\/\/laprensacristiana.com\/?p=6142\",\"name\":\"Perspectivas matrimoniales - La Prensa Cristiana\",\"isPartOf\":{\"@id\":\"https:\/\/laprensacristiana.com\/#website\"},\"datePublished\":\"2019-07-08T23:01:12+00:00\",\"dateModified\":\"2019-07-08T23:01:16+00:00\",\"author\":{\"@id\":\"https:\/\/laprensacristiana.com\/#\/schema\/person\/3e7d82c6bfd6b1fa67010f8f7cd5256e\"},\"breadcrumb\":{\"@id\":\"https:\/\/laprensacristiana.com\/?p=6142#breadcrumb\"},\"inLanguage\":\"es\",\"potentialAction\":[{\"@type\":\"ReadAction\",\"target\":[\"https:\/\/laprensacristiana.com\/?p=6142\"]}]},{\"@type\":\"BreadcrumbList\",\"@id\":\"https:\/\/laprensacristiana.com\/?p=6142#breadcrumb\",\"itemListElement\":[{\"@type\":\"ListItem\",\"position\":1,\"name\":\"Portada\",\"item\":\"https:\/\/laprensacristiana.com\/\"},{\"@type\":\"ListItem\",\"position\":2,\"name\":\"Perspectivas matrimoniales\"}]},{\"@type\":\"WebSite\",\"@id\":\"https:\/\/laprensacristiana.com\/#website\",\"url\":\"https:\/\/laprensacristiana.com\/\",\"name\":\"La Prensa Cristiana\",\"description\":\"Anunciando Las Buenas Nuevas\",\"potentialAction\":[{\"@type\":\"SearchAction\",\"target\":{\"@type\":\"EntryPoint\",\"urlTemplate\":\"https:\/\/laprensacristiana.com\/?s={search_term_string}\"},\"query-input\":\"required name=search_term_string\"}],\"inLanguage\":\"es\"},{\"@type\":\"Person\",\"@id\":\"https:\/\/laprensacristiana.com\/#\/schema\/person\/3e7d82c6bfd6b1fa67010f8f7cd5256e\",\"name\":\"EDITOR\",\"image\":{\"@type\":\"ImageObject\",\"inLanguage\":\"es\",\"@id\":\"https:\/\/laprensacristiana.com\/#\/schema\/person\/image\/\",\"url\":\"https:\/\/secure.gravatar.com\/avatar\/72069dfb6c13772d9e8381e3638666d2?s=96&d=mm&r=g\",\"contentUrl\":\"https:\/\/secure.gravatar.com\/avatar\/72069dfb6c13772d9e8381e3638666d2?s=96&d=mm&r=g\",\"caption\":\"EDITOR\"},\"url\":\"https:\/\/laprensacristiana.com\/?author=3\"}]}<\/script>\n<!-- \/ Yoast SEO plugin. -->","yoast_head_json":{"title":"Perspectivas matrimoniales - La Prensa Cristiana","robots":{"index":"index","follow":"follow","max-snippet":"max-snippet:-1","max-image-preview":"max-image-preview:large","max-video-preview":"max-video-preview:-1"},"canonical":"https:\/\/laprensacristiana.com\/?p=6142","og_locale":"es_ES","og_type":"article","og_title":"Perspectivas matrimoniales - La Prensa Cristiana","og_description":"G\u00e9nesis. 28:10-12 \u201cY sali\u00f3 Jacob de Beersheba, y fue para Har\u00e1n. Y lleg\u00f3 a cierto lugar y pas\u00f3 la noche all\u00ed, porque el sol se hab\u00eda puesto; tom\u00f3 una de las piedras del lugar, la puso de cabecera y se acost\u00f3 en aquel lugar. Y tuvo un sue\u00f1o, y he aqu\u00ed, hab\u00eda una escalera apoyada [&hellip;]","og_url":"https:\/\/laprensacristiana.com\/?p=6142","og_site_name":"La Prensa Cristiana","article_published_time":"2019-07-08T23:01:12+00:00","article_modified_time":"2019-07-08T23:01:16+00:00","og_image":[{"width":696,"height":388,"url":"https:\/\/laprensacristiana.com\/wp-content\/uploads\/2019\/04\/pastor-carlos.jpg","type":"image\/jpeg"}],"author":"EDITOR","twitter_card":"summary_large_image","twitter_misc":{"Escrito por":"EDITOR","Tiempo de lectura":"5 minutos"},"schema":{"@context":"https:\/\/schema.org","@graph":[{"@type":"WebPage","@id":"https:\/\/laprensacristiana.com\/?p=6142","url":"https:\/\/laprensacristiana.com\/?p=6142","name":"Perspectivas matrimoniales - La Prensa Cristiana","isPartOf":{"@id":"https:\/\/laprensacristiana.com\/#website"},"datePublished":"2019-07-08T23:01:12+00:00","dateModified":"2019-07-08T23:01:16+00:00","author":{"@id":"https:\/\/laprensacristiana.com\/#\/schema\/person\/3e7d82c6bfd6b1fa67010f8f7cd5256e"},"breadcrumb":{"@id":"https:\/\/laprensacristiana.com\/?p=6142#breadcrumb"},"inLanguage":"es","potentialAction":[{"@type":"ReadAction","target":["https:\/\/laprensacristiana.com\/?p=6142"]}]},{"@type":"BreadcrumbList","@id":"https:\/\/laprensacristiana.com\/?p=6142#breadcrumb","itemListElement":[{"@type":"ListItem","position":1,"name":"Portada","item":"https:\/\/laprensacristiana.com\/"},{"@type":"ListItem","position":2,"name":"Perspectivas matrimoniales"}]},{"@type":"WebSite","@id":"https:\/\/laprensacristiana.com\/#website","url":"https:\/\/laprensacristiana.com\/","name":"La Prensa Cristiana","description":"Anunciando Las Buenas Nuevas","potentialAction":[{"@type":"SearchAction","target":{"@type":"EntryPoint","urlTemplate":"https:\/\/laprensacristiana.com\/?s={search_term_string}"},"query-input":"required name=search_term_string"}],"inLanguage":"es"},{"@type":"Person","@id":"https:\/\/laprensacristiana.com\/#\/schema\/person\/3e7d82c6bfd6b1fa67010f8f7cd5256e","name":"EDITOR","image":{"@type":"ImageObject","inLanguage":"es","@id":"https:\/\/laprensacristiana.com\/#\/schema\/person\/image\/","url":"https:\/\/secure.gravatar.com\/avatar\/72069dfb6c13772d9e8381e3638666d2?s=96&d=mm&r=g","contentUrl":"https:\/\/secure.gravatar.com\/avatar\/72069dfb6c13772d9e8381e3638666d2?s=96&d=mm&r=g","caption":"EDITOR"},"url":"https:\/\/laprensacristiana.com\/?author=3"}]}},"_links":{"self":[{"href":"https:\/\/laprensacristiana.com\/index.php?rest_route=\/wp\/v2\/posts\/6142"}],"collection":[{"href":"https:\/\/laprensacristiana.com\/index.php?rest_route=\/wp\/v2\/posts"}],"about":[{"href":"https:\/\/laprensacristiana.com\/index.php?rest_route=\/wp\/v2\/types\/post"}],"author":[{"embeddable":true,"href":"https:\/\/laprensacristiana.com\/index.php?rest_route=\/wp\/v2\/users\/3"}],"replies":[{"embeddable":true,"href":"https:\/\/laprensacristiana.com\/index.php?rest_route=%2Fwp%2Fv2%2Fcomments&post=6142"}],"version-history":[{"count":1,"href":"https:\/\/laprensacristiana.com\/index.php?rest_route=\/wp\/v2\/posts\/6142\/revisions"}],"predecessor-version":[{"id":6143,"href":"https:\/\/laprensacristiana.com\/index.php?rest_route=\/wp\/v2\/posts\/6142\/revisions\/6143"}],"wp:featuredmedia":[{"embeddable":true,"href":"https:\/\/laprensacristiana.com\/index.php?rest_route=\/wp\/v2\/media\/5592"}],"wp:attachment":[{"href":"https:\/\/laprensacristiana.com\/index.php?rest_route=%2Fwp%2Fv2%2Fmedia&parent=6142"}],"wp:term":[{"taxonomy":"category","embeddable":true,"href":"https:\/\/laprensacristiana.com\/index.php?rest_route=%2Fwp%2Fv2%2Fcategories&post=6142"},{"taxonomy":"post_tag","embeddable":true,"href":"https:\/\/laprensacristiana.com\/index.php?rest_route=%2Fwp%2Fv2%2Ftags&post=6142"}],"curies":[{"name":"wp","href":"https:\/\/api.w.org\/{rel}","templated":true}]}}