{"id":6159,"date":"2019-07-11T15:07:56","date_gmt":"2019-07-11T15:07:56","guid":{"rendered":"https:\/\/laprensacristiana.com\/?p=6159"},"modified":"2019-07-11T17:33:53","modified_gmt":"2019-07-11T17:33:53","slug":"primer-congreso-nacional-de-evangelismo","status":"publish","type":"post","link":"https:\/\/laprensacristiana.com\/?p=6159","title":{"rendered":"Primer Congreso Nacional de Evangelismo"},"content":{"rendered":"\n<figure class=\"wp-block-image\"><img decoding=\"async\" loading=\"lazy\" width=\"720\" height=\"879\" src=\"https:\/\/laprensacristiana.com\/wp-content\/uploads\/2019\/07\/Sin-t\u00edtulo-1.jpg\" alt=\"\" class=\"wp-image-6150\" srcset=\"https:\/\/laprensacristiana.com\/wp-content\/uploads\/2019\/07\/Sin-t\u00edtulo-1.jpg 720w, https:\/\/laprensacristiana.com\/wp-content\/uploads\/2019\/07\/Sin-t\u00edtulo-1-600x733.jpg 600w, https:\/\/laprensacristiana.com\/wp-content\/uploads\/2019\/07\/Sin-t\u00edtulo-1-246x300.jpg 246w, https:\/\/laprensacristiana.com\/wp-content\/uploads\/2019\/07\/Sin-t\u00edtulo-1-696x850.jpg 696w, https:\/\/laprensacristiana.com\/wp-content\/uploads\/2019\/07\/Sin-t\u00edtulo-1-344x420.jpg 344w\" sizes=\"(max-width: 720px) 100vw, 720px\" \/><\/figure>\n\n\n\n<p>Por: Pep Martinez\/ Corresponsal de FRAHMAD<\/p>\n\n\n\n<p>Mas de 200 evangelistas de\nAsambleas de Dios, se dieron cita al edificio de CAMAD en San Salvador,&nbsp;el\npasado mastes 9 de julio para participar del primer Congreso Nacional de Evangelismo.<\/p>\n\n\n\n<p>Un evento pensado para fortalecer\ny revitalizar la visi\u00f3n de cada evangelista en el pa\u00eds, Misael Saenz \u201cpresidente\nde nacional de evangelismo\u201d cito que cada evangelista es responsable de\nproclamar la palabra de Dios desde sus trincheras. <\/p>\n\n\n\n<p>En esta primera edici\u00f3n del congreso se cont\u00f3 con dos plenaristas y pastores reconocidos en materia de evangelismo, hablamos de Lisandro Boj\u00f3rquez y Koky Mir\u00f3n; quienes fueron usados de manera sobrenatural por Dios; depositando en cada coraz\u00f3n una palabra fresca y retadora a cada evangelista presente.<\/p>\n\n\n\n<figure class=\"wp-block-image\"><img decoding=\"async\" loading=\"lazy\" width=\"1024\" height=\"683\" src=\"https:\/\/laprensacristiana.com\/wp-content\/uploads\/2019\/07\/IMG_9301-1024x683.jpg\" alt=\"\" class=\"wp-image-6162\" srcset=\"https:\/\/laprensacristiana.com\/wp-content\/uploads\/2019\/07\/IMG_9301-1024x683.jpg 1024w, https:\/\/laprensacristiana.com\/wp-content\/uploads\/2019\/07\/IMG_9301-600x400.jpg 600w, https:\/\/laprensacristiana.com\/wp-content\/uploads\/2019\/07\/IMG_9301-300x200.jpg 300w, https:\/\/laprensacristiana.com\/wp-content\/uploads\/2019\/07\/IMG_9301-768x512.jpg 768w, https:\/\/laprensacristiana.com\/wp-content\/uploads\/2019\/07\/IMG_9301-696x464.jpg 696w, https:\/\/laprensacristiana.com\/wp-content\/uploads\/2019\/07\/IMG_9301-1068x712.jpg 1068w, https:\/\/laprensacristiana.com\/wp-content\/uploads\/2019\/07\/IMG_9301-630x420.jpg 630w, https:\/\/laprensacristiana.com\/wp-content\/uploads\/2019\/07\/IMG_9301.jpg 1152w\" sizes=\"(max-width: 1024px) 100vw, 1024px\" \/><\/figure>\n\n\n\n<p>Ya se est\u00e1 hablando muy fuerte,\nsobre la segunda edici\u00f3n del congreso para el pr\u00f3ximo a\u00f1o, debido a la gran\naceptaci\u00f3n que tuvo esta primera edici\u00f3n.<\/p>\n\n\n\n<p>\u201cEvangelismo somos todos en la CEAD\u201d una frase muy propia que ya\nse est\u00e1 viralizando en todo el territorio nacional.<\/p>\n\n\n\n<p>\u00a1A Dios se la gloria!<\/p>\n\n\n\n<p><\/p>\n","protected":false},"excerpt":{"rendered":"<p>Por: Pep Martinez\/ Corresponsal de FRAHMAD Mas de 200 evangelistas de Asambleas de Dios, se dieron cita al edificio de CAMAD en San Salvador,&nbsp;el pasado mastes 9 de julio para participar del primer Congreso Nacional de Evangelismo. Un evento pensado para fortalecer y revitalizar la visi\u00f3n de cada evangelista en el pa\u00eds, Misael Saenz \u201cpresidente [&hellip;]<\/p>\n","protected":false},"author":3,"featured_media":6161,"comment_status":"open","ping_status":"open","sticky":false,"template":"","format":"standard","meta":[],"categories":[56],"tags":[],"yoast_head":"<!-- This site is optimized with the Yoast SEO plugin v20.8 - https:\/\/yoast.com\/wordpress\/plugins\/seo\/ -->\n<title>Primer Congreso Nacional de Evangelismo - La Prensa Cristiana<\/title>\n<meta name=\"robots\" content=\"index, follow, max-snippet:-1, max-image-preview:large, max-video-preview:-1\" \/>\n<link rel=\"canonical\" href=\"https:\/\/laprensacristiana.com\/?p=6159\" \/>\n<meta property=\"og:locale\" content=\"es_ES\" \/>\n<meta property=\"og:type\" content=\"article\" \/>\n<meta property=\"og:title\" content=\"Primer Congreso Nacional de Evangelismo - La Prensa Cristiana\" \/>\n<meta property=\"og:description\" content=\"Por: Pep Martinez\/ Corresponsal de FRAHMAD Mas de 200 evangelistas de Asambleas de Dios, se dieron cita al edificio de CAMAD en San Salvador,&nbsp;el pasado mastes 9 de julio para participar del primer Congreso Nacional de Evangelismo. Un evento pensado para fortalecer y revitalizar la visi\u00f3n de cada evangelista en el pa\u00eds, Misael Saenz \u201cpresidente [&hellip;]\" \/>\n<meta property=\"og:url\" content=\"https:\/\/laprensacristiana.com\/?p=6159\" \/>\n<meta property=\"og:site_name\" content=\"La Prensa Cristiana\" \/>\n<meta property=\"article:published_time\" content=\"2019-07-11T15:07:56+00:00\" \/>\n<meta property=\"article:modified_time\" content=\"2019-07-11T17:33:53+00:00\" \/>\n<meta property=\"og:image\" content=\"https:\/\/laprensacristiana.com\/wp-content\/uploads\/2019\/07\/IMG_9334.jpg\" \/>\n\t<meta property=\"og:image:width\" content=\"1152\" \/>\n\t<meta property=\"og:image:height\" content=\"768\" \/>\n\t<meta property=\"og:image:type\" content=\"image\/jpeg\" \/>\n<meta name=\"author\" content=\"EDITOR\" \/>\n<meta name=\"twitter:card\" content=\"summary_large_image\" \/>\n<meta name=\"twitter:label1\" content=\"Escrito por\" \/>\n\t<meta name=\"twitter:data1\" content=\"EDITOR\" \/>\n\t<meta name=\"twitter:label2\" content=\"Tiempo de lectura\" \/>\n\t<meta name=\"twitter:data2\" content=\"1 minuto\" \/>\n<script type=\"application\/ld+json\" class=\"yoast-schema-graph\">{\"@context\":\"https:\/\/schema.org\",\"@graph\":[{\"@type\":\"WebPage\",\"@id\":\"https:\/\/laprensacristiana.com\/?p=6159\",\"url\":\"https:\/\/laprensacristiana.com\/?p=6159\",\"name\":\"Primer Congreso Nacional de Evangelismo - La Prensa Cristiana\",\"isPartOf\":{\"@id\":\"https:\/\/laprensacristiana.com\/#website\"},\"datePublished\":\"2019-07-11T15:07:56+00:00\",\"dateModified\":\"2019-07-11T17:33:53+00:00\",\"author\":{\"@id\":\"https:\/\/laprensacristiana.com\/#\/schema\/person\/3e7d82c6bfd6b1fa67010f8f7cd5256e\"},\"breadcrumb\":{\"@id\":\"https:\/\/laprensacristiana.com\/?p=6159#breadcrumb\"},\"inLanguage\":\"es\",\"potentialAction\":[{\"@type\":\"ReadAction\",\"target\":[\"https:\/\/laprensacristiana.com\/?p=6159\"]}]},{\"@type\":\"BreadcrumbList\",\"@id\":\"https:\/\/laprensacristiana.com\/?p=6159#breadcrumb\",\"itemListElement\":[{\"@type\":\"ListItem\",\"position\":1,\"name\":\"Portada\",\"item\":\"https:\/\/laprensacristiana.com\/\"},{\"@type\":\"ListItem\",\"position\":2,\"name\":\"Primer Congreso Nacional de Evangelismo\"}]},{\"@type\":\"WebSite\",\"@id\":\"https:\/\/laprensacristiana.com\/#website\",\"url\":\"https:\/\/laprensacristiana.com\/\",\"name\":\"La Prensa Cristiana\",\"description\":\"Anunciando Las Buenas Nuevas\",\"potentialAction\":[{\"@type\":\"SearchAction\",\"target\":{\"@type\":\"EntryPoint\",\"urlTemplate\":\"https:\/\/laprensacristiana.com\/?s={search_term_string}\"},\"query-input\":\"required name=search_term_string\"}],\"inLanguage\":\"es\"},{\"@type\":\"Person\",\"@id\":\"https:\/\/laprensacristiana.com\/#\/schema\/person\/3e7d82c6bfd6b1fa67010f8f7cd5256e\",\"name\":\"EDITOR\",\"image\":{\"@type\":\"ImageObject\",\"inLanguage\":\"es\",\"@id\":\"https:\/\/laprensacristiana.com\/#\/schema\/person\/image\/\",\"url\":\"https:\/\/secure.gravatar.com\/avatar\/72069dfb6c13772d9e8381e3638666d2?s=96&d=mm&r=g\",\"contentUrl\":\"https:\/\/secure.gravatar.com\/avatar\/72069dfb6c13772d9e8381e3638666d2?s=96&d=mm&r=g\",\"caption\":\"EDITOR\"},\"url\":\"https:\/\/laprensacristiana.com\/?author=3\"}]}<\/script>\n<!-- \/ Yoast SEO plugin. -->","yoast_head_json":{"title":"Primer Congreso Nacional de Evangelismo - La Prensa Cristiana","robots":{"index":"index","follow":"follow","max-snippet":"max-snippet:-1","max-image-preview":"max-image-preview:large","max-video-preview":"max-video-preview:-1"},"canonical":"https:\/\/laprensacristiana.com\/?p=6159","og_locale":"es_ES","og_type":"article","og_title":"Primer Congreso Nacional de Evangelismo - La Prensa Cristiana","og_description":"Por: Pep Martinez\/ Corresponsal de FRAHMAD Mas de 200 evangelistas de Asambleas de Dios, se dieron cita al edificio de CAMAD en San Salvador,&nbsp;el pasado mastes 9 de julio para participar del primer Congreso Nacional de Evangelismo. Un evento pensado para fortalecer y revitalizar la visi\u00f3n de cada evangelista en el pa\u00eds, Misael Saenz \u201cpresidente [&hellip;]","og_url":"https:\/\/laprensacristiana.com\/?p=6159","og_site_name":"La Prensa Cristiana","article_published_time":"2019-07-11T15:07:56+00:00","article_modified_time":"2019-07-11T17:33:53+00:00","og_image":[{"width":1152,"height":768,"url":"https:\/\/laprensacristiana.com\/wp-content\/uploads\/2019\/07\/IMG_9334.jpg","type":"image\/jpeg"}],"author":"EDITOR","twitter_card":"summary_large_image","twitter_misc":{"Escrito por":"EDITOR","Tiempo de lectura":"1 minuto"},"schema":{"@context":"https:\/\/schema.org","@graph":[{"@type":"WebPage","@id":"https:\/\/laprensacristiana.com\/?p=6159","url":"https:\/\/laprensacristiana.com\/?p=6159","name":"Primer Congreso Nacional de Evangelismo - La Prensa Cristiana","isPartOf":{"@id":"https:\/\/laprensacristiana.com\/#website"},"datePublished":"2019-07-11T15:07:56+00:00","dateModified":"2019-07-11T17:33:53+00:00","author":{"@id":"https:\/\/laprensacristiana.com\/#\/schema\/person\/3e7d82c6bfd6b1fa67010f8f7cd5256e"},"breadcrumb":{"@id":"https:\/\/laprensacristiana.com\/?p=6159#breadcrumb"},"inLanguage":"es","potentialAction":[{"@type":"ReadAction","target":["https:\/\/laprensacristiana.com\/?p=6159"]}]},{"@type":"BreadcrumbList","@id":"https:\/\/laprensacristiana.com\/?p=6159#breadcrumb","itemListElement":[{"@type":"ListItem","position":1,"name":"Portada","item":"https:\/\/laprensacristiana.com\/"},{"@type":"ListItem","position":2,"name":"Primer Congreso Nacional de Evangelismo"}]},{"@type":"WebSite","@id":"https:\/\/laprensacristiana.com\/#website","url":"https:\/\/laprensacristiana.com\/","name":"La Prensa Cristiana","description":"Anunciando Las Buenas Nuevas","potentialAction":[{"@type":"SearchAction","target":{"@type":"EntryPoint","urlTemplate":"https:\/\/laprensacristiana.com\/?s={search_term_string}"},"query-input":"required name=search_term_string"}],"inLanguage":"es"},{"@type":"Person","@id":"https:\/\/laprensacristiana.com\/#\/schema\/person\/3e7d82c6bfd6b1fa67010f8f7cd5256e","name":"EDITOR","image":{"@type":"ImageObject","inLanguage":"es","@id":"https:\/\/laprensacristiana.com\/#\/schema\/person\/image\/","url":"https:\/\/secure.gravatar.com\/avatar\/72069dfb6c13772d9e8381e3638666d2?s=96&d=mm&r=g","contentUrl":"https:\/\/secure.gravatar.com\/avatar\/72069dfb6c13772d9e8381e3638666d2?s=96&d=mm&r=g","caption":"EDITOR"},"url":"https:\/\/laprensacristiana.com\/?author=3"}]}},"_links":{"self":[{"href":"https:\/\/laprensacristiana.com\/index.php?rest_route=\/wp\/v2\/posts\/6159"}],"collection":[{"href":"https:\/\/laprensacristiana.com\/index.php?rest_route=\/wp\/v2\/posts"}],"about":[{"href":"https:\/\/laprensacristiana.com\/index.php?rest_route=\/wp\/v2\/types\/post"}],"author":[{"embeddable":true,"href":"https:\/\/laprensacristiana.com\/index.php?rest_route=\/wp\/v2\/users\/3"}],"replies":[{"embeddable":true,"href":"https:\/\/laprensacristiana.com\/index.php?rest_route=%2Fwp%2Fv2%2Fcomments&post=6159"}],"version-history":[{"count":2,"href":"https:\/\/laprensacristiana.com\/index.php?rest_route=\/wp\/v2\/posts\/6159\/revisions"}],"predecessor-version":[{"id":6164,"href":"https:\/\/laprensacristiana.com\/index.php?rest_route=\/wp\/v2\/posts\/6159\/revisions\/6164"}],"wp:featuredmedia":[{"embeddable":true,"href":"https:\/\/laprensacristiana.com\/index.php?rest_route=\/wp\/v2\/media\/6161"}],"wp:attachment":[{"href":"https:\/\/laprensacristiana.com\/index.php?rest_route=%2Fwp%2Fv2%2Fmedia&parent=6159"}],"wp:term":[{"taxonomy":"category","embeddable":true,"href":"https:\/\/laprensacristiana.com\/index.php?rest_route=%2Fwp%2Fv2%2Fcategories&post=6159"},{"taxonomy":"post_tag","embeddable":true,"href":"https:\/\/laprensacristiana.com\/index.php?rest_route=%2Fwp%2Fv2%2Ftags&post=6159"}],"curies":[{"name":"wp","href":"https:\/\/api.w.org\/{rel}","templated":true}]}}