{"id":6186,"date":"2019-07-17T14:56:06","date_gmt":"2019-07-17T14:56:06","guid":{"rendered":"https:\/\/laprensacristiana.com\/?p=6186"},"modified":"2019-07-17T15:12:22","modified_gmt":"2019-07-17T15:12:22","slug":"los-ninos-la-mejor-inversion","status":"publish","type":"post","link":"https:\/\/laprensacristiana.com\/?p=6186","title":{"rendered":"Los \u201cni\u00f1os\u201d la mejor inversi\u00f3n"},"content":{"rendered":"\n<p>El Rey Salom\u00f3n, es\nconsiderado como uno de los hombres m\u00e1s sabios que ha existido a trav\u00e9s de los\ntiempos, el cual declaro la siguiente verdad, \u201cInstruye al ni\u00f1o en su camino, y\naun cuando fuere viejo no se apartar\u00e1 de \u00e9l. (Proverbios 22:6). En consecuencia,\nel se\u00f1or presidente tiene en sus manos una oportunidad de oro, haciendo las cosas\ndiferentes, es decir, no poner la carreta adelante de los bueyes, ya que para\ncombatir la pobreza y el accionar pandilleril, la represi\u00f3n deber\u00eda ser la\n\u00faltima ratio o el equilibrio entre la prevenci\u00f3n de la violencia, \u201cpor ello el\napostarles a los ni\u00f1os ser\u00e1 la diferencia\u201d<\/p>\n\n\n\n<p>Dado que pa\u00edses como\nEstados Unidos e Inglaterra, teniendo tantos recursos, no han podido eliminar\nla pobreza ni la inseguridad, por lo tanto, El Salvador, no ser\u00e1 la excepci\u00f3n, ya\nque es ut\u00f3pico, creer que en cinco a\u00f1os estaremos libres de pandilla y de\npobreza, sin embargo, si se ponen los pies en la tierra y la confianza en\nJesucristo nuestro Se\u00f1or, bien se podr\u00edan sentar las bases para la sociedad que\ndeseamos alcanzar. Siempre y cuando nos unamos como una familia, para quitarles\nel caldo de cultivo de las pandillas, que son los ni\u00f1os.<\/p>\n\n\n\n<p>Ya que un pa\u00eds que pretende\nsalir de la inseguridad y pobreza, no se puede dar el lujo de tener los\npol\u00edticos m\u00e1s caros con la inversi\u00f3n mas barata en educaci\u00f3n, de modo que la\nprimera decisi\u00f3n que deber\u00e1 tomar el presidente, &nbsp;es destinar una buena cantidad de recursos\npara trabajar con la ni\u00f1ez desde la primera infancia, para ello deber\u00e1\narticular esfuerzos con las diferentes instituciones de Estado, principalmente\nlos recursos se tendr\u00e1n que concentrar en el Ministerio de Educaci\u00f3n,&nbsp; &nbsp;para que\nse distribuyan en tres ejes,&nbsp; primero una\n&nbsp;educaci\u00f3n de calidad, &nbsp;para ello se tendr\u00e1 que crear un mecanismo que\nre-eduque y capacite a todos los docentes del pa\u00eds. <\/p>\n\n\n\n<p>Haciendo un c\u00e1lculo no\napasionado, pero optimista, el capacitar al personal docente del MINED, en el\nidioma ingl\u00e9s, en las nuevas tecnolog\u00edas educativas, en aulas din\u00e1micas, y con\n\u00e9nfasis en el descubrimiento de nuevos talentos, bien se podr\u00eda llevar este\nproceso de diez a quince a\u00f1os, para tener por lo menos a un 80% de los docentes\ncapacitados, esto implica, que, en la marcha del aprendizaje docente, se dar\u00eda\ninicio con los primeros departamentos para instruir a los ni\u00f1os y ni\u00f1as, en el\nidioma ingl\u00e9s y nuevas tecnolog\u00edas, para que en unos 20 a\u00f1os, se puedan palpar\nlos frutos de ese magno esfuerzo. <\/p>\n\n\n\n<p>Lo segundo que se deber\u00e1\nhacer es mejorar la infraestructura de las escuelas que se est\u00e1n cayendo y\ndotarlas de implementos y herramientas (laboratorios y talleres vocacionales)\nque mejoren el proceso de ense\u00f1anza aprendizaje, para que los ni\u00f1os lleven al\nl\u00edmite sus capacidades intelectuales y mejoren sus habilidades.&nbsp; Lo tercero es construir escuelas donde no lo hay,\ndado que hay miles de ni\u00f1os que deben cruzar r\u00edos y selvas, para llegar a la\nescuela m\u00e1s pr\u00f3xima, lo cual no evoca una justicia educativa. <\/p>\n\n\n\n<p>Y como El Salvador, no cuenta con recursos naturales como otros pa\u00edses, lo \u00fanico que tiene es el capital humano, por lo tanto, tenemos que enfocar la inversi\u00f3n en los ni\u00f1os y j\u00f3venes, pero para ello se requiere de una asignaci\u00f3n presupuestaria que lleve por los menos al 6% del PIB, en educaci\u00f3n,\u00a0 de modo que si le apostamos verdaderamente a los ni\u00f1os, le estaremos apostando la generaci\u00f3n de riquezas, al emprendedurismo y a la mano de obra calificada, y se tendr\u00e1 como resultado menos migraci\u00f3n, menos violencia, y una expectativa de vida de calidad para nuestros ni\u00f1os.<\/p>\n\n\n\n<figure class=\"wp-block-image\"><img decoding=\"async\" loading=\"lazy\" width=\"720\" height=\"879\" src=\"https:\/\/laprensacristiana.com\/wp-content\/uploads\/2019\/07\/Sin-t\u00edtulo-1-1.jpg\" alt=\"\" class=\"wp-image-6189\" srcset=\"https:\/\/laprensacristiana.com\/wp-content\/uploads\/2019\/07\/Sin-t\u00edtulo-1-1.jpg 720w, https:\/\/laprensacristiana.com\/wp-content\/uploads\/2019\/07\/Sin-t\u00edtulo-1-1-600x733.jpg 600w, https:\/\/laprensacristiana.com\/wp-content\/uploads\/2019\/07\/Sin-t\u00edtulo-1-1-246x300.jpg 246w, https:\/\/laprensacristiana.com\/wp-content\/uploads\/2019\/07\/Sin-t\u00edtulo-1-1-696x850.jpg 696w, https:\/\/laprensacristiana.com\/wp-content\/uploads\/2019\/07\/Sin-t\u00edtulo-1-1-344x420.jpg 344w\" sizes=\"(max-width: 720px) 100vw, 720px\" \/><\/figure>\n","protected":false},"excerpt":{"rendered":"<p>El Rey Salom\u00f3n, es considerado como uno de los hombres m\u00e1s sabios que ha existido a trav\u00e9s de los tiempos, el cual declaro la siguiente verdad, \u201cInstruye al ni\u00f1o en su camino, y aun cuando fuere viejo no se apartar\u00e1 de \u00e9l. (Proverbios 22:6). En consecuencia, el se\u00f1or presidente tiene en sus manos una oportunidad [&hellip;]<\/p>\n","protected":false},"author":3,"featured_media":6140,"comment_status":"open","ping_status":"open","sticky":false,"template":"","format":"standard","meta":[],"categories":[23],"tags":[],"yoast_head":"<!-- This site is optimized with the Yoast SEO plugin v20.8 - https:\/\/yoast.com\/wordpress\/plugins\/seo\/ -->\n<title>Los \u201cni\u00f1os\u201d la mejor inversi\u00f3n - La Prensa Cristiana<\/title>\n<meta name=\"robots\" content=\"index, follow, max-snippet:-1, max-image-preview:large, max-video-preview:-1\" \/>\n<link rel=\"canonical\" href=\"https:\/\/laprensacristiana.com\/?p=6186\" \/>\n<meta property=\"og:locale\" content=\"es_ES\" \/>\n<meta property=\"og:type\" content=\"article\" \/>\n<meta property=\"og:title\" content=\"Los \u201cni\u00f1os\u201d la mejor inversi\u00f3n - La Prensa Cristiana\" \/>\n<meta property=\"og:description\" content=\"El Rey Salom\u00f3n, es considerado como uno de los hombres m\u00e1s sabios que ha existido a trav\u00e9s de los tiempos, el cual declaro la siguiente verdad, \u201cInstruye al ni\u00f1o en su camino, y aun cuando fuere viejo no se apartar\u00e1 de \u00e9l. (Proverbios 22:6). En consecuencia, el se\u00f1or presidente tiene en sus manos una oportunidad [&hellip;]\" \/>\n<meta property=\"og:url\" content=\"https:\/\/laprensacristiana.com\/?p=6186\" \/>\n<meta property=\"og:site_name\" content=\"La Prensa Cristiana\" \/>\n<meta property=\"article:published_time\" content=\"2019-07-17T14:56:06+00:00\" \/>\n<meta property=\"article:modified_time\" content=\"2019-07-17T15:12:22+00:00\" \/>\n<meta property=\"og:image\" content=\"https:\/\/laprensacristiana.com\/wp-content\/uploads\/2019\/07\/WhatsApp-Image-2019-07-08-at-08.23.53.jpeg\" \/>\n\t<meta property=\"og:image:width\" content=\"1280\" \/>\n\t<meta property=\"og:image:height\" content=\"647\" \/>\n\t<meta property=\"og:image:type\" content=\"image\/jpeg\" \/>\n<meta name=\"author\" content=\"EDITOR\" \/>\n<meta name=\"twitter:card\" content=\"summary_large_image\" \/>\n<meta name=\"twitter:label1\" content=\"Escrito por\" \/>\n\t<meta name=\"twitter:data1\" content=\"EDITOR\" \/>\n\t<meta name=\"twitter:label2\" content=\"Tiempo de lectura\" \/>\n\t<meta name=\"twitter:data2\" content=\"3 minutos\" \/>\n<script type=\"application\/ld+json\" class=\"yoast-schema-graph\">{\"@context\":\"https:\/\/schema.org\",\"@graph\":[{\"@type\":\"WebPage\",\"@id\":\"https:\/\/laprensacristiana.com\/?p=6186\",\"url\":\"https:\/\/laprensacristiana.com\/?p=6186\",\"name\":\"Los \u201cni\u00f1os\u201d la mejor inversi\u00f3n - La Prensa Cristiana\",\"isPartOf\":{\"@id\":\"https:\/\/laprensacristiana.com\/#website\"},\"datePublished\":\"2019-07-17T14:56:06+00:00\",\"dateModified\":\"2019-07-17T15:12:22+00:00\",\"author\":{\"@id\":\"https:\/\/laprensacristiana.com\/#\/schema\/person\/3e7d82c6bfd6b1fa67010f8f7cd5256e\"},\"breadcrumb\":{\"@id\":\"https:\/\/laprensacristiana.com\/?p=6186#breadcrumb\"},\"inLanguage\":\"es\",\"potentialAction\":[{\"@type\":\"ReadAction\",\"target\":[\"https:\/\/laprensacristiana.com\/?p=6186\"]}]},{\"@type\":\"BreadcrumbList\",\"@id\":\"https:\/\/laprensacristiana.com\/?p=6186#breadcrumb\",\"itemListElement\":[{\"@type\":\"ListItem\",\"position\":1,\"name\":\"Portada\",\"item\":\"https:\/\/laprensacristiana.com\/\"},{\"@type\":\"ListItem\",\"position\":2,\"name\":\"Los \u201cni\u00f1os\u201d la mejor inversi\u00f3n\"}]},{\"@type\":\"WebSite\",\"@id\":\"https:\/\/laprensacristiana.com\/#website\",\"url\":\"https:\/\/laprensacristiana.com\/\",\"name\":\"La Prensa Cristiana\",\"description\":\"Anunciando Las Buenas Nuevas\",\"potentialAction\":[{\"@type\":\"SearchAction\",\"target\":{\"@type\":\"EntryPoint\",\"urlTemplate\":\"https:\/\/laprensacristiana.com\/?s={search_term_string}\"},\"query-input\":\"required name=search_term_string\"}],\"inLanguage\":\"es\"},{\"@type\":\"Person\",\"@id\":\"https:\/\/laprensacristiana.com\/#\/schema\/person\/3e7d82c6bfd6b1fa67010f8f7cd5256e\",\"name\":\"EDITOR\",\"image\":{\"@type\":\"ImageObject\",\"inLanguage\":\"es\",\"@id\":\"https:\/\/laprensacristiana.com\/#\/schema\/person\/image\/\",\"url\":\"https:\/\/secure.gravatar.com\/avatar\/72069dfb6c13772d9e8381e3638666d2?s=96&d=mm&r=g\",\"contentUrl\":\"https:\/\/secure.gravatar.com\/avatar\/72069dfb6c13772d9e8381e3638666d2?s=96&d=mm&r=g\",\"caption\":\"EDITOR\"},\"url\":\"https:\/\/laprensacristiana.com\/?author=3\"}]}<\/script>\n<!-- \/ Yoast SEO plugin. -->","yoast_head_json":{"title":"Los \u201cni\u00f1os\u201d la mejor inversi\u00f3n - La Prensa Cristiana","robots":{"index":"index","follow":"follow","max-snippet":"max-snippet:-1","max-image-preview":"max-image-preview:large","max-video-preview":"max-video-preview:-1"},"canonical":"https:\/\/laprensacristiana.com\/?p=6186","og_locale":"es_ES","og_type":"article","og_title":"Los \u201cni\u00f1os\u201d la mejor inversi\u00f3n - La Prensa Cristiana","og_description":"El Rey Salom\u00f3n, es considerado como uno de los hombres m\u00e1s sabios que ha existido a trav\u00e9s de los tiempos, el cual declaro la siguiente verdad, \u201cInstruye al ni\u00f1o en su camino, y aun cuando fuere viejo no se apartar\u00e1 de \u00e9l. (Proverbios 22:6). En consecuencia, el se\u00f1or presidente tiene en sus manos una oportunidad [&hellip;]","og_url":"https:\/\/laprensacristiana.com\/?p=6186","og_site_name":"La Prensa Cristiana","article_published_time":"2019-07-17T14:56:06+00:00","article_modified_time":"2019-07-17T15:12:22+00:00","og_image":[{"width":1280,"height":647,"url":"https:\/\/laprensacristiana.com\/wp-content\/uploads\/2019\/07\/WhatsApp-Image-2019-07-08-at-08.23.53.jpeg","type":"image\/jpeg"}],"author":"EDITOR","twitter_card":"summary_large_image","twitter_misc":{"Escrito por":"EDITOR","Tiempo de lectura":"3 minutos"},"schema":{"@context":"https:\/\/schema.org","@graph":[{"@type":"WebPage","@id":"https:\/\/laprensacristiana.com\/?p=6186","url":"https:\/\/laprensacristiana.com\/?p=6186","name":"Los \u201cni\u00f1os\u201d la mejor inversi\u00f3n - La Prensa Cristiana","isPartOf":{"@id":"https:\/\/laprensacristiana.com\/#website"},"datePublished":"2019-07-17T14:56:06+00:00","dateModified":"2019-07-17T15:12:22+00:00","author":{"@id":"https:\/\/laprensacristiana.com\/#\/schema\/person\/3e7d82c6bfd6b1fa67010f8f7cd5256e"},"breadcrumb":{"@id":"https:\/\/laprensacristiana.com\/?p=6186#breadcrumb"},"inLanguage":"es","potentialAction":[{"@type":"ReadAction","target":["https:\/\/laprensacristiana.com\/?p=6186"]}]},{"@type":"BreadcrumbList","@id":"https:\/\/laprensacristiana.com\/?p=6186#breadcrumb","itemListElement":[{"@type":"ListItem","position":1,"name":"Portada","item":"https:\/\/laprensacristiana.com\/"},{"@type":"ListItem","position":2,"name":"Los \u201cni\u00f1os\u201d la mejor inversi\u00f3n"}]},{"@type":"WebSite","@id":"https:\/\/laprensacristiana.com\/#website","url":"https:\/\/laprensacristiana.com\/","name":"La Prensa Cristiana","description":"Anunciando Las Buenas Nuevas","potentialAction":[{"@type":"SearchAction","target":{"@type":"EntryPoint","urlTemplate":"https:\/\/laprensacristiana.com\/?s={search_term_string}"},"query-input":"required name=search_term_string"}],"inLanguage":"es"},{"@type":"Person","@id":"https:\/\/laprensacristiana.com\/#\/schema\/person\/3e7d82c6bfd6b1fa67010f8f7cd5256e","name":"EDITOR","image":{"@type":"ImageObject","inLanguage":"es","@id":"https:\/\/laprensacristiana.com\/#\/schema\/person\/image\/","url":"https:\/\/secure.gravatar.com\/avatar\/72069dfb6c13772d9e8381e3638666d2?s=96&d=mm&r=g","contentUrl":"https:\/\/secure.gravatar.com\/avatar\/72069dfb6c13772d9e8381e3638666d2?s=96&d=mm&r=g","caption":"EDITOR"},"url":"https:\/\/laprensacristiana.com\/?author=3"}]}},"_links":{"self":[{"href":"https:\/\/laprensacristiana.com\/index.php?rest_route=\/wp\/v2\/posts\/6186"}],"collection":[{"href":"https:\/\/laprensacristiana.com\/index.php?rest_route=\/wp\/v2\/posts"}],"about":[{"href":"https:\/\/laprensacristiana.com\/index.php?rest_route=\/wp\/v2\/types\/post"}],"author":[{"embeddable":true,"href":"https:\/\/laprensacristiana.com\/index.php?rest_route=\/wp\/v2\/users\/3"}],"replies":[{"embeddable":true,"href":"https:\/\/laprensacristiana.com\/index.php?rest_route=%2Fwp%2Fv2%2Fcomments&post=6186"}],"version-history":[{"count":2,"href":"https:\/\/laprensacristiana.com\/index.php?rest_route=\/wp\/v2\/posts\/6186\/revisions"}],"predecessor-version":[{"id":6190,"href":"https:\/\/laprensacristiana.com\/index.php?rest_route=\/wp\/v2\/posts\/6186\/revisions\/6190"}],"wp:featuredmedia":[{"embeddable":true,"href":"https:\/\/laprensacristiana.com\/index.php?rest_route=\/wp\/v2\/media\/6140"}],"wp:attachment":[{"href":"https:\/\/laprensacristiana.com\/index.php?rest_route=%2Fwp%2Fv2%2Fmedia&parent=6186"}],"wp:term":[{"taxonomy":"category","embeddable":true,"href":"https:\/\/laprensacristiana.com\/index.php?rest_route=%2Fwp%2Fv2%2Fcategories&post=6186"},{"taxonomy":"post_tag","embeddable":true,"href":"https:\/\/laprensacristiana.com\/index.php?rest_route=%2Fwp%2Fv2%2Ftags&post=6186"}],"curies":[{"name":"wp","href":"https:\/\/api.w.org\/{rel}","templated":true}]}}