{"id":6229,"date":"2019-07-22T15:06:26","date_gmt":"2019-07-22T15:06:26","guid":{"rendered":"https:\/\/laprensacristiana.com\/?p=6229"},"modified":"2019-07-22T15:06:29","modified_gmt":"2019-07-22T15:06:29","slug":"quien-define-los-derechos-humanos","status":"publish","type":"post","link":"https:\/\/laprensacristiana.com\/?p=6229","title":{"rendered":"\u00bfQui\u00e9n define los Derechos Humanos?"},"content":{"rendered":"\n<p>Para muchos de nosotros los derechos humanos parecen ser algo\nbastante reciente. Promovidos por la Declaraci\u00f3n Universal de los Derechos\nHumanos adoptada en 1948 por la Organizaci\u00f3n de las Naciones Unidas (ONU), ante\nlos horrores de la Segunda Guerra Mundial; muchos concebimos los derechos\nhumanos como la obra de esta y otras organizaciones que los promueven y\ntrabajan a nivel mundial por su difusi\u00f3n y cumplimiento.<\/p>\n\n\n\n<p>Sin embargo, debemos conocer que el origen de lo que ahora denominamos\ncomo Derechos Humanos est\u00e1 en aquel que cre\u00f3 a los seres humanos: en Dios. La\nBiblia nos dice que los seres humanos fuimos creados a imagen y semejanza de\nDios, y en esto reside nuestra dignidad, valor y prop\u00f3sito. &nbsp;Por eso desde G\u00e9nesis vemos la condena del\nhomicidio (Gn 9:6). M\u00e1s adelante, en los diez mandamientos y con mucho mayor\ndetalle en la ley, vemos prohibiciones contra el homicidio, el robo, el aborto;\nas\u00ed como indicaciones de c\u00f3mo proveer al pobre y el trato hacia el extranjero.<\/p>\n\n\n\n<p>Por tanto, como iglesia debemos estar atentos a que, lo que ahora se\nconoce como Derechos Humanos, sigan siendo lo que deben ser: una defensa de la\nimagen de Dios puesta en nosotros. No debemos estar ajenos a lo que ocurre en\nla actualidad, donde lamentablemente grupos minoritarios y lobys que atacan,\ntergiversan y promueven pensamientos e ideolog\u00edas en contra de la imagen que\nDios ha depositado en hombres y mujeres; exigen con violencia la legalizaci\u00f3n\nde sus pr\u00e1cticas de pecado y perversi\u00f3n, bajo la bandera de los llamados\nDerechos Humanos.<\/p>\n\n\n\n<p>En nuestro pa\u00eds existe la Procuradur\u00eda para la Defensa de los\nDerechos Humanos, una entidad de car\u00e1cter permanente creada a ra\u00edz de los\nAcuerdos de Paz de 1992 que pusieron fin al conflicto armado. Esta instituci\u00f3n\nnace con el objetivo de velar por la protecci\u00f3n, promoci\u00f3n y educaci\u00f3n de los Derechos\nHumanos en El Salvador.<\/p>\n\n\n\n<p>De la misma manera que los Derechos Humanos fueron definidos y son\nsustentados por el Dios que nos cre\u00f3, estos ser\u00e1n entendidos, defendidos y aplicados\ncon la visi\u00f3n correcta, solamente por personas que conozcan a ese Dios creador\ny que consideren la Palabra de Dios a la hora de conducir y tomar las\ndecisiones al frente de una instituci\u00f3n tan importante en el pa\u00eds.<\/p>\n\n\n\n<p>Por eso considero que, ya que estamos a las puertas de la elecci\u00f3n\ndel Procurador para la defensa de los Derechos Humanos, como hijos de Dios\ndebemos pensar en apoyar para ese cargo a personas que lo ejerzan bajo los\nprincipios establecidos en la palabra de Dios, que no cedan ante la\nmanipulaci\u00f3n pol\u00edtica, la agenda LGTBI, el lobby pro aborto y el crimen\norganizado. Necesitamos funcionarios que, a pesar de los costos que esto pueda\ntener (como ataques p\u00fablicos y amenazas que ha sufrido la actual gesti\u00f3n),\ndefiendan los derechos humanos de los salvadore\u00f1os con la visi\u00f3n y la\nperspectiva correcta; algo que\nla actual procuradora y su equipo de trabajo han logrado de forma sobresaliente,\nsi lo comparamos con gestiones pasadas en los \u00faltimos 20 a\u00f1os. <\/p>\n\n\n\n<p>Por eso los animo a que, como iglesia, nos mantengamos en oraci\u00f3n\npor nuestras autoridades, por los candidatos y por las personas a cargo de la\nelecci\u00f3n, para que con sensatez consideren la consolidaci\u00f3n y continuidad de la\nactual gesti\u00f3n que procura los derechos humanos seg\u00fan el orden creado por Dios.&nbsp;\nEl Salvador necesita funcionarios p\u00fablicos que velen por la vida,\nla salud, la seguridad, el respeto y bienestar de los ciudadanos de nuestro\npa\u00eds; pero con el conocimiento y el temor en su coraz\u00f3n del \u00fanico soberano,\ncreador y juez de todas las cosas: Cristo Jes\u00fas. <\/p>\n","protected":false},"excerpt":{"rendered":"<p>Para muchos de nosotros los derechos humanos parecen ser algo bastante reciente. Promovidos por la Declaraci\u00f3n Universal de los Derechos Humanos adoptada en 1948 por la Organizaci\u00f3n de las Naciones Unidas (ONU), ante los horrores de la Segunda Guerra Mundial; muchos concebimos los derechos humanos como la obra de esta y otras organizaciones que los [&hellip;]<\/p>\n","protected":false},"author":3,"featured_media":5364,"comment_status":"open","ping_status":"open","sticky":false,"template":"","format":"standard","meta":[],"categories":[23],"tags":[],"yoast_head":"<!-- This site is optimized with the Yoast SEO plugin v20.8 - https:\/\/yoast.com\/wordpress\/plugins\/seo\/ -->\n<title>\u00bfQui\u00e9n define los Derechos Humanos? - La Prensa Cristiana<\/title>\n<meta name=\"robots\" content=\"index, follow, max-snippet:-1, max-image-preview:large, max-video-preview:-1\" \/>\n<link rel=\"canonical\" href=\"https:\/\/laprensacristiana.com\/?p=6229\" \/>\n<meta property=\"og:locale\" content=\"es_ES\" \/>\n<meta property=\"og:type\" content=\"article\" \/>\n<meta property=\"og:title\" content=\"\u00bfQui\u00e9n define los Derechos Humanos? - La Prensa Cristiana\" \/>\n<meta property=\"og:description\" content=\"Para muchos de nosotros los derechos humanos parecen ser algo bastante reciente. Promovidos por la Declaraci\u00f3n Universal de los Derechos Humanos adoptada en 1948 por la Organizaci\u00f3n de las Naciones Unidas (ONU), ante los horrores de la Segunda Guerra Mundial; muchos concebimos los derechos humanos como la obra de esta y otras organizaciones que los [&hellip;]\" \/>\n<meta property=\"og:url\" content=\"https:\/\/laprensacristiana.com\/?p=6229\" \/>\n<meta property=\"og:site_name\" content=\"La Prensa Cristiana\" \/>\n<meta property=\"article:published_time\" content=\"2019-07-22T15:06:26+00:00\" \/>\n<meta property=\"article:modified_time\" content=\"2019-07-22T15:06:29+00:00\" \/>\n<meta property=\"og:image\" content=\"https:\/\/laprensacristiana.com\/wp-content\/uploads\/2019\/03\/PASTOR-JAVIER-2.jpg\" \/>\n\t<meta property=\"og:image:width\" content=\"1369\" \/>\n\t<meta property=\"og:image:height\" content=\"693\" \/>\n\t<meta property=\"og:image:type\" content=\"image\/jpeg\" \/>\n<meta name=\"author\" content=\"EDITOR\" \/>\n<meta name=\"twitter:card\" content=\"summary_large_image\" \/>\n<meta name=\"twitter:label1\" content=\"Escrito por\" \/>\n\t<meta name=\"twitter:data1\" content=\"EDITOR\" \/>\n\t<meta name=\"twitter:label2\" content=\"Tiempo de lectura\" \/>\n\t<meta name=\"twitter:data2\" content=\"3 minutos\" \/>\n<script type=\"application\/ld+json\" class=\"yoast-schema-graph\">{\"@context\":\"https:\/\/schema.org\",\"@graph\":[{\"@type\":\"WebPage\",\"@id\":\"https:\/\/laprensacristiana.com\/?p=6229\",\"url\":\"https:\/\/laprensacristiana.com\/?p=6229\",\"name\":\"\u00bfQui\u00e9n define los Derechos Humanos? - La Prensa Cristiana\",\"isPartOf\":{\"@id\":\"https:\/\/laprensacristiana.com\/#website\"},\"datePublished\":\"2019-07-22T15:06:26+00:00\",\"dateModified\":\"2019-07-22T15:06:29+00:00\",\"author\":{\"@id\":\"https:\/\/laprensacristiana.com\/#\/schema\/person\/3e7d82c6bfd6b1fa67010f8f7cd5256e\"},\"breadcrumb\":{\"@id\":\"https:\/\/laprensacristiana.com\/?p=6229#breadcrumb\"},\"inLanguage\":\"es\",\"potentialAction\":[{\"@type\":\"ReadAction\",\"target\":[\"https:\/\/laprensacristiana.com\/?p=6229\"]}]},{\"@type\":\"BreadcrumbList\",\"@id\":\"https:\/\/laprensacristiana.com\/?p=6229#breadcrumb\",\"itemListElement\":[{\"@type\":\"ListItem\",\"position\":1,\"name\":\"Portada\",\"item\":\"https:\/\/laprensacristiana.com\/\"},{\"@type\":\"ListItem\",\"position\":2,\"name\":\"\u00bfQui\u00e9n define los Derechos Humanos?\"}]},{\"@type\":\"WebSite\",\"@id\":\"https:\/\/laprensacristiana.com\/#website\",\"url\":\"https:\/\/laprensacristiana.com\/\",\"name\":\"La Prensa Cristiana\",\"description\":\"Anunciando Las Buenas Nuevas\",\"potentialAction\":[{\"@type\":\"SearchAction\",\"target\":{\"@type\":\"EntryPoint\",\"urlTemplate\":\"https:\/\/laprensacristiana.com\/?s={search_term_string}\"},\"query-input\":\"required name=search_term_string\"}],\"inLanguage\":\"es\"},{\"@type\":\"Person\",\"@id\":\"https:\/\/laprensacristiana.com\/#\/schema\/person\/3e7d82c6bfd6b1fa67010f8f7cd5256e\",\"name\":\"EDITOR\",\"image\":{\"@type\":\"ImageObject\",\"inLanguage\":\"es\",\"@id\":\"https:\/\/laprensacristiana.com\/#\/schema\/person\/image\/\",\"url\":\"https:\/\/secure.gravatar.com\/avatar\/72069dfb6c13772d9e8381e3638666d2?s=96&d=mm&r=g\",\"contentUrl\":\"https:\/\/secure.gravatar.com\/avatar\/72069dfb6c13772d9e8381e3638666d2?s=96&d=mm&r=g\",\"caption\":\"EDITOR\"},\"url\":\"https:\/\/laprensacristiana.com\/?author=3\"}]}<\/script>\n<!-- \/ Yoast SEO plugin. -->","yoast_head_json":{"title":"\u00bfQui\u00e9n define los Derechos Humanos? - La Prensa Cristiana","robots":{"index":"index","follow":"follow","max-snippet":"max-snippet:-1","max-image-preview":"max-image-preview:large","max-video-preview":"max-video-preview:-1"},"canonical":"https:\/\/laprensacristiana.com\/?p=6229","og_locale":"es_ES","og_type":"article","og_title":"\u00bfQui\u00e9n define los Derechos Humanos? - La Prensa Cristiana","og_description":"Para muchos de nosotros los derechos humanos parecen ser algo bastante reciente. Promovidos por la Declaraci\u00f3n Universal de los Derechos Humanos adoptada en 1948 por la Organizaci\u00f3n de las Naciones Unidas (ONU), ante los horrores de la Segunda Guerra Mundial; muchos concebimos los derechos humanos como la obra de esta y otras organizaciones que los [&hellip;]","og_url":"https:\/\/laprensacristiana.com\/?p=6229","og_site_name":"La Prensa Cristiana","article_published_time":"2019-07-22T15:06:26+00:00","article_modified_time":"2019-07-22T15:06:29+00:00","og_image":[{"width":1369,"height":693,"url":"https:\/\/laprensacristiana.com\/wp-content\/uploads\/2019\/03\/PASTOR-JAVIER-2.jpg","type":"image\/jpeg"}],"author":"EDITOR","twitter_card":"summary_large_image","twitter_misc":{"Escrito por":"EDITOR","Tiempo de lectura":"3 minutos"},"schema":{"@context":"https:\/\/schema.org","@graph":[{"@type":"WebPage","@id":"https:\/\/laprensacristiana.com\/?p=6229","url":"https:\/\/laprensacristiana.com\/?p=6229","name":"\u00bfQui\u00e9n define los Derechos Humanos? - La Prensa Cristiana","isPartOf":{"@id":"https:\/\/laprensacristiana.com\/#website"},"datePublished":"2019-07-22T15:06:26+00:00","dateModified":"2019-07-22T15:06:29+00:00","author":{"@id":"https:\/\/laprensacristiana.com\/#\/schema\/person\/3e7d82c6bfd6b1fa67010f8f7cd5256e"},"breadcrumb":{"@id":"https:\/\/laprensacristiana.com\/?p=6229#breadcrumb"},"inLanguage":"es","potentialAction":[{"@type":"ReadAction","target":["https:\/\/laprensacristiana.com\/?p=6229"]}]},{"@type":"BreadcrumbList","@id":"https:\/\/laprensacristiana.com\/?p=6229#breadcrumb","itemListElement":[{"@type":"ListItem","position":1,"name":"Portada","item":"https:\/\/laprensacristiana.com\/"},{"@type":"ListItem","position":2,"name":"\u00bfQui\u00e9n define los Derechos Humanos?"}]},{"@type":"WebSite","@id":"https:\/\/laprensacristiana.com\/#website","url":"https:\/\/laprensacristiana.com\/","name":"La Prensa Cristiana","description":"Anunciando Las Buenas Nuevas","potentialAction":[{"@type":"SearchAction","target":{"@type":"EntryPoint","urlTemplate":"https:\/\/laprensacristiana.com\/?s={search_term_string}"},"query-input":"required name=search_term_string"}],"inLanguage":"es"},{"@type":"Person","@id":"https:\/\/laprensacristiana.com\/#\/schema\/person\/3e7d82c6bfd6b1fa67010f8f7cd5256e","name":"EDITOR","image":{"@type":"ImageObject","inLanguage":"es","@id":"https:\/\/laprensacristiana.com\/#\/schema\/person\/image\/","url":"https:\/\/secure.gravatar.com\/avatar\/72069dfb6c13772d9e8381e3638666d2?s=96&d=mm&r=g","contentUrl":"https:\/\/secure.gravatar.com\/avatar\/72069dfb6c13772d9e8381e3638666d2?s=96&d=mm&r=g","caption":"EDITOR"},"url":"https:\/\/laprensacristiana.com\/?author=3"}]}},"_links":{"self":[{"href":"https:\/\/laprensacristiana.com\/index.php?rest_route=\/wp\/v2\/posts\/6229"}],"collection":[{"href":"https:\/\/laprensacristiana.com\/index.php?rest_route=\/wp\/v2\/posts"}],"about":[{"href":"https:\/\/laprensacristiana.com\/index.php?rest_route=\/wp\/v2\/types\/post"}],"author":[{"embeddable":true,"href":"https:\/\/laprensacristiana.com\/index.php?rest_route=\/wp\/v2\/users\/3"}],"replies":[{"embeddable":true,"href":"https:\/\/laprensacristiana.com\/index.php?rest_route=%2Fwp%2Fv2%2Fcomments&post=6229"}],"version-history":[{"count":1,"href":"https:\/\/laprensacristiana.com\/index.php?rest_route=\/wp\/v2\/posts\/6229\/revisions"}],"predecessor-version":[{"id":6230,"href":"https:\/\/laprensacristiana.com\/index.php?rest_route=\/wp\/v2\/posts\/6229\/revisions\/6230"}],"wp:featuredmedia":[{"embeddable":true,"href":"https:\/\/laprensacristiana.com\/index.php?rest_route=\/wp\/v2\/media\/5364"}],"wp:attachment":[{"href":"https:\/\/laprensacristiana.com\/index.php?rest_route=%2Fwp%2Fv2%2Fmedia&parent=6229"}],"wp:term":[{"taxonomy":"category","embeddable":true,"href":"https:\/\/laprensacristiana.com\/index.php?rest_route=%2Fwp%2Fv2%2Fcategories&post=6229"},{"taxonomy":"post_tag","embeddable":true,"href":"https:\/\/laprensacristiana.com\/index.php?rest_route=%2Fwp%2Fv2%2Ftags&post=6229"}],"curies":[{"name":"wp","href":"https:\/\/api.w.org\/{rel}","templated":true}]}}