{"id":6231,"date":"2019-07-22T18:29:32","date_gmt":"2019-07-22T18:29:32","guid":{"rendered":"https:\/\/laprensacristiana.com\/?p=6231"},"modified":"2019-07-22T18:29:34","modified_gmt":"2019-07-22T18:29:34","slug":"raquel-y-los-idolos","status":"publish","type":"post","link":"https:\/\/laprensacristiana.com\/?p=6231","title":{"rendered":"Raquel y los \u00eddolos"},"content":{"rendered":"\n<p>G\u00e9nesis 31:34 \u201cPero tom\u00f3 Raquel los \u00eddolos y\nlos puso en una albarda de un camello, y se sent\u00f3 sobre ellos;<\/p>\n\n\n\n<p>No nos quejemos, padres, cuando nuestros\nhijos adoren lo que nosotros adoramos. Y escribo para padres e hijos que se\ndicen cristianos. Incluyendo l\u00edderes y hombres y mujeres de Biblia. Hombres y\nmujeres que predican y que en sus p\u00falpitos exhiben una santa apariencia.<\/p>\n\n\n\n<p>No es lo mismo decir que adoramos al \u00danico y\nVerdadero Dios en p\u00fablico pero en privado adoramos otras cosas. Porque es f\u00e1cil\nhablar de las cosas espirituales, hasta los demonios lo hacen, pero lo dif\u00edcil\nes vivir en la intimidad lo que decimos en p\u00fablico.<\/p>\n\n\n\n<p>Y nuestros hijos no se dejan enga\u00f1ar. Porque\nellos aprenden de lo que ven en los hogares, no lo que solamente escuchan en la\nIglesia. \u00bfAcaso no dijo Jes\u00fas: Nada hace el hijo sino lo que ve hacer al padre?\nEsa es una de las razones del por qu\u00e9 hay tantos problemas con hijos de\npastores y l\u00edderes de las iglesias evang\u00e9licas. Porque no les convence creer en\nun Dios que no hace nada para frenar el mal car\u00e1cter, mala conducta, lenguaje\nvulgar y abusos que comete un padre en su casa. Nuevamente sale a relucir la\nfigura del padre. <\/p>\n\n\n\n<p>\u00bfQu\u00e9 ver\u00eda la hija de Lab\u00e1n cuando \u00e9ste\nadoraba en la intimidad de su casa a sus \u00eddolos? \u00bfQu\u00e9 escuchar\u00eda decir esta\njovencita a su pap\u00e1 cuando prosperaba? \u00bfLe dar\u00eda la Gloria al Dios de Israel o\na sus \u00eddolos a los que les ofrec\u00eda incienso y plegarias? Indudablemente Raquel\ncreci\u00f3 viendo y escuchando a su pap\u00e1 entonar alabanzas, adoraci\u00f3n y pleites\u00eda a\nsus \u00eddolos dom\u00e9sticos. Eso fue lo que aprendi\u00f3 desde ni\u00f1a.&nbsp; Eso la inclin\u00f3 a llev\u00e1rselos con ella en el\nviaje que estaba a punto de hacer con su esposo. Aunque tuviera que enga\u00f1arlo.\nPara ella eran importantes sus fetiches religiosos porque de ellos depend\u00eda que\ntuviera la vida que su padre hab\u00eda alcanzado. \u00bfC\u00f3mo explicarnos que estando\ncasada con un hijo de Dios ella creyera en \u00eddolos paganos? \u00bfC\u00f3mo explicarnos\nque hay esposas que estando en la Iglesia a\u00fan cree en los dioses que adoraban\nsus padres? Es que esas influencias son tan fuertes que se adue\u00f1an de nuestras\nalmas y de nuestra fe.<\/p>\n\n\n\n<p>Bien, hoy quiz\u00e1 alguien diga: Pastor, eso\nqued\u00f3 atr\u00e1s. Eso ya nadie lo cree. Es cierto. Pero a\u00fan quedan otros \u00eddolos que\nest\u00e1n siendo adorados en los hogares de muchos evang\u00e9licos.<\/p>\n\n\n\n<p>El celular, por ejemplo. Hay personas que no\nse separan de ese aparato en ning\u00fan momento del d\u00eda. Sea en la casa, en el\ncomedor, manejando su veh\u00edculo, caminando por la calle, ese \u201cdios\u201d los tiene\ntotalmente atrapados. Hay momentos en que un ni\u00f1o quiere hablar con su pap\u00e1 o\nsu mam\u00e1 pero ese dios los tiene tan dominados que no les est\u00e1n prestando\natenci\u00f3n. Algo m\u00e1s ingrato: Para que se entretenga el ni\u00f1o y no los moleste,\nles compran sus tabletas o sus tel\u00e9fonos celulares para que ellos tambi\u00e9n\ntengan su propio \u00eddolo. Haga una prueba: qu\u00edtele un desayuno a su ni\u00f1o y no\nhar\u00e1 berrinche. Pero trate de quitarle su celular o su tableta y ver\u00e1 lo que\nsucede.<\/p>\n\n\n\n<p>La televisi\u00f3n es otro \u00eddolo dom\u00e9stico que se\nha adue\u00f1ado de muchos hogares. Ni\u00f1os que ven televisi\u00f3n m\u00e1s horas de las\npermitidas por los estudiosos de la conducta infantil. Solo porque sus padres,\npara que no les molesten, se la encienden todo el d\u00eda, sin ponerse a pensar que\nesos ni\u00f1os necesitan jugar, moverse, inventar juegos, interactuar con otros\nni\u00f1os. Hoy estamos creando una generaci\u00f3n de zombies dependientes de sus \u00eddolos\nelectr\u00f3nicos.<\/p>\n\n\n\n<p>No es raro entonces, que cuando salen de\ncasa, puedan dejar las llaves o incluso sus papeles de identificaci\u00f3n, pero no\nsus \u00eddolos. Y eso mismo estamos viendo en la generaci\u00f3n de nuevos matrimonios.\nHoy ya no se platica vi\u00e9ndose a los ojos. Se habla viendo las pantallas de sus\naparatos electr\u00f3nicos. Hoy ya no nos tomamos de las manos para orar. Hoy las\nmanos est\u00e1n ocupadas con los celulares mientras damos gracias por el pan de\ncada d\u00eda.&nbsp; \u00bfQui\u00e9n garantiza que en las\niglesias cuando el pastor pide que abran sus Biblias y lo hacen en sus iPhone o\ntabletas no est\u00e1n viendo sus redes? Porque aun la Iglesia se ha modernizado\ntanto que las Biblias de papel son historia. Pertenecen a lo Jur\u00e1sico.&nbsp; Como dice la triste historia del ni\u00f1o que le pregunt\u00f3\na su pap\u00e1: Papi, \u00bfcu\u00e1nto cuesta una hora de tu trabajo? y despu\u00e9s de un tiempo,\nel ni\u00f1o logr\u00f3 ahorrar el dinero suficiente para decirle a su papi: Quiero\ncomprarte una hora de tu tiempo.<\/p>\n\n\n\n<p>Hipot\u00e9ticamente hablando, le invito a\ndesayunar o almorzar en cualquier restaurante y ver\u00e1 a cuatro o cinco personas\nen la misma mesa, cada uno adorando a su propio \u00eddolo dom\u00e9stico. No hay interacci\u00f3n.\nNo hay miradas cari\u00f1osas. No hay sonrisas compartidas. No hay tomarse de la\nmano con ternura. Est\u00e1n muy ocupados viendo su Facebook o su Twitter.\n\u00a1Incre\u00edble! \u00bfNo les parece?<\/p>\n","protected":false},"excerpt":{"rendered":"<p>G\u00e9nesis 31:34 \u201cPero tom\u00f3 Raquel los \u00eddolos y los puso en una albarda de un camello, y se sent\u00f3 sobre ellos; No nos quejemos, padres, cuando nuestros hijos adoren lo que nosotros adoramos. Y escribo para padres e hijos que se dicen cristianos. Incluyendo l\u00edderes y hombres y mujeres de Biblia. Hombres y mujeres que [&hellip;]<\/p>\n","protected":false},"author":3,"featured_media":5592,"comment_status":"open","ping_status":"open","sticky":false,"template":"","format":"standard","meta":[],"categories":[36],"tags":[],"yoast_head":"<!-- This site is optimized with the Yoast SEO plugin v20.8 - https:\/\/yoast.com\/wordpress\/plugins\/seo\/ -->\n<title>Raquel y los \u00eddolos - La Prensa Cristiana<\/title>\n<meta name=\"robots\" content=\"index, follow, max-snippet:-1, max-image-preview:large, max-video-preview:-1\" \/>\n<link rel=\"canonical\" href=\"https:\/\/laprensacristiana.com\/?p=6231\" \/>\n<meta property=\"og:locale\" content=\"es_ES\" \/>\n<meta property=\"og:type\" content=\"article\" \/>\n<meta property=\"og:title\" content=\"Raquel y los \u00eddolos - La Prensa Cristiana\" \/>\n<meta property=\"og:description\" content=\"G\u00e9nesis 31:34 \u201cPero tom\u00f3 Raquel los \u00eddolos y los puso en una albarda de un camello, y se sent\u00f3 sobre ellos; No nos quejemos, padres, cuando nuestros hijos adoren lo que nosotros adoramos. Y escribo para padres e hijos que se dicen cristianos. Incluyendo l\u00edderes y hombres y mujeres de Biblia. Hombres y mujeres que [&hellip;]\" \/>\n<meta property=\"og:url\" content=\"https:\/\/laprensacristiana.com\/?p=6231\" \/>\n<meta property=\"og:site_name\" content=\"La Prensa Cristiana\" \/>\n<meta property=\"article:published_time\" content=\"2019-07-22T18:29:32+00:00\" \/>\n<meta property=\"article:modified_time\" content=\"2019-07-22T18:29:34+00:00\" \/>\n<meta property=\"og:image\" content=\"https:\/\/laprensacristiana.com\/wp-content\/uploads\/2019\/04\/pastor-carlos.jpg\" \/>\n\t<meta property=\"og:image:width\" content=\"696\" \/>\n\t<meta property=\"og:image:height\" content=\"388\" \/>\n\t<meta property=\"og:image:type\" content=\"image\/jpeg\" \/>\n<meta name=\"author\" content=\"EDITOR\" \/>\n<meta name=\"twitter:card\" content=\"summary_large_image\" \/>\n<meta name=\"twitter:label1\" content=\"Escrito por\" \/>\n\t<meta name=\"twitter:data1\" content=\"EDITOR\" \/>\n\t<meta name=\"twitter:label2\" content=\"Tiempo de lectura\" \/>\n\t<meta name=\"twitter:data2\" content=\"5 minutos\" \/>\n<script type=\"application\/ld+json\" class=\"yoast-schema-graph\">{\"@context\":\"https:\/\/schema.org\",\"@graph\":[{\"@type\":\"WebPage\",\"@id\":\"https:\/\/laprensacristiana.com\/?p=6231\",\"url\":\"https:\/\/laprensacristiana.com\/?p=6231\",\"name\":\"Raquel y los \u00eddolos - La Prensa Cristiana\",\"isPartOf\":{\"@id\":\"https:\/\/laprensacristiana.com\/#website\"},\"datePublished\":\"2019-07-22T18:29:32+00:00\",\"dateModified\":\"2019-07-22T18:29:34+00:00\",\"author\":{\"@id\":\"https:\/\/laprensacristiana.com\/#\/schema\/person\/3e7d82c6bfd6b1fa67010f8f7cd5256e\"},\"breadcrumb\":{\"@id\":\"https:\/\/laprensacristiana.com\/?p=6231#breadcrumb\"},\"inLanguage\":\"es\",\"potentialAction\":[{\"@type\":\"ReadAction\",\"target\":[\"https:\/\/laprensacristiana.com\/?p=6231\"]}]},{\"@type\":\"BreadcrumbList\",\"@id\":\"https:\/\/laprensacristiana.com\/?p=6231#breadcrumb\",\"itemListElement\":[{\"@type\":\"ListItem\",\"position\":1,\"name\":\"Portada\",\"item\":\"https:\/\/laprensacristiana.com\/\"},{\"@type\":\"ListItem\",\"position\":2,\"name\":\"Raquel y los \u00eddolos\"}]},{\"@type\":\"WebSite\",\"@id\":\"https:\/\/laprensacristiana.com\/#website\",\"url\":\"https:\/\/laprensacristiana.com\/\",\"name\":\"La Prensa Cristiana\",\"description\":\"Anunciando Las Buenas Nuevas\",\"potentialAction\":[{\"@type\":\"SearchAction\",\"target\":{\"@type\":\"EntryPoint\",\"urlTemplate\":\"https:\/\/laprensacristiana.com\/?s={search_term_string}\"},\"query-input\":\"required name=search_term_string\"}],\"inLanguage\":\"es\"},{\"@type\":\"Person\",\"@id\":\"https:\/\/laprensacristiana.com\/#\/schema\/person\/3e7d82c6bfd6b1fa67010f8f7cd5256e\",\"name\":\"EDITOR\",\"image\":{\"@type\":\"ImageObject\",\"inLanguage\":\"es\",\"@id\":\"https:\/\/laprensacristiana.com\/#\/schema\/person\/image\/\",\"url\":\"https:\/\/secure.gravatar.com\/avatar\/72069dfb6c13772d9e8381e3638666d2?s=96&d=mm&r=g\",\"contentUrl\":\"https:\/\/secure.gravatar.com\/avatar\/72069dfb6c13772d9e8381e3638666d2?s=96&d=mm&r=g\",\"caption\":\"EDITOR\"},\"url\":\"https:\/\/laprensacristiana.com\/?author=3\"}]}<\/script>\n<!-- \/ Yoast SEO plugin. -->","yoast_head_json":{"title":"Raquel y los \u00eddolos - La Prensa Cristiana","robots":{"index":"index","follow":"follow","max-snippet":"max-snippet:-1","max-image-preview":"max-image-preview:large","max-video-preview":"max-video-preview:-1"},"canonical":"https:\/\/laprensacristiana.com\/?p=6231","og_locale":"es_ES","og_type":"article","og_title":"Raquel y los \u00eddolos - La Prensa Cristiana","og_description":"G\u00e9nesis 31:34 \u201cPero tom\u00f3 Raquel los \u00eddolos y los puso en una albarda de un camello, y se sent\u00f3 sobre ellos; No nos quejemos, padres, cuando nuestros hijos adoren lo que nosotros adoramos. Y escribo para padres e hijos que se dicen cristianos. Incluyendo l\u00edderes y hombres y mujeres de Biblia. Hombres y mujeres que [&hellip;]","og_url":"https:\/\/laprensacristiana.com\/?p=6231","og_site_name":"La Prensa Cristiana","article_published_time":"2019-07-22T18:29:32+00:00","article_modified_time":"2019-07-22T18:29:34+00:00","og_image":[{"width":696,"height":388,"url":"https:\/\/laprensacristiana.com\/wp-content\/uploads\/2019\/04\/pastor-carlos.jpg","type":"image\/jpeg"}],"author":"EDITOR","twitter_card":"summary_large_image","twitter_misc":{"Escrito por":"EDITOR","Tiempo de lectura":"5 minutos"},"schema":{"@context":"https:\/\/schema.org","@graph":[{"@type":"WebPage","@id":"https:\/\/laprensacristiana.com\/?p=6231","url":"https:\/\/laprensacristiana.com\/?p=6231","name":"Raquel y los \u00eddolos - La Prensa Cristiana","isPartOf":{"@id":"https:\/\/laprensacristiana.com\/#website"},"datePublished":"2019-07-22T18:29:32+00:00","dateModified":"2019-07-22T18:29:34+00:00","author":{"@id":"https:\/\/laprensacristiana.com\/#\/schema\/person\/3e7d82c6bfd6b1fa67010f8f7cd5256e"},"breadcrumb":{"@id":"https:\/\/laprensacristiana.com\/?p=6231#breadcrumb"},"inLanguage":"es","potentialAction":[{"@type":"ReadAction","target":["https:\/\/laprensacristiana.com\/?p=6231"]}]},{"@type":"BreadcrumbList","@id":"https:\/\/laprensacristiana.com\/?p=6231#breadcrumb","itemListElement":[{"@type":"ListItem","position":1,"name":"Portada","item":"https:\/\/laprensacristiana.com\/"},{"@type":"ListItem","position":2,"name":"Raquel y los \u00eddolos"}]},{"@type":"WebSite","@id":"https:\/\/laprensacristiana.com\/#website","url":"https:\/\/laprensacristiana.com\/","name":"La Prensa Cristiana","description":"Anunciando Las Buenas Nuevas","potentialAction":[{"@type":"SearchAction","target":{"@type":"EntryPoint","urlTemplate":"https:\/\/laprensacristiana.com\/?s={search_term_string}"},"query-input":"required name=search_term_string"}],"inLanguage":"es"},{"@type":"Person","@id":"https:\/\/laprensacristiana.com\/#\/schema\/person\/3e7d82c6bfd6b1fa67010f8f7cd5256e","name":"EDITOR","image":{"@type":"ImageObject","inLanguage":"es","@id":"https:\/\/laprensacristiana.com\/#\/schema\/person\/image\/","url":"https:\/\/secure.gravatar.com\/avatar\/72069dfb6c13772d9e8381e3638666d2?s=96&d=mm&r=g","contentUrl":"https:\/\/secure.gravatar.com\/avatar\/72069dfb6c13772d9e8381e3638666d2?s=96&d=mm&r=g","caption":"EDITOR"},"url":"https:\/\/laprensacristiana.com\/?author=3"}]}},"_links":{"self":[{"href":"https:\/\/laprensacristiana.com\/index.php?rest_route=\/wp\/v2\/posts\/6231"}],"collection":[{"href":"https:\/\/laprensacristiana.com\/index.php?rest_route=\/wp\/v2\/posts"}],"about":[{"href":"https:\/\/laprensacristiana.com\/index.php?rest_route=\/wp\/v2\/types\/post"}],"author":[{"embeddable":true,"href":"https:\/\/laprensacristiana.com\/index.php?rest_route=\/wp\/v2\/users\/3"}],"replies":[{"embeddable":true,"href":"https:\/\/laprensacristiana.com\/index.php?rest_route=%2Fwp%2Fv2%2Fcomments&post=6231"}],"version-history":[{"count":1,"href":"https:\/\/laprensacristiana.com\/index.php?rest_route=\/wp\/v2\/posts\/6231\/revisions"}],"predecessor-version":[{"id":6232,"href":"https:\/\/laprensacristiana.com\/index.php?rest_route=\/wp\/v2\/posts\/6231\/revisions\/6232"}],"wp:featuredmedia":[{"embeddable":true,"href":"https:\/\/laprensacristiana.com\/index.php?rest_route=\/wp\/v2\/media\/5592"}],"wp:attachment":[{"href":"https:\/\/laprensacristiana.com\/index.php?rest_route=%2Fwp%2Fv2%2Fmedia&parent=6231"}],"wp:term":[{"taxonomy":"category","embeddable":true,"href":"https:\/\/laprensacristiana.com\/index.php?rest_route=%2Fwp%2Fv2%2Fcategories&post=6231"},{"taxonomy":"post_tag","embeddable":true,"href":"https:\/\/laprensacristiana.com\/index.php?rest_route=%2Fwp%2Fv2%2Ftags&post=6231"}],"curies":[{"name":"wp","href":"https:\/\/api.w.org\/{rel}","templated":true}]}}