{"id":6233,"date":"2019-07-22T20:37:12","date_gmt":"2019-07-22T20:37:12","guid":{"rendered":"https:\/\/laprensacristiana.com\/?p=6233"},"modified":"2019-07-22T22:19:24","modified_gmt":"2019-07-22T22:19:24","slug":"pastor-mario-vega-habla-sobre-el-programa-de-seguridad-y-el-papel-de-la-iglesia","status":"publish","type":"post","link":"https:\/\/laprensacristiana.com\/?p=6233","title":{"rendered":"Pastor Mario Vega habla sobre el programa de seguridad y el papel de la iglesia"},"content":{"rendered":"\n<p>El d\u00eda de ayer el Pastor general de Misi\u00f3n Cristiana Elim fue invitado al programa en l\u00ednea FOCOS TV en el cual se habl\u00f3 sobre el tema de seguridad y los nuevos planes que el gobierno en curso est\u00e1 implementando.<\/p>\n\n\n\n<p>Primero se analiz\u00f3 el \u201cPlan Control Territorial\u201d, el Pastor Mario Vega habl\u00f3 sobre las nuevas implementaciones, explic\u00f3 que para el sector que no est\u00e1 vinculado a pandillas este plan ha sido aceptado y tomado como algo que se deb\u00eda hacer, pero que para el otro sector que si est\u00e1 vinculado ll\u00e1mese familia, amigos que a su criterio es igualmente representativo lo que ha generado es un desconcierto:\u00a0<br>\u201cEn este sector lo que hay es un desconcierto, la expectativa que ten\u00edan era un manejo m\u00e1s dialogante, en tema de seguridad y esa expectativa qued\u00f3 frustrada al menos en lo que es la primera parte de este plan de seguridad \u201d expres\u00f3 el pastor Vega.<\/p>\n\n\n\n<p>\u201cSi uno cree que el problema de seguridad en El Salvador consiste en los malos corazones que est\u00e1n dentro de las prisiones y que aislando los penales se va a resolver los problemas de seguridad, entonces es no haber entendido el problema de seguridad que el pa\u00eds tiene, uno puede aislar todo ese sector y creo que en esa l\u00ednea van los esfuerzos actuales, pero simplemente est\u00e1 tocando uno de los vectores de la violencia, pero no est\u00e1 tocando las causas, ni el pat\u00f3geno de la violencia en la soluci\u00f3n, ni el otro gran vector que es las pandillas mismas, creo que si se tiene esa mentalidad no se va a ir muy lejos en la soluci\u00f3n del conflicto \u201d concluy\u00f3 Vega. <\/p>\n\n\n\n<p>Para el pastor es importante el seguimiento de los pasos que conten\u00eda el plan anterior de seguridad para lograr un plan efectivo de seguridad, los ejes de trabajo eran: persecuci\u00f3n del delito, prevenci\u00f3n de la violencia, fortalecimiento de la instituci\u00f3n de seguridad, protecci\u00f3n y atenci\u00f3n de las v\u00edctimas y el \u00faltimo es el de rehabilitaci\u00f3n y reinserci\u00f3n.&nbsp;<\/p>\n\n\n\n<p>En el plan de seguridad anterior \u201cEl Salvador Seguro\u201d hab\u00eda un acercamiento con el sector de las iglesias, se le pregunt\u00f3 al Pastor Mario \u00bfen este nuevo planteamiento de gobierno la iglesia ha sido convocada a participar en esta nueva fase?<\/p>\n\n\n\n<p><br>\u201cNo, por lo menos con\u00a0 Iglesia Elim no ha habido ning\u00fan acercamiento y hasta donde yo conozco y cre\u00f3 que estoy bastante involucrado en\u00a0 el campo evang\u00e9lico ninguno ha sido convocado\u201d.<\/p>\n\n\n\n<p>El pastor tambi\u00e9n hizo \u00e9nfasis en el papel de la iglesia en cuanto al tema de seguridad:<br>\u201cEl papel de la iglesia en cu\u00e1nto a seguridad es fundamental, de acuerdo a diferentes estudios de soci\u00f3logos, entre ellos toda la serie que sac\u00f3 la UCA y otros soci\u00f3logos que han escrito, la iglesia juega un papel vital porque es una puerta a trav\u00e9s de la cual un pandillero puede salir de la pandilla sin tener repercusiones, se convierte en un instrumento id\u00f3neo para la reinserci\u00f3n y rehabilitaci\u00f3n de estos j\u00f3venes, si ese elemento altamente reconocido no se aprovecha cre\u00f3 que se va a tener dificultad en cuanto a rehabilitar\u201d<\/p>\n\n\n\n<p>El pastor puso el ejemplo de algunos pandilleros que han sido reinsertados en trabajos a trav\u00e9s de la labor realizada en conjunto con la iglesia, psic\u00f3logos y empresa.<br><\/p>\n","protected":false},"excerpt":{"rendered":"<p>El d\u00eda de ayer el Pastor general de Misi\u00f3n Cristiana Elim fue invitado al programa en l\u00ednea FOCOS TV en el cual se habl\u00f3 sobre el tema de seguridad y los nuevos planes que el gobierno en curso est\u00e1 implementando. Primero se analiz\u00f3 el \u201cPlan Control Territorial\u201d, el Pastor Mario Vega habl\u00f3 sobre las nuevas [&hellip;]<\/p>\n","protected":false},"author":3,"featured_media":6234,"comment_status":"open","ping_status":"open","sticky":false,"template":"","format":"standard","meta":[],"categories":[56],"tags":[],"yoast_head":"<!-- This site is optimized with the Yoast SEO plugin v20.8 - https:\/\/yoast.com\/wordpress\/plugins\/seo\/ -->\n<title>Pastor Mario Vega habla sobre el programa de seguridad y el papel de la iglesia - La Prensa Cristiana<\/title>\n<meta name=\"robots\" content=\"index, follow, max-snippet:-1, max-image-preview:large, max-video-preview:-1\" \/>\n<link rel=\"canonical\" href=\"https:\/\/laprensacristiana.com\/?p=6233\" \/>\n<meta property=\"og:locale\" content=\"es_ES\" \/>\n<meta property=\"og:type\" content=\"article\" \/>\n<meta property=\"og:title\" content=\"Pastor Mario Vega habla sobre el programa de seguridad y el papel de la iglesia - La Prensa Cristiana\" \/>\n<meta property=\"og:description\" content=\"El d\u00eda de ayer el Pastor general de Misi\u00f3n Cristiana Elim fue invitado al programa en l\u00ednea FOCOS TV en el cual se habl\u00f3 sobre el tema de seguridad y los nuevos planes que el gobierno en curso est\u00e1 implementando. Primero se analiz\u00f3 el \u201cPlan Control Territorial\u201d, el Pastor Mario Vega habl\u00f3 sobre las nuevas [&hellip;]\" \/>\n<meta property=\"og:url\" content=\"https:\/\/laprensacristiana.com\/?p=6233\" \/>\n<meta property=\"og:site_name\" content=\"La Prensa Cristiana\" \/>\n<meta property=\"article:published_time\" content=\"2019-07-22T20:37:12+00:00\" \/>\n<meta property=\"article:modified_time\" content=\"2019-07-22T22:19:24+00:00\" \/>\n<meta property=\"og:image\" content=\"https:\/\/laprensacristiana.com\/wp-content\/uploads\/2019\/07\/12821362_958457427557450_251881512323402513_n.jpg\" \/>\n\t<meta property=\"og:image:width\" content=\"640\" \/>\n\t<meta property=\"og:image:height\" content=\"960\" \/>\n\t<meta property=\"og:image:type\" content=\"image\/jpeg\" \/>\n<meta name=\"author\" content=\"EDITOR\" \/>\n<meta name=\"twitter:card\" content=\"summary_large_image\" \/>\n<meta name=\"twitter:label1\" content=\"Escrito por\" \/>\n\t<meta name=\"twitter:data1\" content=\"EDITOR\" \/>\n\t<meta name=\"twitter:label2\" content=\"Tiempo de lectura\" \/>\n\t<meta name=\"twitter:data2\" content=\"3 minutos\" \/>\n<script type=\"application\/ld+json\" class=\"yoast-schema-graph\">{\"@context\":\"https:\/\/schema.org\",\"@graph\":[{\"@type\":\"WebPage\",\"@id\":\"https:\/\/laprensacristiana.com\/?p=6233\",\"url\":\"https:\/\/laprensacristiana.com\/?p=6233\",\"name\":\"Pastor Mario Vega habla sobre el programa de seguridad y el papel de la iglesia - La Prensa Cristiana\",\"isPartOf\":{\"@id\":\"https:\/\/laprensacristiana.com\/#website\"},\"datePublished\":\"2019-07-22T20:37:12+00:00\",\"dateModified\":\"2019-07-22T22:19:24+00:00\",\"author\":{\"@id\":\"https:\/\/laprensacristiana.com\/#\/schema\/person\/3e7d82c6bfd6b1fa67010f8f7cd5256e\"},\"breadcrumb\":{\"@id\":\"https:\/\/laprensacristiana.com\/?p=6233#breadcrumb\"},\"inLanguage\":\"es\",\"potentialAction\":[{\"@type\":\"ReadAction\",\"target\":[\"https:\/\/laprensacristiana.com\/?p=6233\"]}]},{\"@type\":\"BreadcrumbList\",\"@id\":\"https:\/\/laprensacristiana.com\/?p=6233#breadcrumb\",\"itemListElement\":[{\"@type\":\"ListItem\",\"position\":1,\"name\":\"Portada\",\"item\":\"https:\/\/laprensacristiana.com\/\"},{\"@type\":\"ListItem\",\"position\":2,\"name\":\"Pastor Mario Vega habla sobre el programa de seguridad y el papel de la iglesia\"}]},{\"@type\":\"WebSite\",\"@id\":\"https:\/\/laprensacristiana.com\/#website\",\"url\":\"https:\/\/laprensacristiana.com\/\",\"name\":\"La Prensa Cristiana\",\"description\":\"Anunciando Las Buenas Nuevas\",\"potentialAction\":[{\"@type\":\"SearchAction\",\"target\":{\"@type\":\"EntryPoint\",\"urlTemplate\":\"https:\/\/laprensacristiana.com\/?s={search_term_string}\"},\"query-input\":\"required name=search_term_string\"}],\"inLanguage\":\"es\"},{\"@type\":\"Person\",\"@id\":\"https:\/\/laprensacristiana.com\/#\/schema\/person\/3e7d82c6bfd6b1fa67010f8f7cd5256e\",\"name\":\"EDITOR\",\"image\":{\"@type\":\"ImageObject\",\"inLanguage\":\"es\",\"@id\":\"https:\/\/laprensacristiana.com\/#\/schema\/person\/image\/\",\"url\":\"https:\/\/secure.gravatar.com\/avatar\/72069dfb6c13772d9e8381e3638666d2?s=96&d=mm&r=g\",\"contentUrl\":\"https:\/\/secure.gravatar.com\/avatar\/72069dfb6c13772d9e8381e3638666d2?s=96&d=mm&r=g\",\"caption\":\"EDITOR\"},\"url\":\"https:\/\/laprensacristiana.com\/?author=3\"}]}<\/script>\n<!-- \/ Yoast SEO plugin. -->","yoast_head_json":{"title":"Pastor Mario Vega habla sobre el programa de seguridad y el papel de la iglesia - La Prensa Cristiana","robots":{"index":"index","follow":"follow","max-snippet":"max-snippet:-1","max-image-preview":"max-image-preview:large","max-video-preview":"max-video-preview:-1"},"canonical":"https:\/\/laprensacristiana.com\/?p=6233","og_locale":"es_ES","og_type":"article","og_title":"Pastor Mario Vega habla sobre el programa de seguridad y el papel de la iglesia - La Prensa Cristiana","og_description":"El d\u00eda de ayer el Pastor general de Misi\u00f3n Cristiana Elim fue invitado al programa en l\u00ednea FOCOS TV en el cual se habl\u00f3 sobre el tema de seguridad y los nuevos planes que el gobierno en curso est\u00e1 implementando. Primero se analiz\u00f3 el \u201cPlan Control Territorial\u201d, el Pastor Mario Vega habl\u00f3 sobre las nuevas [&hellip;]","og_url":"https:\/\/laprensacristiana.com\/?p=6233","og_site_name":"La Prensa Cristiana","article_published_time":"2019-07-22T20:37:12+00:00","article_modified_time":"2019-07-22T22:19:24+00:00","og_image":[{"width":640,"height":960,"url":"https:\/\/laprensacristiana.com\/wp-content\/uploads\/2019\/07\/12821362_958457427557450_251881512323402513_n.jpg","type":"image\/jpeg"}],"author":"EDITOR","twitter_card":"summary_large_image","twitter_misc":{"Escrito por":"EDITOR","Tiempo de lectura":"3 minutos"},"schema":{"@context":"https:\/\/schema.org","@graph":[{"@type":"WebPage","@id":"https:\/\/laprensacristiana.com\/?p=6233","url":"https:\/\/laprensacristiana.com\/?p=6233","name":"Pastor Mario Vega habla sobre el programa de seguridad y el papel de la iglesia - La Prensa Cristiana","isPartOf":{"@id":"https:\/\/laprensacristiana.com\/#website"},"datePublished":"2019-07-22T20:37:12+00:00","dateModified":"2019-07-22T22:19:24+00:00","author":{"@id":"https:\/\/laprensacristiana.com\/#\/schema\/person\/3e7d82c6bfd6b1fa67010f8f7cd5256e"},"breadcrumb":{"@id":"https:\/\/laprensacristiana.com\/?p=6233#breadcrumb"},"inLanguage":"es","potentialAction":[{"@type":"ReadAction","target":["https:\/\/laprensacristiana.com\/?p=6233"]}]},{"@type":"BreadcrumbList","@id":"https:\/\/laprensacristiana.com\/?p=6233#breadcrumb","itemListElement":[{"@type":"ListItem","position":1,"name":"Portada","item":"https:\/\/laprensacristiana.com\/"},{"@type":"ListItem","position":2,"name":"Pastor Mario Vega habla sobre el programa de seguridad y el papel de la iglesia"}]},{"@type":"WebSite","@id":"https:\/\/laprensacristiana.com\/#website","url":"https:\/\/laprensacristiana.com\/","name":"La Prensa Cristiana","description":"Anunciando Las Buenas Nuevas","potentialAction":[{"@type":"SearchAction","target":{"@type":"EntryPoint","urlTemplate":"https:\/\/laprensacristiana.com\/?s={search_term_string}"},"query-input":"required name=search_term_string"}],"inLanguage":"es"},{"@type":"Person","@id":"https:\/\/laprensacristiana.com\/#\/schema\/person\/3e7d82c6bfd6b1fa67010f8f7cd5256e","name":"EDITOR","image":{"@type":"ImageObject","inLanguage":"es","@id":"https:\/\/laprensacristiana.com\/#\/schema\/person\/image\/","url":"https:\/\/secure.gravatar.com\/avatar\/72069dfb6c13772d9e8381e3638666d2?s=96&d=mm&r=g","contentUrl":"https:\/\/secure.gravatar.com\/avatar\/72069dfb6c13772d9e8381e3638666d2?s=96&d=mm&r=g","caption":"EDITOR"},"url":"https:\/\/laprensacristiana.com\/?author=3"}]}},"_links":{"self":[{"href":"https:\/\/laprensacristiana.com\/index.php?rest_route=\/wp\/v2\/posts\/6233"}],"collection":[{"href":"https:\/\/laprensacristiana.com\/index.php?rest_route=\/wp\/v2\/posts"}],"about":[{"href":"https:\/\/laprensacristiana.com\/index.php?rest_route=\/wp\/v2\/types\/post"}],"author":[{"embeddable":true,"href":"https:\/\/laprensacristiana.com\/index.php?rest_route=\/wp\/v2\/users\/3"}],"replies":[{"embeddable":true,"href":"https:\/\/laprensacristiana.com\/index.php?rest_route=%2Fwp%2Fv2%2Fcomments&post=6233"}],"version-history":[{"count":3,"href":"https:\/\/laprensacristiana.com\/index.php?rest_route=\/wp\/v2\/posts\/6233\/revisions"}],"predecessor-version":[{"id":6237,"href":"https:\/\/laprensacristiana.com\/index.php?rest_route=\/wp\/v2\/posts\/6233\/revisions\/6237"}],"wp:featuredmedia":[{"embeddable":true,"href":"https:\/\/laprensacristiana.com\/index.php?rest_route=\/wp\/v2\/media\/6234"}],"wp:attachment":[{"href":"https:\/\/laprensacristiana.com\/index.php?rest_route=%2Fwp%2Fv2%2Fmedia&parent=6233"}],"wp:term":[{"taxonomy":"category","embeddable":true,"href":"https:\/\/laprensacristiana.com\/index.php?rest_route=%2Fwp%2Fv2%2Fcategories&post=6233"},{"taxonomy":"post_tag","embeddable":true,"href":"https:\/\/laprensacristiana.com\/index.php?rest_route=%2Fwp%2Fv2%2Ftags&post=6233"}],"curies":[{"name":"wp","href":"https:\/\/api.w.org\/{rel}","templated":true}]}}