{"id":6241,"date":"2019-07-23T04:12:55","date_gmt":"2019-07-23T04:12:55","guid":{"rendered":"https:\/\/laprensacristiana.com\/?p=6241"},"modified":"2019-07-23T04:12:59","modified_gmt":"2019-07-23T04:12:59","slug":"pastora-rosa-hilda-angel-premio-sol-de-justicia-2019","status":"publish","type":"post","link":"https:\/\/laprensacristiana.com\/?p=6241","title":{"rendered":"Pastora Rosa Hilda \u00c1ngel Premio Sol de Justicia 2019"},"content":{"rendered":"\n<p>En el marco de su 38 aniversario\nla Universidad Evang\u00e9lica de El Salvador (UEES) otorg\u00f3 el PREMIO SOL DE\nJUSTICIA, a la pastora Rosa Hilda Angel por su valioso aporte al compartir el\nevangelio de Jesucristo.<\/p>\n\n\n\n<p>Seg\u00fan el Licenciado Carlos Vigil,\npresidente del Directorio Ejecutivo UEES \u201cHay dos prop\u00f3sitos fundamentales,\ncomo instituci\u00f3n educativa queremos estar cerca de las iglesias en este pa\u00eds que\ndesarrollan el trabajo de expandir el evangelio del Se\u00f1or Jesucristo, queremos\nreconocer a esas personas que hacen ese trabajo tan valioso, no logramos\nreconocer a tantas y tantas personas que hacen esa labor, pero una vez al a\u00f1o a\nuna o dos personas podemos hacerlo, queremos ser un brazo extendido a la iglesia\ncon el trabajo que realizamos en la universidad, al acercar la iglesia con la\nuniversidad nosotros podemos alcanzar el prop\u00f3sito de compartir el evangelio\ncon nuestros alumnos\u201d explic\u00f3. <\/p>\n\n\n\n<p>La pastora Rosa Hilda es\noriginaria de Quezaltepeque, La Libertad. Recibi\u00f3 al Se\u00f1or Jesucristo a los 12\na\u00f1os en la iglesia Derbe, prepar\u00e1ndose para servir en la escuela dominical y\nluego con los j\u00f3venes en la misma iglesia. Desde entonces tambi\u00e9n se ha\ndesempe\u00f1ado como: Directora e instructora en campamentos cristianos; capacitadora\nde docentes de educaci\u00f3n cristiana y teol\u00f3gica, facilitadora en seminarios,\ntalleres, c\u00e1tedras en universidades e instituciones cristianas con una amplia\nformaci\u00f3n en estudios b\u00edblicos. Ha servido en distintos ministerios donde ha\nproclamado la palabra de Dios. Actualmente se congrega en la Iglesia Amigos de\nDios de las Asambleas de Dios en el Ministerio de Predicaci\u00f3n y Ense\u00f1anza.<\/p>\n\n\n\n<figure class=\"wp-block-image\"><img decoding=\"async\" loading=\"lazy\" width=\"1024\" height=\"683\" src=\"https:\/\/laprensacristiana.com\/wp-content\/uploads\/2019\/07\/IMG_0311-1024x683.jpg\" alt=\"\" class=\"wp-image-6243\" srcset=\"https:\/\/laprensacristiana.com\/wp-content\/uploads\/2019\/07\/IMG_0311-1024x683.jpg 1024w, https:\/\/laprensacristiana.com\/wp-content\/uploads\/2019\/07\/IMG_0311-600x400.jpg 600w, https:\/\/laprensacristiana.com\/wp-content\/uploads\/2019\/07\/IMG_0311-300x200.jpg 300w, https:\/\/laprensacristiana.com\/wp-content\/uploads\/2019\/07\/IMG_0311-768x512.jpg 768w, https:\/\/laprensacristiana.com\/wp-content\/uploads\/2019\/07\/IMG_0311-696x464.jpg 696w, https:\/\/laprensacristiana.com\/wp-content\/uploads\/2019\/07\/IMG_0311-1068x712.jpg 1068w, https:\/\/laprensacristiana.com\/wp-content\/uploads\/2019\/07\/IMG_0311-630x420.jpg 630w\" sizes=\"(max-width: 1024px) 100vw, 1024px\" \/><figcaption>Parte del Directorio Ejecutivo de Universidad Evang\u00e9lica de El Salvador y asistentes al acto<\/figcaption><\/figure>\n\n\n\n<p>\u201cLa entrega de este galard\u00f3n obedece\nal deseo de encontrar en la iglesia cristiana evang\u00e9lica nacional, referentes\nque puedan inspirar a otras personas, a trav\u00e9s de una serie de evaluaciones se\npudo determinar que la hermana Rosa Hilda era la indicada para obtener el galard\u00f3n\neste a\u00f1o, para nosotros es un ejemplo a seguir para que otros contin\u00faen fortaleci\u00e9ndose\nen el Se\u00f1or para poder desarrollar el ministerio que Dios les ha entregado, es\nun s\u00edmbolo as\u00ed como el sol de justicia que es el Se\u00f1or ilumina a todos con su\nluz, as\u00ed tambi\u00e9n el levanta personas para que puedan influenciar a toda una\ngeneraci\u00f3n\u201d expres\u00f3 el Capell\u00e1n de la universidad Cesar Mel\u00e9ndez. &nbsp;&nbsp;<\/p>\n\n\n\n<p>\u201cRecibo este premio con profunda\ngratitud y humildad de parte de mi Dios, en su inmenso amor y misericordia me escogi\u00f3\npara darme el hermoso privilegio de poderle servir desde la edad de 12 a\u00f1os. Le\nhe prometido que continuare sirviendo hasta que el venga por m\u00ed, la fortaleza\nde mi vida ha sido el Esp\u00edritu Santo. Mi abuela y mi madre fueron pioneras del\nevangelio en los a\u00f1os 1917 en una \u00e9poca que era dif\u00edcil compartir el evangelio,\ncon l\u00e1grimas llevaron esa semilla, pero ahora hay much\u00edsimos hermanos e iglesias\nque alaban a Dios en ese lugar (Volcan de San Salvador), gracias a mi madrecita\npor ese valioso ejemplo que me dio\u201d acot\u00f3 la pastora Rosa Hilda \u00c1ngel<\/p>\n\n\n\n<p>Este galard\u00f3n fue instituido por\nel Directorio Ejecutivo el 23 de febrero del a\u00f1o 2000 y desde el 2004 se ha\nvenido entregando a\u00f1o con a\u00f1o. El Superintendente de las Asambleas de Dios fue\nel encargado de predicar el mensaje en la ceremonia de entrega del galard\u00f3n\nRev. Jerem\u00edas Bola\u00f1os, a la vez que en la historia ha sido uno de los que han\nrecibido este prestigioso premio: \u201cYo he sido parte de los galardonados, me\nsiento muy contento, es un galard\u00f3n inmerecido, es una manera de reconocer los m\u00e9ritos\ny la calidad de trabajo que cada quien realiza, en el \u00e1mbito del ministerio que\nDios les ha encomendado, es bueno que exista una universidad como esta\n(Universidad Evang\u00e9lica de El Salvador) que se acuerda de las personas que\ntrabajamos, que hemos sudado la gota, ha sido un acto maravilloso el reconocer\na la hermana Rosa Hilda\u201d concluy\u00f3 el pastor Bola\u00f1os. <\/p>\n\n\n\n<p>La universidad cerr\u00f3 su semana de\naniversario con un culto de acci\u00f3n de gracias en el cual participan todos los\nque conforman la gran familia de la Universidad Evang\u00e9lica de El Salvador,\nagradeciendo as\u00ed estos 38 a\u00f1os de existencia, la universidad fue fundada en\n1981 por un grupo de cristianos evang\u00e9licos, profesionales, miembros de las\ndistintas iglesias y denominaciones evang\u00e9licas, quienes guiados por una visi\u00f3n\nCristoc\u00e9ntrica se propusieron contribuir desde el \u00e1rea de educaci\u00f3n superior al\ndesarrollo econ\u00f3mico, social y cultural del pa\u00eds. &nbsp;<\/p>\n\n\n\n<p><em>\u201cM\u00e1s a vosotros los que tem\u00e9is mi nombre, nacer\u00e1 el Sol de justicia, y en sus alas traer\u00e1 salvaci\u00f3n y saldr\u00e9is y saltareis como becerros de la manada.\u201d Malaqu\u00edas 4:2 <\/em><\/p>\n\n\n\n<figure class=\"wp-block-image\"><img decoding=\"async\" loading=\"lazy\" width=\"1024\" height=\"683\" src=\"https:\/\/laprensacristiana.com\/wp-content\/uploads\/2019\/07\/IMG_0330-1024x683.jpg\" alt=\"\" class=\"wp-image-6239\" srcset=\"https:\/\/laprensacristiana.com\/wp-content\/uploads\/2019\/07\/IMG_0330-1024x683.jpg 1024w, https:\/\/laprensacristiana.com\/wp-content\/uploads\/2019\/07\/IMG_0330-600x400.jpg 600w, https:\/\/laprensacristiana.com\/wp-content\/uploads\/2019\/07\/IMG_0330-300x200.jpg 300w, https:\/\/laprensacristiana.com\/wp-content\/uploads\/2019\/07\/IMG_0330-768x512.jpg 768w, https:\/\/laprensacristiana.com\/wp-content\/uploads\/2019\/07\/IMG_0330-696x464.jpg 696w, https:\/\/laprensacristiana.com\/wp-content\/uploads\/2019\/07\/IMG_0330-1068x712.jpg 1068w, https:\/\/laprensacristiana.com\/wp-content\/uploads\/2019\/07\/IMG_0330-630x420.jpg 630w\" sizes=\"(max-width: 1024px) 100vw, 1024px\" \/><figcaption>Capell\u00e1n Cesar Mel\u00e9ndez en el cierre de la premiaci\u00f3n<\/figcaption><\/figure>\n","protected":false},"excerpt":{"rendered":"<p>En el marco de su 38 aniversario la Universidad Evang\u00e9lica de El Salvador (UEES) otorg\u00f3 el PREMIO SOL DE JUSTICIA, a la pastora Rosa Hilda Angel por su valioso aporte al compartir el evangelio de Jesucristo. Seg\u00fan el Licenciado Carlos Vigil, presidente del Directorio Ejecutivo UEES \u201cHay dos prop\u00f3sitos fundamentales, como instituci\u00f3n educativa queremos estar [&hellip;]<\/p>\n","protected":false},"author":3,"featured_media":6242,"comment_status":"open","ping_status":"open","sticky":false,"template":"","format":"standard","meta":[],"categories":[56],"tags":[],"yoast_head":"<!-- This site is optimized with the Yoast SEO plugin v20.8 - https:\/\/yoast.com\/wordpress\/plugins\/seo\/ -->\n<title>Pastora Rosa Hilda \u00c1ngel Premio Sol de Justicia 2019 - La Prensa Cristiana<\/title>\n<meta name=\"robots\" content=\"index, follow, max-snippet:-1, max-image-preview:large, max-video-preview:-1\" \/>\n<link rel=\"canonical\" href=\"https:\/\/laprensacristiana.com\/?p=6241\" \/>\n<meta property=\"og:locale\" content=\"es_ES\" \/>\n<meta property=\"og:type\" content=\"article\" \/>\n<meta property=\"og:title\" content=\"Pastora Rosa Hilda \u00c1ngel Premio Sol de Justicia 2019 - La Prensa Cristiana\" \/>\n<meta property=\"og:description\" content=\"En el marco de su 38 aniversario la Universidad Evang\u00e9lica de El Salvador (UEES) otorg\u00f3 el PREMIO SOL DE JUSTICIA, a la pastora Rosa Hilda Angel por su valioso aporte al compartir el evangelio de Jesucristo. Seg\u00fan el Licenciado Carlos Vigil, presidente del Directorio Ejecutivo UEES \u201cHay dos prop\u00f3sitos fundamentales, como instituci\u00f3n educativa queremos estar [&hellip;]\" \/>\n<meta property=\"og:url\" content=\"https:\/\/laprensacristiana.com\/?p=6241\" \/>\n<meta property=\"og:site_name\" content=\"La Prensa Cristiana\" \/>\n<meta property=\"article:published_time\" content=\"2019-07-23T04:12:55+00:00\" \/>\n<meta property=\"article:modified_time\" content=\"2019-07-23T04:12:59+00:00\" \/>\n<meta property=\"og:image\" content=\"https:\/\/laprensacristiana.com\/wp-content\/uploads\/2019\/07\/IMG_0320-1-scaled.jpg\" \/>\n\t<meta property=\"og:image:width\" content=\"2560\" \/>\n\t<meta property=\"og:image:height\" content=\"1401\" \/>\n\t<meta property=\"og:image:type\" content=\"image\/jpeg\" \/>\n<meta name=\"author\" content=\"EDITOR\" \/>\n<meta name=\"twitter:card\" content=\"summary_large_image\" \/>\n<meta name=\"twitter:label1\" content=\"Escrito por\" \/>\n\t<meta name=\"twitter:data1\" content=\"EDITOR\" \/>\n\t<meta name=\"twitter:label2\" content=\"Tiempo de lectura\" \/>\n\t<meta name=\"twitter:data2\" content=\"4 minutos\" \/>\n<script type=\"application\/ld+json\" class=\"yoast-schema-graph\">{\"@context\":\"https:\/\/schema.org\",\"@graph\":[{\"@type\":\"WebPage\",\"@id\":\"https:\/\/laprensacristiana.com\/?p=6241\",\"url\":\"https:\/\/laprensacristiana.com\/?p=6241\",\"name\":\"Pastora Rosa Hilda \u00c1ngel Premio Sol de Justicia 2019 - La Prensa Cristiana\",\"isPartOf\":{\"@id\":\"https:\/\/laprensacristiana.com\/#website\"},\"datePublished\":\"2019-07-23T04:12:55+00:00\",\"dateModified\":\"2019-07-23T04:12:59+00:00\",\"author\":{\"@id\":\"https:\/\/laprensacristiana.com\/#\/schema\/person\/3e7d82c6bfd6b1fa67010f8f7cd5256e\"},\"breadcrumb\":{\"@id\":\"https:\/\/laprensacristiana.com\/?p=6241#breadcrumb\"},\"inLanguage\":\"es\",\"potentialAction\":[{\"@type\":\"ReadAction\",\"target\":[\"https:\/\/laprensacristiana.com\/?p=6241\"]}]},{\"@type\":\"BreadcrumbList\",\"@id\":\"https:\/\/laprensacristiana.com\/?p=6241#breadcrumb\",\"itemListElement\":[{\"@type\":\"ListItem\",\"position\":1,\"name\":\"Portada\",\"item\":\"https:\/\/laprensacristiana.com\/\"},{\"@type\":\"ListItem\",\"position\":2,\"name\":\"Pastora Rosa Hilda \u00c1ngel Premio Sol de Justicia 2019\"}]},{\"@type\":\"WebSite\",\"@id\":\"https:\/\/laprensacristiana.com\/#website\",\"url\":\"https:\/\/laprensacristiana.com\/\",\"name\":\"La Prensa Cristiana\",\"description\":\"Anunciando Las Buenas Nuevas\",\"potentialAction\":[{\"@type\":\"SearchAction\",\"target\":{\"@type\":\"EntryPoint\",\"urlTemplate\":\"https:\/\/laprensacristiana.com\/?s={search_term_string}\"},\"query-input\":\"required name=search_term_string\"}],\"inLanguage\":\"es\"},{\"@type\":\"Person\",\"@id\":\"https:\/\/laprensacristiana.com\/#\/schema\/person\/3e7d82c6bfd6b1fa67010f8f7cd5256e\",\"name\":\"EDITOR\",\"image\":{\"@type\":\"ImageObject\",\"inLanguage\":\"es\",\"@id\":\"https:\/\/laprensacristiana.com\/#\/schema\/person\/image\/\",\"url\":\"https:\/\/secure.gravatar.com\/avatar\/72069dfb6c13772d9e8381e3638666d2?s=96&d=mm&r=g\",\"contentUrl\":\"https:\/\/secure.gravatar.com\/avatar\/72069dfb6c13772d9e8381e3638666d2?s=96&d=mm&r=g\",\"caption\":\"EDITOR\"},\"url\":\"https:\/\/laprensacristiana.com\/?author=3\"}]}<\/script>\n<!-- \/ Yoast SEO plugin. -->","yoast_head_json":{"title":"Pastora Rosa Hilda \u00c1ngel Premio Sol de Justicia 2019 - La Prensa Cristiana","robots":{"index":"index","follow":"follow","max-snippet":"max-snippet:-1","max-image-preview":"max-image-preview:large","max-video-preview":"max-video-preview:-1"},"canonical":"https:\/\/laprensacristiana.com\/?p=6241","og_locale":"es_ES","og_type":"article","og_title":"Pastora Rosa Hilda \u00c1ngel Premio Sol de Justicia 2019 - La Prensa Cristiana","og_description":"En el marco de su 38 aniversario la Universidad Evang\u00e9lica de El Salvador (UEES) otorg\u00f3 el PREMIO SOL DE JUSTICIA, a la pastora Rosa Hilda Angel por su valioso aporte al compartir el evangelio de Jesucristo. Seg\u00fan el Licenciado Carlos Vigil, presidente del Directorio Ejecutivo UEES \u201cHay dos prop\u00f3sitos fundamentales, como instituci\u00f3n educativa queremos estar [&hellip;]","og_url":"https:\/\/laprensacristiana.com\/?p=6241","og_site_name":"La Prensa Cristiana","article_published_time":"2019-07-23T04:12:55+00:00","article_modified_time":"2019-07-23T04:12:59+00:00","og_image":[{"width":2560,"height":1401,"url":"https:\/\/laprensacristiana.com\/wp-content\/uploads\/2019\/07\/IMG_0320-1-scaled.jpg","type":"image\/jpeg"}],"author":"EDITOR","twitter_card":"summary_large_image","twitter_misc":{"Escrito por":"EDITOR","Tiempo de lectura":"4 minutos"},"schema":{"@context":"https:\/\/schema.org","@graph":[{"@type":"WebPage","@id":"https:\/\/laprensacristiana.com\/?p=6241","url":"https:\/\/laprensacristiana.com\/?p=6241","name":"Pastora Rosa Hilda \u00c1ngel Premio Sol de Justicia 2019 - La Prensa Cristiana","isPartOf":{"@id":"https:\/\/laprensacristiana.com\/#website"},"datePublished":"2019-07-23T04:12:55+00:00","dateModified":"2019-07-23T04:12:59+00:00","author":{"@id":"https:\/\/laprensacristiana.com\/#\/schema\/person\/3e7d82c6bfd6b1fa67010f8f7cd5256e"},"breadcrumb":{"@id":"https:\/\/laprensacristiana.com\/?p=6241#breadcrumb"},"inLanguage":"es","potentialAction":[{"@type":"ReadAction","target":["https:\/\/laprensacristiana.com\/?p=6241"]}]},{"@type":"BreadcrumbList","@id":"https:\/\/laprensacristiana.com\/?p=6241#breadcrumb","itemListElement":[{"@type":"ListItem","position":1,"name":"Portada","item":"https:\/\/laprensacristiana.com\/"},{"@type":"ListItem","position":2,"name":"Pastora Rosa Hilda \u00c1ngel Premio Sol de Justicia 2019"}]},{"@type":"WebSite","@id":"https:\/\/laprensacristiana.com\/#website","url":"https:\/\/laprensacristiana.com\/","name":"La Prensa Cristiana","description":"Anunciando Las Buenas Nuevas","potentialAction":[{"@type":"SearchAction","target":{"@type":"EntryPoint","urlTemplate":"https:\/\/laprensacristiana.com\/?s={search_term_string}"},"query-input":"required name=search_term_string"}],"inLanguage":"es"},{"@type":"Person","@id":"https:\/\/laprensacristiana.com\/#\/schema\/person\/3e7d82c6bfd6b1fa67010f8f7cd5256e","name":"EDITOR","image":{"@type":"ImageObject","inLanguage":"es","@id":"https:\/\/laprensacristiana.com\/#\/schema\/person\/image\/","url":"https:\/\/secure.gravatar.com\/avatar\/72069dfb6c13772d9e8381e3638666d2?s=96&d=mm&r=g","contentUrl":"https:\/\/secure.gravatar.com\/avatar\/72069dfb6c13772d9e8381e3638666d2?s=96&d=mm&r=g","caption":"EDITOR"},"url":"https:\/\/laprensacristiana.com\/?author=3"}]}},"_links":{"self":[{"href":"https:\/\/laprensacristiana.com\/index.php?rest_route=\/wp\/v2\/posts\/6241"}],"collection":[{"href":"https:\/\/laprensacristiana.com\/index.php?rest_route=\/wp\/v2\/posts"}],"about":[{"href":"https:\/\/laprensacristiana.com\/index.php?rest_route=\/wp\/v2\/types\/post"}],"author":[{"embeddable":true,"href":"https:\/\/laprensacristiana.com\/index.php?rest_route=\/wp\/v2\/users\/3"}],"replies":[{"embeddable":true,"href":"https:\/\/laprensacristiana.com\/index.php?rest_route=%2Fwp%2Fv2%2Fcomments&post=6241"}],"version-history":[{"count":1,"href":"https:\/\/laprensacristiana.com\/index.php?rest_route=\/wp\/v2\/posts\/6241\/revisions"}],"predecessor-version":[{"id":6244,"href":"https:\/\/laprensacristiana.com\/index.php?rest_route=\/wp\/v2\/posts\/6241\/revisions\/6244"}],"wp:featuredmedia":[{"embeddable":true,"href":"https:\/\/laprensacristiana.com\/index.php?rest_route=\/wp\/v2\/media\/6242"}],"wp:attachment":[{"href":"https:\/\/laprensacristiana.com\/index.php?rest_route=%2Fwp%2Fv2%2Fmedia&parent=6241"}],"wp:term":[{"taxonomy":"category","embeddable":true,"href":"https:\/\/laprensacristiana.com\/index.php?rest_route=%2Fwp%2Fv2%2Fcategories&post=6241"},{"taxonomy":"post_tag","embeddable":true,"href":"https:\/\/laprensacristiana.com\/index.php?rest_route=%2Fwp%2Fv2%2Ftags&post=6241"}],"curies":[{"name":"wp","href":"https:\/\/api.w.org\/{rel}","templated":true}]}}