{"id":6250,"date":"2019-07-23T17:59:29","date_gmt":"2019-07-23T17:59:29","guid":{"rendered":"https:\/\/laprensacristiana.com\/?p=6250"},"modified":"2020-07-01T22:11:06","modified_gmt":"2020-07-01T22:11:06","slug":"cuida-de-tu-dieta-emocional","status":"publish","type":"post","link":"https:\/\/laprensacristiana.com\/?p=6250","title":{"rendered":"Cuida de tu dieta emocional"},"content":{"rendered":"\n<p><\/p>\n\n\n\n<p><strong>POR JULY DE SOSA <\/strong><\/p>\n\n\n\n<p>Es importante cuidar de los alimentos que ingerimos separando aquellos que nutren nuestro cuerpo de los que lo enferman; el mismo grado de importancia tiene el cuidar y seleccionar las palabras que escuchamos y los pensamientos que consentimos, ya que muchos son los que desean depositar en nosotros parte de la basura que ellos tienen en su mente y coraz\u00f3n, para saber escoger bien el alimento que daremos a nuestros pensamientos y sentimientos Filipenses 4:8, presenta un filtro para depurar lo toxico de los pensamientos positivos que aportan bienestar a nuestro cuerpo. Porque, as\u00ed, como cuando comemos solo comida r\u00e1pida conocida tambi\u00e9n como comida chatarra alta en azucares, en alg\u00fan momento nuestro cuerpo resentir\u00e1 la falta de nutrientes enferm\u00e1ndose; de igual forma nuestro cuerpo se enfermar\u00e1 si descuidamos nuestro estado emocional; que lamentablemente ignoramos con frecuencia.<\/p>\n\n\n\n<p>&nbsp;La\ntecnolog\u00eda con la que contamos en este tiempo permite que todos los interesados\nen una buena nutrici\u00f3n conozcamos el da\u00f1o que ocasiona a nuestro cuerpo el\nconsumo de comida alta en az\u00facar y grasas trans; de igual forma tambi\u00e9n nos\nbrinda consejos oportunos para identificar a las personas t\u00f3xicas de nuestro\nentorno; que tienen el mismo poder de enfermar nuestro cuerpo con el veneno que\ndestilan a cuenta gotas con sus palabras. &nbsp;En cualquiera de los casos somos los \u00fanicos\nresponsables de tomar acci\u00f3n y guardar nuestro cuerpo del da\u00f1o de una mala\nalimentaci\u00f3n.<\/p>\n\n\n\n<p>&nbsp;La\ndepresi\u00f3n y la ansiedad son alertas de nuestro cuerpo infestado de malas\nemociones alimentadas con la basura que otros nos arrojaron con su negatividad,\ny que nosotros recibimos y alojamos en nuestro interior, por lo que perdimos\nnuestra energ\u00eda positiva. <\/p>\n\n\n\n<p>Es urgente prestar cuidado a la influencia\nque estamos recibiendo de nuestro circulo de personas cercanas, como\nfamiliares, amigos, compa\u00f1eros de trabajo, entre otros. Porque puede ser que alguno\nentre ellos nos utilice como contenedores de sus frustraciones y mala fe. Como\ncreyentes del \u00fanico Dios vivo contamos con una, arma muy poderosa que pocas\nveces usamos, me refiero a la se\u00f1al que Jes\u00fas nos dejo para saber que hay en el\ncoraz\u00f3n de otros y conocer sus intensiones Jes\u00fas dijo: \u201cPor sus frutos los\nconocer\u00e9is\u201d Resulta f\u00e1cil conocer el interior de alguien si prestamos atenci\u00f3n\na sus acciones y m\u00e1s a sus palabras, porque escrito est\u00e1 <\/p>\n\n\n\n<p>\u201cDe la abundancia del coraz\u00f3n habla la\nboca\u201d Esto es muy conveniente saberlo y entenderlo, para poder clasificar lo\nque est\u00e1 alimentando nuestro interior, ya que existen personas a las cuales\napreciamos, pero que nos resultan de mala influencia, y por pena o por\ncostumbre no tomamos la decisi\u00f3n de separarnos de ellas, antes de que nos\nsalpiquen con su negatividad al grado de enfermarnos. Dios nos regalo la vida y\ncon ella la responsabilidad de cuidarla, valorarla, y mantenerla. Saber escoger\na las personas con las que nos relacionamos es parte de cuidar de nuestra vida\ny cerrar las puertas de nuestra mente y coraz\u00f3n a contenido t\u00f3xico, es parte de\npreservarla. Aunque esto signifique cortar con relaciones familiares, amistosas\ny hasta relaciones de pareja. Si alguien se encuentra depresivo, ansioso o\namargado. Es hora de ver con que est\u00e1 alimentando su alma, y reemplazarlo\ninmediatamente. Para recuperar la salud emocional; porque no basta solo con\nidentificar una fuente da\u00f1ina, es necesario alejarse de ella. Nadie que desee\ncambiar su vida emocional puede lograrlo sin cambiar el circulo de personas que\nejercen influencia en \u00e9l o ella. Y no lo digo porque pienso que esas personas\nsean malas, si no porque hay gente a la que no le interesa crecer y ser mejor\ncada d\u00eda. Y sin darnos cuenta logran robar el inter\u00e9s que seguramente nosotros\nsi ten\u00edamos. <\/p>\n\n\n\n<p>Tomemos tiempo para revisar y escoger\nnuestra dieta emocional, recordando que:<\/p>\n\n\n\n<p><strong>\u201cLas malas compa\u00f1\u00edas corrompen las\nbuenas costumbres\u201d<\/strong> 1 Corintios 15:33<\/p>\n\n\n\n<p>\u00a1SHALOM!<\/p>\n","protected":false},"excerpt":{"rendered":"<p>POR JULY DE SOSA Es importante cuidar de los alimentos que ingerimos separando aquellos que nutren nuestro cuerpo de los que lo enferman; el mismo grado de importancia tiene el cuidar y seleccionar las palabras que escuchamos y los pensamientos que consentimos, ya que muchos son los que desean depositar en nosotros parte de la [&hellip;]<\/p>\n","protected":false},"author":3,"featured_media":6147,"comment_status":"open","ping_status":"open","sticky":false,"template":"","format":"standard","meta":[],"categories":[36],"tags":[],"yoast_head":"<!-- This site is optimized with the Yoast SEO plugin v20.8 - https:\/\/yoast.com\/wordpress\/plugins\/seo\/ -->\n<title>Cuida de tu dieta emocional - La Prensa Cristiana<\/title>\n<meta name=\"robots\" content=\"index, follow, max-snippet:-1, max-image-preview:large, max-video-preview:-1\" \/>\n<link rel=\"canonical\" href=\"https:\/\/laprensacristiana.com\/?p=6250\" \/>\n<meta property=\"og:locale\" content=\"es_ES\" \/>\n<meta property=\"og:type\" content=\"article\" \/>\n<meta property=\"og:title\" content=\"Cuida de tu dieta emocional - La Prensa Cristiana\" \/>\n<meta property=\"og:description\" content=\"POR JULY DE SOSA Es importante cuidar de los alimentos que ingerimos separando aquellos que nutren nuestro cuerpo de los que lo enferman; el mismo grado de importancia tiene el cuidar y seleccionar las palabras que escuchamos y los pensamientos que consentimos, ya que muchos son los que desean depositar en nosotros parte de la [&hellip;]\" \/>\n<meta property=\"og:url\" content=\"https:\/\/laprensacristiana.com\/?p=6250\" \/>\n<meta property=\"og:site_name\" content=\"La Prensa Cristiana\" \/>\n<meta property=\"article:published_time\" content=\"2019-07-23T17:59:29+00:00\" \/>\n<meta property=\"article:modified_time\" content=\"2020-07-01T22:11:06+00:00\" \/>\n<meta property=\"og:image\" content=\"https:\/\/laprensacristiana.com\/wp-content\/uploads\/2019\/07\/JULY-LPG-2017.jpg\" \/>\n\t<meta property=\"og:image:width\" content=\"1240\" \/>\n\t<meta property=\"og:image:height\" content=\"692\" \/>\n\t<meta property=\"og:image:type\" content=\"image\/jpeg\" \/>\n<meta name=\"author\" content=\"EDITOR\" \/>\n<meta name=\"twitter:card\" content=\"summary_large_image\" \/>\n<meta name=\"twitter:label1\" content=\"Escrito por\" \/>\n\t<meta name=\"twitter:data1\" content=\"EDITOR\" \/>\n\t<meta name=\"twitter:label2\" content=\"Tiempo de lectura\" \/>\n\t<meta name=\"twitter:data2\" content=\"3 minutos\" \/>\n<script type=\"application\/ld+json\" class=\"yoast-schema-graph\">{\"@context\":\"https:\/\/schema.org\",\"@graph\":[{\"@type\":\"WebPage\",\"@id\":\"https:\/\/laprensacristiana.com\/?p=6250\",\"url\":\"https:\/\/laprensacristiana.com\/?p=6250\",\"name\":\"Cuida de tu dieta emocional - La Prensa Cristiana\",\"isPartOf\":{\"@id\":\"https:\/\/laprensacristiana.com\/#website\"},\"datePublished\":\"2019-07-23T17:59:29+00:00\",\"dateModified\":\"2020-07-01T22:11:06+00:00\",\"author\":{\"@id\":\"https:\/\/laprensacristiana.com\/#\/schema\/person\/3e7d82c6bfd6b1fa67010f8f7cd5256e\"},\"breadcrumb\":{\"@id\":\"https:\/\/laprensacristiana.com\/?p=6250#breadcrumb\"},\"inLanguage\":\"es\",\"potentialAction\":[{\"@type\":\"ReadAction\",\"target\":[\"https:\/\/laprensacristiana.com\/?p=6250\"]}]},{\"@type\":\"BreadcrumbList\",\"@id\":\"https:\/\/laprensacristiana.com\/?p=6250#breadcrumb\",\"itemListElement\":[{\"@type\":\"ListItem\",\"position\":1,\"name\":\"Portada\",\"item\":\"https:\/\/laprensacristiana.com\/\"},{\"@type\":\"ListItem\",\"position\":2,\"name\":\"Cuida de tu dieta emocional\"}]},{\"@type\":\"WebSite\",\"@id\":\"https:\/\/laprensacristiana.com\/#website\",\"url\":\"https:\/\/laprensacristiana.com\/\",\"name\":\"La Prensa Cristiana\",\"description\":\"Anunciando Las Buenas Nuevas\",\"potentialAction\":[{\"@type\":\"SearchAction\",\"target\":{\"@type\":\"EntryPoint\",\"urlTemplate\":\"https:\/\/laprensacristiana.com\/?s={search_term_string}\"},\"query-input\":\"required name=search_term_string\"}],\"inLanguage\":\"es\"},{\"@type\":\"Person\",\"@id\":\"https:\/\/laprensacristiana.com\/#\/schema\/person\/3e7d82c6bfd6b1fa67010f8f7cd5256e\",\"name\":\"EDITOR\",\"image\":{\"@type\":\"ImageObject\",\"inLanguage\":\"es\",\"@id\":\"https:\/\/laprensacristiana.com\/#\/schema\/person\/image\/\",\"url\":\"https:\/\/secure.gravatar.com\/avatar\/72069dfb6c13772d9e8381e3638666d2?s=96&d=mm&r=g\",\"contentUrl\":\"https:\/\/secure.gravatar.com\/avatar\/72069dfb6c13772d9e8381e3638666d2?s=96&d=mm&r=g\",\"caption\":\"EDITOR\"},\"url\":\"https:\/\/laprensacristiana.com\/?author=3\"}]}<\/script>\n<!-- \/ Yoast SEO plugin. -->","yoast_head_json":{"title":"Cuida de tu dieta emocional - La Prensa Cristiana","robots":{"index":"index","follow":"follow","max-snippet":"max-snippet:-1","max-image-preview":"max-image-preview:large","max-video-preview":"max-video-preview:-1"},"canonical":"https:\/\/laprensacristiana.com\/?p=6250","og_locale":"es_ES","og_type":"article","og_title":"Cuida de tu dieta emocional - La Prensa Cristiana","og_description":"POR JULY DE SOSA Es importante cuidar de los alimentos que ingerimos separando aquellos que nutren nuestro cuerpo de los que lo enferman; el mismo grado de importancia tiene el cuidar y seleccionar las palabras que escuchamos y los pensamientos que consentimos, ya que muchos son los que desean depositar en nosotros parte de la [&hellip;]","og_url":"https:\/\/laprensacristiana.com\/?p=6250","og_site_name":"La Prensa Cristiana","article_published_time":"2019-07-23T17:59:29+00:00","article_modified_time":"2020-07-01T22:11:06+00:00","og_image":[{"width":1240,"height":692,"url":"https:\/\/laprensacristiana.com\/wp-content\/uploads\/2019\/07\/JULY-LPG-2017.jpg","type":"image\/jpeg"}],"author":"EDITOR","twitter_card":"summary_large_image","twitter_misc":{"Escrito por":"EDITOR","Tiempo de lectura":"3 minutos"},"schema":{"@context":"https:\/\/schema.org","@graph":[{"@type":"WebPage","@id":"https:\/\/laprensacristiana.com\/?p=6250","url":"https:\/\/laprensacristiana.com\/?p=6250","name":"Cuida de tu dieta emocional - La Prensa Cristiana","isPartOf":{"@id":"https:\/\/laprensacristiana.com\/#website"},"datePublished":"2019-07-23T17:59:29+00:00","dateModified":"2020-07-01T22:11:06+00:00","author":{"@id":"https:\/\/laprensacristiana.com\/#\/schema\/person\/3e7d82c6bfd6b1fa67010f8f7cd5256e"},"breadcrumb":{"@id":"https:\/\/laprensacristiana.com\/?p=6250#breadcrumb"},"inLanguage":"es","potentialAction":[{"@type":"ReadAction","target":["https:\/\/laprensacristiana.com\/?p=6250"]}]},{"@type":"BreadcrumbList","@id":"https:\/\/laprensacristiana.com\/?p=6250#breadcrumb","itemListElement":[{"@type":"ListItem","position":1,"name":"Portada","item":"https:\/\/laprensacristiana.com\/"},{"@type":"ListItem","position":2,"name":"Cuida de tu dieta emocional"}]},{"@type":"WebSite","@id":"https:\/\/laprensacristiana.com\/#website","url":"https:\/\/laprensacristiana.com\/","name":"La Prensa Cristiana","description":"Anunciando Las Buenas Nuevas","potentialAction":[{"@type":"SearchAction","target":{"@type":"EntryPoint","urlTemplate":"https:\/\/laprensacristiana.com\/?s={search_term_string}"},"query-input":"required name=search_term_string"}],"inLanguage":"es"},{"@type":"Person","@id":"https:\/\/laprensacristiana.com\/#\/schema\/person\/3e7d82c6bfd6b1fa67010f8f7cd5256e","name":"EDITOR","image":{"@type":"ImageObject","inLanguage":"es","@id":"https:\/\/laprensacristiana.com\/#\/schema\/person\/image\/","url":"https:\/\/secure.gravatar.com\/avatar\/72069dfb6c13772d9e8381e3638666d2?s=96&d=mm&r=g","contentUrl":"https:\/\/secure.gravatar.com\/avatar\/72069dfb6c13772d9e8381e3638666d2?s=96&d=mm&r=g","caption":"EDITOR"},"url":"https:\/\/laprensacristiana.com\/?author=3"}]}},"_links":{"self":[{"href":"https:\/\/laprensacristiana.com\/index.php?rest_route=\/wp\/v2\/posts\/6250"}],"collection":[{"href":"https:\/\/laprensacristiana.com\/index.php?rest_route=\/wp\/v2\/posts"}],"about":[{"href":"https:\/\/laprensacristiana.com\/index.php?rest_route=\/wp\/v2\/types\/post"}],"author":[{"embeddable":true,"href":"https:\/\/laprensacristiana.com\/index.php?rest_route=\/wp\/v2\/users\/3"}],"replies":[{"embeddable":true,"href":"https:\/\/laprensacristiana.com\/index.php?rest_route=%2Fwp%2Fv2%2Fcomments&post=6250"}],"version-history":[{"count":1,"href":"https:\/\/laprensacristiana.com\/index.php?rest_route=\/wp\/v2\/posts\/6250\/revisions"}],"predecessor-version":[{"id":6251,"href":"https:\/\/laprensacristiana.com\/index.php?rest_route=\/wp\/v2\/posts\/6250\/revisions\/6251"}],"wp:featuredmedia":[{"embeddable":true,"href":"https:\/\/laprensacristiana.com\/index.php?rest_route=\/wp\/v2\/media\/6147"}],"wp:attachment":[{"href":"https:\/\/laprensacristiana.com\/index.php?rest_route=%2Fwp%2Fv2%2Fmedia&parent=6250"}],"wp:term":[{"taxonomy":"category","embeddable":true,"href":"https:\/\/laprensacristiana.com\/index.php?rest_route=%2Fwp%2Fv2%2Fcategories&post=6250"},{"taxonomy":"post_tag","embeddable":true,"href":"https:\/\/laprensacristiana.com\/index.php?rest_route=%2Fwp%2Fv2%2Ftags&post=6250"}],"curies":[{"name":"wp","href":"https:\/\/api.w.org\/{rel}","templated":true}]}}