{"id":6255,"date":"2019-07-24T18:54:40","date_gmt":"2019-07-24T18:54:40","guid":{"rendered":"https:\/\/laprensacristiana.com\/?p=6255"},"modified":"2019-07-24T18:54:43","modified_gmt":"2019-07-24T18:54:43","slug":"liceo-cristiano-rvdo-juan-bueno-realizo-el-tour-impulso","status":"publish","type":"post","link":"https:\/\/laprensacristiana.com\/?p=6255","title":{"rendered":"Liceo Cristiano \u201cRVDO. Juan Bueno\u201d realiz\u00f3 el Tour \u201cImpulso\u201d"},"content":{"rendered":"\n<p>El Liceo Cristiano \u201cReverendo Juan Bueno\u201d&nbsp; de El Salvador es una instituci\u00f3n educativa\ncristiana, que es consciente de la necesidad que existe en los estudiantes en\nla defensa de la fe, por lo que crearon el tour llamado \u201cimpulso\u201d realizado el\nmes de junio en Santa Ana, San Salvador y San Francisco Gotera, logrando\ncongregar a 1,800 estudiantes de 37 Liceos Cristianos en el pa\u00eds. <\/p>\n\n\n\n<p>Los estudiantes que participaron de este tour fueron\nseleccionados de los comit\u00e9s cristianos, ministerio de alabanza, grupos de\nCastillo del Rey y j\u00f3venes comprometidos con el mensaje de salvaci\u00f3n.<\/p>\n\n\n\n<p>\u00bfPero de que se trata \u201cImpulso\u201d?<\/p>\n\n\n\n<figure class=\"wp-block-image\"><img decoding=\"async\" loading=\"lazy\" width=\"1024\" height=\"683\" src=\"https:\/\/laprensacristiana.com\/wp-content\/uploads\/2019\/07\/IMG_1767-1024x683.jpg\" alt=\"\" class=\"wp-image-6258\" srcset=\"https:\/\/laprensacristiana.com\/wp-content\/uploads\/2019\/07\/IMG_1767-1024x683.jpg 1024w, https:\/\/laprensacristiana.com\/wp-content\/uploads\/2019\/07\/IMG_1767-600x400.jpg 600w, https:\/\/laprensacristiana.com\/wp-content\/uploads\/2019\/07\/IMG_1767-300x200.jpg 300w, https:\/\/laprensacristiana.com\/wp-content\/uploads\/2019\/07\/IMG_1767-768x512.jpg 768w, https:\/\/laprensacristiana.com\/wp-content\/uploads\/2019\/07\/IMG_1767-696x464.jpg 696w, https:\/\/laprensacristiana.com\/wp-content\/uploads\/2019\/07\/IMG_1767-1068x712.jpg 1068w, https:\/\/laprensacristiana.com\/wp-content\/uploads\/2019\/07\/IMG_1767-630x420.jpg 630w\" sizes=\"(max-width: 1024px) 100vw, 1024px\" \/><\/figure>\n\n\n\n<p>La instituci\u00f3n los impulsa para que los compa\u00f1eros, los padres, hermanos y amigos puedan ser alcanzados por la energ\u00eda salvadora del gran yo soy, el le\u00f3n de Jud\u00e1, el precioso pr\u00edncipe de paz Cristo Jes\u00fas. Recibe ese impulso Salvador, para que les muestren a los dem\u00e1s como es vivir una vida plena aqu\u00ed en la tierra, una vida llena de paz en el cielo y as\u00ed comenzar a vivir eternamente desde ya. Impulso es:<\/p>\n\n\n\n<p><\/p>\n\n\n\n<p>\u201cSer investido Lucas 24:49, tener madurez&nbsp; Efesios 4:13, m\u00e1s presencia \u00c9xodo 33:15, mucha\nunci\u00f3n 1 Juan 2:20 , dar luz Mateo 5:14, ser sal&nbsp; Mateo 5:13, mucha oraci\u00f3n 1tes 5:17\u201d<\/p>\n\n\n\n<p>Pastor. Ram\u00f3n Santiago Pe\u00f1a Valle<\/p>\n\n\n\n<p>Director Espiritual Liceo Cristiano El Salvador<\/p>\n\n\n\n<p>Alex P\u00e9rez y Thrazo participaron de esta iniciativa: <\/p>\n\n\n\n<p>\u201cAgradecido por la oportunidad que Dios me da nuevamente como Ex-Alumno de poder unirme a esta visi\u00f3n y poder los talentos que Dios nos ha dado para la edificaci\u00f3n de generaci\u00f3n, consciente de la importancia de poder equipar y ministrar esta que es nueva generaci\u00f3n de l\u00edderes, pastores, l\u00edderes de alabanza, maestros y ministros que saldr\u00e1n de las aulas del Liceo Cristiano en todo el Salvador\u201d expres\u00f3 Alex P\u00e9rez\u00a0 Salmista Nacional de Ministerios Essencial El Salvador.<\/p>\n\n\n\n<figure class=\"wp-block-image\"><img decoding=\"async\" loading=\"lazy\" width=\"1024\" height=\"683\" src=\"https:\/\/laprensacristiana.com\/wp-content\/uploads\/2019\/07\/MG_0859-1024x683.jpg\" alt=\"\" class=\"wp-image-6257\" srcset=\"https:\/\/laprensacristiana.com\/wp-content\/uploads\/2019\/07\/MG_0859-1024x683.jpg 1024w, https:\/\/laprensacristiana.com\/wp-content\/uploads\/2019\/07\/MG_0859-600x400.jpg 600w, https:\/\/laprensacristiana.com\/wp-content\/uploads\/2019\/07\/MG_0859-300x200.jpg 300w, https:\/\/laprensacristiana.com\/wp-content\/uploads\/2019\/07\/MG_0859-768x512.jpg 768w, https:\/\/laprensacristiana.com\/wp-content\/uploads\/2019\/07\/MG_0859-696x464.jpg 696w, https:\/\/laprensacristiana.com\/wp-content\/uploads\/2019\/07\/MG_0859-1068x712.jpg 1068w, https:\/\/laprensacristiana.com\/wp-content\/uploads\/2019\/07\/MG_0859-630x420.jpg 630w, https:\/\/laprensacristiana.com\/wp-content\/uploads\/2019\/07\/MG_0859.jpg 1800w\" sizes=\"(max-width: 1024px) 100vw, 1024px\" \/><\/figure>\n\n\n\n<p>\u201cInvertir tiempo y abrir espacios de capacitaci\u00f3n para los estudiantes\nes salvaguardar el coraz\u00f3n de la nueva generaci\u00f3n. El mundo est\u00e1 en constante\ncambio y es muy inteligente que la iglesia traiga innovaci\u00f3n y aprendizaje a\nsus equipos espirituales\u201d concluy\u00f3 Thrazo Beatbox<\/p>\n","protected":false},"excerpt":{"rendered":"<p>El Liceo Cristiano \u201cReverendo Juan Bueno\u201d&nbsp; de El Salvador es una instituci\u00f3n educativa cristiana, que es consciente de la necesidad que existe en los estudiantes en la defensa de la fe, por lo que crearon el tour llamado \u201cimpulso\u201d realizado el mes de junio en Santa Ana, San Salvador y San Francisco Gotera, logrando congregar [&hellip;]<\/p>\n","protected":false},"author":3,"featured_media":6256,"comment_status":"open","ping_status":"open","sticky":false,"template":"","format":"standard","meta":[],"categories":[56],"tags":[],"yoast_head":"<!-- This site is optimized with the Yoast SEO plugin v20.8 - https:\/\/yoast.com\/wordpress\/plugins\/seo\/ -->\n<title>Liceo Cristiano \u201cRVDO. Juan Bueno\u201d realiz\u00f3 el Tour \u201cImpulso\u201d - La Prensa Cristiana<\/title>\n<meta name=\"robots\" content=\"index, follow, max-snippet:-1, max-image-preview:large, max-video-preview:-1\" \/>\n<link rel=\"canonical\" href=\"https:\/\/laprensacristiana.com\/?p=6255\" \/>\n<meta property=\"og:locale\" content=\"es_ES\" \/>\n<meta property=\"og:type\" content=\"article\" \/>\n<meta property=\"og:title\" content=\"Liceo Cristiano \u201cRVDO. Juan Bueno\u201d realiz\u00f3 el Tour \u201cImpulso\u201d - La Prensa Cristiana\" \/>\n<meta property=\"og:description\" content=\"El Liceo Cristiano \u201cReverendo Juan Bueno\u201d&nbsp; de El Salvador es una instituci\u00f3n educativa cristiana, que es consciente de la necesidad que existe en los estudiantes en la defensa de la fe, por lo que crearon el tour llamado \u201cimpulso\u201d realizado el mes de junio en Santa Ana, San Salvador y San Francisco Gotera, logrando congregar [&hellip;]\" \/>\n<meta property=\"og:url\" content=\"https:\/\/laprensacristiana.com\/?p=6255\" \/>\n<meta property=\"og:site_name\" content=\"La Prensa Cristiana\" \/>\n<meta property=\"article:published_time\" content=\"2019-07-24T18:54:40+00:00\" \/>\n<meta property=\"article:modified_time\" content=\"2019-07-24T18:54:43+00:00\" \/>\n<meta property=\"og:image\" content=\"https:\/\/laprensacristiana.com\/wp-content\/uploads\/2019\/07\/MG_0888-1024x683.jpg\" \/>\n\t<meta property=\"og:image:width\" content=\"1024\" \/>\n\t<meta property=\"og:image:height\" content=\"683\" \/>\n\t<meta property=\"og:image:type\" content=\"image\/jpeg\" \/>\n<meta name=\"author\" content=\"EDITOR\" \/>\n<meta name=\"twitter:card\" content=\"summary_large_image\" \/>\n<meta name=\"twitter:label1\" content=\"Escrito por\" \/>\n\t<meta name=\"twitter:data1\" content=\"EDITOR\" \/>\n\t<meta name=\"twitter:label2\" content=\"Tiempo de lectura\" \/>\n\t<meta name=\"twitter:data2\" content=\"2 minutos\" \/>\n<script type=\"application\/ld+json\" class=\"yoast-schema-graph\">{\"@context\":\"https:\/\/schema.org\",\"@graph\":[{\"@type\":\"WebPage\",\"@id\":\"https:\/\/laprensacristiana.com\/?p=6255\",\"url\":\"https:\/\/laprensacristiana.com\/?p=6255\",\"name\":\"Liceo Cristiano \u201cRVDO. Juan Bueno\u201d realiz\u00f3 el Tour \u201cImpulso\u201d - La Prensa Cristiana\",\"isPartOf\":{\"@id\":\"https:\/\/laprensacristiana.com\/#website\"},\"datePublished\":\"2019-07-24T18:54:40+00:00\",\"dateModified\":\"2019-07-24T18:54:43+00:00\",\"author\":{\"@id\":\"https:\/\/laprensacristiana.com\/#\/schema\/person\/3e7d82c6bfd6b1fa67010f8f7cd5256e\"},\"breadcrumb\":{\"@id\":\"https:\/\/laprensacristiana.com\/?p=6255#breadcrumb\"},\"inLanguage\":\"es\",\"potentialAction\":[{\"@type\":\"ReadAction\",\"target\":[\"https:\/\/laprensacristiana.com\/?p=6255\"]}]},{\"@type\":\"BreadcrumbList\",\"@id\":\"https:\/\/laprensacristiana.com\/?p=6255#breadcrumb\",\"itemListElement\":[{\"@type\":\"ListItem\",\"position\":1,\"name\":\"Portada\",\"item\":\"https:\/\/laprensacristiana.com\/\"},{\"@type\":\"ListItem\",\"position\":2,\"name\":\"Liceo Cristiano \u201cRVDO. Juan Bueno\u201d realiz\u00f3 el Tour \u201cImpulso\u201d\"}]},{\"@type\":\"WebSite\",\"@id\":\"https:\/\/laprensacristiana.com\/#website\",\"url\":\"https:\/\/laprensacristiana.com\/\",\"name\":\"La Prensa Cristiana\",\"description\":\"Anunciando Las Buenas Nuevas\",\"potentialAction\":[{\"@type\":\"SearchAction\",\"target\":{\"@type\":\"EntryPoint\",\"urlTemplate\":\"https:\/\/laprensacristiana.com\/?s={search_term_string}\"},\"query-input\":\"required name=search_term_string\"}],\"inLanguage\":\"es\"},{\"@type\":\"Person\",\"@id\":\"https:\/\/laprensacristiana.com\/#\/schema\/person\/3e7d82c6bfd6b1fa67010f8f7cd5256e\",\"name\":\"EDITOR\",\"image\":{\"@type\":\"ImageObject\",\"inLanguage\":\"es\",\"@id\":\"https:\/\/laprensacristiana.com\/#\/schema\/person\/image\/\",\"url\":\"https:\/\/secure.gravatar.com\/avatar\/72069dfb6c13772d9e8381e3638666d2?s=96&d=mm&r=g\",\"contentUrl\":\"https:\/\/secure.gravatar.com\/avatar\/72069dfb6c13772d9e8381e3638666d2?s=96&d=mm&r=g\",\"caption\":\"EDITOR\"},\"url\":\"https:\/\/laprensacristiana.com\/?author=3\"}]}<\/script>\n<!-- \/ Yoast SEO plugin. -->","yoast_head_json":{"title":"Liceo Cristiano \u201cRVDO. Juan Bueno\u201d realiz\u00f3 el Tour \u201cImpulso\u201d - La Prensa Cristiana","robots":{"index":"index","follow":"follow","max-snippet":"max-snippet:-1","max-image-preview":"max-image-preview:large","max-video-preview":"max-video-preview:-1"},"canonical":"https:\/\/laprensacristiana.com\/?p=6255","og_locale":"es_ES","og_type":"article","og_title":"Liceo Cristiano \u201cRVDO. Juan Bueno\u201d realiz\u00f3 el Tour \u201cImpulso\u201d - La Prensa Cristiana","og_description":"El Liceo Cristiano \u201cReverendo Juan Bueno\u201d&nbsp; de El Salvador es una instituci\u00f3n educativa cristiana, que es consciente de la necesidad que existe en los estudiantes en la defensa de la fe, por lo que crearon el tour llamado \u201cimpulso\u201d realizado el mes de junio en Santa Ana, San Salvador y San Francisco Gotera, logrando congregar [&hellip;]","og_url":"https:\/\/laprensacristiana.com\/?p=6255","og_site_name":"La Prensa Cristiana","article_published_time":"2019-07-24T18:54:40+00:00","article_modified_time":"2019-07-24T18:54:43+00:00","og_image":[{"width":1024,"height":683,"url":"https:\/\/laprensacristiana.com\/wp-content\/uploads\/2019\/07\/MG_0888-1024x683.jpg","type":"image\/jpeg"}],"author":"EDITOR","twitter_card":"summary_large_image","twitter_misc":{"Escrito por":"EDITOR","Tiempo de lectura":"2 minutos"},"schema":{"@context":"https:\/\/schema.org","@graph":[{"@type":"WebPage","@id":"https:\/\/laprensacristiana.com\/?p=6255","url":"https:\/\/laprensacristiana.com\/?p=6255","name":"Liceo Cristiano \u201cRVDO. Juan Bueno\u201d realiz\u00f3 el Tour \u201cImpulso\u201d - La Prensa Cristiana","isPartOf":{"@id":"https:\/\/laprensacristiana.com\/#website"},"datePublished":"2019-07-24T18:54:40+00:00","dateModified":"2019-07-24T18:54:43+00:00","author":{"@id":"https:\/\/laprensacristiana.com\/#\/schema\/person\/3e7d82c6bfd6b1fa67010f8f7cd5256e"},"breadcrumb":{"@id":"https:\/\/laprensacristiana.com\/?p=6255#breadcrumb"},"inLanguage":"es","potentialAction":[{"@type":"ReadAction","target":["https:\/\/laprensacristiana.com\/?p=6255"]}]},{"@type":"BreadcrumbList","@id":"https:\/\/laprensacristiana.com\/?p=6255#breadcrumb","itemListElement":[{"@type":"ListItem","position":1,"name":"Portada","item":"https:\/\/laprensacristiana.com\/"},{"@type":"ListItem","position":2,"name":"Liceo Cristiano \u201cRVDO. Juan Bueno\u201d realiz\u00f3 el Tour \u201cImpulso\u201d"}]},{"@type":"WebSite","@id":"https:\/\/laprensacristiana.com\/#website","url":"https:\/\/laprensacristiana.com\/","name":"La Prensa Cristiana","description":"Anunciando Las Buenas Nuevas","potentialAction":[{"@type":"SearchAction","target":{"@type":"EntryPoint","urlTemplate":"https:\/\/laprensacristiana.com\/?s={search_term_string}"},"query-input":"required name=search_term_string"}],"inLanguage":"es"},{"@type":"Person","@id":"https:\/\/laprensacristiana.com\/#\/schema\/person\/3e7d82c6bfd6b1fa67010f8f7cd5256e","name":"EDITOR","image":{"@type":"ImageObject","inLanguage":"es","@id":"https:\/\/laprensacristiana.com\/#\/schema\/person\/image\/","url":"https:\/\/secure.gravatar.com\/avatar\/72069dfb6c13772d9e8381e3638666d2?s=96&d=mm&r=g","contentUrl":"https:\/\/secure.gravatar.com\/avatar\/72069dfb6c13772d9e8381e3638666d2?s=96&d=mm&r=g","caption":"EDITOR"},"url":"https:\/\/laprensacristiana.com\/?author=3"}]}},"_links":{"self":[{"href":"https:\/\/laprensacristiana.com\/index.php?rest_route=\/wp\/v2\/posts\/6255"}],"collection":[{"href":"https:\/\/laprensacristiana.com\/index.php?rest_route=\/wp\/v2\/posts"}],"about":[{"href":"https:\/\/laprensacristiana.com\/index.php?rest_route=\/wp\/v2\/types\/post"}],"author":[{"embeddable":true,"href":"https:\/\/laprensacristiana.com\/index.php?rest_route=\/wp\/v2\/users\/3"}],"replies":[{"embeddable":true,"href":"https:\/\/laprensacristiana.com\/index.php?rest_route=%2Fwp%2Fv2%2Fcomments&post=6255"}],"version-history":[{"count":1,"href":"https:\/\/laprensacristiana.com\/index.php?rest_route=\/wp\/v2\/posts\/6255\/revisions"}],"predecessor-version":[{"id":6259,"href":"https:\/\/laprensacristiana.com\/index.php?rest_route=\/wp\/v2\/posts\/6255\/revisions\/6259"}],"wp:featuredmedia":[{"embeddable":true,"href":"https:\/\/laprensacristiana.com\/index.php?rest_route=\/wp\/v2\/media\/6256"}],"wp:attachment":[{"href":"https:\/\/laprensacristiana.com\/index.php?rest_route=%2Fwp%2Fv2%2Fmedia&parent=6255"}],"wp:term":[{"taxonomy":"category","embeddable":true,"href":"https:\/\/laprensacristiana.com\/index.php?rest_route=%2Fwp%2Fv2%2Fcategories&post=6255"},{"taxonomy":"post_tag","embeddable":true,"href":"https:\/\/laprensacristiana.com\/index.php?rest_route=%2Fwp%2Fv2%2Ftags&post=6255"}],"curies":[{"name":"wp","href":"https:\/\/api.w.org\/{rel}","templated":true}]}}