{"id":6260,"date":"2019-07-25T04:18:10","date_gmt":"2019-07-25T04:18:10","guid":{"rendered":"https:\/\/laprensacristiana.com\/?p=6260"},"modified":"2019-07-25T04:35:50","modified_gmt":"2019-07-25T04:35:50","slug":"realizan-primer-encuentro-de-pastores-con-presidente-nayib-bukele","status":"publish","type":"post","link":"https:\/\/laprensacristiana.com\/?p=6260","title":{"rendered":"Realizan primer encuentro de pastores con presidente Nayib Bukele"},"content":{"rendered":"\n<p>El d\u00eda 23 de julio en un hotel capitalino se desarroll\u00f3 el\nprimer encuentro denominado \u201cPastores, l\u00edderes y empresarios con visi\u00f3n de\nnaci\u00f3n\u201d en el cual contaron con la presencia del presidente de la rep\u00fablica de\nEl Salvador Nayib Bukele.<\/p>\n\n\n\n<p>El evento fue organizado por el Movimiento Pastoral de la Di\u00e1spora Salvadore\u00f1a, la Coalici\u00f3n Latina por Israel, Pastores por El Salvador y Fundaci\u00f3n Jerusal\u00e9n.<\/p>\n\n\n\n<p>\u201cSe\u00f1or presidente quiero expresarle este d\u00eda que m\u00e1s de 2.5 millones de salvadore\u00f1os estamos comprometidos a orar por usted, por su familia y por su gabinete de gobierno, como iglesia evang\u00e9lica estamos interesados en que su periodo presidencial sea un periodo exitoso, esto es nuestro anhelo como iglesia evang\u00e9lica porque en la medida que no haya muertes violentas de salvadore\u00f1os, en la medida que fomentemos los polos de desarrollo y haya m\u00e1s trabajo y oportunidades para todos, en la medida que construyamos una medida de paz, y establezcamos un estado de derecho y en la medida que nosotros respetemos la libertad religiosa, en esa medida cumplimos la voluntad de Dios para esta naci\u00f3n y para sus ciudadanos, de manera que todos podamos vivir pac\u00edfica y reposadamente\u201d expuso el pastor Mauricio Castell\u00f3n, presidente de Alianza Evang\u00e9lica de El Salvador. \u00a0<\/p>\n\n\n\n<p>Laura de Hern\u00e1ndez representante de Fundaci\u00f3n Jerusal\u00e9n mencion\u00f3 que el nombre de la fundaci\u00f3n comenz\u00f3 a sonar fuertemente en el momento que le hicieron una donaci\u00f3n de m\u00e1s de 8.5 millones de d\u00f3lares en medicinas al gobierno de El Salvador quien seg\u00fan sus palabras entregaron esta ayuda con el prop\u00f3sito de apalear la dura situaci\u00f3n de abastecimiento en los hospitales p\u00fablicos del pa\u00eds: \u201cSumando nuestros esfuerzos hemos entregado en los 2 \u00faltimos a\u00f1os un poco m\u00e1s de 50 millones de d\u00f3lares en medicinas a muchas instituciones, iglesias, alcald\u00edas, organizaciones y personas que han requerido tan importantes medicamentos, por qu\u00e9 traigo a cuenta estas ayudas, porque eso es lo que hace la iglesia, hemos sido llamados a ser dadores alegres, somos parte de esa iglesia que comprende que m\u00e1s all\u00e1 de la salvaci\u00f3n de las almas tambi\u00e9n existe la caridad\u201d expres\u00f3.<\/p>\n\n\n\n<p>En su intervenci\u00f3n el Presidente\nde la Rep\u00fablica de El Salvador Nayib Bukele cont\u00f3 su testimonio de c\u00f3mo es que\nincursion\u00f3 en la pol\u00edtica, los obst\u00e1culos que ha tenido que pasar y como ha ido\naprendiendo a creer en Dios a trav\u00e9s de los procesos para llegar a la\npresidencia. \u201cSent\u00ed algo en mi cabeza y en mi coraz\u00f3n que me dijo: t\u00fa sabes el\ncargo que tenes, yo necesito que el presidente de la rep\u00fablica se humille y\ndiga su testimonio, este camino de 8 a\u00f1os no lo recorrimos nosotros, sino que\nDios nos agarr\u00f3 y nos llev\u00f3 de la mano, nos hemos reunido con varios pastores\nque han estado conmigo desde antes y otros que hemos conocido de hoy, y otros\nque vienen de otros pa\u00edses, Estados Unidos, Honduras, Brasil, M\u00e9xico, Colombia,\nCanad\u00e1, usted tiene que poner su gobierno en las manos de Dios, usted tiene que\ngobernar, pedirle sabidur\u00eda a Dios y gobernar como a \u00c9l le plazca; cada obst\u00e1culo\nque hab\u00eda Dios nos iba llevando de la mano, fue apartando todos los obst\u00e1culos\nque hab\u00edan, cuando nosotros cre\u00edamos como el caso de la candidatura de Nuevo Cuscatl\u00e1n\no la Alcald\u00eda de San Salvador est\u00e1bamos seguros y cuando nosotros cre\u00edamos que\nera para all\u00e1, \u00e9l nos dec\u00eda no, para ac\u00e1, no quiero que me echen del partido,\nte tienen que echar, pero es que no quiero perder la candidatura, vas a perder\nla candidatura, pero es que yo quiero seguir siendo alcalde, no vas a seguir\nsiendo alcalde, &nbsp;y al final por m\u00e1s que\ntratamos de caminar en diferente camino, por m\u00e1s que tratamos &nbsp;de movernos hacia otro lado, al final Dios nos\ntrajo de una manera casi perfecta, desde ese d\u00eda que llam\u00e9 a Javier (Un amigo\ndel presidente invitado para poder corroborar su testimonio) para contarle que ten\u00eda\ninter\u00e9s en correr por la alcald\u00eda de Nuevo Cuscatl\u00e1n hasta este d\u00eda que les\nestoy hablando como presidente de El Salvador\u201d concluy\u00f3 &nbsp;el Presidente Bukele.<\/p>\n\n\n\n<p>&nbsp;Al evento asistieron m\u00e1s de 400 pastores de\ndiferentes iglesias a nivel nacional.<\/p>\n","protected":false},"excerpt":{"rendered":"<p>El d\u00eda 23 de julio en un hotel capitalino se desarroll\u00f3 el primer encuentro denominado \u201cPastores, l\u00edderes y empresarios con visi\u00f3n de naci\u00f3n\u201d en el cual contaron con la presencia del presidente de la rep\u00fablica de El Salvador Nayib Bukele. El evento fue organizado por el Movimiento Pastoral de la Di\u00e1spora Salvadore\u00f1a, la Coalici\u00f3n Latina [&hellip;]<\/p>\n","protected":false},"author":3,"featured_media":6261,"comment_status":"open","ping_status":"open","sticky":false,"template":"","format":"standard","meta":[],"categories":[56],"tags":[],"yoast_head":"<!-- This site is optimized with the Yoast SEO plugin v20.8 - https:\/\/yoast.com\/wordpress\/plugins\/seo\/ -->\n<title>Realizan primer encuentro de pastores con presidente Nayib Bukele - La Prensa Cristiana<\/title>\n<meta name=\"robots\" content=\"index, follow, max-snippet:-1, max-image-preview:large, max-video-preview:-1\" \/>\n<link rel=\"canonical\" href=\"https:\/\/laprensacristiana.com\/?p=6260\" \/>\n<meta property=\"og:locale\" content=\"es_ES\" \/>\n<meta property=\"og:type\" content=\"article\" \/>\n<meta property=\"og:title\" content=\"Realizan primer encuentro de pastores con presidente Nayib Bukele - La Prensa Cristiana\" \/>\n<meta property=\"og:description\" content=\"El d\u00eda 23 de julio en un hotel capitalino se desarroll\u00f3 el primer encuentro denominado \u201cPastores, l\u00edderes y empresarios con visi\u00f3n de naci\u00f3n\u201d en el cual contaron con la presencia del presidente de la rep\u00fablica de El Salvador Nayib Bukele. El evento fue organizado por el Movimiento Pastoral de la Di\u00e1spora Salvadore\u00f1a, la Coalici\u00f3n Latina [&hellip;]\" \/>\n<meta property=\"og:url\" content=\"https:\/\/laprensacristiana.com\/?p=6260\" \/>\n<meta property=\"og:site_name\" content=\"La Prensa Cristiana\" \/>\n<meta property=\"article:published_time\" content=\"2019-07-25T04:18:10+00:00\" \/>\n<meta property=\"article:modified_time\" content=\"2019-07-25T04:35:50+00:00\" \/>\n<meta property=\"og:image\" content=\"https:\/\/laprensacristiana.com\/wp-content\/uploads\/2019\/07\/WhatsApp-Image-2019-07-24-at-10.16.06-PM.jpeg\" \/>\n\t<meta property=\"og:image:width\" content=\"698\" \/>\n\t<meta property=\"og:image:height\" content=\"960\" \/>\n\t<meta property=\"og:image:type\" content=\"image\/jpeg\" \/>\n<meta name=\"author\" content=\"EDITOR\" \/>\n<meta name=\"twitter:card\" content=\"summary_large_image\" \/>\n<meta name=\"twitter:label1\" content=\"Escrito por\" \/>\n\t<meta name=\"twitter:data1\" content=\"EDITOR\" \/>\n\t<meta name=\"twitter:label2\" content=\"Tiempo de lectura\" \/>\n\t<meta name=\"twitter:data2\" content=\"4 minutos\" \/>\n<script type=\"application\/ld+json\" class=\"yoast-schema-graph\">{\"@context\":\"https:\/\/schema.org\",\"@graph\":[{\"@type\":\"WebPage\",\"@id\":\"https:\/\/laprensacristiana.com\/?p=6260\",\"url\":\"https:\/\/laprensacristiana.com\/?p=6260\",\"name\":\"Realizan primer encuentro de pastores con presidente Nayib Bukele - La Prensa Cristiana\",\"isPartOf\":{\"@id\":\"https:\/\/laprensacristiana.com\/#website\"},\"datePublished\":\"2019-07-25T04:18:10+00:00\",\"dateModified\":\"2019-07-25T04:35:50+00:00\",\"author\":{\"@id\":\"https:\/\/laprensacristiana.com\/#\/schema\/person\/3e7d82c6bfd6b1fa67010f8f7cd5256e\"},\"breadcrumb\":{\"@id\":\"https:\/\/laprensacristiana.com\/?p=6260#breadcrumb\"},\"inLanguage\":\"es\",\"potentialAction\":[{\"@type\":\"ReadAction\",\"target\":[\"https:\/\/laprensacristiana.com\/?p=6260\"]}]},{\"@type\":\"BreadcrumbList\",\"@id\":\"https:\/\/laprensacristiana.com\/?p=6260#breadcrumb\",\"itemListElement\":[{\"@type\":\"ListItem\",\"position\":1,\"name\":\"Portada\",\"item\":\"https:\/\/laprensacristiana.com\/\"},{\"@type\":\"ListItem\",\"position\":2,\"name\":\"Realizan primer encuentro de pastores con presidente Nayib Bukele\"}]},{\"@type\":\"WebSite\",\"@id\":\"https:\/\/laprensacristiana.com\/#website\",\"url\":\"https:\/\/laprensacristiana.com\/\",\"name\":\"La Prensa Cristiana\",\"description\":\"Anunciando Las Buenas Nuevas\",\"potentialAction\":[{\"@type\":\"SearchAction\",\"target\":{\"@type\":\"EntryPoint\",\"urlTemplate\":\"https:\/\/laprensacristiana.com\/?s={search_term_string}\"},\"query-input\":\"required name=search_term_string\"}],\"inLanguage\":\"es\"},{\"@type\":\"Person\",\"@id\":\"https:\/\/laprensacristiana.com\/#\/schema\/person\/3e7d82c6bfd6b1fa67010f8f7cd5256e\",\"name\":\"EDITOR\",\"image\":{\"@type\":\"ImageObject\",\"inLanguage\":\"es\",\"@id\":\"https:\/\/laprensacristiana.com\/#\/schema\/person\/image\/\",\"url\":\"https:\/\/secure.gravatar.com\/avatar\/72069dfb6c13772d9e8381e3638666d2?s=96&d=mm&r=g\",\"contentUrl\":\"https:\/\/secure.gravatar.com\/avatar\/72069dfb6c13772d9e8381e3638666d2?s=96&d=mm&r=g\",\"caption\":\"EDITOR\"},\"url\":\"https:\/\/laprensacristiana.com\/?author=3\"}]}<\/script>\n<!-- \/ Yoast SEO plugin. -->","yoast_head_json":{"title":"Realizan primer encuentro de pastores con presidente Nayib Bukele - La Prensa Cristiana","robots":{"index":"index","follow":"follow","max-snippet":"max-snippet:-1","max-image-preview":"max-image-preview:large","max-video-preview":"max-video-preview:-1"},"canonical":"https:\/\/laprensacristiana.com\/?p=6260","og_locale":"es_ES","og_type":"article","og_title":"Realizan primer encuentro de pastores con presidente Nayib Bukele - La Prensa Cristiana","og_description":"El d\u00eda 23 de julio en un hotel capitalino se desarroll\u00f3 el primer encuentro denominado \u201cPastores, l\u00edderes y empresarios con visi\u00f3n de naci\u00f3n\u201d en el cual contaron con la presencia del presidente de la rep\u00fablica de El Salvador Nayib Bukele. El evento fue organizado por el Movimiento Pastoral de la Di\u00e1spora Salvadore\u00f1a, la Coalici\u00f3n Latina [&hellip;]","og_url":"https:\/\/laprensacristiana.com\/?p=6260","og_site_name":"La Prensa Cristiana","article_published_time":"2019-07-25T04:18:10+00:00","article_modified_time":"2019-07-25T04:35:50+00:00","og_image":[{"width":698,"height":960,"url":"https:\/\/laprensacristiana.com\/wp-content\/uploads\/2019\/07\/WhatsApp-Image-2019-07-24-at-10.16.06-PM.jpeg","type":"image\/jpeg"}],"author":"EDITOR","twitter_card":"summary_large_image","twitter_misc":{"Escrito por":"EDITOR","Tiempo de lectura":"4 minutos"},"schema":{"@context":"https:\/\/schema.org","@graph":[{"@type":"WebPage","@id":"https:\/\/laprensacristiana.com\/?p=6260","url":"https:\/\/laprensacristiana.com\/?p=6260","name":"Realizan primer encuentro de pastores con presidente Nayib Bukele - La Prensa Cristiana","isPartOf":{"@id":"https:\/\/laprensacristiana.com\/#website"},"datePublished":"2019-07-25T04:18:10+00:00","dateModified":"2019-07-25T04:35:50+00:00","author":{"@id":"https:\/\/laprensacristiana.com\/#\/schema\/person\/3e7d82c6bfd6b1fa67010f8f7cd5256e"},"breadcrumb":{"@id":"https:\/\/laprensacristiana.com\/?p=6260#breadcrumb"},"inLanguage":"es","potentialAction":[{"@type":"ReadAction","target":["https:\/\/laprensacristiana.com\/?p=6260"]}]},{"@type":"BreadcrumbList","@id":"https:\/\/laprensacristiana.com\/?p=6260#breadcrumb","itemListElement":[{"@type":"ListItem","position":1,"name":"Portada","item":"https:\/\/laprensacristiana.com\/"},{"@type":"ListItem","position":2,"name":"Realizan primer encuentro de pastores con presidente Nayib Bukele"}]},{"@type":"WebSite","@id":"https:\/\/laprensacristiana.com\/#website","url":"https:\/\/laprensacristiana.com\/","name":"La Prensa Cristiana","description":"Anunciando Las Buenas Nuevas","potentialAction":[{"@type":"SearchAction","target":{"@type":"EntryPoint","urlTemplate":"https:\/\/laprensacristiana.com\/?s={search_term_string}"},"query-input":"required name=search_term_string"}],"inLanguage":"es"},{"@type":"Person","@id":"https:\/\/laprensacristiana.com\/#\/schema\/person\/3e7d82c6bfd6b1fa67010f8f7cd5256e","name":"EDITOR","image":{"@type":"ImageObject","inLanguage":"es","@id":"https:\/\/laprensacristiana.com\/#\/schema\/person\/image\/","url":"https:\/\/secure.gravatar.com\/avatar\/72069dfb6c13772d9e8381e3638666d2?s=96&d=mm&r=g","contentUrl":"https:\/\/secure.gravatar.com\/avatar\/72069dfb6c13772d9e8381e3638666d2?s=96&d=mm&r=g","caption":"EDITOR"},"url":"https:\/\/laprensacristiana.com\/?author=3"}]}},"_links":{"self":[{"href":"https:\/\/laprensacristiana.com\/index.php?rest_route=\/wp\/v2\/posts\/6260"}],"collection":[{"href":"https:\/\/laprensacristiana.com\/index.php?rest_route=\/wp\/v2\/posts"}],"about":[{"href":"https:\/\/laprensacristiana.com\/index.php?rest_route=\/wp\/v2\/types\/post"}],"author":[{"embeddable":true,"href":"https:\/\/laprensacristiana.com\/index.php?rest_route=\/wp\/v2\/users\/3"}],"replies":[{"embeddable":true,"href":"https:\/\/laprensacristiana.com\/index.php?rest_route=%2Fwp%2Fv2%2Fcomments&post=6260"}],"version-history":[{"count":2,"href":"https:\/\/laprensacristiana.com\/index.php?rest_route=\/wp\/v2\/posts\/6260\/revisions"}],"predecessor-version":[{"id":6263,"href":"https:\/\/laprensacristiana.com\/index.php?rest_route=\/wp\/v2\/posts\/6260\/revisions\/6263"}],"wp:featuredmedia":[{"embeddable":true,"href":"https:\/\/laprensacristiana.com\/index.php?rest_route=\/wp\/v2\/media\/6261"}],"wp:attachment":[{"href":"https:\/\/laprensacristiana.com\/index.php?rest_route=%2Fwp%2Fv2%2Fmedia&parent=6260"}],"wp:term":[{"taxonomy":"category","embeddable":true,"href":"https:\/\/laprensacristiana.com\/index.php?rest_route=%2Fwp%2Fv2%2Fcategories&post=6260"},{"taxonomy":"post_tag","embeddable":true,"href":"https:\/\/laprensacristiana.com\/index.php?rest_route=%2Fwp%2Fv2%2Ftags&post=6260"}],"curies":[{"name":"wp","href":"https:\/\/api.w.org\/{rel}","templated":true}]}}