{"id":6275,"date":"2019-07-30T19:36:40","date_gmt":"2019-07-30T19:36:40","guid":{"rendered":"https:\/\/laprensacristiana.com\/?p=6275"},"modified":"2019-07-30T19:36:43","modified_gmt":"2019-07-30T19:36:43","slug":"la-inmigracion-bajo-la-lupa-de-la-cosmovision-biblica","status":"publish","type":"post","link":"https:\/\/laprensacristiana.com\/?p=6275","title":{"rendered":"La inmigraci\u00f3n bajo la lupa de la cosmovisi\u00f3n b\u00edblica"},"content":{"rendered":"\n<p>La\nmigraci\u00f3n es cuesti\u00f3n de vida o muerte para muchos. Es salvar su vida o la de\nsus hijos, la posibilidad de prosperar, de tener una calidad de vida que les\npermita vivir, m\u00e1s que sobrevivir.&nbsp;\nMigrar de forma ilegal es la arriesgada decisi\u00f3n diaria de cientos de\nsalvadore\u00f1os. Vemos y leemos a diario el drama humano de compatriotas en su\nintento por llegar a Estados Unidos y el de otros miles que luchan por obtener o\nmantener un estatus legal que les permita establecerse. <\/p>\n\n\n\n<p>Anhelar\nuna mejor oportunidad no es el problema, lo complejo de la migraci\u00f3n es cuando\nesta se hace transgrediendo la soberan\u00eda de un pa\u00eds, de sus leyes,\ndisposiciones y fronteras. No vamos a negar que los pa\u00edses ricos y favorecidos\ntienen la obligaci\u00f3n moral de ofrecer una ayuda digna a aquellos que buscan en\nsus fronteras protecci\u00f3n, provisi\u00f3n y una vida digna que no encuentran en su\npropio pa\u00eds. De hecho, en la Ley del Dios dada a Israel en el Antiguo\nTestamento, vemos mandatos espec\u00edficos de acoger, amar y alimentar al\nforastero, de bendecirlo con la provisi\u00f3n que el Se\u00f1or les hab\u00eda dado como\nnaci\u00f3n, recod\u00e1ndoles que ellos tambi\u00e9n hab\u00edan sido forasteros en la tierra de\nEgipto. <\/p>\n\n\n\n<p>No\nobstante, tampoco debemos olvidar que los gobiernos han sido establecidos por\nDios en una naci\u00f3n para proteger la vida y la dignidad humana, para castigar el\nmal y para promover el bien de sus habitantes, no de los de las otras naciones.\nA manera analog\u00eda podemos decir que un gobierno es como un padre de familia que\ntiene la responsabilidad de velar por el bienestar y la provisi\u00f3n de sus hijos,\nno de los hijos de su vecino. Por ello, por controversial que pueda parecer en\nnuestros d\u00edas, debemos entender que las pol\u00edticas anti migratorias no pueden\nser vistas como una agresi\u00f3n hacia el migrante; sino que son m\u00e1s bien medidas que\nadopta una naci\u00f3n para garantizar a sus habitantes empleo, salud, educaci\u00f3n,\nseguridad, entre otros; antes que a extranjeros y forasteros. <\/p>\n\n\n\n<p>Lo\nque s\u00ed es absolutamente condenable y de ninguna manera defendible o aceptable,\nson los abusos, el trato inhumano, la burla, el sarcasmo y la falta de dignidad\ncon la que muchos pa\u00edses pr\u00f3speros tratan a los refugiados que tocan sus\npuertas. Al faltar a la dignidad y el bienestar de un ser humano estamos\natentando contra la imagen de Dios que hay en esa persona; en tales casos es\nnecesaria la intervenci\u00f3n de aquellos organismos que promueven los derechos\nhumanos, para velar por ellos y defenderlos.<\/p>\n\n\n\n<p>Pero\ntodo esto no constituye el verdadero problema de la migraci\u00f3n. El problema no\nson los migrantes ni los gobiernos que no quieren recibirlos; son los pa\u00edses\nque no promueven condiciones dignas para que sus ciudadanos puedan prosperar y vivir\ncon seguridad y estabilidad. El problema de la migraci\u00f3n en El Salvador radica\nen las malas decisiones y la falta de planificaci\u00f3n hist\u00f3rica de los gobiernos\nde turno, que han tra\u00eddo como consecuencia problemas graves y estructurales en\nt\u00e9rminos de seguridad, distribuci\u00f3n de la riqueza, desarrollo, salud, educaci\u00f3n;\nentre otros.<\/p>\n\n\n\n<p>Ante\ntodo esto surge la pregunta \u00bfQu\u00e9 podemos hacer como iglesia? \u00bfQu\u00e9 postura tomar\nante la migraci\u00f3n y sus continuas y diversas expresiones de dolor? En primer\nlugar, debemos hacer nuestra parte en la construcci\u00f3n de un pa\u00eds conforme al\norden establecido por Dios. El Salvador lo construimos todos los agentes de la\nsociedad: el gobierno, la familia, la iglesia, la educaci\u00f3n, empresa, etc; y\ncada uno debe trabajar, en el lugar y en la esfera de autoridad que Dios le ha\notorgado. &nbsp;No nos confundamos, a la\niglesia no le corresponde gobernar ni generar pol\u00edticas p\u00fablicas, nos\ncorresponde proclamar el evangelio de Jesucristo, predicar la esperanza. De la\niglesia debe emanar la \u00e9tica del evangelio que deber\u00eda vivirse en el gobierno y\nen las familias salvadore\u00f1as para que se desarrolle la vida justa que todos\nanhelamos.<\/p>\n\n\n\n<p>En\nsegundo lugar, debemos ser, de manera activa, la conciencia de las autoridades\ny de la sociedad para que el orden que Dios estableci\u00f3 se cumpla en nuestro\npa\u00eds: defender la vida desde la concepci\u00f3n, el matrimonio entre hombre y mujer,\nla propiedad privada, el derecho y responsabilidad a la educaci\u00f3n y oponernos a\ntoda ideolog\u00eda que estorbe el progreso del evangelio.<\/p>\n\n\n\n<p>En\ntercer lugar, estamos llamados a orar e interceder por nuestra naci\u00f3n, por\nnuestros gobernantes y todos aquellos que est\u00e1n en posici\u00f3n de autoridad y toma\nde decisiones.<\/p>\n\n\n\n<p>Sin\nduda alguna hay cambios estructurales que nuestro pa\u00eds necesita de forma\nurgente: tener una mejor distribuci\u00f3n de las riquezas, mayores y mejores\noportunidades de empleo, mayor seguridad, un mejor sistema de salud, mejor\neducaci\u00f3n, que se cumplan las leyes, que se respete la institucionalidad, que\nse castigue al culpable; que todos los agentes de la sociedad procuren la\njusticia renunciando a la codicia. <\/p>\n\n\n\n<p>Sin\nembargo, no podemos obviar que debido al pecado en el ser humano, ning\u00fan\ngobierno tendr\u00e1 la capacidad de establecer en El Salvador esa justicia perfecta\nque todos anhelamos, sino que la veremos hasta que Jesucristo venga por segunda\nvez, en los cielos nuevos y la tierra nueva, la ciudad \u201cdonde mora la justicia\u201d\n(2 Pedro 3:13). Hasta entonces y mientras esperamos su regreso, procuremos obrar\njustamente en El Salvador, trabajemos unidos como iglesia en la construcci\u00f3n de\nun pa\u00eds conforme a lo establecido por Dios, en el que todos queremos vivir. <\/p>\n","protected":false},"excerpt":{"rendered":"<p>La migraci\u00f3n es cuesti\u00f3n de vida o muerte para muchos. Es salvar su vida o la de sus hijos, la posibilidad de prosperar, de tener una calidad de vida que les permita vivir, m\u00e1s que sobrevivir.&nbsp; Migrar de forma ilegal es la arriesgada decisi\u00f3n diaria de cientos de salvadore\u00f1os. Vemos y leemos a diario el [&hellip;]<\/p>\n","protected":false},"author":3,"featured_media":5363,"comment_status":"open","ping_status":"open","sticky":false,"template":"","format":"standard","meta":[],"categories":[23],"tags":[],"yoast_head":"<!-- This site is optimized with the Yoast SEO plugin v20.8 - https:\/\/yoast.com\/wordpress\/plugins\/seo\/ -->\n<title>La inmigraci\u00f3n bajo la lupa de la cosmovisi\u00f3n b\u00edblica - La Prensa Cristiana<\/title>\n<meta name=\"robots\" content=\"index, follow, max-snippet:-1, max-image-preview:large, max-video-preview:-1\" \/>\n<link rel=\"canonical\" href=\"https:\/\/laprensacristiana.com\/?p=6275\" \/>\n<meta property=\"og:locale\" content=\"es_ES\" \/>\n<meta property=\"og:type\" content=\"article\" \/>\n<meta property=\"og:title\" content=\"La inmigraci\u00f3n bajo la lupa de la cosmovisi\u00f3n b\u00edblica - La Prensa Cristiana\" \/>\n<meta property=\"og:description\" content=\"La migraci\u00f3n es cuesti\u00f3n de vida o muerte para muchos. Es salvar su vida o la de sus hijos, la posibilidad de prosperar, de tener una calidad de vida que les permita vivir, m\u00e1s que sobrevivir.&nbsp; Migrar de forma ilegal es la arriesgada decisi\u00f3n diaria de cientos de salvadore\u00f1os. Vemos y leemos a diario el [&hellip;]\" \/>\n<meta property=\"og:url\" content=\"https:\/\/laprensacristiana.com\/?p=6275\" \/>\n<meta property=\"og:site_name\" content=\"La Prensa Cristiana\" \/>\n<meta property=\"article:published_time\" content=\"2019-07-30T19:36:40+00:00\" \/>\n<meta property=\"article:modified_time\" content=\"2019-07-30T19:36:43+00:00\" \/>\n<meta property=\"og:image\" content=\"https:\/\/laprensacristiana.com\/wp-content\/uploads\/2019\/03\/PASTOR-JAVIER-1.jpg\" \/>\n\t<meta property=\"og:image:width\" content=\"1369\" \/>\n\t<meta property=\"og:image:height\" content=\"693\" \/>\n\t<meta property=\"og:image:type\" content=\"image\/jpeg\" \/>\n<meta name=\"author\" content=\"EDITOR\" \/>\n<meta name=\"twitter:card\" content=\"summary_large_image\" \/>\n<meta name=\"twitter:label1\" content=\"Escrito por\" \/>\n\t<meta name=\"twitter:data1\" content=\"EDITOR\" \/>\n\t<meta name=\"twitter:label2\" content=\"Tiempo de lectura\" \/>\n\t<meta name=\"twitter:data2\" content=\"5 minutos\" \/>\n<script type=\"application\/ld+json\" class=\"yoast-schema-graph\">{\"@context\":\"https:\/\/schema.org\",\"@graph\":[{\"@type\":\"WebPage\",\"@id\":\"https:\/\/laprensacristiana.com\/?p=6275\",\"url\":\"https:\/\/laprensacristiana.com\/?p=6275\",\"name\":\"La inmigraci\u00f3n bajo la lupa de la cosmovisi\u00f3n b\u00edblica - La Prensa Cristiana\",\"isPartOf\":{\"@id\":\"https:\/\/laprensacristiana.com\/#website\"},\"datePublished\":\"2019-07-30T19:36:40+00:00\",\"dateModified\":\"2019-07-30T19:36:43+00:00\",\"author\":{\"@id\":\"https:\/\/laprensacristiana.com\/#\/schema\/person\/3e7d82c6bfd6b1fa67010f8f7cd5256e\"},\"breadcrumb\":{\"@id\":\"https:\/\/laprensacristiana.com\/?p=6275#breadcrumb\"},\"inLanguage\":\"es\",\"potentialAction\":[{\"@type\":\"ReadAction\",\"target\":[\"https:\/\/laprensacristiana.com\/?p=6275\"]}]},{\"@type\":\"BreadcrumbList\",\"@id\":\"https:\/\/laprensacristiana.com\/?p=6275#breadcrumb\",\"itemListElement\":[{\"@type\":\"ListItem\",\"position\":1,\"name\":\"Portada\",\"item\":\"https:\/\/laprensacristiana.com\/\"},{\"@type\":\"ListItem\",\"position\":2,\"name\":\"La inmigraci\u00f3n bajo la lupa de la cosmovisi\u00f3n b\u00edblica\"}]},{\"@type\":\"WebSite\",\"@id\":\"https:\/\/laprensacristiana.com\/#website\",\"url\":\"https:\/\/laprensacristiana.com\/\",\"name\":\"La Prensa Cristiana\",\"description\":\"Anunciando Las Buenas Nuevas\",\"potentialAction\":[{\"@type\":\"SearchAction\",\"target\":{\"@type\":\"EntryPoint\",\"urlTemplate\":\"https:\/\/laprensacristiana.com\/?s={search_term_string}\"},\"query-input\":\"required name=search_term_string\"}],\"inLanguage\":\"es\"},{\"@type\":\"Person\",\"@id\":\"https:\/\/laprensacristiana.com\/#\/schema\/person\/3e7d82c6bfd6b1fa67010f8f7cd5256e\",\"name\":\"EDITOR\",\"image\":{\"@type\":\"ImageObject\",\"inLanguage\":\"es\",\"@id\":\"https:\/\/laprensacristiana.com\/#\/schema\/person\/image\/\",\"url\":\"https:\/\/secure.gravatar.com\/avatar\/72069dfb6c13772d9e8381e3638666d2?s=96&d=mm&r=g\",\"contentUrl\":\"https:\/\/secure.gravatar.com\/avatar\/72069dfb6c13772d9e8381e3638666d2?s=96&d=mm&r=g\",\"caption\":\"EDITOR\"},\"url\":\"https:\/\/laprensacristiana.com\/?author=3\"}]}<\/script>\n<!-- \/ Yoast SEO plugin. -->","yoast_head_json":{"title":"La inmigraci\u00f3n bajo la lupa de la cosmovisi\u00f3n b\u00edblica - La Prensa Cristiana","robots":{"index":"index","follow":"follow","max-snippet":"max-snippet:-1","max-image-preview":"max-image-preview:large","max-video-preview":"max-video-preview:-1"},"canonical":"https:\/\/laprensacristiana.com\/?p=6275","og_locale":"es_ES","og_type":"article","og_title":"La inmigraci\u00f3n bajo la lupa de la cosmovisi\u00f3n b\u00edblica - La Prensa Cristiana","og_description":"La migraci\u00f3n es cuesti\u00f3n de vida o muerte para muchos. Es salvar su vida o la de sus hijos, la posibilidad de prosperar, de tener una calidad de vida que les permita vivir, m\u00e1s que sobrevivir.&nbsp; Migrar de forma ilegal es la arriesgada decisi\u00f3n diaria de cientos de salvadore\u00f1os. Vemos y leemos a diario el [&hellip;]","og_url":"https:\/\/laprensacristiana.com\/?p=6275","og_site_name":"La Prensa Cristiana","article_published_time":"2019-07-30T19:36:40+00:00","article_modified_time":"2019-07-30T19:36:43+00:00","og_image":[{"width":1369,"height":693,"url":"https:\/\/laprensacristiana.com\/wp-content\/uploads\/2019\/03\/PASTOR-JAVIER-1.jpg","type":"image\/jpeg"}],"author":"EDITOR","twitter_card":"summary_large_image","twitter_misc":{"Escrito por":"EDITOR","Tiempo de lectura":"5 minutos"},"schema":{"@context":"https:\/\/schema.org","@graph":[{"@type":"WebPage","@id":"https:\/\/laprensacristiana.com\/?p=6275","url":"https:\/\/laprensacristiana.com\/?p=6275","name":"La inmigraci\u00f3n bajo la lupa de la cosmovisi\u00f3n b\u00edblica - La Prensa Cristiana","isPartOf":{"@id":"https:\/\/laprensacristiana.com\/#website"},"datePublished":"2019-07-30T19:36:40+00:00","dateModified":"2019-07-30T19:36:43+00:00","author":{"@id":"https:\/\/laprensacristiana.com\/#\/schema\/person\/3e7d82c6bfd6b1fa67010f8f7cd5256e"},"breadcrumb":{"@id":"https:\/\/laprensacristiana.com\/?p=6275#breadcrumb"},"inLanguage":"es","potentialAction":[{"@type":"ReadAction","target":["https:\/\/laprensacristiana.com\/?p=6275"]}]},{"@type":"BreadcrumbList","@id":"https:\/\/laprensacristiana.com\/?p=6275#breadcrumb","itemListElement":[{"@type":"ListItem","position":1,"name":"Portada","item":"https:\/\/laprensacristiana.com\/"},{"@type":"ListItem","position":2,"name":"La inmigraci\u00f3n bajo la lupa de la cosmovisi\u00f3n b\u00edblica"}]},{"@type":"WebSite","@id":"https:\/\/laprensacristiana.com\/#website","url":"https:\/\/laprensacristiana.com\/","name":"La Prensa Cristiana","description":"Anunciando Las Buenas Nuevas","potentialAction":[{"@type":"SearchAction","target":{"@type":"EntryPoint","urlTemplate":"https:\/\/laprensacristiana.com\/?s={search_term_string}"},"query-input":"required name=search_term_string"}],"inLanguage":"es"},{"@type":"Person","@id":"https:\/\/laprensacristiana.com\/#\/schema\/person\/3e7d82c6bfd6b1fa67010f8f7cd5256e","name":"EDITOR","image":{"@type":"ImageObject","inLanguage":"es","@id":"https:\/\/laprensacristiana.com\/#\/schema\/person\/image\/","url":"https:\/\/secure.gravatar.com\/avatar\/72069dfb6c13772d9e8381e3638666d2?s=96&d=mm&r=g","contentUrl":"https:\/\/secure.gravatar.com\/avatar\/72069dfb6c13772d9e8381e3638666d2?s=96&d=mm&r=g","caption":"EDITOR"},"url":"https:\/\/laprensacristiana.com\/?author=3"}]}},"_links":{"self":[{"href":"https:\/\/laprensacristiana.com\/index.php?rest_route=\/wp\/v2\/posts\/6275"}],"collection":[{"href":"https:\/\/laprensacristiana.com\/index.php?rest_route=\/wp\/v2\/posts"}],"about":[{"href":"https:\/\/laprensacristiana.com\/index.php?rest_route=\/wp\/v2\/types\/post"}],"author":[{"embeddable":true,"href":"https:\/\/laprensacristiana.com\/index.php?rest_route=\/wp\/v2\/users\/3"}],"replies":[{"embeddable":true,"href":"https:\/\/laprensacristiana.com\/index.php?rest_route=%2Fwp%2Fv2%2Fcomments&post=6275"}],"version-history":[{"count":1,"href":"https:\/\/laprensacristiana.com\/index.php?rest_route=\/wp\/v2\/posts\/6275\/revisions"}],"predecessor-version":[{"id":6276,"href":"https:\/\/laprensacristiana.com\/index.php?rest_route=\/wp\/v2\/posts\/6275\/revisions\/6276"}],"wp:featuredmedia":[{"embeddable":true,"href":"https:\/\/laprensacristiana.com\/index.php?rest_route=\/wp\/v2\/media\/5363"}],"wp:attachment":[{"href":"https:\/\/laprensacristiana.com\/index.php?rest_route=%2Fwp%2Fv2%2Fmedia&parent=6275"}],"wp:term":[{"taxonomy":"category","embeddable":true,"href":"https:\/\/laprensacristiana.com\/index.php?rest_route=%2Fwp%2Fv2%2Fcategories&post=6275"},{"taxonomy":"post_tag","embeddable":true,"href":"https:\/\/laprensacristiana.com\/index.php?rest_route=%2Fwp%2Fv2%2Ftags&post=6275"}],"curies":[{"name":"wp","href":"https:\/\/api.w.org\/{rel}","templated":true}]}}