{"id":6277,"date":"2019-07-31T16:22:52","date_gmt":"2019-07-31T16:22:52","guid":{"rendered":"https:\/\/laprensacristiana.com\/?p=6277"},"modified":"2020-07-01T22:10:33","modified_gmt":"2020-07-01T22:10:33","slug":"el-menosprecio-hacia-la-vida-es-la-causa-principal-de-muertes-en-el-mundo","status":"publish","type":"post","link":"https:\/\/laprensacristiana.com\/?p=6277","title":{"rendered":"El menosprecio hacia la vida es la causa principal de muertes en el mundo."},"content":{"rendered":"\n<p><\/p>\n\n\n\n<p>Existen muchas\nteor\u00edas acerca de la existencia humana, y tambi\u00e9n la verdad absoluta, que el\nesp\u00edritu de DIOS nos formo y su soplo dio vida a nuestros cuerpos. Esta verdad\nindependientemente de si la creamos o no, es lo que muchos menosprecian a la\nhora de usar cualquier excusa para torturar o arrebatar la vida de su v\u00edctima,\nvida que Dios otorg\u00f3 como regalo. Quienes malgastan su tiempo cometiendo delitos\nde homicidios o de cr\u00edmenes de lesa humanidad, sin duda alguna menosprecian\ndicho regalo e ignoran al dador de este, lamentablemente entre las diferentes\ncausas para esto est\u00e1 el no creer en la existencia de Dios y dar rienda suelta\nal deseo de venganza o sed de poder. Esto es lo que en realidad permite sin\ncargo de consciencia alguno, acabar con la vida ajena, que en la mayor\u00eda de\ncasos son movidos por la venganza. Respecto a esto, Dios dice \u201cM\u00eda es la\nvenganza, yo pagar\u00e9 \u201cDios es el \u00fanico justo entre nosotros, porque todos en\nalguna medida somos encontrados faltos de peso delante de sus ojos, por eso el\npoder de la vida y de la muerte esta en su mano como justo juez. Escrito esta la\nhora llegar\u00e1 en la cual \u00e9l, retribuya, a cada uno seg\u00fan su obra.<\/p>\n\n\n\n<p>&nbsp;La falta de conciencia por la importancia de\nla vida cauteriza razonamientos y endurece sentimientos, ejemplo de esto son todos\naquellos que por el simple hecho de ser cristianos eran condenados a morir en\nel circo romano, sin la m\u00e1s m\u00ednima consideraci\u00f3n por ser &nbsp;j\u00f3venes y fuertes, o viejos y d\u00e9biles; &nbsp;ese tiempo antiguo es semejante a este, en el\ncual basta con negarse a pertenecer a un grupo delincuencial, pensar diferente,\ntener la desdicha de encontrarse con una persona racista, enamorarse de la\npersona equivoca, o por el simple hecho de existir, para perder la vida en\nmanos de quienes no la valoran. Es parte de nuestra humanidad valorar\n\u00fanicamente lo que nos interesa, y restar importancia a lo que consideramos insignificante,\nas\u00ed sea la vida misma.<\/p>\n\n\n\n<p>&nbsp; Por todos es conocido que el que engendra\nviolencia, violencia recibir\u00e1; pero parece ser que esta siembra y cosecha no\nlogra suavizar la mente y los corazones de la sociedad violenta en la que\nvivimos. &nbsp;&nbsp;<\/p>\n\n\n\n<p>A diario se\nsuman esfuerzos por preservar la vida y hacer consciencia a quienes se dedican\na destruirla, sin lograr detener ese proceder. Considero que los cristianos como\nparte de la sociedad tenemos la gran responsabilidad de modelar al Dios que\nlogro cambiar nuestro pensamiento y convencernos que necesit\u00e1bamos de su perd\u00f3n\npara nuestras faltas, para que al sensibilizarnos con eso, resolvamos perdonar\nlas faltas de otros, frenando as\u00ed, el odio presente en nuestros sentimientos,\ndel cual la palabra de Dios declara \u201cEl odio suscita rencillas, pero el amor cubre\ntodas las transgresiones\u201d<\/p>\n\n\n\n<p>Personalmente\ncreo que si el dador de vida no tienen lugar en nuestra conciencia, es\nimposible valorar ese ef\u00edmero regalo. Y todo esfuerzo ajeno a reconciliarse con\nDios, ser\u00e1 en vano \u201cAlejados de m\u00ed nada pod\u00e9is hacer\u201d Juan 15.5 <\/p>\n\n\n\n<p>Me parece que lo\nescrito en el libro a los Romanos 12:17-21 es un buen comienzo de cambio de\nmente, para quienes deseen un cambio de rumbo, y dejar huella en vez de cicatriz\nen los corazones y memorias de su entorno.<\/p>\n\n\n\n<p>\u00a1SHALOM!<\/p>\n","protected":false},"excerpt":{"rendered":"<p>Existen muchas teor\u00edas acerca de la existencia humana, y tambi\u00e9n la verdad absoluta, que el esp\u00edritu de DIOS nos formo y su soplo dio vida a nuestros cuerpos. Esta verdad independientemente de si la creamos o no, es lo que muchos menosprecian a la hora de usar cualquier excusa para torturar o arrebatar la vida [&hellip;]<\/p>\n","protected":false},"author":3,"featured_media":6147,"comment_status":"open","ping_status":"open","sticky":false,"template":"","format":"standard","meta":[],"categories":[56],"tags":[],"yoast_head":"<!-- This site is optimized with the Yoast SEO plugin v20.8 - https:\/\/yoast.com\/wordpress\/plugins\/seo\/ -->\n<title>El menosprecio hacia la vida es la causa principal de muertes en el mundo. - La Prensa Cristiana<\/title>\n<meta name=\"robots\" content=\"index, follow, max-snippet:-1, max-image-preview:large, max-video-preview:-1\" \/>\n<link rel=\"canonical\" href=\"https:\/\/laprensacristiana.com\/?p=6277\" \/>\n<meta property=\"og:locale\" content=\"es_ES\" \/>\n<meta property=\"og:type\" content=\"article\" \/>\n<meta property=\"og:title\" content=\"El menosprecio hacia la vida es la causa principal de muertes en el mundo. - La Prensa Cristiana\" \/>\n<meta property=\"og:description\" content=\"Existen muchas teor\u00edas acerca de la existencia humana, y tambi\u00e9n la verdad absoluta, que el esp\u00edritu de DIOS nos formo y su soplo dio vida a nuestros cuerpos. Esta verdad independientemente de si la creamos o no, es lo que muchos menosprecian a la hora de usar cualquier excusa para torturar o arrebatar la vida [&hellip;]\" \/>\n<meta property=\"og:url\" content=\"https:\/\/laprensacristiana.com\/?p=6277\" \/>\n<meta property=\"og:site_name\" content=\"La Prensa Cristiana\" \/>\n<meta property=\"article:published_time\" content=\"2019-07-31T16:22:52+00:00\" \/>\n<meta property=\"article:modified_time\" content=\"2020-07-01T22:10:33+00:00\" \/>\n<meta property=\"og:image\" content=\"https:\/\/laprensacristiana.com\/wp-content\/uploads\/2019\/07\/JULY-LPG-2017.jpg\" \/>\n\t<meta property=\"og:image:width\" content=\"1240\" \/>\n\t<meta property=\"og:image:height\" content=\"692\" \/>\n\t<meta property=\"og:image:type\" content=\"image\/jpeg\" \/>\n<meta name=\"author\" content=\"EDITOR\" \/>\n<meta name=\"twitter:card\" content=\"summary_large_image\" \/>\n<meta name=\"twitter:label1\" content=\"Escrito por\" \/>\n\t<meta name=\"twitter:data1\" content=\"EDITOR\" \/>\n\t<meta name=\"twitter:label2\" content=\"Tiempo de lectura\" \/>\n\t<meta name=\"twitter:data2\" content=\"3 minutos\" \/>\n<script type=\"application\/ld+json\" class=\"yoast-schema-graph\">{\"@context\":\"https:\/\/schema.org\",\"@graph\":[{\"@type\":\"WebPage\",\"@id\":\"https:\/\/laprensacristiana.com\/?p=6277\",\"url\":\"https:\/\/laprensacristiana.com\/?p=6277\",\"name\":\"El menosprecio hacia la vida es la causa principal de muertes en el mundo. - La Prensa Cristiana\",\"isPartOf\":{\"@id\":\"https:\/\/laprensacristiana.com\/#website\"},\"datePublished\":\"2019-07-31T16:22:52+00:00\",\"dateModified\":\"2020-07-01T22:10:33+00:00\",\"author\":{\"@id\":\"https:\/\/laprensacristiana.com\/#\/schema\/person\/3e7d82c6bfd6b1fa67010f8f7cd5256e\"},\"breadcrumb\":{\"@id\":\"https:\/\/laprensacristiana.com\/?p=6277#breadcrumb\"},\"inLanguage\":\"es\",\"potentialAction\":[{\"@type\":\"ReadAction\",\"target\":[\"https:\/\/laprensacristiana.com\/?p=6277\"]}]},{\"@type\":\"BreadcrumbList\",\"@id\":\"https:\/\/laprensacristiana.com\/?p=6277#breadcrumb\",\"itemListElement\":[{\"@type\":\"ListItem\",\"position\":1,\"name\":\"Portada\",\"item\":\"https:\/\/laprensacristiana.com\/\"},{\"@type\":\"ListItem\",\"position\":2,\"name\":\"El menosprecio hacia la vida es la causa principal de muertes en el mundo.\"}]},{\"@type\":\"WebSite\",\"@id\":\"https:\/\/laprensacristiana.com\/#website\",\"url\":\"https:\/\/laprensacristiana.com\/\",\"name\":\"La Prensa Cristiana\",\"description\":\"Anunciando Las Buenas Nuevas\",\"potentialAction\":[{\"@type\":\"SearchAction\",\"target\":{\"@type\":\"EntryPoint\",\"urlTemplate\":\"https:\/\/laprensacristiana.com\/?s={search_term_string}\"},\"query-input\":\"required name=search_term_string\"}],\"inLanguage\":\"es\"},{\"@type\":\"Person\",\"@id\":\"https:\/\/laprensacristiana.com\/#\/schema\/person\/3e7d82c6bfd6b1fa67010f8f7cd5256e\",\"name\":\"EDITOR\",\"image\":{\"@type\":\"ImageObject\",\"inLanguage\":\"es\",\"@id\":\"https:\/\/laprensacristiana.com\/#\/schema\/person\/image\/\",\"url\":\"https:\/\/secure.gravatar.com\/avatar\/72069dfb6c13772d9e8381e3638666d2?s=96&d=mm&r=g\",\"contentUrl\":\"https:\/\/secure.gravatar.com\/avatar\/72069dfb6c13772d9e8381e3638666d2?s=96&d=mm&r=g\",\"caption\":\"EDITOR\"},\"url\":\"https:\/\/laprensacristiana.com\/?author=3\"}]}<\/script>\n<!-- \/ Yoast SEO plugin. -->","yoast_head_json":{"title":"El menosprecio hacia la vida es la causa principal de muertes en el mundo. - La Prensa Cristiana","robots":{"index":"index","follow":"follow","max-snippet":"max-snippet:-1","max-image-preview":"max-image-preview:large","max-video-preview":"max-video-preview:-1"},"canonical":"https:\/\/laprensacristiana.com\/?p=6277","og_locale":"es_ES","og_type":"article","og_title":"El menosprecio hacia la vida es la causa principal de muertes en el mundo. - La Prensa Cristiana","og_description":"Existen muchas teor\u00edas acerca de la existencia humana, y tambi\u00e9n la verdad absoluta, que el esp\u00edritu de DIOS nos formo y su soplo dio vida a nuestros cuerpos. Esta verdad independientemente de si la creamos o no, es lo que muchos menosprecian a la hora de usar cualquier excusa para torturar o arrebatar la vida [&hellip;]","og_url":"https:\/\/laprensacristiana.com\/?p=6277","og_site_name":"La Prensa Cristiana","article_published_time":"2019-07-31T16:22:52+00:00","article_modified_time":"2020-07-01T22:10:33+00:00","og_image":[{"width":1240,"height":692,"url":"https:\/\/laprensacristiana.com\/wp-content\/uploads\/2019\/07\/JULY-LPG-2017.jpg","type":"image\/jpeg"}],"author":"EDITOR","twitter_card":"summary_large_image","twitter_misc":{"Escrito por":"EDITOR","Tiempo de lectura":"3 minutos"},"schema":{"@context":"https:\/\/schema.org","@graph":[{"@type":"WebPage","@id":"https:\/\/laprensacristiana.com\/?p=6277","url":"https:\/\/laprensacristiana.com\/?p=6277","name":"El menosprecio hacia la vida es la causa principal de muertes en el mundo. - La Prensa Cristiana","isPartOf":{"@id":"https:\/\/laprensacristiana.com\/#website"},"datePublished":"2019-07-31T16:22:52+00:00","dateModified":"2020-07-01T22:10:33+00:00","author":{"@id":"https:\/\/laprensacristiana.com\/#\/schema\/person\/3e7d82c6bfd6b1fa67010f8f7cd5256e"},"breadcrumb":{"@id":"https:\/\/laprensacristiana.com\/?p=6277#breadcrumb"},"inLanguage":"es","potentialAction":[{"@type":"ReadAction","target":["https:\/\/laprensacristiana.com\/?p=6277"]}]},{"@type":"BreadcrumbList","@id":"https:\/\/laprensacristiana.com\/?p=6277#breadcrumb","itemListElement":[{"@type":"ListItem","position":1,"name":"Portada","item":"https:\/\/laprensacristiana.com\/"},{"@type":"ListItem","position":2,"name":"El menosprecio hacia la vida es la causa principal de muertes en el mundo."}]},{"@type":"WebSite","@id":"https:\/\/laprensacristiana.com\/#website","url":"https:\/\/laprensacristiana.com\/","name":"La Prensa Cristiana","description":"Anunciando Las Buenas Nuevas","potentialAction":[{"@type":"SearchAction","target":{"@type":"EntryPoint","urlTemplate":"https:\/\/laprensacristiana.com\/?s={search_term_string}"},"query-input":"required name=search_term_string"}],"inLanguage":"es"},{"@type":"Person","@id":"https:\/\/laprensacristiana.com\/#\/schema\/person\/3e7d82c6bfd6b1fa67010f8f7cd5256e","name":"EDITOR","image":{"@type":"ImageObject","inLanguage":"es","@id":"https:\/\/laprensacristiana.com\/#\/schema\/person\/image\/","url":"https:\/\/secure.gravatar.com\/avatar\/72069dfb6c13772d9e8381e3638666d2?s=96&d=mm&r=g","contentUrl":"https:\/\/secure.gravatar.com\/avatar\/72069dfb6c13772d9e8381e3638666d2?s=96&d=mm&r=g","caption":"EDITOR"},"url":"https:\/\/laprensacristiana.com\/?author=3"}]}},"_links":{"self":[{"href":"https:\/\/laprensacristiana.com\/index.php?rest_route=\/wp\/v2\/posts\/6277"}],"collection":[{"href":"https:\/\/laprensacristiana.com\/index.php?rest_route=\/wp\/v2\/posts"}],"about":[{"href":"https:\/\/laprensacristiana.com\/index.php?rest_route=\/wp\/v2\/types\/post"}],"author":[{"embeddable":true,"href":"https:\/\/laprensacristiana.com\/index.php?rest_route=\/wp\/v2\/users\/3"}],"replies":[{"embeddable":true,"href":"https:\/\/laprensacristiana.com\/index.php?rest_route=%2Fwp%2Fv2%2Fcomments&post=6277"}],"version-history":[{"count":1,"href":"https:\/\/laprensacristiana.com\/index.php?rest_route=\/wp\/v2\/posts\/6277\/revisions"}],"predecessor-version":[{"id":6278,"href":"https:\/\/laprensacristiana.com\/index.php?rest_route=\/wp\/v2\/posts\/6277\/revisions\/6278"}],"wp:featuredmedia":[{"embeddable":true,"href":"https:\/\/laprensacristiana.com\/index.php?rest_route=\/wp\/v2\/media\/6147"}],"wp:attachment":[{"href":"https:\/\/laprensacristiana.com\/index.php?rest_route=%2Fwp%2Fv2%2Fmedia&parent=6277"}],"wp:term":[{"taxonomy":"category","embeddable":true,"href":"https:\/\/laprensacristiana.com\/index.php?rest_route=%2Fwp%2Fv2%2Fcategories&post=6277"},{"taxonomy":"post_tag","embeddable":true,"href":"https:\/\/laprensacristiana.com\/index.php?rest_route=%2Fwp%2Fv2%2Ftags&post=6277"}],"curies":[{"name":"wp","href":"https:\/\/api.w.org\/{rel}","templated":true}]}}