{"id":6309,"date":"2019-08-10T15:26:38","date_gmt":"2019-08-10T15:26:38","guid":{"rendered":"https:\/\/laprensacristiana.com\/?p=6309"},"modified":"2020-07-01T22:09:14","modified_gmt":"2020-07-01T22:09:14","slug":"dios-esta-alli","status":"publish","type":"post","link":"https:\/\/laprensacristiana.com\/?p=6309","title":{"rendered":"Dios est\u00e1 all\u00ed"},"content":{"rendered":"\n<p>POR JULY DE SOSA <\/p>\n\n\n\n<p>La existencia de Dios es&nbsp;tema de&nbsp;debate&nbsp;universal,&nbsp;muchos son los que invierten su tiempo en negar su existencia y&nbsp;otros en afirmarla, y&nbsp;la minor\u00eda&nbsp;prefieren guardar su opini\u00f3n al respecto.<\/p>\n\n\n\n<p>Para los cristianos la existencia de&nbsp;Dios&nbsp;es tan real como la vida misma.&nbsp;Aunque en&nbsp;ocasiones nuestra humanidad&nbsp;logra nublar esa realidad en&nbsp;nuestro razonamiento,&nbsp;frente a&nbsp;circunstancias que consideramos desfavorables,&nbsp;por la angustia, dolor, frustraci\u00f3n,&nbsp;o enojo, que&nbsp;provocan,&nbsp;momentos en los cuales solo el conocimiento&nbsp;adquirido&nbsp;de la deidad de Dios&nbsp;aplicado a nuestro pensamiento permite,&nbsp;que&nbsp;nuestra confianza y dependencia&nbsp;en \u00e9l, supere&nbsp;nuestros&nbsp;sentimientos, sobrepasando todo entendimiento.&nbsp;Referente a esto el ap\u00f3stol Pablo&nbsp;escribi\u00f3&nbsp;en&nbsp;Romanos&nbsp;8:35&nbsp;\u00bfQui\u00e9n nos separara&nbsp;del amor de&nbsp;Dios? Tribulaci\u00f3n,&nbsp;angustia, peligro,&nbsp;hambre o desnudez.&nbsp;El listado de circunstancias citadas por Pablo,&nbsp;forman&nbsp;parte de las vivencias que en alg\u00fan&nbsp;tiempo de nuestra existencia&nbsp;tendremos que&nbsp;vivir y&nbsp;superar.&nbsp;Sera precisamente en esos tiempos cuando&nbsp;la relaci\u00f3n que tengamos con aquel que formo nuestros cuerpos y soplo vida en ellos, determinara nuestro estado emocional.&nbsp;De igual forma como le&nbsp;sucedi\u00f3 al rey David,&nbsp;luego de que su hijo muri\u00f3, a pesar de que \u00e9l clamo a Dios para que eso no sucediera, cuando&nbsp;Dios cumpli\u00f3 su voluntad en la vida del ni\u00f1o, David mudo su&nbsp;aspecto se&nbsp;levant\u00f3&nbsp;del suelo, lavo su rostro&nbsp;y&nbsp;comi\u00f3, aceptando as\u00ed la voluntad de Dios y descansando en el hecho de que si Dios lo decidi\u00f3 era lo mejor para \u00e9l. (2Samuel12:)&nbsp;y&nbsp;Job, quien luego de perder todo cuanto&nbsp;ten\u00eda&nbsp;declar\u00f3 \u201cJehov\u00e1 dio Jehov\u00e1 quito, sea el nombre de&nbsp;Jehov\u00e1&nbsp;bendito.&nbsp;(Job 1)&nbsp;<\/p>\n\n\n\n<p>Ciertamente cuando en medio de nuestras dificultades, temores, o dudas. Podemos ver que Dios&nbsp;est\u00e1&nbsp;all\u00ed, todo&nbsp;tomasentido en \u00e9l, y&nbsp;cambia nuestra visi\u00f3n panor\u00e1mica de la realidad;&nbsp;sin importar lo dolorosa que sea o lo&nbsp;injusta que nos parezca, Dios siempre esta con nosotros y&nbsp;sus misericordias nos alcanzan cada ma\u00f1ana.&nbsp;Aunque en ocasiones pareciera&nbsp;que&nbsp;nuestros temores o&nbsp;p\u00e1nico,&nbsp;superan esta&nbsp;maravillosa verdad; no es as\u00ed.&nbsp;Recordemos que en el principio Dios se mov\u00eda en el huerto del&nbsp;Ed\u00e9n,&nbsp;luego su presencia&nbsp;descanso&nbsp;en el&nbsp;arca del pacto,&nbsp;mas&nbsp;ahora&nbsp;su Esp\u00edritu mora en cada uno de los creyentes en su hijo Jesucristo; hecho que nos&nbsp;mantiene en&nbsp;sinton\u00eda&nbsp;con \u00e9l, en todo tiempo y lugar. Ya no debemos buscar a Dios&nbsp;en templos, peregrinaciones, o&nbsp;sacrificios. Dios esta en nosotros y con nosotros. \u00c9l siempre esta all\u00ed, para hablarnos, redarg\u00fcirnos, cuidarnos, acompa\u00f1arnos, librarnos de todo&nbsp;enga\u00f1o,&nbsp;y peligro;&nbsp;y aun de nuestros propios temores y dudas. Basta con buscar en nuestro interior&nbsp;para comprobar una vez m\u00e1s que \u00e9l sigue all\u00ed, que estar\u00e1 all\u00ed hasta el fin de los tiempos.&nbsp;Comprender y creer esto,&nbsp;da&nbsp;vida&nbsp;al verso que cita&nbsp;\u201csi Dios&nbsp;est\u00e1&nbsp;con nosotros\u201d \u00bfQui\u00e9n contra&nbsp;nosotros?<\/p>\n\n\n\n<p>A esta hora quiero animar a&nbsp;quienes&nbsp;se encuentra en&nbsp;tiempo de angustia, peligro de muerte,&nbsp;hambre, desnudez,&nbsp;enfermedad, divorcio, soledad,&nbsp;etc.&nbsp;A que use ese tiempo para conocer m\u00e1s a su se\u00f1or,&nbsp;esperando con fe y confianza la puerta de bendici\u00f3n que \u00e9l abrir\u00e1 para&nbsp;usted; deposite en \u00e9l toda carga y revistase de poder&nbsp;buscando tiempos de renuevo con \u00e9l, aproveche al m\u00e1ximo que no tiene que viajar a ning\u00fan lugar para encontrarlo&nbsp;y llenarse de su presencia, \u00e9l esta all\u00ed&nbsp;en su interior&nbsp;en todo tiempo.&nbsp;Usted no esta solo,&nbsp;\u00e9lesta con su esp\u00edritu y lo \u00fanico que tiene&nbsp;que hacer&nbsp;para comprobarlo&nbsp;es abrir&nbsp;su&nbsp;coraz\u00f3n y&nbsp;hablarle a&nbsp;su&nbsp;alma, para que recupere el&nbsp;aliento y valor,&nbsp;diciendo&nbsp;\u00bfporque te abates oh alma m\u00eda,&nbsp;y te turbas dentro de mi?&nbsp;espera&nbsp;en&nbsp;Dios porque a\u00fan&nbsp;he de alabarle, salvaci\u00f3n m\u00eda,&nbsp;y Dios m\u00edo.<\/p>\n","protected":false},"excerpt":{"rendered":"<p>POR JULY DE SOSA La existencia de Dios es&nbsp;tema de&nbsp;debate&nbsp;universal,&nbsp;muchos son los que invierten su tiempo en negar su existencia y&nbsp;otros en afirmarla, y&nbsp;la minor\u00eda&nbsp;prefieren guardar su opini\u00f3n al respecto. Para los cristianos la existencia de&nbsp;Dios&nbsp;es tan real como la vida misma.&nbsp;Aunque en&nbsp;ocasiones nuestra humanidad&nbsp;logra nublar esa realidad en&nbsp;nuestro razonamiento,&nbsp;frente a&nbsp;circunstancias que consideramos desfavorables,&nbsp;por la [&hellip;]<\/p>\n","protected":false},"author":3,"featured_media":6147,"comment_status":"open","ping_status":"open","sticky":false,"template":"","format":"standard","meta":[],"categories":[36],"tags":[],"yoast_head":"<!-- This site is optimized with the Yoast SEO plugin v20.8 - https:\/\/yoast.com\/wordpress\/plugins\/seo\/ -->\n<title>Dios est\u00e1 all\u00ed - La Prensa Cristiana<\/title>\n<meta name=\"robots\" content=\"index, follow, max-snippet:-1, max-image-preview:large, max-video-preview:-1\" \/>\n<link rel=\"canonical\" href=\"https:\/\/laprensacristiana.com\/?p=6309\" \/>\n<meta property=\"og:locale\" content=\"es_ES\" \/>\n<meta property=\"og:type\" content=\"article\" \/>\n<meta property=\"og:title\" content=\"Dios est\u00e1 all\u00ed - La Prensa Cristiana\" \/>\n<meta property=\"og:description\" content=\"POR JULY DE SOSA La existencia de Dios es&nbsp;tema de&nbsp;debate&nbsp;universal,&nbsp;muchos son los que invierten su tiempo en negar su existencia y&nbsp;otros en afirmarla, y&nbsp;la minor\u00eda&nbsp;prefieren guardar su opini\u00f3n al respecto. Para los cristianos la existencia de&nbsp;Dios&nbsp;es tan real como la vida misma.&nbsp;Aunque en&nbsp;ocasiones nuestra humanidad&nbsp;logra nublar esa realidad en&nbsp;nuestro razonamiento,&nbsp;frente a&nbsp;circunstancias que consideramos desfavorables,&nbsp;por la [&hellip;]\" \/>\n<meta property=\"og:url\" content=\"https:\/\/laprensacristiana.com\/?p=6309\" \/>\n<meta property=\"og:site_name\" content=\"La Prensa Cristiana\" \/>\n<meta property=\"article:published_time\" content=\"2019-08-10T15:26:38+00:00\" \/>\n<meta property=\"article:modified_time\" content=\"2020-07-01T22:09:14+00:00\" \/>\n<meta property=\"og:image\" content=\"https:\/\/laprensacristiana.com\/wp-content\/uploads\/2019\/07\/JULY-LPG-2017.jpg\" \/>\n\t<meta property=\"og:image:width\" content=\"1240\" \/>\n\t<meta property=\"og:image:height\" content=\"692\" \/>\n\t<meta property=\"og:image:type\" content=\"image\/jpeg\" \/>\n<meta name=\"author\" content=\"EDITOR\" \/>\n<meta name=\"twitter:card\" content=\"summary_large_image\" \/>\n<meta name=\"twitter:label1\" content=\"Escrito por\" \/>\n\t<meta name=\"twitter:data1\" content=\"EDITOR\" \/>\n\t<meta name=\"twitter:label2\" content=\"Tiempo de lectura\" \/>\n\t<meta name=\"twitter:data2\" content=\"4 minutos\" \/>\n<script type=\"application\/ld+json\" class=\"yoast-schema-graph\">{\"@context\":\"https:\/\/schema.org\",\"@graph\":[{\"@type\":\"WebPage\",\"@id\":\"https:\/\/laprensacristiana.com\/?p=6309\",\"url\":\"https:\/\/laprensacristiana.com\/?p=6309\",\"name\":\"Dios est\u00e1 all\u00ed - La Prensa Cristiana\",\"isPartOf\":{\"@id\":\"https:\/\/laprensacristiana.com\/#website\"},\"datePublished\":\"2019-08-10T15:26:38+00:00\",\"dateModified\":\"2020-07-01T22:09:14+00:00\",\"author\":{\"@id\":\"https:\/\/laprensacristiana.com\/#\/schema\/person\/3e7d82c6bfd6b1fa67010f8f7cd5256e\"},\"breadcrumb\":{\"@id\":\"https:\/\/laprensacristiana.com\/?p=6309#breadcrumb\"},\"inLanguage\":\"es\",\"potentialAction\":[{\"@type\":\"ReadAction\",\"target\":[\"https:\/\/laprensacristiana.com\/?p=6309\"]}]},{\"@type\":\"BreadcrumbList\",\"@id\":\"https:\/\/laprensacristiana.com\/?p=6309#breadcrumb\",\"itemListElement\":[{\"@type\":\"ListItem\",\"position\":1,\"name\":\"Portada\",\"item\":\"https:\/\/laprensacristiana.com\/\"},{\"@type\":\"ListItem\",\"position\":2,\"name\":\"Dios est\u00e1 all\u00ed\"}]},{\"@type\":\"WebSite\",\"@id\":\"https:\/\/laprensacristiana.com\/#website\",\"url\":\"https:\/\/laprensacristiana.com\/\",\"name\":\"La Prensa Cristiana\",\"description\":\"Anunciando Las Buenas Nuevas\",\"potentialAction\":[{\"@type\":\"SearchAction\",\"target\":{\"@type\":\"EntryPoint\",\"urlTemplate\":\"https:\/\/laprensacristiana.com\/?s={search_term_string}\"},\"query-input\":\"required name=search_term_string\"}],\"inLanguage\":\"es\"},{\"@type\":\"Person\",\"@id\":\"https:\/\/laprensacristiana.com\/#\/schema\/person\/3e7d82c6bfd6b1fa67010f8f7cd5256e\",\"name\":\"EDITOR\",\"image\":{\"@type\":\"ImageObject\",\"inLanguage\":\"es\",\"@id\":\"https:\/\/laprensacristiana.com\/#\/schema\/person\/image\/\",\"url\":\"https:\/\/secure.gravatar.com\/avatar\/72069dfb6c13772d9e8381e3638666d2?s=96&d=mm&r=g\",\"contentUrl\":\"https:\/\/secure.gravatar.com\/avatar\/72069dfb6c13772d9e8381e3638666d2?s=96&d=mm&r=g\",\"caption\":\"EDITOR\"},\"url\":\"https:\/\/laprensacristiana.com\/?author=3\"}]}<\/script>\n<!-- \/ Yoast SEO plugin. -->","yoast_head_json":{"title":"Dios est\u00e1 all\u00ed - La Prensa Cristiana","robots":{"index":"index","follow":"follow","max-snippet":"max-snippet:-1","max-image-preview":"max-image-preview:large","max-video-preview":"max-video-preview:-1"},"canonical":"https:\/\/laprensacristiana.com\/?p=6309","og_locale":"es_ES","og_type":"article","og_title":"Dios est\u00e1 all\u00ed - La Prensa Cristiana","og_description":"POR JULY DE SOSA La existencia de Dios es&nbsp;tema de&nbsp;debate&nbsp;universal,&nbsp;muchos son los que invierten su tiempo en negar su existencia y&nbsp;otros en afirmarla, y&nbsp;la minor\u00eda&nbsp;prefieren guardar su opini\u00f3n al respecto. Para los cristianos la existencia de&nbsp;Dios&nbsp;es tan real como la vida misma.&nbsp;Aunque en&nbsp;ocasiones nuestra humanidad&nbsp;logra nublar esa realidad en&nbsp;nuestro razonamiento,&nbsp;frente a&nbsp;circunstancias que consideramos desfavorables,&nbsp;por la [&hellip;]","og_url":"https:\/\/laprensacristiana.com\/?p=6309","og_site_name":"La Prensa Cristiana","article_published_time":"2019-08-10T15:26:38+00:00","article_modified_time":"2020-07-01T22:09:14+00:00","og_image":[{"width":1240,"height":692,"url":"https:\/\/laprensacristiana.com\/wp-content\/uploads\/2019\/07\/JULY-LPG-2017.jpg","type":"image\/jpeg"}],"author":"EDITOR","twitter_card":"summary_large_image","twitter_misc":{"Escrito por":"EDITOR","Tiempo de lectura":"4 minutos"},"schema":{"@context":"https:\/\/schema.org","@graph":[{"@type":"WebPage","@id":"https:\/\/laprensacristiana.com\/?p=6309","url":"https:\/\/laprensacristiana.com\/?p=6309","name":"Dios est\u00e1 all\u00ed - La Prensa Cristiana","isPartOf":{"@id":"https:\/\/laprensacristiana.com\/#website"},"datePublished":"2019-08-10T15:26:38+00:00","dateModified":"2020-07-01T22:09:14+00:00","author":{"@id":"https:\/\/laprensacristiana.com\/#\/schema\/person\/3e7d82c6bfd6b1fa67010f8f7cd5256e"},"breadcrumb":{"@id":"https:\/\/laprensacristiana.com\/?p=6309#breadcrumb"},"inLanguage":"es","potentialAction":[{"@type":"ReadAction","target":["https:\/\/laprensacristiana.com\/?p=6309"]}]},{"@type":"BreadcrumbList","@id":"https:\/\/laprensacristiana.com\/?p=6309#breadcrumb","itemListElement":[{"@type":"ListItem","position":1,"name":"Portada","item":"https:\/\/laprensacristiana.com\/"},{"@type":"ListItem","position":2,"name":"Dios est\u00e1 all\u00ed"}]},{"@type":"WebSite","@id":"https:\/\/laprensacristiana.com\/#website","url":"https:\/\/laprensacristiana.com\/","name":"La Prensa Cristiana","description":"Anunciando Las Buenas Nuevas","potentialAction":[{"@type":"SearchAction","target":{"@type":"EntryPoint","urlTemplate":"https:\/\/laprensacristiana.com\/?s={search_term_string}"},"query-input":"required name=search_term_string"}],"inLanguage":"es"},{"@type":"Person","@id":"https:\/\/laprensacristiana.com\/#\/schema\/person\/3e7d82c6bfd6b1fa67010f8f7cd5256e","name":"EDITOR","image":{"@type":"ImageObject","inLanguage":"es","@id":"https:\/\/laprensacristiana.com\/#\/schema\/person\/image\/","url":"https:\/\/secure.gravatar.com\/avatar\/72069dfb6c13772d9e8381e3638666d2?s=96&d=mm&r=g","contentUrl":"https:\/\/secure.gravatar.com\/avatar\/72069dfb6c13772d9e8381e3638666d2?s=96&d=mm&r=g","caption":"EDITOR"},"url":"https:\/\/laprensacristiana.com\/?author=3"}]}},"_links":{"self":[{"href":"https:\/\/laprensacristiana.com\/index.php?rest_route=\/wp\/v2\/posts\/6309"}],"collection":[{"href":"https:\/\/laprensacristiana.com\/index.php?rest_route=\/wp\/v2\/posts"}],"about":[{"href":"https:\/\/laprensacristiana.com\/index.php?rest_route=\/wp\/v2\/types\/post"}],"author":[{"embeddable":true,"href":"https:\/\/laprensacristiana.com\/index.php?rest_route=\/wp\/v2\/users\/3"}],"replies":[{"embeddable":true,"href":"https:\/\/laprensacristiana.com\/index.php?rest_route=%2Fwp%2Fv2%2Fcomments&post=6309"}],"version-history":[{"count":1,"href":"https:\/\/laprensacristiana.com\/index.php?rest_route=\/wp\/v2\/posts\/6309\/revisions"}],"predecessor-version":[{"id":6310,"href":"https:\/\/laprensacristiana.com\/index.php?rest_route=\/wp\/v2\/posts\/6309\/revisions\/6310"}],"wp:featuredmedia":[{"embeddable":true,"href":"https:\/\/laprensacristiana.com\/index.php?rest_route=\/wp\/v2\/media\/6147"}],"wp:attachment":[{"href":"https:\/\/laprensacristiana.com\/index.php?rest_route=%2Fwp%2Fv2%2Fmedia&parent=6309"}],"wp:term":[{"taxonomy":"category","embeddable":true,"href":"https:\/\/laprensacristiana.com\/index.php?rest_route=%2Fwp%2Fv2%2Fcategories&post=6309"},{"taxonomy":"post_tag","embeddable":true,"href":"https:\/\/laprensacristiana.com\/index.php?rest_route=%2Fwp%2Fv2%2Ftags&post=6309"}],"curies":[{"name":"wp","href":"https:\/\/api.w.org\/{rel}","templated":true}]}}