{"id":6320,"date":"2019-08-12T17:08:31","date_gmt":"2019-08-12T17:08:31","guid":{"rendered":"https:\/\/laprensacristiana.com\/?p=6320"},"modified":"2019-08-12T17:08:34","modified_gmt":"2019-08-12T17:08:34","slug":"sala-analiza-union-entre-dos-personas-del-mismo-sexo","status":"publish","type":"post","link":"https:\/\/laprensacristiana.com\/?p=6320","title":{"rendered":"Sala analiza uni\u00f3n entre dos personas del mismo sexo"},"content":{"rendered":"\n<p>El pasado viernes 9 de agosto a trav\u00e9s de un comunicado de prensa La Corte Suprema de Justicia de El Salvador, dio a conocer que admite a tr\u00e1mite dos demandas de inconstitucionalidad presentadas por un grupo de ciudadanos, en contra del C\u00f3digo de Familia en el tema de uniones entre personas del mismo sexo y el trato diferenciado.<\/p>\n\n\n\n<figure class=\"wp-block-image\"><img decoding=\"async\" loading=\"lazy\" width=\"720\" height=\"532\" src=\"https:\/\/laprensacristiana.com\/wp-content\/uploads\/2019\/08\/WhatsApp-Image-2019-08-12-at-07.07.40.jpeg\" alt=\"\" class=\"wp-image-6321\" srcset=\"https:\/\/laprensacristiana.com\/wp-content\/uploads\/2019\/08\/WhatsApp-Image-2019-08-12-at-07.07.40.jpeg 720w, https:\/\/laprensacristiana.com\/wp-content\/uploads\/2019\/08\/WhatsApp-Image-2019-08-12-at-07.07.40-600x443.jpeg 600w, https:\/\/laprensacristiana.com\/wp-content\/uploads\/2019\/08\/WhatsApp-Image-2019-08-12-at-07.07.40-300x222.jpeg 300w, https:\/\/laprensacristiana.com\/wp-content\/uploads\/2019\/08\/WhatsApp-Image-2019-08-12-at-07.07.40-80x60.jpeg 80w, https:\/\/laprensacristiana.com\/wp-content\/uploads\/2019\/08\/WhatsApp-Image-2019-08-12-at-07.07.40-696x514.jpeg 696w, https:\/\/laprensacristiana.com\/wp-content\/uploads\/2019\/08\/WhatsApp-Image-2019-08-12-at-07.07.40-568x420.jpeg 568w\" sizes=\"(max-width: 720px) 100vw, 720px\" \/><\/figure>\n\n\n\n<p>Los demandantes tambi\u00e9n solicitaron que se declare que la\nAsamblea Legislativa de El Salvador ha incurrido en inconstitucionalidad por no\nrealizar una regulaci\u00f3n de dichas uniones por ley.<\/p>\n\n\n\n<p>La Sala de lo Constitucional estableci\u00f3 que las dos demandas\u00a0 de inconstitucionalidad presentadas cumplen con los requisitos formales para ser admitidas a tr\u00e1mites, seg\u00fan el Art\u00edculo 6 de la Ley de\u00a0 Procedimientos Inconstitucionales. Pero asegura que las dos admisiones no presentan una decisi\u00f3n de fondo sobre los temas planteados. <\/p>\n\n\n\n<p>La Asamblea Legislativa y Fiscal\u00eda General de la Rep\u00fablica\nde El Salvador&nbsp; presentar\u00e1n sus\nargumentos para ser analizados y as\u00ed poder determinar en sentencia si existe la\npresunta contradicci\u00f3n en el C\u00f3digo de Familia,&nbsp;\nla Constituci\u00f3n de la Rep\u00fablica, y la inconstitucionalidad alegada por\nomisi\u00f3n, en cuanto a los t\u00e9rminos presentados por los demandantes.<\/p>\n\n\n\n<p>La reacci\u00f3n de algunos pastores no se hizo esperar, como el\ncaso de la pastora Rosario Navas quien a trav\u00e9s de su cuenta oficial de\nFacebook expres\u00f3 lo siguiente:<\/p>\n\n\n\n<p>\u201cHa sido una semana muy intensiva en contra de la familia,\ncontra la ni\u00f1ez, contra la juventud. La cerramos con la noticia que La Sala de\nlo Constitucional admite inconstitucionalidad contra el c\u00f3digo de Familia, en\nrelaci\u00f3n a la prohibici\u00f3n de la uni\u00f3n de dos personas del mismo sexo. Somos un\npa\u00eds ProFamilia bajo el dise\u00f1o original, hombre y mujer as\u00ed nacidos. La agenda\nmundial sigue avanzando. Luchemos, oremos porque no se aprueben los matrimonios\ndel mismo sexo.<\/p>\n\n\n\n<p>En Costa Rica los tom\u00f3 por sorpresa y la Corte los aprobaron, a\u00fan en contra de la voluntad del pueblo costarricense. Que no nos pase a los salvadore\u00f1os\u201d concluy\u00f3 Rosario.<\/p>\n\n\n\n<figure class=\"wp-block-image\"><img decoding=\"async\" loading=\"lazy\" width=\"742\" height=\"960\" src=\"https:\/\/laprensacristiana.com\/wp-content\/uploads\/2019\/08\/67699031_3174604612564597_15036358380748800_n.jpg\" alt=\"\" class=\"wp-image-6322\" srcset=\"https:\/\/laprensacristiana.com\/wp-content\/uploads\/2019\/08\/67699031_3174604612564597_15036358380748800_n.jpg 742w, https:\/\/laprensacristiana.com\/wp-content\/uploads\/2019\/08\/67699031_3174604612564597_15036358380748800_n-600x776.jpg 600w, https:\/\/laprensacristiana.com\/wp-content\/uploads\/2019\/08\/67699031_3174604612564597_15036358380748800_n-232x300.jpg 232w, https:\/\/laprensacristiana.com\/wp-content\/uploads\/2019\/08\/67699031_3174604612564597_15036358380748800_n-696x900.jpg 696w, https:\/\/laprensacristiana.com\/wp-content\/uploads\/2019\/08\/67699031_3174604612564597_15036358380748800_n-325x420.jpg 325w\" sizes=\"(max-width: 742px) 100vw, 742px\" \/><\/figure>\n","protected":false},"excerpt":{"rendered":"<p>El pasado viernes 9 de agosto a trav\u00e9s de un comunicado de prensa La Corte Suprema de Justicia de El Salvador, dio a conocer que admite a tr\u00e1mite dos demandas de inconstitucionalidad presentadas por un grupo de ciudadanos, en contra del C\u00f3digo de Familia en el tema de uniones entre personas del mismo sexo y [&hellip;]<\/p>\n","protected":false},"author":3,"featured_media":6323,"comment_status":"open","ping_status":"open","sticky":false,"template":"","format":"standard","meta":[],"categories":[56],"tags":[],"yoast_head":"<!-- This site is optimized with the Yoast SEO plugin v20.8 - https:\/\/yoast.com\/wordpress\/plugins\/seo\/ -->\n<title>Sala analiza uni\u00f3n entre dos personas del mismo sexo - La Prensa Cristiana<\/title>\n<meta name=\"robots\" content=\"index, follow, max-snippet:-1, max-image-preview:large, max-video-preview:-1\" \/>\n<link rel=\"canonical\" href=\"https:\/\/laprensacristiana.com\/?p=6320\" \/>\n<meta property=\"og:locale\" content=\"es_ES\" \/>\n<meta property=\"og:type\" content=\"article\" \/>\n<meta property=\"og:title\" content=\"Sala analiza uni\u00f3n entre dos personas del mismo sexo - La Prensa Cristiana\" \/>\n<meta property=\"og:description\" content=\"El pasado viernes 9 de agosto a trav\u00e9s de un comunicado de prensa La Corte Suprema de Justicia de El Salvador, dio a conocer que admite a tr\u00e1mite dos demandas de inconstitucionalidad presentadas por un grupo de ciudadanos, en contra del C\u00f3digo de Familia en el tema de uniones entre personas del mismo sexo y [&hellip;]\" \/>\n<meta property=\"og:url\" content=\"https:\/\/laprensacristiana.com\/?p=6320\" \/>\n<meta property=\"og:site_name\" content=\"La Prensa Cristiana\" \/>\n<meta property=\"article:published_time\" content=\"2019-08-12T17:08:31+00:00\" \/>\n<meta property=\"article:modified_time\" content=\"2019-08-12T17:08:34+00:00\" \/>\n<meta property=\"og:image\" content=\"https:\/\/laprensacristiana.com\/wp-content\/uploads\/2019\/08\/encabezado.png\" \/>\n\t<meta property=\"og:image:width\" content=\"1369\" \/>\n\t<meta property=\"og:image:height\" content=\"693\" \/>\n\t<meta property=\"og:image:type\" content=\"image\/png\" \/>\n<meta name=\"author\" content=\"EDITOR\" \/>\n<meta name=\"twitter:card\" content=\"summary_large_image\" \/>\n<meta name=\"twitter:label1\" content=\"Escrito por\" \/>\n\t<meta name=\"twitter:data1\" content=\"EDITOR\" \/>\n\t<meta name=\"twitter:label2\" content=\"Tiempo de lectura\" \/>\n\t<meta name=\"twitter:data2\" content=\"2 minutos\" \/>\n<script type=\"application\/ld+json\" class=\"yoast-schema-graph\">{\"@context\":\"https:\/\/schema.org\",\"@graph\":[{\"@type\":\"WebPage\",\"@id\":\"https:\/\/laprensacristiana.com\/?p=6320\",\"url\":\"https:\/\/laprensacristiana.com\/?p=6320\",\"name\":\"Sala analiza uni\u00f3n entre dos personas del mismo sexo - La Prensa Cristiana\",\"isPartOf\":{\"@id\":\"https:\/\/laprensacristiana.com\/#website\"},\"datePublished\":\"2019-08-12T17:08:31+00:00\",\"dateModified\":\"2019-08-12T17:08:34+00:00\",\"author\":{\"@id\":\"https:\/\/laprensacristiana.com\/#\/schema\/person\/3e7d82c6bfd6b1fa67010f8f7cd5256e\"},\"breadcrumb\":{\"@id\":\"https:\/\/laprensacristiana.com\/?p=6320#breadcrumb\"},\"inLanguage\":\"es\",\"potentialAction\":[{\"@type\":\"ReadAction\",\"target\":[\"https:\/\/laprensacristiana.com\/?p=6320\"]}]},{\"@type\":\"BreadcrumbList\",\"@id\":\"https:\/\/laprensacristiana.com\/?p=6320#breadcrumb\",\"itemListElement\":[{\"@type\":\"ListItem\",\"position\":1,\"name\":\"Portada\",\"item\":\"https:\/\/laprensacristiana.com\/\"},{\"@type\":\"ListItem\",\"position\":2,\"name\":\"Sala analiza uni\u00f3n entre dos personas del mismo sexo\"}]},{\"@type\":\"WebSite\",\"@id\":\"https:\/\/laprensacristiana.com\/#website\",\"url\":\"https:\/\/laprensacristiana.com\/\",\"name\":\"La Prensa Cristiana\",\"description\":\"Anunciando Las Buenas Nuevas\",\"potentialAction\":[{\"@type\":\"SearchAction\",\"target\":{\"@type\":\"EntryPoint\",\"urlTemplate\":\"https:\/\/laprensacristiana.com\/?s={search_term_string}\"},\"query-input\":\"required name=search_term_string\"}],\"inLanguage\":\"es\"},{\"@type\":\"Person\",\"@id\":\"https:\/\/laprensacristiana.com\/#\/schema\/person\/3e7d82c6bfd6b1fa67010f8f7cd5256e\",\"name\":\"EDITOR\",\"image\":{\"@type\":\"ImageObject\",\"inLanguage\":\"es\",\"@id\":\"https:\/\/laprensacristiana.com\/#\/schema\/person\/image\/\",\"url\":\"https:\/\/secure.gravatar.com\/avatar\/72069dfb6c13772d9e8381e3638666d2?s=96&d=mm&r=g\",\"contentUrl\":\"https:\/\/secure.gravatar.com\/avatar\/72069dfb6c13772d9e8381e3638666d2?s=96&d=mm&r=g\",\"caption\":\"EDITOR\"},\"url\":\"https:\/\/laprensacristiana.com\/?author=3\"}]}<\/script>\n<!-- \/ Yoast SEO plugin. -->","yoast_head_json":{"title":"Sala analiza uni\u00f3n entre dos personas del mismo sexo - La Prensa Cristiana","robots":{"index":"index","follow":"follow","max-snippet":"max-snippet:-1","max-image-preview":"max-image-preview:large","max-video-preview":"max-video-preview:-1"},"canonical":"https:\/\/laprensacristiana.com\/?p=6320","og_locale":"es_ES","og_type":"article","og_title":"Sala analiza uni\u00f3n entre dos personas del mismo sexo - La Prensa Cristiana","og_description":"El pasado viernes 9 de agosto a trav\u00e9s de un comunicado de prensa La Corte Suprema de Justicia de El Salvador, dio a conocer que admite a tr\u00e1mite dos demandas de inconstitucionalidad presentadas por un grupo de ciudadanos, en contra del C\u00f3digo de Familia en el tema de uniones entre personas del mismo sexo y [&hellip;]","og_url":"https:\/\/laprensacristiana.com\/?p=6320","og_site_name":"La Prensa Cristiana","article_published_time":"2019-08-12T17:08:31+00:00","article_modified_time":"2019-08-12T17:08:34+00:00","og_image":[{"width":1369,"height":693,"url":"https:\/\/laprensacristiana.com\/wp-content\/uploads\/2019\/08\/encabezado.png","type":"image\/png"}],"author":"EDITOR","twitter_card":"summary_large_image","twitter_misc":{"Escrito por":"EDITOR","Tiempo de lectura":"2 minutos"},"schema":{"@context":"https:\/\/schema.org","@graph":[{"@type":"WebPage","@id":"https:\/\/laprensacristiana.com\/?p=6320","url":"https:\/\/laprensacristiana.com\/?p=6320","name":"Sala analiza uni\u00f3n entre dos personas del mismo sexo - La Prensa Cristiana","isPartOf":{"@id":"https:\/\/laprensacristiana.com\/#website"},"datePublished":"2019-08-12T17:08:31+00:00","dateModified":"2019-08-12T17:08:34+00:00","author":{"@id":"https:\/\/laprensacristiana.com\/#\/schema\/person\/3e7d82c6bfd6b1fa67010f8f7cd5256e"},"breadcrumb":{"@id":"https:\/\/laprensacristiana.com\/?p=6320#breadcrumb"},"inLanguage":"es","potentialAction":[{"@type":"ReadAction","target":["https:\/\/laprensacristiana.com\/?p=6320"]}]},{"@type":"BreadcrumbList","@id":"https:\/\/laprensacristiana.com\/?p=6320#breadcrumb","itemListElement":[{"@type":"ListItem","position":1,"name":"Portada","item":"https:\/\/laprensacristiana.com\/"},{"@type":"ListItem","position":2,"name":"Sala analiza uni\u00f3n entre dos personas del mismo sexo"}]},{"@type":"WebSite","@id":"https:\/\/laprensacristiana.com\/#website","url":"https:\/\/laprensacristiana.com\/","name":"La Prensa Cristiana","description":"Anunciando Las Buenas Nuevas","potentialAction":[{"@type":"SearchAction","target":{"@type":"EntryPoint","urlTemplate":"https:\/\/laprensacristiana.com\/?s={search_term_string}"},"query-input":"required name=search_term_string"}],"inLanguage":"es"},{"@type":"Person","@id":"https:\/\/laprensacristiana.com\/#\/schema\/person\/3e7d82c6bfd6b1fa67010f8f7cd5256e","name":"EDITOR","image":{"@type":"ImageObject","inLanguage":"es","@id":"https:\/\/laprensacristiana.com\/#\/schema\/person\/image\/","url":"https:\/\/secure.gravatar.com\/avatar\/72069dfb6c13772d9e8381e3638666d2?s=96&d=mm&r=g","contentUrl":"https:\/\/secure.gravatar.com\/avatar\/72069dfb6c13772d9e8381e3638666d2?s=96&d=mm&r=g","caption":"EDITOR"},"url":"https:\/\/laprensacristiana.com\/?author=3"}]}},"_links":{"self":[{"href":"https:\/\/laprensacristiana.com\/index.php?rest_route=\/wp\/v2\/posts\/6320"}],"collection":[{"href":"https:\/\/laprensacristiana.com\/index.php?rest_route=\/wp\/v2\/posts"}],"about":[{"href":"https:\/\/laprensacristiana.com\/index.php?rest_route=\/wp\/v2\/types\/post"}],"author":[{"embeddable":true,"href":"https:\/\/laprensacristiana.com\/index.php?rest_route=\/wp\/v2\/users\/3"}],"replies":[{"embeddable":true,"href":"https:\/\/laprensacristiana.com\/index.php?rest_route=%2Fwp%2Fv2%2Fcomments&post=6320"}],"version-history":[{"count":1,"href":"https:\/\/laprensacristiana.com\/index.php?rest_route=\/wp\/v2\/posts\/6320\/revisions"}],"predecessor-version":[{"id":6324,"href":"https:\/\/laprensacristiana.com\/index.php?rest_route=\/wp\/v2\/posts\/6320\/revisions\/6324"}],"wp:featuredmedia":[{"embeddable":true,"href":"https:\/\/laprensacristiana.com\/index.php?rest_route=\/wp\/v2\/media\/6323"}],"wp:attachment":[{"href":"https:\/\/laprensacristiana.com\/index.php?rest_route=%2Fwp%2Fv2%2Fmedia&parent=6320"}],"wp:term":[{"taxonomy":"category","embeddable":true,"href":"https:\/\/laprensacristiana.com\/index.php?rest_route=%2Fwp%2Fv2%2Fcategories&post=6320"},{"taxonomy":"post_tag","embeddable":true,"href":"https:\/\/laprensacristiana.com\/index.php?rest_route=%2Fwp%2Fv2%2Ftags&post=6320"}],"curies":[{"name":"wp","href":"https:\/\/api.w.org\/{rel}","templated":true}]}}