{"id":6333,"date":"2019-08-16T13:58:43","date_gmt":"2019-08-16T13:58:43","guid":{"rendered":"https:\/\/laprensacristiana.com\/?p=6333"},"modified":"2019-08-16T19:26:33","modified_gmt":"2019-08-16T19:26:33","slug":"tabernaculo-biblico-bautista-amigos-de-israel-se-pronuncia-ante-senalamientos","status":"publish","type":"post","link":"https:\/\/laprensacristiana.com\/?p=6333","title":{"rendered":"Tabern\u00e1culo B\u00edblico Bautista Amigos de Israel se pronuncia ante se\u00f1alamientos"},"content":{"rendered":"\n<p>En un reciente comunicado el Tabern\u00e1culo B\u00edblico Bautista Amigos de Israel ha realizado un pronunciamiento ante los se\u00f1alamientos en contra de dicha instituci\u00f3n y el pastor general de la misma Edgar L\u00f3pez Bertrand Jr. Por parte del ex presidente de la rep\u00fablica Mauricio Funes. <\/p>\n\n\n\n<p>El comunicado cuenta con 6 puntos\nen los que realizan diversos planteamientos entre los que destacan \u201c(Quinto) Considerando\nque somos una corporaci\u00f3n religiosa sin fines de lucro, como instituci\u00f3n no\nhemos invertido en negocios lucrativos que generen ingresos para terceros, que\ndentro de la Junta Directiva algunos laboran para nuestra instituci\u00f3n en car\u00e1cter\nde empleados, fuera de sus horas laborales pueden realizar cualquier actividad econ\u00f3mica\u201d.\nExpresan en este inciso haciendo referencia a las acusaciones que patrimonio de\nla iglesia ha sido utilizado para beneficio personal o familiar. <\/p>\n\n\n\n<p>Cierran el comunicado manifestando su total apoyo al Dr. Edgar L\u00f3pez Bertrand Jr. Ante las acusaciones presentadas a trav\u00e9s de redes sociales \u201cExpresamos como Junta Directiva, equipo de trabajo y congregaci\u00f3n del Tabern\u00e1culo B\u00edblico Bautista Amigos de Israel y de la Misi\u00f3n Bautista Internacional de El Salvador, el total e incondicional apoyo a nuestro Presidente y Pastor General DOCTOR EDGAR LOPEZ BERTRAND, junior, ante los se\u00f1alamientos negativos que pretenden da\u00f1ar la imagen de la instituci\u00f3n, que se ci\u00f1e bajo los preceptos del Evangelismo, Labor Social, y Transparencia, lo cual es acorde con la misi\u00f3n y visi\u00f3n, del legado y las ense\u00f1anzas de nuestro pastor fundador el Dr. Edgar L\u00f3pez Bertrand\u201d concluyen.<\/p>\n\n\n\n<figure class=\"wp-block-image\"><img decoding=\"async\" loading=\"lazy\" width=\"720\" height=\"931\" src=\"https:\/\/laprensacristiana.com\/wp-content\/uploads\/2019\/08\/WhatsApp-Image-2019-08-16-at-7.46.34-AM.jpeg\" alt=\"\" class=\"wp-image-6334\" srcset=\"https:\/\/laprensacristiana.com\/wp-content\/uploads\/2019\/08\/WhatsApp-Image-2019-08-16-at-7.46.34-AM.jpeg 720w, https:\/\/laprensacristiana.com\/wp-content\/uploads\/2019\/08\/WhatsApp-Image-2019-08-16-at-7.46.34-AM-600x776.jpeg 600w, https:\/\/laprensacristiana.com\/wp-content\/uploads\/2019\/08\/WhatsApp-Image-2019-08-16-at-7.46.34-AM-232x300.jpeg 232w, https:\/\/laprensacristiana.com\/wp-content\/uploads\/2019\/08\/WhatsApp-Image-2019-08-16-at-7.46.34-AM-696x900.jpeg 696w, https:\/\/laprensacristiana.com\/wp-content\/uploads\/2019\/08\/WhatsApp-Image-2019-08-16-at-7.46.34-AM-325x420.jpeg 325w\" sizes=\"(max-width: 720px) 100vw, 720px\" \/><\/figure>\n\n\n\n<figure class=\"wp-block-image\"><img decoding=\"async\" loading=\"lazy\" width=\"720\" height=\"934\" src=\"https:\/\/laprensacristiana.com\/wp-content\/uploads\/2019\/08\/WhatsApp-Image-2019-08-16-at-7.46.34-AM-1.jpeg\" alt=\"\" class=\"wp-image-6335\" srcset=\"https:\/\/laprensacristiana.com\/wp-content\/uploads\/2019\/08\/WhatsApp-Image-2019-08-16-at-7.46.34-AM-1.jpeg 720w, https:\/\/laprensacristiana.com\/wp-content\/uploads\/2019\/08\/WhatsApp-Image-2019-08-16-at-7.46.34-AM-1-600x778.jpeg 600w, https:\/\/laprensacristiana.com\/wp-content\/uploads\/2019\/08\/WhatsApp-Image-2019-08-16-at-7.46.34-AM-1-231x300.jpeg 231w, https:\/\/laprensacristiana.com\/wp-content\/uploads\/2019\/08\/WhatsApp-Image-2019-08-16-at-7.46.34-AM-1-696x903.jpeg 696w, https:\/\/laprensacristiana.com\/wp-content\/uploads\/2019\/08\/WhatsApp-Image-2019-08-16-at-7.46.34-AM-1-324x420.jpeg 324w\" sizes=\"(max-width: 720px) 100vw, 720px\" \/><\/figure>\n","protected":false},"excerpt":{"rendered":"<p>En un reciente comunicado el Tabern\u00e1culo B\u00edblico Bautista Amigos de Israel ha realizado un pronunciamiento ante los se\u00f1alamientos en contra de dicha instituci\u00f3n y el pastor general de la misma Edgar L\u00f3pez Bertrand Jr. Por parte del ex presidente de la rep\u00fablica Mauricio Funes. El comunicado cuenta con 6 puntos en los que realizan diversos [&hellip;]<\/p>\n","protected":false},"author":3,"featured_media":6336,"comment_status":"open","ping_status":"open","sticky":false,"template":"","format":"standard","meta":[],"categories":[56],"tags":[],"yoast_head":"<!-- This site is optimized with the Yoast SEO plugin v20.8 - https:\/\/yoast.com\/wordpress\/plugins\/seo\/ -->\n<title>Tabern\u00e1culo B\u00edblico Bautista Amigos de Israel se pronuncia ante se\u00f1alamientos - La Prensa Cristiana<\/title>\n<meta name=\"robots\" content=\"index, follow, max-snippet:-1, max-image-preview:large, max-video-preview:-1\" \/>\n<link rel=\"canonical\" href=\"https:\/\/laprensacristiana.com\/?p=6333\" \/>\n<meta property=\"og:locale\" content=\"es_ES\" \/>\n<meta property=\"og:type\" content=\"article\" \/>\n<meta property=\"og:title\" content=\"Tabern\u00e1culo B\u00edblico Bautista Amigos de Israel se pronuncia ante se\u00f1alamientos - La Prensa Cristiana\" \/>\n<meta property=\"og:description\" content=\"En un reciente comunicado el Tabern\u00e1culo B\u00edblico Bautista Amigos de Israel ha realizado un pronunciamiento ante los se\u00f1alamientos en contra de dicha instituci\u00f3n y el pastor general de la misma Edgar L\u00f3pez Bertrand Jr. Por parte del ex presidente de la rep\u00fablica Mauricio Funes. El comunicado cuenta con 6 puntos en los que realizan diversos [&hellip;]\" \/>\n<meta property=\"og:url\" content=\"https:\/\/laprensacristiana.com\/?p=6333\" \/>\n<meta property=\"og:site_name\" content=\"La Prensa Cristiana\" \/>\n<meta property=\"article:published_time\" content=\"2019-08-16T13:58:43+00:00\" \/>\n<meta property=\"article:modified_time\" content=\"2019-08-16T19:26:33+00:00\" \/>\n<meta property=\"og:image\" content=\"https:\/\/laprensacristiana.com\/wp-content\/uploads\/2019\/08\/WhatsApp-Image-2019-08-16-at-7.53.09-AM.jpeg\" \/>\n\t<meta property=\"og:image:width\" content=\"720\" \/>\n\t<meta property=\"og:image:height\" content=\"479\" \/>\n\t<meta property=\"og:image:type\" content=\"image\/jpeg\" \/>\n<meta name=\"author\" content=\"EDITOR\" \/>\n<meta name=\"twitter:card\" content=\"summary_large_image\" \/>\n<meta name=\"twitter:label1\" content=\"Escrito por\" \/>\n\t<meta name=\"twitter:data1\" content=\"EDITOR\" \/>\n\t<meta name=\"twitter:label2\" content=\"Tiempo de lectura\" \/>\n\t<meta name=\"twitter:data2\" content=\"1 minuto\" \/>\n<script type=\"application\/ld+json\" class=\"yoast-schema-graph\">{\"@context\":\"https:\/\/schema.org\",\"@graph\":[{\"@type\":\"WebPage\",\"@id\":\"https:\/\/laprensacristiana.com\/?p=6333\",\"url\":\"https:\/\/laprensacristiana.com\/?p=6333\",\"name\":\"Tabern\u00e1culo B\u00edblico Bautista Amigos de Israel se pronuncia ante se\u00f1alamientos - La Prensa Cristiana\",\"isPartOf\":{\"@id\":\"https:\/\/laprensacristiana.com\/#website\"},\"datePublished\":\"2019-08-16T13:58:43+00:00\",\"dateModified\":\"2019-08-16T19:26:33+00:00\",\"author\":{\"@id\":\"https:\/\/laprensacristiana.com\/#\/schema\/person\/3e7d82c6bfd6b1fa67010f8f7cd5256e\"},\"breadcrumb\":{\"@id\":\"https:\/\/laprensacristiana.com\/?p=6333#breadcrumb\"},\"inLanguage\":\"es\",\"potentialAction\":[{\"@type\":\"ReadAction\",\"target\":[\"https:\/\/laprensacristiana.com\/?p=6333\"]}]},{\"@type\":\"BreadcrumbList\",\"@id\":\"https:\/\/laprensacristiana.com\/?p=6333#breadcrumb\",\"itemListElement\":[{\"@type\":\"ListItem\",\"position\":1,\"name\":\"Portada\",\"item\":\"https:\/\/laprensacristiana.com\/\"},{\"@type\":\"ListItem\",\"position\":2,\"name\":\"Tabern\u00e1culo B\u00edblico Bautista Amigos de Israel se pronuncia ante se\u00f1alamientos\"}]},{\"@type\":\"WebSite\",\"@id\":\"https:\/\/laprensacristiana.com\/#website\",\"url\":\"https:\/\/laprensacristiana.com\/\",\"name\":\"La Prensa Cristiana\",\"description\":\"Anunciando Las Buenas Nuevas\",\"potentialAction\":[{\"@type\":\"SearchAction\",\"target\":{\"@type\":\"EntryPoint\",\"urlTemplate\":\"https:\/\/laprensacristiana.com\/?s={search_term_string}\"},\"query-input\":\"required name=search_term_string\"}],\"inLanguage\":\"es\"},{\"@type\":\"Person\",\"@id\":\"https:\/\/laprensacristiana.com\/#\/schema\/person\/3e7d82c6bfd6b1fa67010f8f7cd5256e\",\"name\":\"EDITOR\",\"image\":{\"@type\":\"ImageObject\",\"inLanguage\":\"es\",\"@id\":\"https:\/\/laprensacristiana.com\/#\/schema\/person\/image\/\",\"url\":\"https:\/\/secure.gravatar.com\/avatar\/72069dfb6c13772d9e8381e3638666d2?s=96&d=mm&r=g\",\"contentUrl\":\"https:\/\/secure.gravatar.com\/avatar\/72069dfb6c13772d9e8381e3638666d2?s=96&d=mm&r=g\",\"caption\":\"EDITOR\"},\"url\":\"https:\/\/laprensacristiana.com\/?author=3\"}]}<\/script>\n<!-- \/ Yoast SEO plugin. -->","yoast_head_json":{"title":"Tabern\u00e1culo B\u00edblico Bautista Amigos de Israel se pronuncia ante se\u00f1alamientos - La Prensa Cristiana","robots":{"index":"index","follow":"follow","max-snippet":"max-snippet:-1","max-image-preview":"max-image-preview:large","max-video-preview":"max-video-preview:-1"},"canonical":"https:\/\/laprensacristiana.com\/?p=6333","og_locale":"es_ES","og_type":"article","og_title":"Tabern\u00e1culo B\u00edblico Bautista Amigos de Israel se pronuncia ante se\u00f1alamientos - La Prensa Cristiana","og_description":"En un reciente comunicado el Tabern\u00e1culo B\u00edblico Bautista Amigos de Israel ha realizado un pronunciamiento ante los se\u00f1alamientos en contra de dicha instituci\u00f3n y el pastor general de la misma Edgar L\u00f3pez Bertrand Jr. Por parte del ex presidente de la rep\u00fablica Mauricio Funes. El comunicado cuenta con 6 puntos en los que realizan diversos [&hellip;]","og_url":"https:\/\/laprensacristiana.com\/?p=6333","og_site_name":"La Prensa Cristiana","article_published_time":"2019-08-16T13:58:43+00:00","article_modified_time":"2019-08-16T19:26:33+00:00","og_image":[{"width":720,"height":479,"url":"https:\/\/laprensacristiana.com\/wp-content\/uploads\/2019\/08\/WhatsApp-Image-2019-08-16-at-7.53.09-AM.jpeg","type":"image\/jpeg"}],"author":"EDITOR","twitter_card":"summary_large_image","twitter_misc":{"Escrito por":"EDITOR","Tiempo de lectura":"1 minuto"},"schema":{"@context":"https:\/\/schema.org","@graph":[{"@type":"WebPage","@id":"https:\/\/laprensacristiana.com\/?p=6333","url":"https:\/\/laprensacristiana.com\/?p=6333","name":"Tabern\u00e1culo B\u00edblico Bautista Amigos de Israel se pronuncia ante se\u00f1alamientos - La Prensa Cristiana","isPartOf":{"@id":"https:\/\/laprensacristiana.com\/#website"},"datePublished":"2019-08-16T13:58:43+00:00","dateModified":"2019-08-16T19:26:33+00:00","author":{"@id":"https:\/\/laprensacristiana.com\/#\/schema\/person\/3e7d82c6bfd6b1fa67010f8f7cd5256e"},"breadcrumb":{"@id":"https:\/\/laprensacristiana.com\/?p=6333#breadcrumb"},"inLanguage":"es","potentialAction":[{"@type":"ReadAction","target":["https:\/\/laprensacristiana.com\/?p=6333"]}]},{"@type":"BreadcrumbList","@id":"https:\/\/laprensacristiana.com\/?p=6333#breadcrumb","itemListElement":[{"@type":"ListItem","position":1,"name":"Portada","item":"https:\/\/laprensacristiana.com\/"},{"@type":"ListItem","position":2,"name":"Tabern\u00e1culo B\u00edblico Bautista Amigos de Israel se pronuncia ante se\u00f1alamientos"}]},{"@type":"WebSite","@id":"https:\/\/laprensacristiana.com\/#website","url":"https:\/\/laprensacristiana.com\/","name":"La Prensa Cristiana","description":"Anunciando Las Buenas Nuevas","potentialAction":[{"@type":"SearchAction","target":{"@type":"EntryPoint","urlTemplate":"https:\/\/laprensacristiana.com\/?s={search_term_string}"},"query-input":"required name=search_term_string"}],"inLanguage":"es"},{"@type":"Person","@id":"https:\/\/laprensacristiana.com\/#\/schema\/person\/3e7d82c6bfd6b1fa67010f8f7cd5256e","name":"EDITOR","image":{"@type":"ImageObject","inLanguage":"es","@id":"https:\/\/laprensacristiana.com\/#\/schema\/person\/image\/","url":"https:\/\/secure.gravatar.com\/avatar\/72069dfb6c13772d9e8381e3638666d2?s=96&d=mm&r=g","contentUrl":"https:\/\/secure.gravatar.com\/avatar\/72069dfb6c13772d9e8381e3638666d2?s=96&d=mm&r=g","caption":"EDITOR"},"url":"https:\/\/laprensacristiana.com\/?author=3"}]}},"_links":{"self":[{"href":"https:\/\/laprensacristiana.com\/index.php?rest_route=\/wp\/v2\/posts\/6333"}],"collection":[{"href":"https:\/\/laprensacristiana.com\/index.php?rest_route=\/wp\/v2\/posts"}],"about":[{"href":"https:\/\/laprensacristiana.com\/index.php?rest_route=\/wp\/v2\/types\/post"}],"author":[{"embeddable":true,"href":"https:\/\/laprensacristiana.com\/index.php?rest_route=\/wp\/v2\/users\/3"}],"replies":[{"embeddable":true,"href":"https:\/\/laprensacristiana.com\/index.php?rest_route=%2Fwp%2Fv2%2Fcomments&post=6333"}],"version-history":[{"count":2,"href":"https:\/\/laprensacristiana.com\/index.php?rest_route=\/wp\/v2\/posts\/6333\/revisions"}],"predecessor-version":[{"id":6338,"href":"https:\/\/laprensacristiana.com\/index.php?rest_route=\/wp\/v2\/posts\/6333\/revisions\/6338"}],"wp:featuredmedia":[{"embeddable":true,"href":"https:\/\/laprensacristiana.com\/index.php?rest_route=\/wp\/v2\/media\/6336"}],"wp:attachment":[{"href":"https:\/\/laprensacristiana.com\/index.php?rest_route=%2Fwp%2Fv2%2Fmedia&parent=6333"}],"wp:term":[{"taxonomy":"category","embeddable":true,"href":"https:\/\/laprensacristiana.com\/index.php?rest_route=%2Fwp%2Fv2%2Fcategories&post=6333"},{"taxonomy":"post_tag","embeddable":true,"href":"https:\/\/laprensacristiana.com\/index.php?rest_route=%2Fwp%2Fv2%2Ftags&post=6333"}],"curies":[{"name":"wp","href":"https:\/\/api.w.org\/{rel}","templated":true}]}}