{"id":6341,"date":"2019-08-18T20:39:31","date_gmt":"2019-08-18T20:39:31","guid":{"rendered":"https:\/\/laprensacristiana.com\/?p=6341"},"modified":"2019-08-18T20:39:33","modified_gmt":"2019-08-18T20:39:33","slug":"ahora-me-toca-a-mi","status":"publish","type":"post","link":"https:\/\/laprensacristiana.com\/?p=6341","title":{"rendered":"\u00a1AHORA ME TOCA A MI!"},"content":{"rendered":"\n<p>Por: Edgar L\u00f3pez Bertrand Jr \/ Pastor General TBB Amigos de Israel<\/p>\n\n\n\n<p><strong><em>No es momento de defenderse, es momento de analizar y aprender en que tipo de mundo estamos viviendo<\/em><\/strong>.<\/p>\n\n\n\n<p>Por los \u00faltimos 42 a\u00f1os me ha tocado vivir todo tipo de problemas personales y familiares, cronol\u00f3gicamente&nbsp;podr\u00eda enumerar cada uno de ellos; estaba yo en sexto grado cuando un periodico nacional public\u00f3 una portada que dec\u00eda \u201cPASTOR EVANGELICO INVOLUCRADO EN ROBO\u201d.<\/p>\n\n\n\n<p>\u00bfSe imaginan a mi edad lo que se siente llegar al colegio y sentir que las miradas de mis compa\u00f1eros surgieran ya que mi padre estaba siendo condenado sin haber sido escuchado, ni defendido por un abogado?. Como hijo no&nbsp;entend\u00eda que raz\u00f3n tenia la sociedad de ser tan dura en contra de un hombre que aparte de ser mi pap\u00e1 se&nbsp;desempe\u00f1aba como predicador.<\/p>\n\n\n\n<p>Fue una etapa dif\u00edcil para mi madre y mis hermanos, era dif\u00edcil salir al supermercado como tambi\u00e9n asistir a actividades familiares ya que nadie quer\u00eda estar cerca de un acusado de robo, sin saber que ya le condenaron como ladr\u00f3n; esta etapa fue tan oscura que no entend\u00eda las lagrimas de mi madre por tanta carga en su coraz\u00f3n y esp\u00edritu.<\/p>\n\n\n\n<p>Por m\u00e1s que el tiempo avanzaba el sentimiento de rechazo estaba presente en mi colegio, comunidad y concilio de iglesias locales; cotidianamente preguntaba \u00bfQu\u00e9 deb\u00eda hacer como hijo? y mi padre respond\u00eda: ya pasar\u00e1, pero eso para m\u00ed no era suficiente, como hijo yo quer\u00eda gritar y decir que lo que publicaron era falso, pero Dios tenia otros planes para nuestra familia.<\/p>\n\n\n\n<p>Bueno es Dios para con sus hijos dice la Biblia y solo me quedaba esperar, luego con el pasar de los a\u00f1os surgieron otros problemas dentro de la Iglesia donde asist\u00edamos, a tal punto que se nos entreg\u00f3 una carta de expulsi\u00f3n de una congregaci\u00f3n marcando nuestras vidas para siempre, al recibir la nota de la iglesia firmada por el pastor general de dicha organizaci\u00f3n, volvimos a sentir el dolor del menosprecio.<\/p>\n\n\n\n<p>Se debe estar bien fundamentado para no negar la fe, es por ello que hoy comparto mi experiencia: \u201cHoy me toca a m\u00ed\u201d, &nbsp;hoy soy yo el que est\u00e1 en el banquillo de los acusados, se\u00f1alamientos y muchos malos sentimientos; ya con una familia me toca poner la cara dura y seguir avanzando sin mirar atr\u00e1s. Ahora me toca a mi consolar a mis hijos y explicar que servir a Dios y a la comunidad nos expone a la critica, calumnia y dolor.<\/p>\n\n\n\n<p>Fue por estos motivos que hoy escribo estas palabras, las cuales espero sean de consuelo por si ma\u00f1ana te toca a ti estar en el banquillo de los acusados, mantengan tu frente el alto pero tu coraz\u00f3n llenos de humildad; estos procesos terminan, estos procesos son parte del diario vivir de personas que esta en el ojo publico, J\u00e1mas olvides que cuando creces siempre encontraras a alguien que te quiera derribar.<\/p>\n\n\n\n<p>Por lo anteriormente expuesto dejo parte de tres consejo que mi padre me regalo en sus peores momentos, lo primero que me recomend\u00f3 fue: &nbsp;NO TE MUEVAS, mant\u00e9n tus convicciones, NO TE RINDAS, la fatiga llegara pero Dios est\u00e1 contigo, NO TE ENREDES, en vanas palabrerias que no traen ning\u00fan fruto positivo si no mas bien nos complican lo sencillo que es la verdad.<\/p>\n\n\n\n<p>Malo es quedarse con ese resentimiento en el coraz\u00f3n, aprendamos a perdonar y a pasar la pagina, aprendamos a reconstruir lo que otro derribo; al final los resultados los tiene Dios y ser\u00e1 de bendici\u00f3n para sus hijos, los que le aman y buscan en verdad.<\/p>\n\n\n\n<p>Hoy me toca a mi, pero no olvides que ma\u00f1ana te puede tocar a ti.<\/p>\n\n\n\n<p>Un Simple Predicador<\/p>\n\n\n\n<p>Toby Jr.<\/p>\n","protected":false},"excerpt":{"rendered":"<p>Por: Edgar L\u00f3pez Bertrand Jr \/ Pastor General TBB Amigos de Israel No es momento de defenderse, es momento de analizar y aprender en que tipo de mundo estamos viviendo. Por los \u00faltimos 42 a\u00f1os me ha tocado vivir todo tipo de problemas personales y familiares, cronol\u00f3gicamente&nbsp;podr\u00eda enumerar cada uno de ellos; estaba yo en [&hellip;]<\/p>\n","protected":false},"author":3,"featured_media":6342,"comment_status":"open","ping_status":"open","sticky":false,"template":"","format":"standard","meta":[],"categories":[23],"tags":[],"yoast_head":"<!-- This site is optimized with the Yoast SEO plugin v20.8 - https:\/\/yoast.com\/wordpress\/plugins\/seo\/ -->\n<title>\u00a1AHORA ME TOCA A MI! - La Prensa Cristiana<\/title>\n<meta name=\"robots\" content=\"index, follow, max-snippet:-1, max-image-preview:large, max-video-preview:-1\" \/>\n<link rel=\"canonical\" href=\"https:\/\/laprensacristiana.com\/?p=6341\" \/>\n<meta property=\"og:locale\" content=\"es_ES\" \/>\n<meta property=\"og:type\" content=\"article\" \/>\n<meta property=\"og:title\" content=\"\u00a1AHORA ME TOCA A MI! - La Prensa Cristiana\" \/>\n<meta property=\"og:description\" content=\"Por: Edgar L\u00f3pez Bertrand Jr \/ Pastor General TBB Amigos de Israel No es momento de defenderse, es momento de analizar y aprender en que tipo de mundo estamos viviendo. Por los \u00faltimos 42 a\u00f1os me ha tocado vivir todo tipo de problemas personales y familiares, cronol\u00f3gicamente&nbsp;podr\u00eda enumerar cada uno de ellos; estaba yo en [&hellip;]\" \/>\n<meta property=\"og:url\" content=\"https:\/\/laprensacristiana.com\/?p=6341\" \/>\n<meta property=\"og:site_name\" content=\"La Prensa Cristiana\" \/>\n<meta property=\"article:published_time\" content=\"2019-08-18T20:39:31+00:00\" \/>\n<meta property=\"article:modified_time\" content=\"2019-08-18T20:39:33+00:00\" \/>\n<meta property=\"og:image\" content=\"https:\/\/laprensacristiana.com\/wp-content\/uploads\/2019\/08\/IMG_1450-scaled.jpg\" \/>\n\t<meta property=\"og:image:width\" content=\"2560\" \/>\n\t<meta property=\"og:image:height\" content=\"1707\" \/>\n\t<meta property=\"og:image:type\" content=\"image\/jpeg\" \/>\n<meta name=\"author\" content=\"EDITOR\" \/>\n<meta name=\"twitter:card\" content=\"summary_large_image\" \/>\n<meta name=\"twitter:label1\" content=\"Escrito por\" \/>\n\t<meta name=\"twitter:data1\" content=\"EDITOR\" \/>\n\t<meta name=\"twitter:label2\" content=\"Tiempo de lectura\" \/>\n\t<meta name=\"twitter:data2\" content=\"3 minutos\" \/>\n<script type=\"application\/ld+json\" class=\"yoast-schema-graph\">{\"@context\":\"https:\/\/schema.org\",\"@graph\":[{\"@type\":\"WebPage\",\"@id\":\"https:\/\/laprensacristiana.com\/?p=6341\",\"url\":\"https:\/\/laprensacristiana.com\/?p=6341\",\"name\":\"\u00a1AHORA ME TOCA A MI! - La Prensa Cristiana\",\"isPartOf\":{\"@id\":\"https:\/\/laprensacristiana.com\/#website\"},\"datePublished\":\"2019-08-18T20:39:31+00:00\",\"dateModified\":\"2019-08-18T20:39:33+00:00\",\"author\":{\"@id\":\"https:\/\/laprensacristiana.com\/#\/schema\/person\/3e7d82c6bfd6b1fa67010f8f7cd5256e\"},\"breadcrumb\":{\"@id\":\"https:\/\/laprensacristiana.com\/?p=6341#breadcrumb\"},\"inLanguage\":\"es\",\"potentialAction\":[{\"@type\":\"ReadAction\",\"target\":[\"https:\/\/laprensacristiana.com\/?p=6341\"]}]},{\"@type\":\"BreadcrumbList\",\"@id\":\"https:\/\/laprensacristiana.com\/?p=6341#breadcrumb\",\"itemListElement\":[{\"@type\":\"ListItem\",\"position\":1,\"name\":\"Portada\",\"item\":\"https:\/\/laprensacristiana.com\/\"},{\"@type\":\"ListItem\",\"position\":2,\"name\":\"\u00a1AHORA ME TOCA A MI!\"}]},{\"@type\":\"WebSite\",\"@id\":\"https:\/\/laprensacristiana.com\/#website\",\"url\":\"https:\/\/laprensacristiana.com\/\",\"name\":\"La Prensa Cristiana\",\"description\":\"Anunciando Las Buenas Nuevas\",\"potentialAction\":[{\"@type\":\"SearchAction\",\"target\":{\"@type\":\"EntryPoint\",\"urlTemplate\":\"https:\/\/laprensacristiana.com\/?s={search_term_string}\"},\"query-input\":\"required name=search_term_string\"}],\"inLanguage\":\"es\"},{\"@type\":\"Person\",\"@id\":\"https:\/\/laprensacristiana.com\/#\/schema\/person\/3e7d82c6bfd6b1fa67010f8f7cd5256e\",\"name\":\"EDITOR\",\"image\":{\"@type\":\"ImageObject\",\"inLanguage\":\"es\",\"@id\":\"https:\/\/laprensacristiana.com\/#\/schema\/person\/image\/\",\"url\":\"https:\/\/secure.gravatar.com\/avatar\/72069dfb6c13772d9e8381e3638666d2?s=96&d=mm&r=g\",\"contentUrl\":\"https:\/\/secure.gravatar.com\/avatar\/72069dfb6c13772d9e8381e3638666d2?s=96&d=mm&r=g\",\"caption\":\"EDITOR\"},\"url\":\"https:\/\/laprensacristiana.com\/?author=3\"}]}<\/script>\n<!-- \/ Yoast SEO plugin. -->","yoast_head_json":{"title":"\u00a1AHORA ME TOCA A MI! - La Prensa Cristiana","robots":{"index":"index","follow":"follow","max-snippet":"max-snippet:-1","max-image-preview":"max-image-preview:large","max-video-preview":"max-video-preview:-1"},"canonical":"https:\/\/laprensacristiana.com\/?p=6341","og_locale":"es_ES","og_type":"article","og_title":"\u00a1AHORA ME TOCA A MI! - La Prensa Cristiana","og_description":"Por: Edgar L\u00f3pez Bertrand Jr \/ Pastor General TBB Amigos de Israel No es momento de defenderse, es momento de analizar y aprender en que tipo de mundo estamos viviendo. Por los \u00faltimos 42 a\u00f1os me ha tocado vivir todo tipo de problemas personales y familiares, cronol\u00f3gicamente&nbsp;podr\u00eda enumerar cada uno de ellos; estaba yo en [&hellip;]","og_url":"https:\/\/laprensacristiana.com\/?p=6341","og_site_name":"La Prensa Cristiana","article_published_time":"2019-08-18T20:39:31+00:00","article_modified_time":"2019-08-18T20:39:33+00:00","og_image":[{"width":2560,"height":1707,"url":"https:\/\/laprensacristiana.com\/wp-content\/uploads\/2019\/08\/IMG_1450-scaled.jpg","type":"image\/jpeg"}],"author":"EDITOR","twitter_card":"summary_large_image","twitter_misc":{"Escrito por":"EDITOR","Tiempo de lectura":"3 minutos"},"schema":{"@context":"https:\/\/schema.org","@graph":[{"@type":"WebPage","@id":"https:\/\/laprensacristiana.com\/?p=6341","url":"https:\/\/laprensacristiana.com\/?p=6341","name":"\u00a1AHORA ME TOCA A MI! - La Prensa Cristiana","isPartOf":{"@id":"https:\/\/laprensacristiana.com\/#website"},"datePublished":"2019-08-18T20:39:31+00:00","dateModified":"2019-08-18T20:39:33+00:00","author":{"@id":"https:\/\/laprensacristiana.com\/#\/schema\/person\/3e7d82c6bfd6b1fa67010f8f7cd5256e"},"breadcrumb":{"@id":"https:\/\/laprensacristiana.com\/?p=6341#breadcrumb"},"inLanguage":"es","potentialAction":[{"@type":"ReadAction","target":["https:\/\/laprensacristiana.com\/?p=6341"]}]},{"@type":"BreadcrumbList","@id":"https:\/\/laprensacristiana.com\/?p=6341#breadcrumb","itemListElement":[{"@type":"ListItem","position":1,"name":"Portada","item":"https:\/\/laprensacristiana.com\/"},{"@type":"ListItem","position":2,"name":"\u00a1AHORA ME TOCA A MI!"}]},{"@type":"WebSite","@id":"https:\/\/laprensacristiana.com\/#website","url":"https:\/\/laprensacristiana.com\/","name":"La Prensa Cristiana","description":"Anunciando Las Buenas Nuevas","potentialAction":[{"@type":"SearchAction","target":{"@type":"EntryPoint","urlTemplate":"https:\/\/laprensacristiana.com\/?s={search_term_string}"},"query-input":"required name=search_term_string"}],"inLanguage":"es"},{"@type":"Person","@id":"https:\/\/laprensacristiana.com\/#\/schema\/person\/3e7d82c6bfd6b1fa67010f8f7cd5256e","name":"EDITOR","image":{"@type":"ImageObject","inLanguage":"es","@id":"https:\/\/laprensacristiana.com\/#\/schema\/person\/image\/","url":"https:\/\/secure.gravatar.com\/avatar\/72069dfb6c13772d9e8381e3638666d2?s=96&d=mm&r=g","contentUrl":"https:\/\/secure.gravatar.com\/avatar\/72069dfb6c13772d9e8381e3638666d2?s=96&d=mm&r=g","caption":"EDITOR"},"url":"https:\/\/laprensacristiana.com\/?author=3"}]}},"_links":{"self":[{"href":"https:\/\/laprensacristiana.com\/index.php?rest_route=\/wp\/v2\/posts\/6341"}],"collection":[{"href":"https:\/\/laprensacristiana.com\/index.php?rest_route=\/wp\/v2\/posts"}],"about":[{"href":"https:\/\/laprensacristiana.com\/index.php?rest_route=\/wp\/v2\/types\/post"}],"author":[{"embeddable":true,"href":"https:\/\/laprensacristiana.com\/index.php?rest_route=\/wp\/v2\/users\/3"}],"replies":[{"embeddable":true,"href":"https:\/\/laprensacristiana.com\/index.php?rest_route=%2Fwp%2Fv2%2Fcomments&post=6341"}],"version-history":[{"count":1,"href":"https:\/\/laprensacristiana.com\/index.php?rest_route=\/wp\/v2\/posts\/6341\/revisions"}],"predecessor-version":[{"id":6343,"href":"https:\/\/laprensacristiana.com\/index.php?rest_route=\/wp\/v2\/posts\/6341\/revisions\/6343"}],"wp:featuredmedia":[{"embeddable":true,"href":"https:\/\/laprensacristiana.com\/index.php?rest_route=\/wp\/v2\/media\/6342"}],"wp:attachment":[{"href":"https:\/\/laprensacristiana.com\/index.php?rest_route=%2Fwp%2Fv2%2Fmedia&parent=6341"}],"wp:term":[{"taxonomy":"category","embeddable":true,"href":"https:\/\/laprensacristiana.com\/index.php?rest_route=%2Fwp%2Fv2%2Fcategories&post=6341"},{"taxonomy":"post_tag","embeddable":true,"href":"https:\/\/laprensacristiana.com\/index.php?rest_route=%2Fwp%2Fv2%2Ftags&post=6341"}],"curies":[{"name":"wp","href":"https:\/\/api.w.org\/{rel}","templated":true}]}}