{"id":6351,"date":"2019-08-20T16:19:34","date_gmt":"2019-08-20T16:19:34","guid":{"rendered":"https:\/\/laprensacristiana.com\/?p=6351"},"modified":"2019-08-20T16:19:38","modified_gmt":"2019-08-20T16:19:38","slug":"un-fenomeno-llamado-intolerancia","status":"publish","type":"post","link":"https:\/\/laprensacristiana.com\/?p=6351","title":{"rendered":"Un fen\u00f3meno llamado intolerancia"},"content":{"rendered":"\n<p>La tolerancia en es una palabra con un amplio\nsignificado, seg\u00fan la Real Academia Espa\u00f1ola es la Acci\u00f3n y efecto de tolerar. &nbsp;Se trata del respeto a las diferentes ideas\nque existen, creencias o pr\u00e1cticas de los dem\u00e1s aun y cuando son diferentes o\ncontrarias a las propias. <\/p>\n\n\n\n<p>A lo largo de la existencia humana se han\nregistrado m\u00faltiples actos y cr\u00edmenes en nombre de la intolerancia, el ser\nhumano no nace intolerante o tolerante socialmente, es un comportamiento\nadquirido de acuerdo a las vivencias. La humanidad se encuentra fragmentada por\ndiversos pensamientos, religiones, creencias, posici\u00f3n econ\u00f3mica etc.<\/p>\n\n\n\n<p>Uno de los principales problemas es que cada\nsector en la sociedad defiende a capa y espada sus ideales, sin importar el\nrespeto y la opini\u00f3n de los dem\u00e1s. <\/p>\n\n\n\n<p>Desde hace unos a\u00f1os en El Salvador se han\nregistrado varios asesinatos a causa de este fen\u00f3meno social, en el a\u00f1o 2016 un\nperi\u00f3dico de circulaci\u00f3n nacional dio a conocer una nota, en la cual se realiz\u00f3\nun recuento de 6 casos de asesinato por intolerancia: Un capit\u00e1n de la Fuerza\nA\u00e9rea de El Salvador fue asesinado con arma de fuego por su vecino tras una\ndiscusi\u00f3n por un parqueo, una disputa por un asiento dentro de una ruta\ncolectiva termino en muerte, un vigilante asesina a un taxista por no haber\npagado $1 por parqueo, joven mata a su hermana por un par de zapatos, estos son\nsolo algunos casos que se han registrado. <\/p>\n\n\n\n<p>El sector evang\u00e9lico no est\u00e1 exento de este\nfen\u00f3meno que aqueja a la sociedad no solo en El Salvador si no alrededor del\nmundo. En el a\u00f1o 2016 se dio a conocer el asesinato de un pastor al interior de\nuna unidad de transporte colectivo, los testigos del ataque que viajaban en la\nunidad de transporte manifestaron que este se llev\u00f3 a cabo por un pasajero que\nno soport\u00f3 escuchar a Carlos Carrillo mientras expon\u00eda su mensaje\nevangel\u00edstico. Luego de cometer el delito el atacante huy\u00f3 de la escena del\ncrimen.<\/p>\n\n\n\n<p>Entrevistamos al pastor Juan Carlos Hasbun de\nIglesia Cristiana Kemuel para obtener su opini\u00f3n acerca de esta problem\u00e1tica\nque atraviesa el pa\u00eds.<\/p>\n\n\n\n<p>A su criterio \u00bfcu\u00e1les son las principales\ncausas de la intolerancia? <\/p>\n\n\n\n<p>La tolerancia es subjetiva a toda cultura, a\ntodo momento y toda etnia. Jes\u00fas fue intolerante con los religiosos y\nlegalistas, que antepon\u00edan la ley al ser humano, sin embargo, fue respetuoso,\nno tolerante del pecado, pero si respetuoso de la mujer ad\u00faltera y de otros\ncasos similares, la conducta moral era altamente se\u00f1alada por la ley. <\/p>\n\n\n\n<p>La falta de la intolerancia en primer lugar es\nla ignorancia y en segundo lugar la falta de relaci\u00f3n con Dios, muchas veces\ndisfrazamos la falta de comunicaci\u00f3n con Dios con una actitud legalista.<\/p>\n\n\n\n<p>\u00bfCu\u00e1l es el aporte que la iglesia evang\u00e9lica\npuede generar para disminuir o erradicar est\u00e1 crisis de intolerancia? <\/p>\n\n\n\n<p>La Iglesia Evang\u00e9lica debe estar centrada en La\nPalabra, los valores y en los principios, cuando se predica sobre la palabra,\nlos valores y los principios no somos nosotros si no que es el Esp\u00edritu Santo\nel que pone el querer y el hacer en las personas alrededor que est\u00e1n separadas\nde la voluntad o la l\u00ednea que Dios a establecido en su palabra. La Iglesia Evang\u00e9lica\ndeber\u00eda enfocarse en predicar, en ser siempre herramienta de palabra,\nrevelaci\u00f3n y amor.<\/p>\n\n\n\n<p>\u00bfExiste dentro de la iglesia casos de\nintolerancia? \u00bfPastoralmente c\u00f3mo se deben manejar?<\/p>\n\n\n\n<p>Casos de intolerancia dentro de una iglesia est\u00e1n sujetos a los dogmas de cada denominaci\u00f3n o cada congregaci\u00f3n y hay que aprender a ser respetuosos con la opini\u00f3n que cada quien tiene sobre ciertos temas, sin embargo yo creo siempre vuelva al amor, muchas veces la exhortaci\u00f3n y esto no debe verse como intolerancia simplemente la palabra nos ense\u00f1a a exhortar siempre que sea necesario, a dar palabra, a redarg\u00fcir, sin embrago cuando ya hay un tinte personal, un tinte de conflicto, creo que un coraz\u00f3n herido siempre va a ser intolerante a quien le hiri\u00f3 por eso el Esp\u00edritu Santo es el perfecto sanador a los corazones. <\/p>\n\n\n\n<figure class=\"wp-block-image\"><img decoding=\"async\" loading=\"lazy\" width=\"857\" height=\"660\" src=\"https:\/\/laprensacristiana.com\/wp-content\/uploads\/2019\/08\/Hasbun.jpg\" alt=\"\" class=\"wp-image-6352\" srcset=\"https:\/\/laprensacristiana.com\/wp-content\/uploads\/2019\/08\/Hasbun.jpg 857w, https:\/\/laprensacristiana.com\/wp-content\/uploads\/2019\/08\/Hasbun-600x462.jpg 600w, https:\/\/laprensacristiana.com\/wp-content\/uploads\/2019\/08\/Hasbun-300x231.jpg 300w, https:\/\/laprensacristiana.com\/wp-content\/uploads\/2019\/08\/Hasbun-768x591.jpg 768w, https:\/\/laprensacristiana.com\/wp-content\/uploads\/2019\/08\/Hasbun-696x536.jpg 696w, https:\/\/laprensacristiana.com\/wp-content\/uploads\/2019\/08\/Hasbun-545x420.jpg 545w\" sizes=\"(max-width: 857px) 100vw, 857px\" \/><\/figure>\n\n\n\n<p>Tambi\u00e9n conversamos con el crimin\u00f3logo y\nexperto en seguridad Lic. Jos\u00e9 Ricardo Sosa sobre la intolerancia:<\/p>\n\n\n\n<p>\u00bfDesde el punto de vista criminol\u00f3gico c\u00f3mo\nest\u00e1 tipificada la intolerancia?<\/p>\n\n\n\n<p>Se define como una falta de habilidad y\nvoluntad de tolerar algo que trae como consecuencia una discriminaci\u00f3n que\npuede llevar a la persona hasta cometer una conducta agresiva verbal, f\u00edsica;\nuna persona intolerante pretende imponer sus pensamientos, costumbres, forma de\nver la vida en varios enfoques; la manifestaci\u00f3n m\u00e1s evidente es no soportar\nlas opiniones diferentes a las de \u00e9l o ella, existe una falta de respeto porque\notra persona piensa diferente en \u00e1reas como la pol\u00edtica, cultura, sexualidad,\nreligi\u00f3n, raza entre otros. Se puede considerar un anti valor.<\/p>\n\n\n\n<p>\u00bfDe casos conocidos cual es el abordaje que se\npuede dar para apoyar a disminuir esta problem\u00e1tica?<\/p>\n\n\n\n<p>Una persona intolerante privilegia la violencia\nverbal o f\u00edsica como m\u00e9todo de resolver cualquier diferencia con otra persona,\npor lo que estas personas lo primero que deben hacer es reconocer que tienen un\nproblema que les genera inconvenientes en sus realidades diarias, afectan su\nentorno y poco a poco su familia, amigos, compa\u00f1eros los dejan solos, queda\naislado por su misma actitud.<\/p>\n\n\n\n<p>\u00bfQu\u00e9 consejos dar\u00eda a las personas para evitar\nenvolverse en la intolerancia y como apoyar a otros?<\/p>\n\n\n\n<p>Deben buscar ayuda de un consejero espiritual o profesional de la psicolog\u00eda, adem\u00e1s existen terapias grupales con excelentes resultados para que pueden comprender que hay otras personas que han buscado asistencia. La labor de una persona que conoce a alguien que presenta intolerancia es poder con mucho amor y sabidur\u00eda sugerirle que busque ayuda, y de ser posible recomendarle a un consejero espiritual o profesional, as\u00ed como grupos de terapia. Otra sugerencia es poder regalar literatura o audios que puedan sensibilizar a la persona. Se debe trabajar en las Iglesias en promover una cultura de paz y respeto, practicando el amor fraterno e impulsando campa\u00f1as que promuevan la pr\u00e1ctica de valores y principios, ya que los mismos no se han perdido, los hemos dejado de practicar. La intolerancia en El Salvador llega hasta el punto de asesinatos por disputas de parqueos o peleas en el tr\u00e1fico, sem\u00e1foros, restaurantes o parqueos al interior de sendas y calles. Concluy\u00f3 el Lic. Sosa. <\/p>\n\n\n\n<figure class=\"wp-block-image\"><img decoding=\"async\" loading=\"lazy\" width=\"857\" height=\"512\" src=\"https:\/\/laprensacristiana.com\/wp-content\/uploads\/2019\/08\/Sosa.jpg\" alt=\"\" class=\"wp-image-6353\" srcset=\"https:\/\/laprensacristiana.com\/wp-content\/uploads\/2019\/08\/Sosa.jpg 857w, https:\/\/laprensacristiana.com\/wp-content\/uploads\/2019\/08\/Sosa-600x358.jpg 600w, https:\/\/laprensacristiana.com\/wp-content\/uploads\/2019\/08\/Sosa-300x179.jpg 300w, https:\/\/laprensacristiana.com\/wp-content\/uploads\/2019\/08\/Sosa-768x459.jpg 768w, https:\/\/laprensacristiana.com\/wp-content\/uploads\/2019\/08\/Sosa-696x416.jpg 696w, https:\/\/laprensacristiana.com\/wp-content\/uploads\/2019\/08\/Sosa-703x420.jpg 703w\" sizes=\"(max-width: 857px) 100vw, 857px\" \/><\/figure>\n\n\n\n<p>Es deber de la sociedad en general procurar\npracticar y vivir una cultura de paz, como profesantes de la fe, existe un\nllamado latente ha ser embajadores de paz, comenzando desde casa para luego\nafectar al vecino, la colonia, ciudad y al mundo entero. <\/p>\n\n\n\n<p>\u201cBienaventurados los que procuran la paz, pues ellos ser\u00e1n llamados hijos de Dios\u201d San Mateo 5:9 LBLA.<\/p>\n","protected":false},"excerpt":{"rendered":"<p>La tolerancia en es una palabra con un amplio significado, seg\u00fan la Real Academia Espa\u00f1ola es la Acci\u00f3n y efecto de tolerar. &nbsp;Se trata del respeto a las diferentes ideas que existen, creencias o pr\u00e1cticas de los dem\u00e1s aun y cuando son diferentes o contrarias a las propias. A lo largo de la existencia humana [&hellip;]<\/p>\n","protected":false},"author":3,"featured_media":6354,"comment_status":"open","ping_status":"open","sticky":false,"template":"","format":"standard","meta":[],"categories":[50],"tags":[],"yoast_head":"<!-- This site is optimized with the Yoast SEO plugin v20.8 - https:\/\/yoast.com\/wordpress\/plugins\/seo\/ -->\n<title>Un fen\u00f3meno llamado intolerancia - La Prensa Cristiana<\/title>\n<meta name=\"robots\" content=\"index, follow, max-snippet:-1, max-image-preview:large, max-video-preview:-1\" \/>\n<link rel=\"canonical\" href=\"https:\/\/laprensacristiana.com\/?p=6351\" \/>\n<meta property=\"og:locale\" content=\"es_ES\" \/>\n<meta property=\"og:type\" content=\"article\" \/>\n<meta property=\"og:title\" content=\"Un fen\u00f3meno llamado intolerancia - La Prensa Cristiana\" \/>\n<meta property=\"og:description\" content=\"La tolerancia en es una palabra con un amplio significado, seg\u00fan la Real Academia Espa\u00f1ola es la Acci\u00f3n y efecto de tolerar. &nbsp;Se trata del respeto a las diferentes ideas que existen, creencias o pr\u00e1cticas de los dem\u00e1s aun y cuando son diferentes o contrarias a las propias. A lo largo de la existencia humana [&hellip;]\" \/>\n<meta property=\"og:url\" content=\"https:\/\/laprensacristiana.com\/?p=6351\" \/>\n<meta property=\"og:site_name\" content=\"La Prensa Cristiana\" \/>\n<meta property=\"article:published_time\" content=\"2019-08-20T16:19:34+00:00\" \/>\n<meta property=\"article:modified_time\" content=\"2019-08-20T16:19:38+00:00\" \/>\n<meta property=\"og:image\" content=\"https:\/\/laprensacristiana.com\/wp-content\/uploads\/2019\/08\/portada.jpg\" \/>\n\t<meta property=\"og:image:width\" content=\"2355\" \/>\n\t<meta property=\"og:image:height\" content=\"1757\" \/>\n\t<meta property=\"og:image:type\" content=\"image\/jpeg\" \/>\n<meta name=\"author\" content=\"EDITOR\" \/>\n<meta name=\"twitter:card\" content=\"summary_large_image\" \/>\n<meta name=\"twitter:label1\" content=\"Escrito por\" \/>\n\t<meta name=\"twitter:data1\" content=\"EDITOR\" \/>\n\t<meta name=\"twitter:label2\" content=\"Tiempo de lectura\" \/>\n\t<meta name=\"twitter:data2\" content=\"6 minutos\" \/>\n<script type=\"application\/ld+json\" class=\"yoast-schema-graph\">{\"@context\":\"https:\/\/schema.org\",\"@graph\":[{\"@type\":\"WebPage\",\"@id\":\"https:\/\/laprensacristiana.com\/?p=6351\",\"url\":\"https:\/\/laprensacristiana.com\/?p=6351\",\"name\":\"Un fen\u00f3meno llamado intolerancia - La Prensa Cristiana\",\"isPartOf\":{\"@id\":\"https:\/\/laprensacristiana.com\/#website\"},\"datePublished\":\"2019-08-20T16:19:34+00:00\",\"dateModified\":\"2019-08-20T16:19:38+00:00\",\"author\":{\"@id\":\"https:\/\/laprensacristiana.com\/#\/schema\/person\/3e7d82c6bfd6b1fa67010f8f7cd5256e\"},\"breadcrumb\":{\"@id\":\"https:\/\/laprensacristiana.com\/?p=6351#breadcrumb\"},\"inLanguage\":\"es\",\"potentialAction\":[{\"@type\":\"ReadAction\",\"target\":[\"https:\/\/laprensacristiana.com\/?p=6351\"]}]},{\"@type\":\"BreadcrumbList\",\"@id\":\"https:\/\/laprensacristiana.com\/?p=6351#breadcrumb\",\"itemListElement\":[{\"@type\":\"ListItem\",\"position\":1,\"name\":\"Portada\",\"item\":\"https:\/\/laprensacristiana.com\/\"},{\"@type\":\"ListItem\",\"position\":2,\"name\":\"Un fen\u00f3meno llamado intolerancia\"}]},{\"@type\":\"WebSite\",\"@id\":\"https:\/\/laprensacristiana.com\/#website\",\"url\":\"https:\/\/laprensacristiana.com\/\",\"name\":\"La Prensa Cristiana\",\"description\":\"Anunciando Las Buenas Nuevas\",\"potentialAction\":[{\"@type\":\"SearchAction\",\"target\":{\"@type\":\"EntryPoint\",\"urlTemplate\":\"https:\/\/laprensacristiana.com\/?s={search_term_string}\"},\"query-input\":\"required name=search_term_string\"}],\"inLanguage\":\"es\"},{\"@type\":\"Person\",\"@id\":\"https:\/\/laprensacristiana.com\/#\/schema\/person\/3e7d82c6bfd6b1fa67010f8f7cd5256e\",\"name\":\"EDITOR\",\"image\":{\"@type\":\"ImageObject\",\"inLanguage\":\"es\",\"@id\":\"https:\/\/laprensacristiana.com\/#\/schema\/person\/image\/\",\"url\":\"https:\/\/secure.gravatar.com\/avatar\/72069dfb6c13772d9e8381e3638666d2?s=96&d=mm&r=g\",\"contentUrl\":\"https:\/\/secure.gravatar.com\/avatar\/72069dfb6c13772d9e8381e3638666d2?s=96&d=mm&r=g\",\"caption\":\"EDITOR\"},\"url\":\"https:\/\/laprensacristiana.com\/?author=3\"}]}<\/script>\n<!-- \/ Yoast SEO plugin. -->","yoast_head_json":{"title":"Un fen\u00f3meno llamado intolerancia - La Prensa Cristiana","robots":{"index":"index","follow":"follow","max-snippet":"max-snippet:-1","max-image-preview":"max-image-preview:large","max-video-preview":"max-video-preview:-1"},"canonical":"https:\/\/laprensacristiana.com\/?p=6351","og_locale":"es_ES","og_type":"article","og_title":"Un fen\u00f3meno llamado intolerancia - La Prensa Cristiana","og_description":"La tolerancia en es una palabra con un amplio significado, seg\u00fan la Real Academia Espa\u00f1ola es la Acci\u00f3n y efecto de tolerar. &nbsp;Se trata del respeto a las diferentes ideas que existen, creencias o pr\u00e1cticas de los dem\u00e1s aun y cuando son diferentes o contrarias a las propias. A lo largo de la existencia humana [&hellip;]","og_url":"https:\/\/laprensacristiana.com\/?p=6351","og_site_name":"La Prensa Cristiana","article_published_time":"2019-08-20T16:19:34+00:00","article_modified_time":"2019-08-20T16:19:38+00:00","og_image":[{"width":2355,"height":1757,"url":"https:\/\/laprensacristiana.com\/wp-content\/uploads\/2019\/08\/portada.jpg","type":"image\/jpeg"}],"author":"EDITOR","twitter_card":"summary_large_image","twitter_misc":{"Escrito por":"EDITOR","Tiempo de lectura":"6 minutos"},"schema":{"@context":"https:\/\/schema.org","@graph":[{"@type":"WebPage","@id":"https:\/\/laprensacristiana.com\/?p=6351","url":"https:\/\/laprensacristiana.com\/?p=6351","name":"Un fen\u00f3meno llamado intolerancia - La Prensa Cristiana","isPartOf":{"@id":"https:\/\/laprensacristiana.com\/#website"},"datePublished":"2019-08-20T16:19:34+00:00","dateModified":"2019-08-20T16:19:38+00:00","author":{"@id":"https:\/\/laprensacristiana.com\/#\/schema\/person\/3e7d82c6bfd6b1fa67010f8f7cd5256e"},"breadcrumb":{"@id":"https:\/\/laprensacristiana.com\/?p=6351#breadcrumb"},"inLanguage":"es","potentialAction":[{"@type":"ReadAction","target":["https:\/\/laprensacristiana.com\/?p=6351"]}]},{"@type":"BreadcrumbList","@id":"https:\/\/laprensacristiana.com\/?p=6351#breadcrumb","itemListElement":[{"@type":"ListItem","position":1,"name":"Portada","item":"https:\/\/laprensacristiana.com\/"},{"@type":"ListItem","position":2,"name":"Un fen\u00f3meno llamado intolerancia"}]},{"@type":"WebSite","@id":"https:\/\/laprensacristiana.com\/#website","url":"https:\/\/laprensacristiana.com\/","name":"La Prensa Cristiana","description":"Anunciando Las Buenas Nuevas","potentialAction":[{"@type":"SearchAction","target":{"@type":"EntryPoint","urlTemplate":"https:\/\/laprensacristiana.com\/?s={search_term_string}"},"query-input":"required name=search_term_string"}],"inLanguage":"es"},{"@type":"Person","@id":"https:\/\/laprensacristiana.com\/#\/schema\/person\/3e7d82c6bfd6b1fa67010f8f7cd5256e","name":"EDITOR","image":{"@type":"ImageObject","inLanguage":"es","@id":"https:\/\/laprensacristiana.com\/#\/schema\/person\/image\/","url":"https:\/\/secure.gravatar.com\/avatar\/72069dfb6c13772d9e8381e3638666d2?s=96&d=mm&r=g","contentUrl":"https:\/\/secure.gravatar.com\/avatar\/72069dfb6c13772d9e8381e3638666d2?s=96&d=mm&r=g","caption":"EDITOR"},"url":"https:\/\/laprensacristiana.com\/?author=3"}]}},"_links":{"self":[{"href":"https:\/\/laprensacristiana.com\/index.php?rest_route=\/wp\/v2\/posts\/6351"}],"collection":[{"href":"https:\/\/laprensacristiana.com\/index.php?rest_route=\/wp\/v2\/posts"}],"about":[{"href":"https:\/\/laprensacristiana.com\/index.php?rest_route=\/wp\/v2\/types\/post"}],"author":[{"embeddable":true,"href":"https:\/\/laprensacristiana.com\/index.php?rest_route=\/wp\/v2\/users\/3"}],"replies":[{"embeddable":true,"href":"https:\/\/laprensacristiana.com\/index.php?rest_route=%2Fwp%2Fv2%2Fcomments&post=6351"}],"version-history":[{"count":1,"href":"https:\/\/laprensacristiana.com\/index.php?rest_route=\/wp\/v2\/posts\/6351\/revisions"}],"predecessor-version":[{"id":6355,"href":"https:\/\/laprensacristiana.com\/index.php?rest_route=\/wp\/v2\/posts\/6351\/revisions\/6355"}],"wp:featuredmedia":[{"embeddable":true,"href":"https:\/\/laprensacristiana.com\/index.php?rest_route=\/wp\/v2\/media\/6354"}],"wp:attachment":[{"href":"https:\/\/laprensacristiana.com\/index.php?rest_route=%2Fwp%2Fv2%2Fmedia&parent=6351"}],"wp:term":[{"taxonomy":"category","embeddable":true,"href":"https:\/\/laprensacristiana.com\/index.php?rest_route=%2Fwp%2Fv2%2Fcategories&post=6351"},{"taxonomy":"post_tag","embeddable":true,"href":"https:\/\/laprensacristiana.com\/index.php?rest_route=%2Fwp%2Fv2%2Ftags&post=6351"}],"curies":[{"name":"wp","href":"https:\/\/api.w.org\/{rel}","templated":true}]}}