{"id":6377,"date":"2019-08-26T17:00:43","date_gmt":"2019-08-26T17:00:43","guid":{"rendered":"https:\/\/laprensacristiana.com\/?p=6377"},"modified":"2019-08-26T17:00:46","modified_gmt":"2019-08-26T17:00:46","slug":"dos-mil-anos-de-iglesia-en-la-tierra","status":"publish","type":"post","link":"https:\/\/laprensacristiana.com\/?p=6377","title":{"rendered":"Dos mil a\u00f1os de Iglesia en la tierra"},"content":{"rendered":"\n<p>Si hacemos referencia al a\u00f1o cero como el a\u00f1o\nque naci\u00f3 Jes\u00fas, sabemos entonces que muri\u00f3 el a\u00f1o 33.Ese a\u00f1o naci\u00f3 la Iglesia\ncuando los disc\u00edpulos fueron llenos del Esp\u00edritu Santo el d\u00eda de Pentecost\u00e9s.<\/p>\n\n\n\n<p>Desde ese d\u00eda hasta hoy existe la iglesia cristiana,\nla \u00fanica y verdadera iglesia, la que<\/p>\n\n\n\n<p>Cristo mismo anunci\u00f3 que edificar\u00eda. Los\nap\u00f3stoles y los primeros disc\u00edpulos parecieron entender que el prop\u00f3sito\nfundamental del Se\u00f1or al establecer su iglesia era establecer el reino de Dios\nsobre toda la tierra mediante la proclamaci\u00f3n del evangelio por todo el mundo,\ncreyendo que el Se\u00f1or a\u00f1adir\u00eda cada d\u00eda a la iglesia los que habr\u00edan de ser\nsalvos.<\/p>\n\n\n\n<p>Muy pronto se dieron cuenta los cristianos que\ncumplir la gran comisi\u00f3n que el Se\u00f1or hab\u00eda dejado no era una tarea f\u00e1cil, que\nrequer\u00eda enfrentar gran oposici\u00f3n, tan grande oposici\u00f3n que anunciar el\nevangelio tra\u00eda rechazo, persecuci\u00f3n, grandes peligros y hasta la misma muerte.<\/p>\n\n\n\n<p>La historia de la iglesia cuenta los m\u00e1rtires\npor miles. Todos los ap\u00f3stoles enfrentaron el martirio por causa del evangelio.\nLas arenas de los circos y coliseo romano fueron empapadas con la sangre de\nmuchos verdaderos creyentes en Jesucristo con gran valor, sin cobard\u00eda.<\/p>\n\n\n\n<p>El Nuevo Testamento relata fidedignamente los\nsufrimientos y agon\u00edas no solamente de&nbsp;\nnuestro Se\u00f1or Jesucristo, sino tambi\u00e9n del ap\u00f3stol Pablo, Esteban, Jacobo\ny otros. Ninguno de ellos rehus\u00f3 cumplir su responsabilidad amando m\u00e1s su\npropia vida y los placeres terrenales, estos l\u00edderes de la iglesia primitiva\ns\u00f3lo ten\u00edan en su coraz\u00f3n una pasi\u00f3n por llegar tan lejos posible anunciando el\nbendito evangelio de Jesucristo guiados \u00fanicamente por la luz del Esp\u00edritu\nSanto.<\/p>\n\n\n\n<p>Todos estos hechos est\u00e1n certificados no\nsolamente por las sagradas escrituras sino tambi\u00e9n por historiadores de la antig\u00fcedad\ncomo Flavio Josefo. De tal manera que podemos darnos cuenta hoy, dos mil a\u00f1os despu\u00e9s,\nque la iglesia abraz\u00f3 fielmente las ense\u00f1anzas del Se\u00f1or y los ap\u00f3stoles, y no\ndud\u00f3 en seguir el ejemplo de ellos.<\/p>\n\n\n\n<p>El modelo de iglesia perseguida demostr\u00f3 ser\naltamente eficaz para la extensi\u00f3n del evangelio, pues lo que sucedi\u00f3 fue que\nentre m\u00e1s persecuci\u00f3n y m\u00e1rtires hab\u00eda, la iglesia se extendi\u00f3 de manera vertiginosa,\nAlgunos historiadores creen que al final del siglo tercero, la mitad de los\nhabitantes en el imperio romano hab\u00edan sido alcanzados por el evangelio.<\/p>\n\n\n\n<p>Por supuesto, no hab\u00eda en esos d\u00edas cat\u00f3licos\nni evang\u00e9licos, los creyentes eran conocidos como cristianos, por ser\nseguidores de Cristo, y esa era suficiente identidad. Cuando Roma persegu\u00eda, lo\nhac\u00eda contra los cristianos sin hacer diferencias entre ellos. El decreto de\nNer\u00f3n contra los cristianos inici\u00f3 una cruenta persecuci\u00f3n que los creyentes conoc\u00edan,\nellos ten\u00edan claro que su fe los podr\u00eda llevar a la muerte, y no se resistieron.<\/p>\n\n\n\n<p>El testimonio de la iglesia primitiva es el\ntestimonio que la iglesia actual deber\u00edamos de anhelar vivir. Despu\u00e9s de dos\nmil a\u00f1os parecemos ignorar las glorias que por amor a Cristo nos heredaron los\nprimeros cristianos.<\/p>\n\n\n\n<p>Es importante que el liderazgo actual de la\niglesia cristiana conozca la manera que los primeros creyentes hicieron iglesia,\ny reconocer que nos hemos apartado del modelo b\u00edblico. Volver a las ra\u00edces debe\nser la demanda que el Se\u00f1or nos exige y es nuestra responsabilidad cumplirla y\nas\u00ed extender la verdadera iglesia hasta los confines de la tierra.<\/p>\n","protected":false},"excerpt":{"rendered":"<p>Si hacemos referencia al a\u00f1o cero como el a\u00f1o que naci\u00f3 Jes\u00fas, sabemos entonces que muri\u00f3 el a\u00f1o 33.Ese a\u00f1o naci\u00f3 la Iglesia cuando los disc\u00edpulos fueron llenos del Esp\u00edritu Santo el d\u00eda de Pentecost\u00e9s. Desde ese d\u00eda hasta hoy existe la iglesia cristiana, la \u00fanica y verdadera iglesia, la que Cristo mismo anunci\u00f3 que [&hellip;]<\/p>\n","protected":false},"author":3,"featured_media":6378,"comment_status":"open","ping_status":"open","sticky":false,"template":"","format":"standard","meta":[],"categories":[69],"tags":[],"yoast_head":"<!-- This site is optimized with the Yoast SEO plugin v20.8 - https:\/\/yoast.com\/wordpress\/plugins\/seo\/ -->\n<title>Dos mil a\u00f1os de Iglesia en la tierra - La Prensa Cristiana<\/title>\n<meta name=\"robots\" content=\"index, follow, max-snippet:-1, max-image-preview:large, max-video-preview:-1\" \/>\n<link rel=\"canonical\" href=\"https:\/\/laprensacristiana.com\/?p=6377\" \/>\n<meta property=\"og:locale\" content=\"es_ES\" \/>\n<meta property=\"og:type\" content=\"article\" \/>\n<meta property=\"og:title\" content=\"Dos mil a\u00f1os de Iglesia en la tierra - La Prensa Cristiana\" \/>\n<meta property=\"og:description\" content=\"Si hacemos referencia al a\u00f1o cero como el a\u00f1o que naci\u00f3 Jes\u00fas, sabemos entonces que muri\u00f3 el a\u00f1o 33.Ese a\u00f1o naci\u00f3 la Iglesia cuando los disc\u00edpulos fueron llenos del Esp\u00edritu Santo el d\u00eda de Pentecost\u00e9s. Desde ese d\u00eda hasta hoy existe la iglesia cristiana, la \u00fanica y verdadera iglesia, la que Cristo mismo anunci\u00f3 que [&hellip;]\" \/>\n<meta property=\"og:url\" content=\"https:\/\/laprensacristiana.com\/?p=6377\" \/>\n<meta property=\"og:site_name\" content=\"La Prensa Cristiana\" \/>\n<meta property=\"article:published_time\" content=\"2019-08-26T17:00:43+00:00\" \/>\n<meta property=\"article:modified_time\" content=\"2019-08-26T17:00:46+00:00\" \/>\n<meta property=\"og:image\" content=\"https:\/\/laprensacristiana.com\/wp-content\/uploads\/2019\/08\/WhatsApp-Image-2019-08-21-at-10.53.02.jpeg\" \/>\n\t<meta property=\"og:image:width\" content=\"1280\" \/>\n\t<meta property=\"og:image:height\" content=\"647\" \/>\n\t<meta property=\"og:image:type\" content=\"image\/jpeg\" \/>\n<meta name=\"author\" content=\"EDITOR\" \/>\n<meta name=\"twitter:card\" content=\"summary_large_image\" \/>\n<meta name=\"twitter:label1\" content=\"Escrito por\" \/>\n\t<meta name=\"twitter:data1\" content=\"EDITOR\" \/>\n\t<meta name=\"twitter:label2\" content=\"Tiempo de lectura\" \/>\n\t<meta name=\"twitter:data2\" content=\"3 minutos\" \/>\n<script type=\"application\/ld+json\" class=\"yoast-schema-graph\">{\"@context\":\"https:\/\/schema.org\",\"@graph\":[{\"@type\":\"WebPage\",\"@id\":\"https:\/\/laprensacristiana.com\/?p=6377\",\"url\":\"https:\/\/laprensacristiana.com\/?p=6377\",\"name\":\"Dos mil a\u00f1os de Iglesia en la tierra - La Prensa Cristiana\",\"isPartOf\":{\"@id\":\"https:\/\/laprensacristiana.com\/#website\"},\"datePublished\":\"2019-08-26T17:00:43+00:00\",\"dateModified\":\"2019-08-26T17:00:46+00:00\",\"author\":{\"@id\":\"https:\/\/laprensacristiana.com\/#\/schema\/person\/3e7d82c6bfd6b1fa67010f8f7cd5256e\"},\"breadcrumb\":{\"@id\":\"https:\/\/laprensacristiana.com\/?p=6377#breadcrumb\"},\"inLanguage\":\"es\",\"potentialAction\":[{\"@type\":\"ReadAction\",\"target\":[\"https:\/\/laprensacristiana.com\/?p=6377\"]}]},{\"@type\":\"BreadcrumbList\",\"@id\":\"https:\/\/laprensacristiana.com\/?p=6377#breadcrumb\",\"itemListElement\":[{\"@type\":\"ListItem\",\"position\":1,\"name\":\"Portada\",\"item\":\"https:\/\/laprensacristiana.com\/\"},{\"@type\":\"ListItem\",\"position\":2,\"name\":\"Dos mil a\u00f1os de Iglesia en la tierra\"}]},{\"@type\":\"WebSite\",\"@id\":\"https:\/\/laprensacristiana.com\/#website\",\"url\":\"https:\/\/laprensacristiana.com\/\",\"name\":\"La Prensa Cristiana\",\"description\":\"Anunciando Las Buenas Nuevas\",\"potentialAction\":[{\"@type\":\"SearchAction\",\"target\":{\"@type\":\"EntryPoint\",\"urlTemplate\":\"https:\/\/laprensacristiana.com\/?s={search_term_string}\"},\"query-input\":\"required name=search_term_string\"}],\"inLanguage\":\"es\"},{\"@type\":\"Person\",\"@id\":\"https:\/\/laprensacristiana.com\/#\/schema\/person\/3e7d82c6bfd6b1fa67010f8f7cd5256e\",\"name\":\"EDITOR\",\"image\":{\"@type\":\"ImageObject\",\"inLanguage\":\"es\",\"@id\":\"https:\/\/laprensacristiana.com\/#\/schema\/person\/image\/\",\"url\":\"https:\/\/secure.gravatar.com\/avatar\/72069dfb6c13772d9e8381e3638666d2?s=96&d=mm&r=g\",\"contentUrl\":\"https:\/\/secure.gravatar.com\/avatar\/72069dfb6c13772d9e8381e3638666d2?s=96&d=mm&r=g\",\"caption\":\"EDITOR\"},\"url\":\"https:\/\/laprensacristiana.com\/?author=3\"}]}<\/script>\n<!-- \/ Yoast SEO plugin. -->","yoast_head_json":{"title":"Dos mil a\u00f1os de Iglesia en la tierra - La Prensa Cristiana","robots":{"index":"index","follow":"follow","max-snippet":"max-snippet:-1","max-image-preview":"max-image-preview:large","max-video-preview":"max-video-preview:-1"},"canonical":"https:\/\/laprensacristiana.com\/?p=6377","og_locale":"es_ES","og_type":"article","og_title":"Dos mil a\u00f1os de Iglesia en la tierra - La Prensa Cristiana","og_description":"Si hacemos referencia al a\u00f1o cero como el a\u00f1o que naci\u00f3 Jes\u00fas, sabemos entonces que muri\u00f3 el a\u00f1o 33.Ese a\u00f1o naci\u00f3 la Iglesia cuando los disc\u00edpulos fueron llenos del Esp\u00edritu Santo el d\u00eda de Pentecost\u00e9s. Desde ese d\u00eda hasta hoy existe la iglesia cristiana, la \u00fanica y verdadera iglesia, la que Cristo mismo anunci\u00f3 que [&hellip;]","og_url":"https:\/\/laprensacristiana.com\/?p=6377","og_site_name":"La Prensa Cristiana","article_published_time":"2019-08-26T17:00:43+00:00","article_modified_time":"2019-08-26T17:00:46+00:00","og_image":[{"width":1280,"height":647,"url":"https:\/\/laprensacristiana.com\/wp-content\/uploads\/2019\/08\/WhatsApp-Image-2019-08-21-at-10.53.02.jpeg","type":"image\/jpeg"}],"author":"EDITOR","twitter_card":"summary_large_image","twitter_misc":{"Escrito por":"EDITOR","Tiempo de lectura":"3 minutos"},"schema":{"@context":"https:\/\/schema.org","@graph":[{"@type":"WebPage","@id":"https:\/\/laprensacristiana.com\/?p=6377","url":"https:\/\/laprensacristiana.com\/?p=6377","name":"Dos mil a\u00f1os de Iglesia en la tierra - La Prensa Cristiana","isPartOf":{"@id":"https:\/\/laprensacristiana.com\/#website"},"datePublished":"2019-08-26T17:00:43+00:00","dateModified":"2019-08-26T17:00:46+00:00","author":{"@id":"https:\/\/laprensacristiana.com\/#\/schema\/person\/3e7d82c6bfd6b1fa67010f8f7cd5256e"},"breadcrumb":{"@id":"https:\/\/laprensacristiana.com\/?p=6377#breadcrumb"},"inLanguage":"es","potentialAction":[{"@type":"ReadAction","target":["https:\/\/laprensacristiana.com\/?p=6377"]}]},{"@type":"BreadcrumbList","@id":"https:\/\/laprensacristiana.com\/?p=6377#breadcrumb","itemListElement":[{"@type":"ListItem","position":1,"name":"Portada","item":"https:\/\/laprensacristiana.com\/"},{"@type":"ListItem","position":2,"name":"Dos mil a\u00f1os de Iglesia en la tierra"}]},{"@type":"WebSite","@id":"https:\/\/laprensacristiana.com\/#website","url":"https:\/\/laprensacristiana.com\/","name":"La Prensa Cristiana","description":"Anunciando Las Buenas Nuevas","potentialAction":[{"@type":"SearchAction","target":{"@type":"EntryPoint","urlTemplate":"https:\/\/laprensacristiana.com\/?s={search_term_string}"},"query-input":"required name=search_term_string"}],"inLanguage":"es"},{"@type":"Person","@id":"https:\/\/laprensacristiana.com\/#\/schema\/person\/3e7d82c6bfd6b1fa67010f8f7cd5256e","name":"EDITOR","image":{"@type":"ImageObject","inLanguage":"es","@id":"https:\/\/laprensacristiana.com\/#\/schema\/person\/image\/","url":"https:\/\/secure.gravatar.com\/avatar\/72069dfb6c13772d9e8381e3638666d2?s=96&d=mm&r=g","contentUrl":"https:\/\/secure.gravatar.com\/avatar\/72069dfb6c13772d9e8381e3638666d2?s=96&d=mm&r=g","caption":"EDITOR"},"url":"https:\/\/laprensacristiana.com\/?author=3"}]}},"_links":{"self":[{"href":"https:\/\/laprensacristiana.com\/index.php?rest_route=\/wp\/v2\/posts\/6377"}],"collection":[{"href":"https:\/\/laprensacristiana.com\/index.php?rest_route=\/wp\/v2\/posts"}],"about":[{"href":"https:\/\/laprensacristiana.com\/index.php?rest_route=\/wp\/v2\/types\/post"}],"author":[{"embeddable":true,"href":"https:\/\/laprensacristiana.com\/index.php?rest_route=\/wp\/v2\/users\/3"}],"replies":[{"embeddable":true,"href":"https:\/\/laprensacristiana.com\/index.php?rest_route=%2Fwp%2Fv2%2Fcomments&post=6377"}],"version-history":[{"count":1,"href":"https:\/\/laprensacristiana.com\/index.php?rest_route=\/wp\/v2\/posts\/6377\/revisions"}],"predecessor-version":[{"id":6379,"href":"https:\/\/laprensacristiana.com\/index.php?rest_route=\/wp\/v2\/posts\/6377\/revisions\/6379"}],"wp:featuredmedia":[{"embeddable":true,"href":"https:\/\/laprensacristiana.com\/index.php?rest_route=\/wp\/v2\/media\/6378"}],"wp:attachment":[{"href":"https:\/\/laprensacristiana.com\/index.php?rest_route=%2Fwp%2Fv2%2Fmedia&parent=6377"}],"wp:term":[{"taxonomy":"category","embeddable":true,"href":"https:\/\/laprensacristiana.com\/index.php?rest_route=%2Fwp%2Fv2%2Fcategories&post=6377"},{"taxonomy":"post_tag","embeddable":true,"href":"https:\/\/laprensacristiana.com\/index.php?rest_route=%2Fwp%2Fv2%2Ftags&post=6377"}],"curies":[{"name":"wp","href":"https:\/\/api.w.org\/{rel}","templated":true}]}}