{"id":6392,"date":"2019-08-27T21:30:42","date_gmt":"2019-08-27T21:30:42","guid":{"rendered":"https:\/\/laprensacristiana.com\/?p=6392"},"modified":"2019-08-27T21:30:45","modified_gmt":"2019-08-27T21:30:45","slug":"orquesta-sinfonica-cristiana-de-el-salvador-presentara-homenaje-al-compositor-benjamin-solis-menendez","status":"publish","type":"post","link":"https:\/\/laprensacristiana.com\/?p=6392","title":{"rendered":"Orquesta Sinf\u00f3nica Cristiana de El Salvador presentar\u00e1 homenaje al compositor  Benjam\u00edn Sol\u00eds Men\u00e9ndez"},"content":{"rendered":"\n<p>La Orquesta Sinf\u00f3nica Cristiana de El Salvador junto al Coro Cristiano y solistas invitados se presentar\u00e1 en el majestuoso Teatro Nacional de Santa Ana el d\u00eda domingo 8 de septiembre a las 5:30 p.m.<\/p>\n\n\n\n<p>Este hermoso concierto ha sido preparado con mucho entusiasmo y esmero para que cada pieza musical sea del disfrute de los asistentes. La direcci\u00f3n general est\u00e1 a cargo del Mtro. Mauricio Benjam\u00edn Sol\u00eds, la Direcci\u00f3n Coral a cargo del Mtro. Josu\u00e9 Viera y el Concierto ser\u00e1 dirigido por el Mtro. Elmer Alexander Amaya, Director Asociado.<\/p>\n\n\n\n<p>Se interpretar\u00e1n obras como \u00abHimno de Batalla de la Rep\u00fablica\u00bb de William Steffe y Julia Ward Howe; \u00abEl Padre Nuestro\u00bb de Albert Hay Malotte, \u00ab\u00a1Cu\u00e1n Grande es \u00c9l!\u00bb de Stuart K. Hine, entre otras.<\/p>\n\n\n\n<p>Contaremos con la participaci\u00f3n de C\u00e9lida Maga\u00f1a como presentadora y las voces de los solistas: la Mezzosoprano Abigail Navarro y los Tenores Jonathan Rivera y Benjam\u00edn Amaya.<\/p>\n\n\n\n<p>Iniciaremos este concierto con un homenaje al gran compositor salvadore\u00f1o el Maestro Benjam\u00edn Sol\u00eds Men\u00e9ndez, \u00abDistinguido Artista Salvadore\u00f1o\u00bb as\u00ed nombrado por la Asamblea Legislativa y quien recientemente parti\u00f3 a la presencia de Dios. El Homenaje Musical estar\u00e1 a cargo del Ensamble de Cuerdas de la Fundaci\u00f3n Valores y Arte y como<br>solista invitado el Tenor Jos\u00e9 Guerrero. Ellos interpretar\u00e1n algunas de las obras ic\u00f3nicas de este ilustre compositor originario de Chalchuapa.<\/p>\n\n\n\n<p>Este concierto ser\u00e1 a beneficio de la Fundaci\u00f3n Valores y Arte que fomenta e impulsa las diferentes disciplinas del arte basadas en valores morales, \u00e9ticos y cristianos que conducen a las personas a su desarrollo integral. <\/p>\n\n\n\n<p>Pueden adquirir los boletos en la taquilla del Teatro<br>Nacional de Santa Ana. Donaci\u00f3n $5.00 M\u00e1s informaci\u00f3n en: www.valoresyarte.org<br>info@valoresyarte.org<br><\/p>\n\n\n\n<p>Apoyemos estas iniciativas que generan una cultura de paz y que benefician especialmente a nuestra juventud.<\/p>\n\n\n\n<p><br>Concierto Orquesta Sinf\u00f3nica Cristiana de El Salvador y Coro Cristiano. Homenaje del Ensamble de Cuerdas al Maestro Benjam\u00edn Sol\u00eds Men\u00e9ndez. Domingo 8 de septiembre de 2019, Teatro Nacional de Santa Ana 5:30 p.m. Donaci\u00f3n $5.00  <\/p>\n\n\n\n<p> <strong>BENJAM\u00cdN SOL\u00cdS MEN\u00c9NDEZ  <\/strong><\/p>\n\n\n\n<p style=\"text-align:left\">(Chalchuapa, 4 de mayo de 1932-San Salvador, 26 de julio de 2019). Compositor salvadore\u00f1o, pianista, organista, arreglista y director de coros. Naci\u00f3 en Chalchuapa Departamento de Santa Ana el 4 de mayo de 1932. Sus padres Juan Antonio Paniagua Sol\u00eds y Luisa Elena Men\u00e9ndez de Sol\u00eds (ya fallecidos). En 1956 contrajo matrimonio con la profesora Mar\u00eda Rhina Pineda y fruto de ese matrimonio son sus hijos Rhina Elizabeth Sol\u00eds de Amaya, Mauricio Benjam\u00edn Sol\u00eds Pineda y Elena Raquel Sol\u00eds de Rais. <\/p>\n\n\n\n<p>Desde muy temprana edad mostr\u00f3 inclinaciones musicales. Ingres\u00f3 a la Escuela Nacional de M\u00fasica \u00abRafael Olmedo\u00bb en San Salvador donde obtuvo conocimientos de las T\u00e9cnicas Musicales B\u00e1sicas, Piano y Flauta. Fue alumno de Alejandro Mu\u00f1oz Ciudad Real y Esteban Servell\u00f3n, ex-directores de la Orquesta Sinf\u00f3nica Nacional. Continu\u00f3 su formaci\u00f3n en el Conservatorio Nacional de M\u00fasica en donde estudi\u00f3 Armon\u00eda y Composici\u00f3n. La especialidad como Director de Coros la obtuvo mediante estudios realizados en el Seminario Latinoamericano de San Jos\u00e9 Costa Rica y en el Centro Cristiano para las Artes de M\u00e9xico, DF. <\/p>\n\n\n\n<p>Dirigi\u00f3 muchos coros entre ellos el Coro Nacional de El Salvador, Coro de la Primera Iglesia Bautista de San Salvador, Coro Infantil y Juvenil del Liceo Cristiano \u00abRev. Juan Bueno\u00bb, Coro del ISSS, Coro \u00abNueva Vida\u00bb y el Coro Cristiano de El Salvador, entre otros. <\/p>\n\n\n\n<p>En 1973 fue reconocido oficialmente como Compositor Nacional y en 2016 como \u00abDistinguido Artista de El Salvador\u00bb por la Asamblea Legislativa. Sus composiciones se clasifican en: regionales, rom\u00e1nticas, escolares, religiosas, cl\u00e1sicas y did\u00e1cticas. Recibi\u00f3 muchos reconocimientos de instituciones privadas y del gobierno, siendo algunas de ellas: Ateneo de El Salvador, FLADEM Internacional, C\u00e1mara de Comercio de El Salvador, Ballet Folkl\u00f3rico Nacional, Colegio de Humanistas de El Salvador, Consejo Municipal de la Ciudad San Marcos, San Salvador como \u00abHijo Merit\u00edsimo\u00bb. Por la Asociaci\u00f3n Salvadore\u00f1a en Los \u00c1ngeles, California (ASOSAL) en el Festival de las Am\u00e9ricas y \u00abEl Sol de Justicia\u00bb otorgado por la Universidad Evang\u00e9lica de El Salvador. Fue miembro fundador de la Fundaci\u00f3n Valores y Arte de El Salvador. <\/p>\n\n\n\n<p>La \u00faltima composici\u00f3n del Maestro Benjam\u00edn Sol\u00eds Men\u00e9ndez fue el Himno de la Universidad Evang\u00e9lica de El Salvador cuya letra fue escrita por su esposa, la maestra Mar\u00eda Rhina Pineda de Sol\u00eds.  <\/p>\n\n\n\n<figure class=\"wp-block-image\"><img decoding=\"async\" loading=\"lazy\" width=\"663\" height=\"1024\" src=\"https:\/\/laprensacristiana.com\/wp-content\/uploads\/2019\/08\/WhatsApp-Image-2019-08-27-at-15.26.44-663x1024.jpeg\" alt=\"\" class=\"wp-image-6394\" srcset=\"https:\/\/laprensacristiana.com\/wp-content\/uploads\/2019\/08\/WhatsApp-Image-2019-08-27-at-15.26.44-663x1024.jpeg 663w, https:\/\/laprensacristiana.com\/wp-content\/uploads\/2019\/08\/WhatsApp-Image-2019-08-27-at-15.26.44-600x927.jpeg 600w, https:\/\/laprensacristiana.com\/wp-content\/uploads\/2019\/08\/WhatsApp-Image-2019-08-27-at-15.26.44-194x300.jpeg 194w, https:\/\/laprensacristiana.com\/wp-content\/uploads\/2019\/08\/WhatsApp-Image-2019-08-27-at-15.26.44-696x1075.jpeg 696w, https:\/\/laprensacristiana.com\/wp-content\/uploads\/2019\/08\/WhatsApp-Image-2019-08-27-at-15.26.44-272x420.jpeg 272w, https:\/\/laprensacristiana.com\/wp-content\/uploads\/2019\/08\/WhatsApp-Image-2019-08-27-at-15.26.44.jpeg 720w\" sizes=\"(max-width: 663px) 100vw, 663px\" \/><\/figure>\n\n\n\n<p><br><\/p>\n","protected":false},"excerpt":{"rendered":"<p>La Orquesta Sinf\u00f3nica Cristiana de El Salvador junto al Coro Cristiano y solistas invitados se presentar\u00e1 en el majestuoso Teatro Nacional de Santa Ana el d\u00eda domingo 8 de septiembre a las 5:30 p.m. Este hermoso concierto ha sido preparado con mucho entusiasmo y esmero para que cada pieza musical sea del disfrute de los [&hellip;]<\/p>\n","protected":false},"author":3,"featured_media":5668,"comment_status":"open","ping_status":"open","sticky":false,"template":"","format":"standard","meta":[],"categories":[56],"tags":[],"yoast_head":"<!-- This site is optimized with the Yoast SEO plugin v20.8 - https:\/\/yoast.com\/wordpress\/plugins\/seo\/ -->\n<title>Orquesta Sinf\u00f3nica Cristiana de El Salvador presentar\u00e1 homenaje al compositor Benjam\u00edn Sol\u00eds Men\u00e9ndez - La Prensa Cristiana<\/title>\n<meta name=\"robots\" content=\"index, follow, max-snippet:-1, max-image-preview:large, max-video-preview:-1\" \/>\n<link rel=\"canonical\" href=\"https:\/\/laprensacristiana.com\/?p=6392\" \/>\n<meta property=\"og:locale\" content=\"es_ES\" \/>\n<meta property=\"og:type\" content=\"article\" \/>\n<meta property=\"og:title\" content=\"Orquesta Sinf\u00f3nica Cristiana de El Salvador presentar\u00e1 homenaje al compositor Benjam\u00edn Sol\u00eds Men\u00e9ndez - La Prensa Cristiana\" \/>\n<meta property=\"og:description\" content=\"La Orquesta Sinf\u00f3nica Cristiana de El Salvador junto al Coro Cristiano y solistas invitados se presentar\u00e1 en el majestuoso Teatro Nacional de Santa Ana el d\u00eda domingo 8 de septiembre a las 5:30 p.m. Este hermoso concierto ha sido preparado con mucho entusiasmo y esmero para que cada pieza musical sea del disfrute de los [&hellip;]\" \/>\n<meta property=\"og:url\" content=\"https:\/\/laprensacristiana.com\/?p=6392\" \/>\n<meta property=\"og:site_name\" content=\"La Prensa Cristiana\" \/>\n<meta property=\"article:published_time\" content=\"2019-08-27T21:30:42+00:00\" \/>\n<meta property=\"article:modified_time\" content=\"2019-08-27T21:30:45+00:00\" \/>\n<meta property=\"og:image\" content=\"https:\/\/laprensacristiana.com\/wp-content\/uploads\/2019\/04\/gal5.jpg\" \/>\n\t<meta property=\"og:image:width\" content=\"1299\" \/>\n\t<meta property=\"og:image:height\" content=\"866\" \/>\n\t<meta property=\"og:image:type\" content=\"image\/jpeg\" \/>\n<meta name=\"author\" content=\"EDITOR\" \/>\n<meta name=\"twitter:card\" content=\"summary_large_image\" \/>\n<meta name=\"twitter:label1\" content=\"Escrito por\" \/>\n\t<meta name=\"twitter:data1\" content=\"EDITOR\" \/>\n\t<meta name=\"twitter:label2\" content=\"Tiempo de lectura\" \/>\n\t<meta name=\"twitter:data2\" content=\"4 minutos\" \/>\n<script type=\"application\/ld+json\" class=\"yoast-schema-graph\">{\"@context\":\"https:\/\/schema.org\",\"@graph\":[{\"@type\":\"WebPage\",\"@id\":\"https:\/\/laprensacristiana.com\/?p=6392\",\"url\":\"https:\/\/laprensacristiana.com\/?p=6392\",\"name\":\"Orquesta Sinf\u00f3nica Cristiana de El Salvador presentar\u00e1 homenaje al compositor Benjam\u00edn Sol\u00eds Men\u00e9ndez - La Prensa Cristiana\",\"isPartOf\":{\"@id\":\"https:\/\/laprensacristiana.com\/#website\"},\"datePublished\":\"2019-08-27T21:30:42+00:00\",\"dateModified\":\"2019-08-27T21:30:45+00:00\",\"author\":{\"@id\":\"https:\/\/laprensacristiana.com\/#\/schema\/person\/3e7d82c6bfd6b1fa67010f8f7cd5256e\"},\"breadcrumb\":{\"@id\":\"https:\/\/laprensacristiana.com\/?p=6392#breadcrumb\"},\"inLanguage\":\"es\",\"potentialAction\":[{\"@type\":\"ReadAction\",\"target\":[\"https:\/\/laprensacristiana.com\/?p=6392\"]}]},{\"@type\":\"BreadcrumbList\",\"@id\":\"https:\/\/laprensacristiana.com\/?p=6392#breadcrumb\",\"itemListElement\":[{\"@type\":\"ListItem\",\"position\":1,\"name\":\"Portada\",\"item\":\"https:\/\/laprensacristiana.com\/\"},{\"@type\":\"ListItem\",\"position\":2,\"name\":\"Orquesta Sinf\u00f3nica Cristiana de El Salvador presentar\u00e1 homenaje al compositor Benjam\u00edn Sol\u00eds Men\u00e9ndez\"}]},{\"@type\":\"WebSite\",\"@id\":\"https:\/\/laprensacristiana.com\/#website\",\"url\":\"https:\/\/laprensacristiana.com\/\",\"name\":\"La Prensa Cristiana\",\"description\":\"Anunciando Las Buenas Nuevas\",\"potentialAction\":[{\"@type\":\"SearchAction\",\"target\":{\"@type\":\"EntryPoint\",\"urlTemplate\":\"https:\/\/laprensacristiana.com\/?s={search_term_string}\"},\"query-input\":\"required name=search_term_string\"}],\"inLanguage\":\"es\"},{\"@type\":\"Person\",\"@id\":\"https:\/\/laprensacristiana.com\/#\/schema\/person\/3e7d82c6bfd6b1fa67010f8f7cd5256e\",\"name\":\"EDITOR\",\"image\":{\"@type\":\"ImageObject\",\"inLanguage\":\"es\",\"@id\":\"https:\/\/laprensacristiana.com\/#\/schema\/person\/image\/\",\"url\":\"https:\/\/secure.gravatar.com\/avatar\/72069dfb6c13772d9e8381e3638666d2?s=96&d=mm&r=g\",\"contentUrl\":\"https:\/\/secure.gravatar.com\/avatar\/72069dfb6c13772d9e8381e3638666d2?s=96&d=mm&r=g\",\"caption\":\"EDITOR\"},\"url\":\"https:\/\/laprensacristiana.com\/?author=3\"}]}<\/script>\n<!-- \/ Yoast SEO plugin. -->","yoast_head_json":{"title":"Orquesta Sinf\u00f3nica Cristiana de El Salvador presentar\u00e1 homenaje al compositor Benjam\u00edn Sol\u00eds Men\u00e9ndez - La Prensa Cristiana","robots":{"index":"index","follow":"follow","max-snippet":"max-snippet:-1","max-image-preview":"max-image-preview:large","max-video-preview":"max-video-preview:-1"},"canonical":"https:\/\/laprensacristiana.com\/?p=6392","og_locale":"es_ES","og_type":"article","og_title":"Orquesta Sinf\u00f3nica Cristiana de El Salvador presentar\u00e1 homenaje al compositor Benjam\u00edn Sol\u00eds Men\u00e9ndez - La Prensa Cristiana","og_description":"La Orquesta Sinf\u00f3nica Cristiana de El Salvador junto al Coro Cristiano y solistas invitados se presentar\u00e1 en el majestuoso Teatro Nacional de Santa Ana el d\u00eda domingo 8 de septiembre a las 5:30 p.m. Este hermoso concierto ha sido preparado con mucho entusiasmo y esmero para que cada pieza musical sea del disfrute de los [&hellip;]","og_url":"https:\/\/laprensacristiana.com\/?p=6392","og_site_name":"La Prensa Cristiana","article_published_time":"2019-08-27T21:30:42+00:00","article_modified_time":"2019-08-27T21:30:45+00:00","og_image":[{"width":1299,"height":866,"url":"https:\/\/laprensacristiana.com\/wp-content\/uploads\/2019\/04\/gal5.jpg","type":"image\/jpeg"}],"author":"EDITOR","twitter_card":"summary_large_image","twitter_misc":{"Escrito por":"EDITOR","Tiempo de lectura":"4 minutos"},"schema":{"@context":"https:\/\/schema.org","@graph":[{"@type":"WebPage","@id":"https:\/\/laprensacristiana.com\/?p=6392","url":"https:\/\/laprensacristiana.com\/?p=6392","name":"Orquesta Sinf\u00f3nica Cristiana de El Salvador presentar\u00e1 homenaje al compositor Benjam\u00edn Sol\u00eds Men\u00e9ndez - La Prensa Cristiana","isPartOf":{"@id":"https:\/\/laprensacristiana.com\/#website"},"datePublished":"2019-08-27T21:30:42+00:00","dateModified":"2019-08-27T21:30:45+00:00","author":{"@id":"https:\/\/laprensacristiana.com\/#\/schema\/person\/3e7d82c6bfd6b1fa67010f8f7cd5256e"},"breadcrumb":{"@id":"https:\/\/laprensacristiana.com\/?p=6392#breadcrumb"},"inLanguage":"es","potentialAction":[{"@type":"ReadAction","target":["https:\/\/laprensacristiana.com\/?p=6392"]}]},{"@type":"BreadcrumbList","@id":"https:\/\/laprensacristiana.com\/?p=6392#breadcrumb","itemListElement":[{"@type":"ListItem","position":1,"name":"Portada","item":"https:\/\/laprensacristiana.com\/"},{"@type":"ListItem","position":2,"name":"Orquesta Sinf\u00f3nica Cristiana de El Salvador presentar\u00e1 homenaje al compositor Benjam\u00edn Sol\u00eds Men\u00e9ndez"}]},{"@type":"WebSite","@id":"https:\/\/laprensacristiana.com\/#website","url":"https:\/\/laprensacristiana.com\/","name":"La Prensa Cristiana","description":"Anunciando Las Buenas Nuevas","potentialAction":[{"@type":"SearchAction","target":{"@type":"EntryPoint","urlTemplate":"https:\/\/laprensacristiana.com\/?s={search_term_string}"},"query-input":"required name=search_term_string"}],"inLanguage":"es"},{"@type":"Person","@id":"https:\/\/laprensacristiana.com\/#\/schema\/person\/3e7d82c6bfd6b1fa67010f8f7cd5256e","name":"EDITOR","image":{"@type":"ImageObject","inLanguage":"es","@id":"https:\/\/laprensacristiana.com\/#\/schema\/person\/image\/","url":"https:\/\/secure.gravatar.com\/avatar\/72069dfb6c13772d9e8381e3638666d2?s=96&d=mm&r=g","contentUrl":"https:\/\/secure.gravatar.com\/avatar\/72069dfb6c13772d9e8381e3638666d2?s=96&d=mm&r=g","caption":"EDITOR"},"url":"https:\/\/laprensacristiana.com\/?author=3"}]}},"_links":{"self":[{"href":"https:\/\/laprensacristiana.com\/index.php?rest_route=\/wp\/v2\/posts\/6392"}],"collection":[{"href":"https:\/\/laprensacristiana.com\/index.php?rest_route=\/wp\/v2\/posts"}],"about":[{"href":"https:\/\/laprensacristiana.com\/index.php?rest_route=\/wp\/v2\/types\/post"}],"author":[{"embeddable":true,"href":"https:\/\/laprensacristiana.com\/index.php?rest_route=\/wp\/v2\/users\/3"}],"replies":[{"embeddable":true,"href":"https:\/\/laprensacristiana.com\/index.php?rest_route=%2Fwp%2Fv2%2Fcomments&post=6392"}],"version-history":[{"count":1,"href":"https:\/\/laprensacristiana.com\/index.php?rest_route=\/wp\/v2\/posts\/6392\/revisions"}],"predecessor-version":[{"id":6395,"href":"https:\/\/laprensacristiana.com\/index.php?rest_route=\/wp\/v2\/posts\/6392\/revisions\/6395"}],"wp:featuredmedia":[{"embeddable":true,"href":"https:\/\/laprensacristiana.com\/index.php?rest_route=\/wp\/v2\/media\/5668"}],"wp:attachment":[{"href":"https:\/\/laprensacristiana.com\/index.php?rest_route=%2Fwp%2Fv2%2Fmedia&parent=6392"}],"wp:term":[{"taxonomy":"category","embeddable":true,"href":"https:\/\/laprensacristiana.com\/index.php?rest_route=%2Fwp%2Fv2%2Fcategories&post=6392"},{"taxonomy":"post_tag","embeddable":true,"href":"https:\/\/laprensacristiana.com\/index.php?rest_route=%2Fwp%2Fv2%2Ftags&post=6392"}],"curies":[{"name":"wp","href":"https:\/\/api.w.org\/{rel}","templated":true}]}}