{"id":6397,"date":"2019-08-28T15:56:25","date_gmt":"2019-08-28T15:56:25","guid":{"rendered":"https:\/\/laprensacristiana.com\/?p=6397"},"modified":"2019-08-28T15:56:28","modified_gmt":"2019-08-28T15:56:28","slug":"impartiran-diplomado-la-accion-pastoral-frente-a-la-violencia-feminicida-y-los-embarazos-en-ninas-y-adolescentes","status":"publish","type":"post","link":"https:\/\/laprensacristiana.com\/?p=6397","title":{"rendered":"Impartir\u00e1n diplomado \u201cLa acci\u00f3n pastoral frente  a la violencia feminicida y los embarazos en ni\u00f1as y adolescentes\u201d"},"content":{"rendered":"\n<p>La Universidad Evang\u00e9lica de El\nSalvador en conjunto con el Fondo de Poblaci\u00f3n de las Naciones Unidas (UNFPA)\nen el marco de su programa Spotlight que es la iniciativa centrada en eliminar\ntoda clase de violencia contra las mujeres y las ni\u00f1as, han creado el primer\ndiplomado en \u201cacci\u00f3n pastoral frente&nbsp; a\nla violencia feminicida y los embarazos en ni\u00f1as y adolescentes\u201d y ser\u00e1\nimpartido de forma gratuita por contar con el financiamiento de estas\ninstituciones.<\/p>\n\n\n\n<p>En el diplomado se pretende analizar\nel contexto salvadore\u00f1o respecto a la violencia feminicida con el fin de\nestablecer las bases b\u00edblico-teol\u00f3gicas que permitan un abordaje pastoral para\nla prevenci\u00f3n, detecci\u00f3n, atenci\u00f3n y restituci\u00f3n de derechos ante casos de\nviolencia feminicida y embarazos en ni\u00f1as y adolescentes.<\/p>\n\n\n\n<p>Est\u00e1 dirigido a la comunidad\nacad\u00e9mica, pastores, pastoras, liderazgo de comunidades y organizaciones\nbasadas en la fe interesadas en una perspectiva b\u00edblica y de derechos humanos\npara desempe\u00f1ar con responsabilidad \u00e9tica-moral el ministerio pastoral y el\nliderazgo cristiano en la iglesia o comunidades de fe.<\/p>\n\n\n\n<p>Se busca lograr que la acci\u00f3n\npastoral contribuya a la prevenci\u00f3n, protecci\u00f3n, atenci\u00f3n y restituci\u00f3n de los\nderechos de las v\u00edctimas de violencia feminicida y embarazos en ni\u00f1as y\nadolescentes identificadas en sus \u00e1mbitos de acci\u00f3n en el ejercicio de su\nliderazgo y a la construcci\u00f3n de masculinidades no violentas que reconozcan la\nigualdad de derechos de las mujeres en todas las esferas de la vida.<\/p>\n\n\n\n<p>.El diplomado tiene una duraci\u00f3n\nde 5 meses con una modalidad semipresencial, esto permitir\u00e1 a los grupos\nasistir a 3 m\u00f3dulos presenciales y 2 m\u00f3dulos virtuales, ser\u00e1 impartido los d\u00edas\ns\u00e1bados de 7:00 am a 12:00 m, iniciando el 07 de septiembre del presente a\u00f1o.\nContar\u00e1 con 2 sedes, San Salvador: Campus Universidad Evang\u00e9lica de El\nSalvador,&nbsp; San Miguel: Misi\u00f3n Cristiana\nElim, el Licenciado Gabriel Gir\u00f3n es la persona encargada y puede contactarse a\ntrav\u00e9s del Tel\u00e9fono 2275-4008. o al correo gabriel.giron@uees.edu.sv<\/p>\n","protected":false},"excerpt":{"rendered":"<p>La Universidad Evang\u00e9lica de El Salvador en conjunto con el Fondo de Poblaci\u00f3n de las Naciones Unidas (UNFPA) en el marco de su programa Spotlight que es la iniciativa centrada en eliminar toda clase de violencia contra las mujeres y las ni\u00f1as, han creado el primer diplomado en \u201cacci\u00f3n pastoral frente&nbsp; a la violencia feminicida [&hellip;]<\/p>\n","protected":false},"author":3,"featured_media":6398,"comment_status":"open","ping_status":"open","sticky":false,"template":"","format":"standard","meta":[],"categories":[56],"tags":[],"yoast_head":"<!-- This site is optimized with the Yoast SEO plugin v20.8 - https:\/\/yoast.com\/wordpress\/plugins\/seo\/ -->\n<title>Impartir\u00e1n diplomado \u201cLa acci\u00f3n pastoral frente a la violencia feminicida y los embarazos en ni\u00f1as y adolescentes\u201d - La Prensa Cristiana<\/title>\n<meta name=\"robots\" content=\"index, follow, max-snippet:-1, max-image-preview:large, max-video-preview:-1\" \/>\n<link rel=\"canonical\" href=\"https:\/\/laprensacristiana.com\/?p=6397\" \/>\n<meta property=\"og:locale\" content=\"es_ES\" \/>\n<meta property=\"og:type\" content=\"article\" \/>\n<meta property=\"og:title\" content=\"Impartir\u00e1n diplomado \u201cLa acci\u00f3n pastoral frente a la violencia feminicida y los embarazos en ni\u00f1as y adolescentes\u201d - La Prensa Cristiana\" \/>\n<meta property=\"og:description\" content=\"La Universidad Evang\u00e9lica de El Salvador en conjunto con el Fondo de Poblaci\u00f3n de las Naciones Unidas (UNFPA) en el marco de su programa Spotlight que es la iniciativa centrada en eliminar toda clase de violencia contra las mujeres y las ni\u00f1as, han creado el primer diplomado en \u201cacci\u00f3n pastoral frente&nbsp; a la violencia feminicida [&hellip;]\" \/>\n<meta property=\"og:url\" content=\"https:\/\/laprensacristiana.com\/?p=6397\" \/>\n<meta property=\"og:site_name\" content=\"La Prensa Cristiana\" \/>\n<meta property=\"article:published_time\" content=\"2019-08-28T15:56:25+00:00\" \/>\n<meta property=\"article:modified_time\" content=\"2019-08-28T15:56:28+00:00\" \/>\n<meta property=\"og:image\" content=\"https:\/\/laprensacristiana.com\/wp-content\/uploads\/2019\/08\/FOTO-DE-PORTADA.jpeg\" \/>\n\t<meta property=\"og:image:width\" content=\"1280\" \/>\n\t<meta property=\"og:image:height\" content=\"958\" \/>\n\t<meta property=\"og:image:type\" content=\"image\/jpeg\" \/>\n<meta name=\"author\" content=\"EDITOR\" \/>\n<meta name=\"twitter:card\" content=\"summary_large_image\" \/>\n<meta name=\"twitter:label1\" content=\"Escrito por\" \/>\n\t<meta name=\"twitter:data1\" content=\"EDITOR\" \/>\n\t<meta name=\"twitter:label2\" content=\"Tiempo de lectura\" \/>\n\t<meta name=\"twitter:data2\" content=\"2 minutos\" \/>\n<script type=\"application\/ld+json\" class=\"yoast-schema-graph\">{\"@context\":\"https:\/\/schema.org\",\"@graph\":[{\"@type\":\"WebPage\",\"@id\":\"https:\/\/laprensacristiana.com\/?p=6397\",\"url\":\"https:\/\/laprensacristiana.com\/?p=6397\",\"name\":\"Impartir\u00e1n diplomado \u201cLa acci\u00f3n pastoral frente a la violencia feminicida y los embarazos en ni\u00f1as y adolescentes\u201d - La Prensa Cristiana\",\"isPartOf\":{\"@id\":\"https:\/\/laprensacristiana.com\/#website\"},\"datePublished\":\"2019-08-28T15:56:25+00:00\",\"dateModified\":\"2019-08-28T15:56:28+00:00\",\"author\":{\"@id\":\"https:\/\/laprensacristiana.com\/#\/schema\/person\/3e7d82c6bfd6b1fa67010f8f7cd5256e\"},\"breadcrumb\":{\"@id\":\"https:\/\/laprensacristiana.com\/?p=6397#breadcrumb\"},\"inLanguage\":\"es\",\"potentialAction\":[{\"@type\":\"ReadAction\",\"target\":[\"https:\/\/laprensacristiana.com\/?p=6397\"]}]},{\"@type\":\"BreadcrumbList\",\"@id\":\"https:\/\/laprensacristiana.com\/?p=6397#breadcrumb\",\"itemListElement\":[{\"@type\":\"ListItem\",\"position\":1,\"name\":\"Portada\",\"item\":\"https:\/\/laprensacristiana.com\/\"},{\"@type\":\"ListItem\",\"position\":2,\"name\":\"Impartir\u00e1n diplomado \u201cLa acci\u00f3n pastoral frente a la violencia feminicida y los embarazos en ni\u00f1as y adolescentes\u201d\"}]},{\"@type\":\"WebSite\",\"@id\":\"https:\/\/laprensacristiana.com\/#website\",\"url\":\"https:\/\/laprensacristiana.com\/\",\"name\":\"La Prensa Cristiana\",\"description\":\"Anunciando Las Buenas Nuevas\",\"potentialAction\":[{\"@type\":\"SearchAction\",\"target\":{\"@type\":\"EntryPoint\",\"urlTemplate\":\"https:\/\/laprensacristiana.com\/?s={search_term_string}\"},\"query-input\":\"required name=search_term_string\"}],\"inLanguage\":\"es\"},{\"@type\":\"Person\",\"@id\":\"https:\/\/laprensacristiana.com\/#\/schema\/person\/3e7d82c6bfd6b1fa67010f8f7cd5256e\",\"name\":\"EDITOR\",\"image\":{\"@type\":\"ImageObject\",\"inLanguage\":\"es\",\"@id\":\"https:\/\/laprensacristiana.com\/#\/schema\/person\/image\/\",\"url\":\"https:\/\/secure.gravatar.com\/avatar\/72069dfb6c13772d9e8381e3638666d2?s=96&d=mm&r=g\",\"contentUrl\":\"https:\/\/secure.gravatar.com\/avatar\/72069dfb6c13772d9e8381e3638666d2?s=96&d=mm&r=g\",\"caption\":\"EDITOR\"},\"url\":\"https:\/\/laprensacristiana.com\/?author=3\"}]}<\/script>\n<!-- \/ Yoast SEO plugin. -->","yoast_head_json":{"title":"Impartir\u00e1n diplomado \u201cLa acci\u00f3n pastoral frente a la violencia feminicida y los embarazos en ni\u00f1as y adolescentes\u201d - La Prensa Cristiana","robots":{"index":"index","follow":"follow","max-snippet":"max-snippet:-1","max-image-preview":"max-image-preview:large","max-video-preview":"max-video-preview:-1"},"canonical":"https:\/\/laprensacristiana.com\/?p=6397","og_locale":"es_ES","og_type":"article","og_title":"Impartir\u00e1n diplomado \u201cLa acci\u00f3n pastoral frente a la violencia feminicida y los embarazos en ni\u00f1as y adolescentes\u201d - La Prensa Cristiana","og_description":"La Universidad Evang\u00e9lica de El Salvador en conjunto con el Fondo de Poblaci\u00f3n de las Naciones Unidas (UNFPA) en el marco de su programa Spotlight que es la iniciativa centrada en eliminar toda clase de violencia contra las mujeres y las ni\u00f1as, han creado el primer diplomado en \u201cacci\u00f3n pastoral frente&nbsp; a la violencia feminicida [&hellip;]","og_url":"https:\/\/laprensacristiana.com\/?p=6397","og_site_name":"La Prensa Cristiana","article_published_time":"2019-08-28T15:56:25+00:00","article_modified_time":"2019-08-28T15:56:28+00:00","og_image":[{"width":1280,"height":958,"url":"https:\/\/laprensacristiana.com\/wp-content\/uploads\/2019\/08\/FOTO-DE-PORTADA.jpeg","type":"image\/jpeg"}],"author":"EDITOR","twitter_card":"summary_large_image","twitter_misc":{"Escrito por":"EDITOR","Tiempo de lectura":"2 minutos"},"schema":{"@context":"https:\/\/schema.org","@graph":[{"@type":"WebPage","@id":"https:\/\/laprensacristiana.com\/?p=6397","url":"https:\/\/laprensacristiana.com\/?p=6397","name":"Impartir\u00e1n diplomado \u201cLa acci\u00f3n pastoral frente a la violencia feminicida y los embarazos en ni\u00f1as y adolescentes\u201d - La Prensa Cristiana","isPartOf":{"@id":"https:\/\/laprensacristiana.com\/#website"},"datePublished":"2019-08-28T15:56:25+00:00","dateModified":"2019-08-28T15:56:28+00:00","author":{"@id":"https:\/\/laprensacristiana.com\/#\/schema\/person\/3e7d82c6bfd6b1fa67010f8f7cd5256e"},"breadcrumb":{"@id":"https:\/\/laprensacristiana.com\/?p=6397#breadcrumb"},"inLanguage":"es","potentialAction":[{"@type":"ReadAction","target":["https:\/\/laprensacristiana.com\/?p=6397"]}]},{"@type":"BreadcrumbList","@id":"https:\/\/laprensacristiana.com\/?p=6397#breadcrumb","itemListElement":[{"@type":"ListItem","position":1,"name":"Portada","item":"https:\/\/laprensacristiana.com\/"},{"@type":"ListItem","position":2,"name":"Impartir\u00e1n diplomado \u201cLa acci\u00f3n pastoral frente a la violencia feminicida y los embarazos en ni\u00f1as y adolescentes\u201d"}]},{"@type":"WebSite","@id":"https:\/\/laprensacristiana.com\/#website","url":"https:\/\/laprensacristiana.com\/","name":"La Prensa Cristiana","description":"Anunciando Las Buenas Nuevas","potentialAction":[{"@type":"SearchAction","target":{"@type":"EntryPoint","urlTemplate":"https:\/\/laprensacristiana.com\/?s={search_term_string}"},"query-input":"required name=search_term_string"}],"inLanguage":"es"},{"@type":"Person","@id":"https:\/\/laprensacristiana.com\/#\/schema\/person\/3e7d82c6bfd6b1fa67010f8f7cd5256e","name":"EDITOR","image":{"@type":"ImageObject","inLanguage":"es","@id":"https:\/\/laprensacristiana.com\/#\/schema\/person\/image\/","url":"https:\/\/secure.gravatar.com\/avatar\/72069dfb6c13772d9e8381e3638666d2?s=96&d=mm&r=g","contentUrl":"https:\/\/secure.gravatar.com\/avatar\/72069dfb6c13772d9e8381e3638666d2?s=96&d=mm&r=g","caption":"EDITOR"},"url":"https:\/\/laprensacristiana.com\/?author=3"}]}},"_links":{"self":[{"href":"https:\/\/laprensacristiana.com\/index.php?rest_route=\/wp\/v2\/posts\/6397"}],"collection":[{"href":"https:\/\/laprensacristiana.com\/index.php?rest_route=\/wp\/v2\/posts"}],"about":[{"href":"https:\/\/laprensacristiana.com\/index.php?rest_route=\/wp\/v2\/types\/post"}],"author":[{"embeddable":true,"href":"https:\/\/laprensacristiana.com\/index.php?rest_route=\/wp\/v2\/users\/3"}],"replies":[{"embeddable":true,"href":"https:\/\/laprensacristiana.com\/index.php?rest_route=%2Fwp%2Fv2%2Fcomments&post=6397"}],"version-history":[{"count":1,"href":"https:\/\/laprensacristiana.com\/index.php?rest_route=\/wp\/v2\/posts\/6397\/revisions"}],"predecessor-version":[{"id":6399,"href":"https:\/\/laprensacristiana.com\/index.php?rest_route=\/wp\/v2\/posts\/6397\/revisions\/6399"}],"wp:featuredmedia":[{"embeddable":true,"href":"https:\/\/laprensacristiana.com\/index.php?rest_route=\/wp\/v2\/media\/6398"}],"wp:attachment":[{"href":"https:\/\/laprensacristiana.com\/index.php?rest_route=%2Fwp%2Fv2%2Fmedia&parent=6397"}],"wp:term":[{"taxonomy":"category","embeddable":true,"href":"https:\/\/laprensacristiana.com\/index.php?rest_route=%2Fwp%2Fv2%2Fcategories&post=6397"},{"taxonomy":"post_tag","embeddable":true,"href":"https:\/\/laprensacristiana.com\/index.php?rest_route=%2Fwp%2Fv2%2Ftags&post=6397"}],"curies":[{"name":"wp","href":"https:\/\/api.w.org\/{rel}","templated":true}]}}