{"id":6438,"date":"2019-09-05T16:51:55","date_gmt":"2019-09-05T16:51:55","guid":{"rendered":"https:\/\/laprensacristiana.com\/?p=6438"},"modified":"2019-09-05T16:51:57","modified_gmt":"2019-09-05T16:51:57","slug":"primeros-conflictos-por-el-evangelio","status":"publish","type":"post","link":"https:\/\/laprensacristiana.com\/?p=6438","title":{"rendered":"Primeros conflictos por el evangelio"},"content":{"rendered":"\n<p>De todos es conocido que nuestro amado\nSalvador sufri\u00f3 persecuci\u00f3n desde ni\u00f1o.Parece que el mensaje que tra\u00eda iba a\nconmover al reino de las tinieblas y el infierno no se qued\u00f3 paralizado sino\nque enfrent\u00f3 la luz de Cristo con todos los recursos a su alcance.<\/p>\n\n\n\n<p>Desde los primeros d\u00edas de su ministerio,el\nSe\u00f1or fue amenazado de muerte en la propia Nazaret donde se hab\u00eda criado porque\nlos religiosos fariseos no pod\u00edan creer que \u00c9l fuera el Mes\u00edas anunciado por\nlos profetas.La sentencia de muerte marc\u00f3 la vida ministerial del Se\u00f1or hasta\nque lleg\u00f3 el d\u00eda se\u00f1alado y entreg\u00f3 su vida como estaba escrito.<\/p>\n\n\n\n<p>Pero los conflictos no cesaron con la muerte\ndel Se\u00f1or,sino que \u00c9l mismo anunci\u00f3 que la iglesia sufrir\u00eda por causa de su\nNombre.Desde el d\u00eda de Pentecost\u00e9s los ap\u00f3stoles sufrieron desprecio y\npersecuci\u00f3n por anunciar el evangelio y el libro de los Hechos relata todas las\naflicciones de los disc\u00edpulos.<\/p>\n\n\n\n<p>El bendito evangelio de Cristo no causaba\nagrado a los oyentes.A la gente le gustaban los milagros y se\u00f1ales prodigiosas\nque los ap\u00f3stoles hac\u00edan,pero se resist\u00edan a creer y obedecer,y manifestaban\nenojo,ira y odio al igual que lo hicieron con Jes\u00fas.<\/p>\n\n\n\n<p>Y comenzaron a surgir tambi\u00e9n diferencias\nentre los mismos disc\u00edpulos.Unos interpretaban las ense\u00f1anzas del Se\u00f1or de una\nmanera y otros de otra.El cap\u00edtulo 15 del libro de los Hechos nos muestra una\ncontienda por definir si los gentiles deb\u00edan ser admitidos en la iglesia.La\nsabidur\u00eda divina nos muestra la manera c\u00f3mo se deben resolver los conflictos\npor el evangelio.Convocaron un concilio,para buscar una soluci\u00f3n que resuelva\nlas diferencias y as\u00ed mantener la unidad espiritual.Tan temprano en la historia\nde la iglesia el Esp\u00edritu Santo anunci\u00f3 la necesidad de estar preparados unidos\nen la verdad,pues a la iglesia le vendr\u00eda una verdadera avalancha de\nherej\u00edas,algunas muy pulidas,que provocar\u00edan graves divisiones en el cuerpo de\nCristo.<\/p>\n\n\n\n<p>Lo que queda claro es que la iglesia sufrir\u00eda\nconflictos externos con las religiones y filosof\u00edas de moda,pero tambi\u00e9n\nconflictos internos por asuntos de interpretaci\u00f3n y entendimiento de la\nPalabra.<\/p>\n\n\n\n<p>Es interesante observar que a la iglesia\nmoderna no parece preocuparle este asunto de las diferencias doctrinales o\nteol\u00f3gicas que si fueron atendidas por la primera iglesia.Si el Nuevo\nTestamento nos exhorta a la unidad en la fe,deber\u00edamos procurar la unidad de la\niglesia en la \u00fanica verdad sostenible,que es Cristo,en lugar de ver con\nindiferencia esta fragmentaci\u00f3n que se da ante nuestros ojos.<\/p>\n\n\n\n<p>Diferencias siempre habr\u00e1 por causa de nuestra\nhumanidad,pero las diferencias no se resuelven dividiendo m\u00e1s y m\u00e1s a la\niglesia,sino buscando conciliar las diferencias por el testimonio verdadero de\nla Palabra.Es el Esp\u00edritu Santo quien nos gu\u00eda a toda verdad.<\/p>\n\n\n\n<p>No caigamos en el error religioso de dogmatizar nuestra doctrina sin permitir que sea revisada.Despu\u00e9s de la Reforma,los dogmas religiosos fueron puestos a prueba y no resistieron la verdad de la Palabra y fueron derribados.Nadie es infalible,s\u00f3lo Dios no se equivoca.Seamos humildes para reconocer el error y corrijamos el camino a la luz de la Palabra. As\u00ed daremos verdaderamente gloria s\u00f3lo a Dios.<\/p>\n","protected":false},"excerpt":{"rendered":"<p>De todos es conocido que nuestro amado Salvador sufri\u00f3 persecuci\u00f3n desde ni\u00f1o.Parece que el mensaje que tra\u00eda iba a conmover al reino de las tinieblas y el infierno no se qued\u00f3 paralizado sino que enfrent\u00f3 la luz de Cristo con todos los recursos a su alcance. Desde los primeros d\u00edas de su ministerio,el Se\u00f1or fue [&hellip;]<\/p>\n","protected":false},"author":3,"featured_media":6378,"comment_status":"open","ping_status":"open","sticky":false,"template":"","format":"standard","meta":[],"categories":[69],"tags":[],"yoast_head":"<!-- This site is optimized with the Yoast SEO plugin v20.8 - https:\/\/yoast.com\/wordpress\/plugins\/seo\/ -->\n<title>Primeros conflictos por el evangelio - La Prensa Cristiana<\/title>\n<meta name=\"robots\" content=\"index, follow, max-snippet:-1, max-image-preview:large, max-video-preview:-1\" \/>\n<link rel=\"canonical\" href=\"https:\/\/laprensacristiana.com\/?p=6438\" \/>\n<meta property=\"og:locale\" content=\"es_ES\" \/>\n<meta property=\"og:type\" content=\"article\" \/>\n<meta property=\"og:title\" content=\"Primeros conflictos por el evangelio - La Prensa Cristiana\" \/>\n<meta property=\"og:description\" content=\"De todos es conocido que nuestro amado Salvador sufri\u00f3 persecuci\u00f3n desde ni\u00f1o.Parece que el mensaje que tra\u00eda iba a conmover al reino de las tinieblas y el infierno no se qued\u00f3 paralizado sino que enfrent\u00f3 la luz de Cristo con todos los recursos a su alcance. Desde los primeros d\u00edas de su ministerio,el Se\u00f1or fue [&hellip;]\" \/>\n<meta property=\"og:url\" content=\"https:\/\/laprensacristiana.com\/?p=6438\" \/>\n<meta property=\"og:site_name\" content=\"La Prensa Cristiana\" \/>\n<meta property=\"article:published_time\" content=\"2019-09-05T16:51:55+00:00\" \/>\n<meta property=\"article:modified_time\" content=\"2019-09-05T16:51:57+00:00\" \/>\n<meta property=\"og:image\" content=\"https:\/\/laprensacristiana.com\/wp-content\/uploads\/2019\/08\/WhatsApp-Image-2019-08-21-at-10.53.02.jpeg\" \/>\n\t<meta property=\"og:image:width\" content=\"1280\" \/>\n\t<meta property=\"og:image:height\" content=\"647\" \/>\n\t<meta property=\"og:image:type\" content=\"image\/jpeg\" \/>\n<meta name=\"author\" content=\"EDITOR\" \/>\n<meta name=\"twitter:card\" content=\"summary_large_image\" \/>\n<meta name=\"twitter:label1\" content=\"Escrito por\" \/>\n\t<meta name=\"twitter:data1\" content=\"EDITOR\" \/>\n\t<meta name=\"twitter:label2\" content=\"Tiempo de lectura\" \/>\n\t<meta name=\"twitter:data2\" content=\"3 minutos\" \/>\n<script type=\"application\/ld+json\" class=\"yoast-schema-graph\">{\"@context\":\"https:\/\/schema.org\",\"@graph\":[{\"@type\":\"WebPage\",\"@id\":\"https:\/\/laprensacristiana.com\/?p=6438\",\"url\":\"https:\/\/laprensacristiana.com\/?p=6438\",\"name\":\"Primeros conflictos por el evangelio - La Prensa Cristiana\",\"isPartOf\":{\"@id\":\"https:\/\/laprensacristiana.com\/#website\"},\"datePublished\":\"2019-09-05T16:51:55+00:00\",\"dateModified\":\"2019-09-05T16:51:57+00:00\",\"author\":{\"@id\":\"https:\/\/laprensacristiana.com\/#\/schema\/person\/3e7d82c6bfd6b1fa67010f8f7cd5256e\"},\"breadcrumb\":{\"@id\":\"https:\/\/laprensacristiana.com\/?p=6438#breadcrumb\"},\"inLanguage\":\"es\",\"potentialAction\":[{\"@type\":\"ReadAction\",\"target\":[\"https:\/\/laprensacristiana.com\/?p=6438\"]}]},{\"@type\":\"BreadcrumbList\",\"@id\":\"https:\/\/laprensacristiana.com\/?p=6438#breadcrumb\",\"itemListElement\":[{\"@type\":\"ListItem\",\"position\":1,\"name\":\"Portada\",\"item\":\"https:\/\/laprensacristiana.com\/\"},{\"@type\":\"ListItem\",\"position\":2,\"name\":\"Primeros conflictos por el evangelio\"}]},{\"@type\":\"WebSite\",\"@id\":\"https:\/\/laprensacristiana.com\/#website\",\"url\":\"https:\/\/laprensacristiana.com\/\",\"name\":\"La Prensa Cristiana\",\"description\":\"Anunciando Las Buenas Nuevas\",\"potentialAction\":[{\"@type\":\"SearchAction\",\"target\":{\"@type\":\"EntryPoint\",\"urlTemplate\":\"https:\/\/laprensacristiana.com\/?s={search_term_string}\"},\"query-input\":\"required name=search_term_string\"}],\"inLanguage\":\"es\"},{\"@type\":\"Person\",\"@id\":\"https:\/\/laprensacristiana.com\/#\/schema\/person\/3e7d82c6bfd6b1fa67010f8f7cd5256e\",\"name\":\"EDITOR\",\"image\":{\"@type\":\"ImageObject\",\"inLanguage\":\"es\",\"@id\":\"https:\/\/laprensacristiana.com\/#\/schema\/person\/image\/\",\"url\":\"https:\/\/secure.gravatar.com\/avatar\/72069dfb6c13772d9e8381e3638666d2?s=96&d=mm&r=g\",\"contentUrl\":\"https:\/\/secure.gravatar.com\/avatar\/72069dfb6c13772d9e8381e3638666d2?s=96&d=mm&r=g\",\"caption\":\"EDITOR\"},\"url\":\"https:\/\/laprensacristiana.com\/?author=3\"}]}<\/script>\n<!-- \/ Yoast SEO plugin. -->","yoast_head_json":{"title":"Primeros conflictos por el evangelio - La Prensa Cristiana","robots":{"index":"index","follow":"follow","max-snippet":"max-snippet:-1","max-image-preview":"max-image-preview:large","max-video-preview":"max-video-preview:-1"},"canonical":"https:\/\/laprensacristiana.com\/?p=6438","og_locale":"es_ES","og_type":"article","og_title":"Primeros conflictos por el evangelio - La Prensa Cristiana","og_description":"De todos es conocido que nuestro amado Salvador sufri\u00f3 persecuci\u00f3n desde ni\u00f1o.Parece que el mensaje que tra\u00eda iba a conmover al reino de las tinieblas y el infierno no se qued\u00f3 paralizado sino que enfrent\u00f3 la luz de Cristo con todos los recursos a su alcance. Desde los primeros d\u00edas de su ministerio,el Se\u00f1or fue [&hellip;]","og_url":"https:\/\/laprensacristiana.com\/?p=6438","og_site_name":"La Prensa Cristiana","article_published_time":"2019-09-05T16:51:55+00:00","article_modified_time":"2019-09-05T16:51:57+00:00","og_image":[{"width":1280,"height":647,"url":"https:\/\/laprensacristiana.com\/wp-content\/uploads\/2019\/08\/WhatsApp-Image-2019-08-21-at-10.53.02.jpeg","type":"image\/jpeg"}],"author":"EDITOR","twitter_card":"summary_large_image","twitter_misc":{"Escrito por":"EDITOR","Tiempo de lectura":"3 minutos"},"schema":{"@context":"https:\/\/schema.org","@graph":[{"@type":"WebPage","@id":"https:\/\/laprensacristiana.com\/?p=6438","url":"https:\/\/laprensacristiana.com\/?p=6438","name":"Primeros conflictos por el evangelio - La Prensa Cristiana","isPartOf":{"@id":"https:\/\/laprensacristiana.com\/#website"},"datePublished":"2019-09-05T16:51:55+00:00","dateModified":"2019-09-05T16:51:57+00:00","author":{"@id":"https:\/\/laprensacristiana.com\/#\/schema\/person\/3e7d82c6bfd6b1fa67010f8f7cd5256e"},"breadcrumb":{"@id":"https:\/\/laprensacristiana.com\/?p=6438#breadcrumb"},"inLanguage":"es","potentialAction":[{"@type":"ReadAction","target":["https:\/\/laprensacristiana.com\/?p=6438"]}]},{"@type":"BreadcrumbList","@id":"https:\/\/laprensacristiana.com\/?p=6438#breadcrumb","itemListElement":[{"@type":"ListItem","position":1,"name":"Portada","item":"https:\/\/laprensacristiana.com\/"},{"@type":"ListItem","position":2,"name":"Primeros conflictos por el evangelio"}]},{"@type":"WebSite","@id":"https:\/\/laprensacristiana.com\/#website","url":"https:\/\/laprensacristiana.com\/","name":"La Prensa Cristiana","description":"Anunciando Las Buenas Nuevas","potentialAction":[{"@type":"SearchAction","target":{"@type":"EntryPoint","urlTemplate":"https:\/\/laprensacristiana.com\/?s={search_term_string}"},"query-input":"required name=search_term_string"}],"inLanguage":"es"},{"@type":"Person","@id":"https:\/\/laprensacristiana.com\/#\/schema\/person\/3e7d82c6bfd6b1fa67010f8f7cd5256e","name":"EDITOR","image":{"@type":"ImageObject","inLanguage":"es","@id":"https:\/\/laprensacristiana.com\/#\/schema\/person\/image\/","url":"https:\/\/secure.gravatar.com\/avatar\/72069dfb6c13772d9e8381e3638666d2?s=96&d=mm&r=g","contentUrl":"https:\/\/secure.gravatar.com\/avatar\/72069dfb6c13772d9e8381e3638666d2?s=96&d=mm&r=g","caption":"EDITOR"},"url":"https:\/\/laprensacristiana.com\/?author=3"}]}},"_links":{"self":[{"href":"https:\/\/laprensacristiana.com\/index.php?rest_route=\/wp\/v2\/posts\/6438"}],"collection":[{"href":"https:\/\/laprensacristiana.com\/index.php?rest_route=\/wp\/v2\/posts"}],"about":[{"href":"https:\/\/laprensacristiana.com\/index.php?rest_route=\/wp\/v2\/types\/post"}],"author":[{"embeddable":true,"href":"https:\/\/laprensacristiana.com\/index.php?rest_route=\/wp\/v2\/users\/3"}],"replies":[{"embeddable":true,"href":"https:\/\/laprensacristiana.com\/index.php?rest_route=%2Fwp%2Fv2%2Fcomments&post=6438"}],"version-history":[{"count":1,"href":"https:\/\/laprensacristiana.com\/index.php?rest_route=\/wp\/v2\/posts\/6438\/revisions"}],"predecessor-version":[{"id":6439,"href":"https:\/\/laprensacristiana.com\/index.php?rest_route=\/wp\/v2\/posts\/6438\/revisions\/6439"}],"wp:featuredmedia":[{"embeddable":true,"href":"https:\/\/laprensacristiana.com\/index.php?rest_route=\/wp\/v2\/media\/6378"}],"wp:attachment":[{"href":"https:\/\/laprensacristiana.com\/index.php?rest_route=%2Fwp%2Fv2%2Fmedia&parent=6438"}],"wp:term":[{"taxonomy":"category","embeddable":true,"href":"https:\/\/laprensacristiana.com\/index.php?rest_route=%2Fwp%2Fv2%2Fcategories&post=6438"},{"taxonomy":"post_tag","embeddable":true,"href":"https:\/\/laprensacristiana.com\/index.php?rest_route=%2Fwp%2Fv2%2Ftags&post=6438"}],"curies":[{"name":"wp","href":"https:\/\/api.w.org\/{rel}","templated":true}]}}