{"id":6451,"date":"2019-09-10T03:12:42","date_gmt":"2019-09-10T03:12:42","guid":{"rendered":"https:\/\/laprensacristiana.com\/?p=6451"},"modified":"2019-09-10T03:12:54","modified_gmt":"2019-09-10T03:12:54","slug":"pablo-rosales-lanzo-el-tema-tiemblen-que-habla-sobre-el-aborto","status":"publish","type":"post","link":"https:\/\/laprensacristiana.com\/?p=6451","title":{"rendered":"Pablo Rosales lanz\u00f3 el tema \u201cTiemblen\u201d que habla sobre el aborto"},"content":{"rendered":"\n<p>Pablo Rosales desde hace un tiempo ha creado contenido sobre\ntemas controversiales como en este caso lo es el aborto.&nbsp; Hace casi dos meses su canal de YouTube fue\ncerrado y hasta el momento no ha obtenido respuesta por parte de la plataforma\ndigital, al parecer fue denunciado por el contenido que se vert\u00eda en el.<\/p>\n\n\n\n<p>Este tema hace alusi\u00f3n a un caso que se encontraba en juicio\ndesde el a\u00f1o 2017 en&nbsp; El Salvador, sobre\nuna joven que sufri\u00f3 una violaci\u00f3n y quedo embarazada, la joven fue sentenciada\na 30 a\u00f1os de c\u00e1rcel, despu\u00e9s de una denuncia hecha por los m\u00e9dicos que la\natendieron en el a\u00f1o 2016, alegando que la joven hab\u00eda tenido un parto.<\/p>\n\n\n\n<p>Desde ese momento diferentes movimientos feministas apoyaron\na la joven para lograr su liberaci\u00f3n y alegar la aprobaci\u00f3n de la legalizaci\u00f3n\ndel aborto en El Salvador, el pasado mes de agosto fue puesta en libertad y se\ncerrar\u00eda el caso. Quedando un precedente sobre este tema tan pol\u00e9mico en el\npa\u00eds.<\/p>\n\n\n\n<p>La canci\u00f3n fue grabada en Mexico, junto a Say Hurtado y Immer Salazar, la letra de la canci\u00f3n hace alusi\u00f3n a la muerte del reci\u00e9n nacido en esa letrina, esa llanto que no pudo ser escucho, y sobre como para Pablo represent\u00f3 la aprobaci\u00f3n por primera vez del asesinato contra la ni\u00f1ez.<\/p>\n\n\n\n<figure class=\"wp-block-embed-youtube wp-block-embed is-type-video is-provider-youtube wp-embed-aspect-16-9 wp-has-aspect-ratio\"><div class=\"wp-block-embed__wrapper\">\n<div class=\"youtube-embed\" data-video_id=\"5QDqEFpL7GI\"><iframe loading=\"lazy\" title=\"TIEMBLEN  - Ni\u00f1o de 32 semanas lanzado a una letrina y qu\u00e9 le pas\u00f3 a su mam\u00e1 ?\" width=\"696\" height=\"392\" src=\"https:\/\/www.youtube.com\/embed\/5QDqEFpL7GI?feature=oembed&#038;enablejsapi=1&#038;enablejsapi=1\" frameborder=\"0\" allow=\"accelerometer; autoplay; encrypted-media; gyroscope; picture-in-picture\" allowfullscreen><\/iframe><\/div>\n<\/div><\/figure>\n","protected":false},"excerpt":{"rendered":"<p>Pablo Rosales desde hace un tiempo ha creado contenido sobre temas controversiales como en este caso lo es el aborto.&nbsp; Hace casi dos meses su canal de YouTube fue cerrado y hasta el momento no ha obtenido respuesta por parte de la plataforma digital, al parecer fue denunciado por el contenido que se vert\u00eda en [&hellip;]<\/p>\n","protected":false},"author":3,"featured_media":6452,"comment_status":"open","ping_status":"open","sticky":false,"template":"","format":"standard","meta":[],"categories":[56],"tags":[],"yoast_head":"<!-- This site is optimized with the Yoast SEO plugin v20.8 - https:\/\/yoast.com\/wordpress\/plugins\/seo\/ -->\n<title>Pablo Rosales lanz\u00f3 el tema \u201cTiemblen\u201d que habla sobre el aborto - La Prensa Cristiana<\/title>\n<meta name=\"robots\" content=\"index, follow, max-snippet:-1, max-image-preview:large, max-video-preview:-1\" \/>\n<link rel=\"canonical\" href=\"https:\/\/laprensacristiana.com\/?p=6451\" \/>\n<meta property=\"og:locale\" content=\"es_ES\" \/>\n<meta property=\"og:type\" content=\"article\" \/>\n<meta property=\"og:title\" content=\"Pablo Rosales lanz\u00f3 el tema \u201cTiemblen\u201d que habla sobre el aborto - La Prensa Cristiana\" \/>\n<meta property=\"og:description\" content=\"Pablo Rosales desde hace un tiempo ha creado contenido sobre temas controversiales como en este caso lo es el aborto.&nbsp; Hace casi dos meses su canal de YouTube fue cerrado y hasta el momento no ha obtenido respuesta por parte de la plataforma digital, al parecer fue denunciado por el contenido que se vert\u00eda en [&hellip;]\" \/>\n<meta property=\"og:url\" content=\"https:\/\/laprensacristiana.com\/?p=6451\" \/>\n<meta property=\"og:site_name\" content=\"La Prensa Cristiana\" \/>\n<meta property=\"article:published_time\" content=\"2019-09-10T03:12:42+00:00\" \/>\n<meta property=\"article:modified_time\" content=\"2019-09-10T03:12:54+00:00\" \/>\n<meta property=\"og:image\" content=\"https:\/\/laprensacristiana.com\/wp-content\/uploads\/2019\/09\/66730198_2579394895425250_4045461272701960192_n.jpg\" \/>\n\t<meta property=\"og:image:width\" content=\"960\" \/>\n\t<meta property=\"og:image:height\" content=\"959\" \/>\n\t<meta property=\"og:image:type\" content=\"image\/jpeg\" \/>\n<meta name=\"author\" content=\"EDITOR\" \/>\n<meta name=\"twitter:card\" content=\"summary_large_image\" \/>\n<meta name=\"twitter:label1\" content=\"Escrito por\" \/>\n\t<meta name=\"twitter:data1\" content=\"EDITOR\" \/>\n\t<meta name=\"twitter:label2\" content=\"Tiempo de lectura\" \/>\n\t<meta name=\"twitter:data2\" content=\"1 minuto\" \/>\n<script type=\"application\/ld+json\" class=\"yoast-schema-graph\">{\"@context\":\"https:\/\/schema.org\",\"@graph\":[{\"@type\":\"WebPage\",\"@id\":\"https:\/\/laprensacristiana.com\/?p=6451\",\"url\":\"https:\/\/laprensacristiana.com\/?p=6451\",\"name\":\"Pablo Rosales lanz\u00f3 el tema \u201cTiemblen\u201d que habla sobre el aborto - La Prensa Cristiana\",\"isPartOf\":{\"@id\":\"https:\/\/laprensacristiana.com\/#website\"},\"datePublished\":\"2019-09-10T03:12:42+00:00\",\"dateModified\":\"2019-09-10T03:12:54+00:00\",\"author\":{\"@id\":\"https:\/\/laprensacristiana.com\/#\/schema\/person\/3e7d82c6bfd6b1fa67010f8f7cd5256e\"},\"breadcrumb\":{\"@id\":\"https:\/\/laprensacristiana.com\/?p=6451#breadcrumb\"},\"inLanguage\":\"es\",\"potentialAction\":[{\"@type\":\"ReadAction\",\"target\":[\"https:\/\/laprensacristiana.com\/?p=6451\"]}]},{\"@type\":\"BreadcrumbList\",\"@id\":\"https:\/\/laprensacristiana.com\/?p=6451#breadcrumb\",\"itemListElement\":[{\"@type\":\"ListItem\",\"position\":1,\"name\":\"Portada\",\"item\":\"https:\/\/laprensacristiana.com\/\"},{\"@type\":\"ListItem\",\"position\":2,\"name\":\"Pablo Rosales lanz\u00f3 el tema \u201cTiemblen\u201d que habla sobre el aborto\"}]},{\"@type\":\"WebSite\",\"@id\":\"https:\/\/laprensacristiana.com\/#website\",\"url\":\"https:\/\/laprensacristiana.com\/\",\"name\":\"La Prensa Cristiana\",\"description\":\"Anunciando Las Buenas Nuevas\",\"potentialAction\":[{\"@type\":\"SearchAction\",\"target\":{\"@type\":\"EntryPoint\",\"urlTemplate\":\"https:\/\/laprensacristiana.com\/?s={search_term_string}\"},\"query-input\":\"required name=search_term_string\"}],\"inLanguage\":\"es\"},{\"@type\":\"Person\",\"@id\":\"https:\/\/laprensacristiana.com\/#\/schema\/person\/3e7d82c6bfd6b1fa67010f8f7cd5256e\",\"name\":\"EDITOR\",\"image\":{\"@type\":\"ImageObject\",\"inLanguage\":\"es\",\"@id\":\"https:\/\/laprensacristiana.com\/#\/schema\/person\/image\/\",\"url\":\"https:\/\/secure.gravatar.com\/avatar\/72069dfb6c13772d9e8381e3638666d2?s=96&d=mm&r=g\",\"contentUrl\":\"https:\/\/secure.gravatar.com\/avatar\/72069dfb6c13772d9e8381e3638666d2?s=96&d=mm&r=g\",\"caption\":\"EDITOR\"},\"url\":\"https:\/\/laprensacristiana.com\/?author=3\"}]}<\/script>\n<!-- \/ Yoast SEO plugin. -->","yoast_head_json":{"title":"Pablo Rosales lanz\u00f3 el tema \u201cTiemblen\u201d que habla sobre el aborto - La Prensa Cristiana","robots":{"index":"index","follow":"follow","max-snippet":"max-snippet:-1","max-image-preview":"max-image-preview:large","max-video-preview":"max-video-preview:-1"},"canonical":"https:\/\/laprensacristiana.com\/?p=6451","og_locale":"es_ES","og_type":"article","og_title":"Pablo Rosales lanz\u00f3 el tema \u201cTiemblen\u201d que habla sobre el aborto - La Prensa Cristiana","og_description":"Pablo Rosales desde hace un tiempo ha creado contenido sobre temas controversiales como en este caso lo es el aborto.&nbsp; Hace casi dos meses su canal de YouTube fue cerrado y hasta el momento no ha obtenido respuesta por parte de la plataforma digital, al parecer fue denunciado por el contenido que se vert\u00eda en [&hellip;]","og_url":"https:\/\/laprensacristiana.com\/?p=6451","og_site_name":"La Prensa Cristiana","article_published_time":"2019-09-10T03:12:42+00:00","article_modified_time":"2019-09-10T03:12:54+00:00","og_image":[{"width":960,"height":959,"url":"https:\/\/laprensacristiana.com\/wp-content\/uploads\/2019\/09\/66730198_2579394895425250_4045461272701960192_n.jpg","type":"image\/jpeg"}],"author":"EDITOR","twitter_card":"summary_large_image","twitter_misc":{"Escrito por":"EDITOR","Tiempo de lectura":"1 minuto"},"schema":{"@context":"https:\/\/schema.org","@graph":[{"@type":"WebPage","@id":"https:\/\/laprensacristiana.com\/?p=6451","url":"https:\/\/laprensacristiana.com\/?p=6451","name":"Pablo Rosales lanz\u00f3 el tema \u201cTiemblen\u201d que habla sobre el aborto - La Prensa Cristiana","isPartOf":{"@id":"https:\/\/laprensacristiana.com\/#website"},"datePublished":"2019-09-10T03:12:42+00:00","dateModified":"2019-09-10T03:12:54+00:00","author":{"@id":"https:\/\/laprensacristiana.com\/#\/schema\/person\/3e7d82c6bfd6b1fa67010f8f7cd5256e"},"breadcrumb":{"@id":"https:\/\/laprensacristiana.com\/?p=6451#breadcrumb"},"inLanguage":"es","potentialAction":[{"@type":"ReadAction","target":["https:\/\/laprensacristiana.com\/?p=6451"]}]},{"@type":"BreadcrumbList","@id":"https:\/\/laprensacristiana.com\/?p=6451#breadcrumb","itemListElement":[{"@type":"ListItem","position":1,"name":"Portada","item":"https:\/\/laprensacristiana.com\/"},{"@type":"ListItem","position":2,"name":"Pablo Rosales lanz\u00f3 el tema \u201cTiemblen\u201d que habla sobre el aborto"}]},{"@type":"WebSite","@id":"https:\/\/laprensacristiana.com\/#website","url":"https:\/\/laprensacristiana.com\/","name":"La Prensa Cristiana","description":"Anunciando Las Buenas Nuevas","potentialAction":[{"@type":"SearchAction","target":{"@type":"EntryPoint","urlTemplate":"https:\/\/laprensacristiana.com\/?s={search_term_string}"},"query-input":"required name=search_term_string"}],"inLanguage":"es"},{"@type":"Person","@id":"https:\/\/laprensacristiana.com\/#\/schema\/person\/3e7d82c6bfd6b1fa67010f8f7cd5256e","name":"EDITOR","image":{"@type":"ImageObject","inLanguage":"es","@id":"https:\/\/laprensacristiana.com\/#\/schema\/person\/image\/","url":"https:\/\/secure.gravatar.com\/avatar\/72069dfb6c13772d9e8381e3638666d2?s=96&d=mm&r=g","contentUrl":"https:\/\/secure.gravatar.com\/avatar\/72069dfb6c13772d9e8381e3638666d2?s=96&d=mm&r=g","caption":"EDITOR"},"url":"https:\/\/laprensacristiana.com\/?author=3"}]}},"_links":{"self":[{"href":"https:\/\/laprensacristiana.com\/index.php?rest_route=\/wp\/v2\/posts\/6451"}],"collection":[{"href":"https:\/\/laprensacristiana.com\/index.php?rest_route=\/wp\/v2\/posts"}],"about":[{"href":"https:\/\/laprensacristiana.com\/index.php?rest_route=\/wp\/v2\/types\/post"}],"author":[{"embeddable":true,"href":"https:\/\/laprensacristiana.com\/index.php?rest_route=\/wp\/v2\/users\/3"}],"replies":[{"embeddable":true,"href":"https:\/\/laprensacristiana.com\/index.php?rest_route=%2Fwp%2Fv2%2Fcomments&post=6451"}],"version-history":[{"count":1,"href":"https:\/\/laprensacristiana.com\/index.php?rest_route=\/wp\/v2\/posts\/6451\/revisions"}],"predecessor-version":[{"id":6453,"href":"https:\/\/laprensacristiana.com\/index.php?rest_route=\/wp\/v2\/posts\/6451\/revisions\/6453"}],"wp:featuredmedia":[{"embeddable":true,"href":"https:\/\/laprensacristiana.com\/index.php?rest_route=\/wp\/v2\/media\/6452"}],"wp:attachment":[{"href":"https:\/\/laprensacristiana.com\/index.php?rest_route=%2Fwp%2Fv2%2Fmedia&parent=6451"}],"wp:term":[{"taxonomy":"category","embeddable":true,"href":"https:\/\/laprensacristiana.com\/index.php?rest_route=%2Fwp%2Fv2%2Fcategories&post=6451"},{"taxonomy":"post_tag","embeddable":true,"href":"https:\/\/laprensacristiana.com\/index.php?rest_route=%2Fwp%2Fv2%2Ftags&post=6451"}],"curies":[{"name":"wp","href":"https:\/\/api.w.org\/{rel}","templated":true}]}}