{"id":6467,"date":"2019-09-19T17:32:49","date_gmt":"2019-09-19T17:32:49","guid":{"rendered":"https:\/\/laprensacristiana.com\/?p=6467"},"modified":"2019-09-19T17:41:20","modified_gmt":"2019-09-19T17:41:20","slug":"la-reaccion-de-los-fariseos","status":"publish","type":"post","link":"https:\/\/laprensacristiana.com\/?p=6467","title":{"rendered":"La reacci\u00f3n de los fariseos"},"content":{"rendered":"\n<p>Los evangelios destacan la reacci\u00f3n de los\nfariseos contra las ense\u00f1anzas de Jes\u00fas a lo largo de todo su ministerio\nterrenal.De hecho los fariseos fueron enemigos a muerte para el Se\u00f1or hasta\nllevarlo a la cruz.<\/p>\n\n\n\n<p>Es bueno considerar dentro de la historia de\nla iglesia el enfrentamiento con los judaizantes fariseos y conocer por qu\u00e9\nodiaron tanto a Jes\u00fas y fueron tan violentos con la iglesia primitiva.<\/p>\n\n\n\n<p>Recordemos que no hubo profeta en Israel\ndespu\u00e9s de Malaqu\u00edas,400 a\u00f1os antes del nacimiento del Se\u00f1or.Fue en ese per\u00edodo\nintertestamentario que apareci\u00f3 la primera forma de religi\u00f3n farisea.Nacidos\nprobablemente luego de la derrota de los persas por las fuerzas de\nAlejandro,los fariseos representaban el movimiento religioso que podr\u00eda\nconservar la identidad nacional jud\u00eda ante el dominio filos\u00f3fico pagano de los\ngriegos.Tema aparte ser\u00eda conocer las guerras de los jud\u00edos relatadas en los\nlibros de los Macabeos,comentadas tambi\u00e9n por Flavio Josefo el conocido\nhistoriador jud\u00edo.<\/p>\n\n\n\n<p>Cuando Judea cay\u00f3 bajo el dominio romano en el\n63 AC,los fariseos junto con los saduceos eran una fuerza muy dominante en el\npueblo de Israel y hab\u00edan acumulado control religioso y pol\u00edtico desde\nJerusal\u00e9n .Conoc\u00edan muy bien las escrituras,pero hab\u00edan deformado su\ninterpretaci\u00f3n,imponiendo mandamientos de hombres como mandamientos de Dios.<\/p>\n\n\n\n<p>Cuando Jes\u00fas anunci\u00f3 el evangelio,los\nreligiosos fariseos no fueron capaces de reconocer al Mes\u00edas,simplemente les\npareci\u00f3 imposible que un hombre as\u00ed fuese el Redentor profetizado.Y,al ver que\nlas multitudes lo segu\u00edan,se llenaron de celos tan feroces que a\u00fan los\nreligiosos de Nazaret procuraron matarlo.<\/p>\n\n\n\n<p>Lo que resulta interesante es que los fariseos\ntuviesen autoridad para decretar la muerte de sus enemigos.El sumo sacerdote\nera una figura muy influyente sobre el sanedr\u00edn,formado por saduceos y\nfariseos,capaces de enfrentar tambi\u00e9n a Herodes y Pilato e influir en sus\ndecisiones.<\/p>\n\n\n\n<p>Despu\u00e9s de la muerte de Jes\u00fas,los ap\u00f3stoles y\ndisc\u00edpulos fueron perseguidos por los religiosos fariseos.El ap\u00f3stol Pablo\nsufri\u00f3 incontables persecuciones de parte de los fariseos.Con la ca\u00edda de\nJerusal\u00e9n en el a\u00f1o 70,la religi\u00f3n saducea desapareci\u00f3 con la destrucci\u00f3n del\ntemplo y los fariseos,perseguidos tambi\u00e9n por los romanos,se organizaron como\nun nuevo movimiento religioso,fieles a sus tradiciones,pero rechazando a Jes\u00fas\ncomo Mes\u00edas.Despu\u00e9s de la rebeli\u00f3n del 132,los jud\u00edos fueron expulsados de su\ntierra y comenz\u00f3 la dispersi\u00f3n tambi\u00e9n del juda\u00edsmo.<\/p>\n\n\n\n<p>Parece que los movimientos religiosos tienen\norigen,desarrollo,apogeo,declive y desaparici\u00f3n.El sabio Gamaliel dijo que si\nel movimiento era de hombres,simplemente desaparecer\u00e1,pero si es de Dios nunca\ndesaparecer\u00e1.<\/p>\n\n\n\n<p>No podemos ignorar que cuando un pensamiento\nreligioso se aparta,se separa de la verdad,es porque otros intereses prevalecen\nsobre los intereses verdaderos.Los fariseos se llenaron de un fanatismo ciego\nque les hizo merecer el calificativo de hip\u00f3critas de parte del Se\u00f1or.<\/p>\n\n\n\n<p>Nuestros d\u00edas est\u00e1n llenos de religi\u00f3n farisea,convencidos que sus ense\u00f1anzas son las \u00fanicas verdaderas, y que s\u00f3lo sus seguidores ir\u00e1n al cielo,sin tomarse el trabajo de revisar sus doctrinas y mantener las verdaderas y desechar las equivocadas.Advertencias contra falsos profetas y maestros son abundantes en el Nuevo Testamento.Har\u00edamos bien en examinarnos,si los fariseos lo hubieran hecho,jam\u00e1s hubieran crucificado al Se\u00f1or.<\/p>\n","protected":false},"excerpt":{"rendered":"<p>Los evangelios destacan la reacci\u00f3n de los fariseos contra las ense\u00f1anzas de Jes\u00fas a lo largo de todo su ministerio terrenal.De hecho los fariseos fueron enemigos a muerte para el Se\u00f1or hasta llevarlo a la cruz. Es bueno considerar dentro de la historia de la iglesia el enfrentamiento con los judaizantes fariseos y conocer por [&hellip;]<\/p>\n","protected":false},"author":3,"featured_media":6378,"comment_status":"open","ping_status":"open","sticky":false,"template":"","format":"standard","meta":[],"categories":[69],"tags":[],"yoast_head":"<!-- This site is optimized with the Yoast SEO plugin v20.8 - https:\/\/yoast.com\/wordpress\/plugins\/seo\/ -->\n<title>La reacci\u00f3n de los fariseos - La Prensa Cristiana<\/title>\n<meta name=\"robots\" content=\"index, follow, max-snippet:-1, max-image-preview:large, max-video-preview:-1\" \/>\n<link rel=\"canonical\" href=\"https:\/\/laprensacristiana.com\/?p=6467\" \/>\n<meta property=\"og:locale\" content=\"es_ES\" \/>\n<meta property=\"og:type\" content=\"article\" \/>\n<meta property=\"og:title\" content=\"La reacci\u00f3n de los fariseos - La Prensa Cristiana\" \/>\n<meta property=\"og:description\" content=\"Los evangelios destacan la reacci\u00f3n de los fariseos contra las ense\u00f1anzas de Jes\u00fas a lo largo de todo su ministerio terrenal.De hecho los fariseos fueron enemigos a muerte para el Se\u00f1or hasta llevarlo a la cruz. Es bueno considerar dentro de la historia de la iglesia el enfrentamiento con los judaizantes fariseos y conocer por [&hellip;]\" \/>\n<meta property=\"og:url\" content=\"https:\/\/laprensacristiana.com\/?p=6467\" \/>\n<meta property=\"og:site_name\" content=\"La Prensa Cristiana\" \/>\n<meta property=\"article:published_time\" content=\"2019-09-19T17:32:49+00:00\" \/>\n<meta property=\"article:modified_time\" content=\"2019-09-19T17:41:20+00:00\" \/>\n<meta property=\"og:image\" content=\"https:\/\/laprensacristiana.com\/wp-content\/uploads\/2019\/08\/WhatsApp-Image-2019-08-21-at-10.53.02.jpeg\" \/>\n\t<meta property=\"og:image:width\" content=\"1280\" \/>\n\t<meta property=\"og:image:height\" content=\"647\" \/>\n\t<meta property=\"og:image:type\" content=\"image\/jpeg\" \/>\n<meta name=\"author\" content=\"EDITOR\" \/>\n<meta name=\"twitter:card\" content=\"summary_large_image\" \/>\n<meta name=\"twitter:label1\" content=\"Escrito por\" \/>\n\t<meta name=\"twitter:data1\" content=\"EDITOR\" \/>\n\t<meta name=\"twitter:label2\" content=\"Tiempo de lectura\" \/>\n\t<meta name=\"twitter:data2\" content=\"3 minutos\" \/>\n<script type=\"application\/ld+json\" class=\"yoast-schema-graph\">{\"@context\":\"https:\/\/schema.org\",\"@graph\":[{\"@type\":\"WebPage\",\"@id\":\"https:\/\/laprensacristiana.com\/?p=6467\",\"url\":\"https:\/\/laprensacristiana.com\/?p=6467\",\"name\":\"La reacci\u00f3n de los fariseos - La Prensa Cristiana\",\"isPartOf\":{\"@id\":\"https:\/\/laprensacristiana.com\/#website\"},\"datePublished\":\"2019-09-19T17:32:49+00:00\",\"dateModified\":\"2019-09-19T17:41:20+00:00\",\"author\":{\"@id\":\"https:\/\/laprensacristiana.com\/#\/schema\/person\/3e7d82c6bfd6b1fa67010f8f7cd5256e\"},\"breadcrumb\":{\"@id\":\"https:\/\/laprensacristiana.com\/?p=6467#breadcrumb\"},\"inLanguage\":\"es\",\"potentialAction\":[{\"@type\":\"ReadAction\",\"target\":[\"https:\/\/laprensacristiana.com\/?p=6467\"]}]},{\"@type\":\"BreadcrumbList\",\"@id\":\"https:\/\/laprensacristiana.com\/?p=6467#breadcrumb\",\"itemListElement\":[{\"@type\":\"ListItem\",\"position\":1,\"name\":\"Portada\",\"item\":\"https:\/\/laprensacristiana.com\/\"},{\"@type\":\"ListItem\",\"position\":2,\"name\":\"La reacci\u00f3n de los fariseos\"}]},{\"@type\":\"WebSite\",\"@id\":\"https:\/\/laprensacristiana.com\/#website\",\"url\":\"https:\/\/laprensacristiana.com\/\",\"name\":\"La Prensa Cristiana\",\"description\":\"Anunciando Las Buenas Nuevas\",\"potentialAction\":[{\"@type\":\"SearchAction\",\"target\":{\"@type\":\"EntryPoint\",\"urlTemplate\":\"https:\/\/laprensacristiana.com\/?s={search_term_string}\"},\"query-input\":\"required name=search_term_string\"}],\"inLanguage\":\"es\"},{\"@type\":\"Person\",\"@id\":\"https:\/\/laprensacristiana.com\/#\/schema\/person\/3e7d82c6bfd6b1fa67010f8f7cd5256e\",\"name\":\"EDITOR\",\"image\":{\"@type\":\"ImageObject\",\"inLanguage\":\"es\",\"@id\":\"https:\/\/laprensacristiana.com\/#\/schema\/person\/image\/\",\"url\":\"https:\/\/secure.gravatar.com\/avatar\/72069dfb6c13772d9e8381e3638666d2?s=96&d=mm&r=g\",\"contentUrl\":\"https:\/\/secure.gravatar.com\/avatar\/72069dfb6c13772d9e8381e3638666d2?s=96&d=mm&r=g\",\"caption\":\"EDITOR\"},\"url\":\"https:\/\/laprensacristiana.com\/?author=3\"}]}<\/script>\n<!-- \/ Yoast SEO plugin. -->","yoast_head_json":{"title":"La reacci\u00f3n de los fariseos - La Prensa Cristiana","robots":{"index":"index","follow":"follow","max-snippet":"max-snippet:-1","max-image-preview":"max-image-preview:large","max-video-preview":"max-video-preview:-1"},"canonical":"https:\/\/laprensacristiana.com\/?p=6467","og_locale":"es_ES","og_type":"article","og_title":"La reacci\u00f3n de los fariseos - La Prensa Cristiana","og_description":"Los evangelios destacan la reacci\u00f3n de los fariseos contra las ense\u00f1anzas de Jes\u00fas a lo largo de todo su ministerio terrenal.De hecho los fariseos fueron enemigos a muerte para el Se\u00f1or hasta llevarlo a la cruz. Es bueno considerar dentro de la historia de la iglesia el enfrentamiento con los judaizantes fariseos y conocer por [&hellip;]","og_url":"https:\/\/laprensacristiana.com\/?p=6467","og_site_name":"La Prensa Cristiana","article_published_time":"2019-09-19T17:32:49+00:00","article_modified_time":"2019-09-19T17:41:20+00:00","og_image":[{"width":1280,"height":647,"url":"https:\/\/laprensacristiana.com\/wp-content\/uploads\/2019\/08\/WhatsApp-Image-2019-08-21-at-10.53.02.jpeg","type":"image\/jpeg"}],"author":"EDITOR","twitter_card":"summary_large_image","twitter_misc":{"Escrito por":"EDITOR","Tiempo de lectura":"3 minutos"},"schema":{"@context":"https:\/\/schema.org","@graph":[{"@type":"WebPage","@id":"https:\/\/laprensacristiana.com\/?p=6467","url":"https:\/\/laprensacristiana.com\/?p=6467","name":"La reacci\u00f3n de los fariseos - La Prensa Cristiana","isPartOf":{"@id":"https:\/\/laprensacristiana.com\/#website"},"datePublished":"2019-09-19T17:32:49+00:00","dateModified":"2019-09-19T17:41:20+00:00","author":{"@id":"https:\/\/laprensacristiana.com\/#\/schema\/person\/3e7d82c6bfd6b1fa67010f8f7cd5256e"},"breadcrumb":{"@id":"https:\/\/laprensacristiana.com\/?p=6467#breadcrumb"},"inLanguage":"es","potentialAction":[{"@type":"ReadAction","target":["https:\/\/laprensacristiana.com\/?p=6467"]}]},{"@type":"BreadcrumbList","@id":"https:\/\/laprensacristiana.com\/?p=6467#breadcrumb","itemListElement":[{"@type":"ListItem","position":1,"name":"Portada","item":"https:\/\/laprensacristiana.com\/"},{"@type":"ListItem","position":2,"name":"La reacci\u00f3n de los fariseos"}]},{"@type":"WebSite","@id":"https:\/\/laprensacristiana.com\/#website","url":"https:\/\/laprensacristiana.com\/","name":"La Prensa Cristiana","description":"Anunciando Las Buenas Nuevas","potentialAction":[{"@type":"SearchAction","target":{"@type":"EntryPoint","urlTemplate":"https:\/\/laprensacristiana.com\/?s={search_term_string}"},"query-input":"required name=search_term_string"}],"inLanguage":"es"},{"@type":"Person","@id":"https:\/\/laprensacristiana.com\/#\/schema\/person\/3e7d82c6bfd6b1fa67010f8f7cd5256e","name":"EDITOR","image":{"@type":"ImageObject","inLanguage":"es","@id":"https:\/\/laprensacristiana.com\/#\/schema\/person\/image\/","url":"https:\/\/secure.gravatar.com\/avatar\/72069dfb6c13772d9e8381e3638666d2?s=96&d=mm&r=g","contentUrl":"https:\/\/secure.gravatar.com\/avatar\/72069dfb6c13772d9e8381e3638666d2?s=96&d=mm&r=g","caption":"EDITOR"},"url":"https:\/\/laprensacristiana.com\/?author=3"}]}},"_links":{"self":[{"href":"https:\/\/laprensacristiana.com\/index.php?rest_route=\/wp\/v2\/posts\/6467"}],"collection":[{"href":"https:\/\/laprensacristiana.com\/index.php?rest_route=\/wp\/v2\/posts"}],"about":[{"href":"https:\/\/laprensacristiana.com\/index.php?rest_route=\/wp\/v2\/types\/post"}],"author":[{"embeddable":true,"href":"https:\/\/laprensacristiana.com\/index.php?rest_route=\/wp\/v2\/users\/3"}],"replies":[{"embeddable":true,"href":"https:\/\/laprensacristiana.com\/index.php?rest_route=%2Fwp%2Fv2%2Fcomments&post=6467"}],"version-history":[{"count":2,"href":"https:\/\/laprensacristiana.com\/index.php?rest_route=\/wp\/v2\/posts\/6467\/revisions"}],"predecessor-version":[{"id":6469,"href":"https:\/\/laprensacristiana.com\/index.php?rest_route=\/wp\/v2\/posts\/6467\/revisions\/6469"}],"wp:featuredmedia":[{"embeddable":true,"href":"https:\/\/laprensacristiana.com\/index.php?rest_route=\/wp\/v2\/media\/6378"}],"wp:attachment":[{"href":"https:\/\/laprensacristiana.com\/index.php?rest_route=%2Fwp%2Fv2%2Fmedia&parent=6467"}],"wp:term":[{"taxonomy":"category","embeddable":true,"href":"https:\/\/laprensacristiana.com\/index.php?rest_route=%2Fwp%2Fv2%2Fcategories&post=6467"},{"taxonomy":"post_tag","embeddable":true,"href":"https:\/\/laprensacristiana.com\/index.php?rest_route=%2Fwp%2Fv2%2Ftags&post=6467"}],"curies":[{"name":"wp","href":"https:\/\/api.w.org\/{rel}","templated":true}]}}