{"id":6648,"date":"2019-09-20T16:52:18","date_gmt":"2019-09-20T16:52:18","guid":{"rendered":"https:\/\/laprensacristiana.com\/?p=6648"},"modified":"2019-09-20T16:52:22","modified_gmt":"2019-09-20T16:52:22","slug":"cabalgando-por-la-vida-con-sabiduria","status":"publish","type":"post","link":"https:\/\/laprensacristiana.com\/?p=6648","title":{"rendered":"\u201cCabalgando por la vida con sabidur\u00eda\u201d"},"content":{"rendered":"\n<p>Un caballo\npuede avanzar de diferentes maneras, y las m\u00e1s conocidas son las denominadas:\nmarchas al paso, al trote o al galope.<\/p>\n\n\n\n<p><strong>Marcha al paso<\/strong> es un avance lento y tranquilo donde el jinete y caballo\npueden caminar durante horas; <strong>al trote<\/strong>\nsignifica que se desplaza a velocidad moderada&nbsp;\ny es adecuado para afrontar terrenos abruptos; <strong>al galope<\/strong> es una marcha de carrera el cual el paso es m\u00e1s r\u00e1pido.<\/p>\n\n\n\n<p>Con este cafecito\nque vamos a compartir juntos quiero llevarte a una reflexi\u00f3n que a m\u00ed en lo\npersonal me sirve mucho y es: Cuantas veces me he repetido a m\u00ed misma no tengo\ntiempo para hacer \u201cx\u201d cosa o \u201cy\u201d cosa. <\/p>\n\n\n\n<p>Un d\u00eda cualquiera\npero no menos importante que otro, porque absolutamente todos los d\u00edas son\nhermosos e importante, me despert\u00e9 y ya estaba estresada, ni siquiera me di el\ntiempo que me regalo todas las ma\u00f1anas para sentarme en la peque\u00f1a terraza de\nmi casa, apreciar la naturaleza, ver jugar a mi perrita Candy, una bella labrador\ncolor blanco, con un caf\u00e9 y hablar con Pap\u00e1 Dios para agradecerle por sus\nnuevas misericordias de cada d\u00eda y por el don tan preciado de la vida, adem\u00e1s\nde poderle decir cuanto lo amo y que lo necesito y ese momento especial tan m\u00edo\ncon pap\u00e1 de las ma\u00f1anas, ese d\u00eda ni siquiera lo hice, porque <strong><em>\u201cNO\nTENIA TIEMPO<\/em>\u201d,<\/strong>&nbsp; ten\u00eda tantas\ncosas que hacer ese d\u00eda tanto de trabajo secular, ministerial y compromisos familiares,\nque seg\u00fan yo cada minuto no pod\u00eda perderlo.<\/p>\n\n\n\n<p>R\u00e1pidamente me\nba\u00f1e, me vest\u00ed con lo primero que encontr\u00e9, apenas me arregle y en mi cabeza\nrondaba y rondaba todo lo que ten\u00eda que hacer, y entre en ansiedad que no\nalcanzar\u00eda hacer todo los compromisos planificados para ese d\u00eda. <\/p>\n\n\n\n<p>Iba manejando\npara mi trabajo, apurada, y sent\u00eda que todo estaba en contra, sem\u00e1foros que no\nse apuraban a colocar la luz verde para pasar, corr\u00eda el veh\u00edculo y me deten\u00eda\nen el pr\u00f3ximo sem\u00e1foro, el tel\u00e9fono insistente no dejaba de sonar, todav\u00eda\nten\u00eda que pasar a echar gasolina, me dije a mi misma me comprare un caf\u00e9 en el\ncamino y despu\u00e9s me dec\u00eda mejor no me quitara el tiempo, cuando en un de\nrepente en la carretera vino a m\u00ed mente una palabra que hab\u00eda le\u00eddo en la\nBiblia \u201ctodo tiene su tiempo\u201d, haciendo que eso cambiara mi forma de pensar de\nmanera instant\u00e1nea, recuerdo que me hice a un lado de la carretera que conduzco\na mi trabajo y dije Pap\u00e1 esto me pasa porque no he hablado contigo esta ma\u00f1ana\npara que seas t\u00fa el que conduzcas mi d\u00eda, comenc\u00e9 a discernir que todos los\nd\u00edas sin excepci\u00f3n tiene 24 horas y la semana siete d\u00edas.<\/p>\n\n\n\n<p>Contin\u00fae manejando\nya m\u00e1s tranquila y dije debo ordenarme en los tiempos, ya que como siempre\ndigo: <strong><em>\u201cYa no tengo tiempo para perder el tiempo\u201d,<\/em><\/strong> el cual es el tema\ndel <strong>cafecito 10<\/strong> de mi libro <strong>\u201cORDENANDO LOS JUGUETES TIRADOS\u201d;<\/strong> &nbsp;y comenc\u00e9 a pensar que es lo m\u00e1s importante que\ntengo que hacer a lo menos importante y le dije a Pap\u00e1 ay\u00fadame a ser buena\nadministradora del tiempo que t\u00fa me regalas, necesito sabidur\u00eda. <\/p>\n\n\n\n<p>Comenc\u00e9 a\nentender que para todo hay tiempo, pero debo d\u00e1rselo a lo m\u00e1s importante a lo que\nrealmente necesita mi tiempo, fue as\u00ed que llegue a la noche a la casa me sent\u00e9\nen la peque\u00f1a terraza de mi casa ya no con caf\u00e9 sino a disfrutar un yogurt &nbsp;y le dije a Pap\u00e1 gracias por la lecci\u00f3n que me\nense\u00f1aste hoy, que lo primero es lo primero y lo primero eres t\u00fa, ese cafecito\npor la ma\u00f1ana contigo no puede faltarme porque es ah\u00ed donde te entrego el\ncontrol de mi vida, renuevo mis fuerzas, y har\u00e9 tal cual t\u00fa me lo indicas en\norden de prioridades. Al final del d\u00eda cumpl\u00ed mis metas con m\u00e1s tranquilidad y\nmenos estr\u00e9s porque solt\u00e9 las riendas y se las entregue a Dios.<\/p>\n\n\n\n<p>Ese d\u00eda aprend\u00ed\nque todo tiene su tiempo.&nbsp; Y es lo que quiero compartirte con este\ncafecito \u201dcabalgando por la vida con sabidur\u00eda\u201d, es que cada objetivo trazado\ndebajo del cielo tiene su tiempo se\u00f1alado y yo debo discernirlo para no emplear\nese tiempo en otra cosa que no sea prioritaria para cumplir mis metas y\nobjetivos.&nbsp; He entendido que el tiempo es algo que Pap\u00e1 creo y yo no puedo\nacortarlo o hacerlo m\u00e1s largo y menos estirarlo a mi antojo, sino que cada\nma\u00f1ana debo pedir SABIDURIA de lo alto para saber usarlo.&nbsp; <\/p>\n\n\n\n<p>A partir de ese\nd\u00eda, cada ma\u00f1ana en mi primer cafecito con Jes\u00fas le presento mi agenda a Pap\u00e1 y\nle pregunto:&nbsp; \u201cQu\u00e9 es lo que quieras que hoy haga, Pap\u00e1?\u201d.<\/p>\n\n\n\n<p><strong>Te invito que a\npartir de compartir este cafecito conmigo pongas en pr\u00e1ctica ese momento\npreciado cada ma\u00f1ana al amanecer, porque El ha dicho que nuevas son sus\nmisericordias cada ma\u00f1ana, adem\u00e1s&nbsp; nos ha\ndicho que basta su gracia,&nbsp; que no nos\ndejar\u00e1, ni desamparara, que cada d\u00eda trae su propio af\u00e1n, entendiendo que&nbsp; la vida es un regalo&nbsp; el cual cada minuto debo invertirlo en orden\nde prioridades \u201cun d\u00eda a la vez\u201d.<\/strong><\/p>\n\n\n\n<p><strong><em>#CuandoDiosNosDaUnaPromesaSuPalabraEsNuestraGarant\u00eda\u201d.<\/em><\/strong><\/p>\n\n\n\n<p><strong><em>Licda. Claudia Guill\u00e9n<\/em><\/strong><\/p>\n\n\n\n<p><strong><em>Fundadora del Ministerio Internacional<\/em><\/strong><\/p>\n\n\n\n<p><strong><em>\u201cMi Cafecito con Jes\u00fas\u201d<\/em><\/strong><\/p>\n\n\n\n<p><strong><em>Escritora del libro:<\/em><\/strong><\/p>\n\n\n\n<p><strong><em>\u201cOrdenando los juguetes tirados\u201d<\/em><\/strong><\/p>\n","protected":false},"excerpt":{"rendered":"<p>Un caballo puede avanzar de diferentes maneras, y las m\u00e1s conocidas son las denominadas: marchas al paso, al trote o al galope. Marcha al paso es un avance lento y tranquilo donde el jinete y caballo pueden caminar durante horas; al trote significa que se desplaza a velocidad moderada&nbsp; y es adecuado para afrontar terrenos [&hellip;]<\/p>\n","protected":false},"author":3,"featured_media":6649,"comment_status":"open","ping_status":"open","sticky":false,"template":"","format":"standard","meta":[],"categories":[71],"tags":[],"yoast_head":"<!-- This site is optimized with the Yoast SEO plugin v20.8 - https:\/\/yoast.com\/wordpress\/plugins\/seo\/ -->\n<title>\u201cCabalgando por la vida con sabidur\u00eda\u201d - La Prensa Cristiana<\/title>\n<meta name=\"robots\" content=\"index, follow, max-snippet:-1, max-image-preview:large, max-video-preview:-1\" \/>\n<link rel=\"canonical\" href=\"https:\/\/laprensacristiana.com\/?p=6648\" \/>\n<meta property=\"og:locale\" content=\"es_ES\" \/>\n<meta property=\"og:type\" content=\"article\" \/>\n<meta property=\"og:title\" content=\"\u201cCabalgando por la vida con sabidur\u00eda\u201d - La Prensa Cristiana\" \/>\n<meta property=\"og:description\" content=\"Un caballo puede avanzar de diferentes maneras, y las m\u00e1s conocidas son las denominadas: marchas al paso, al trote o al galope. Marcha al paso es un avance lento y tranquilo donde el jinete y caballo pueden caminar durante horas; al trote significa que se desplaza a velocidad moderada&nbsp; y es adecuado para afrontar terrenos [&hellip;]\" \/>\n<meta property=\"og:url\" content=\"https:\/\/laprensacristiana.com\/?p=6648\" \/>\n<meta property=\"og:site_name\" content=\"La Prensa Cristiana\" \/>\n<meta property=\"article:published_time\" content=\"2019-09-20T16:52:18+00:00\" \/>\n<meta property=\"article:modified_time\" content=\"2019-09-20T16:52:22+00:00\" \/>\n<meta property=\"og:image\" content=\"https:\/\/laprensacristiana.com\/wp-content\/uploads\/2019\/09\/WhatsApp-Image-2019-09-20-at-10.11.58.jpeg\" \/>\n\t<meta property=\"og:image:width\" content=\"1280\" \/>\n\t<meta property=\"og:image:height\" content=\"647\" \/>\n\t<meta property=\"og:image:type\" content=\"image\/jpeg\" \/>\n<meta name=\"author\" content=\"EDITOR\" \/>\n<meta name=\"twitter:card\" content=\"summary_large_image\" \/>\n<meta name=\"twitter:label1\" content=\"Escrito por\" \/>\n\t<meta name=\"twitter:data1\" content=\"EDITOR\" \/>\n\t<meta name=\"twitter:label2\" content=\"Tiempo de lectura\" \/>\n\t<meta name=\"twitter:data2\" content=\"5 minutos\" \/>\n<script type=\"application\/ld+json\" class=\"yoast-schema-graph\">{\"@context\":\"https:\/\/schema.org\",\"@graph\":[{\"@type\":\"WebPage\",\"@id\":\"https:\/\/laprensacristiana.com\/?p=6648\",\"url\":\"https:\/\/laprensacristiana.com\/?p=6648\",\"name\":\"\u201cCabalgando por la vida con sabidur\u00eda\u201d - La Prensa Cristiana\",\"isPartOf\":{\"@id\":\"https:\/\/laprensacristiana.com\/#website\"},\"datePublished\":\"2019-09-20T16:52:18+00:00\",\"dateModified\":\"2019-09-20T16:52:22+00:00\",\"author\":{\"@id\":\"https:\/\/laprensacristiana.com\/#\/schema\/person\/3e7d82c6bfd6b1fa67010f8f7cd5256e\"},\"breadcrumb\":{\"@id\":\"https:\/\/laprensacristiana.com\/?p=6648#breadcrumb\"},\"inLanguage\":\"es\",\"potentialAction\":[{\"@type\":\"ReadAction\",\"target\":[\"https:\/\/laprensacristiana.com\/?p=6648\"]}]},{\"@type\":\"BreadcrumbList\",\"@id\":\"https:\/\/laprensacristiana.com\/?p=6648#breadcrumb\",\"itemListElement\":[{\"@type\":\"ListItem\",\"position\":1,\"name\":\"Portada\",\"item\":\"https:\/\/laprensacristiana.com\/\"},{\"@type\":\"ListItem\",\"position\":2,\"name\":\"\u201cCabalgando por la vida con sabidur\u00eda\u201d\"}]},{\"@type\":\"WebSite\",\"@id\":\"https:\/\/laprensacristiana.com\/#website\",\"url\":\"https:\/\/laprensacristiana.com\/\",\"name\":\"La Prensa Cristiana\",\"description\":\"Anunciando Las Buenas Nuevas\",\"potentialAction\":[{\"@type\":\"SearchAction\",\"target\":{\"@type\":\"EntryPoint\",\"urlTemplate\":\"https:\/\/laprensacristiana.com\/?s={search_term_string}\"},\"query-input\":\"required name=search_term_string\"}],\"inLanguage\":\"es\"},{\"@type\":\"Person\",\"@id\":\"https:\/\/laprensacristiana.com\/#\/schema\/person\/3e7d82c6bfd6b1fa67010f8f7cd5256e\",\"name\":\"EDITOR\",\"image\":{\"@type\":\"ImageObject\",\"inLanguage\":\"es\",\"@id\":\"https:\/\/laprensacristiana.com\/#\/schema\/person\/image\/\",\"url\":\"https:\/\/secure.gravatar.com\/avatar\/72069dfb6c13772d9e8381e3638666d2?s=96&d=mm&r=g\",\"contentUrl\":\"https:\/\/secure.gravatar.com\/avatar\/72069dfb6c13772d9e8381e3638666d2?s=96&d=mm&r=g\",\"caption\":\"EDITOR\"},\"url\":\"https:\/\/laprensacristiana.com\/?author=3\"}]}<\/script>\n<!-- \/ Yoast SEO plugin. -->","yoast_head_json":{"title":"\u201cCabalgando por la vida con sabidur\u00eda\u201d - La Prensa Cristiana","robots":{"index":"index","follow":"follow","max-snippet":"max-snippet:-1","max-image-preview":"max-image-preview:large","max-video-preview":"max-video-preview:-1"},"canonical":"https:\/\/laprensacristiana.com\/?p=6648","og_locale":"es_ES","og_type":"article","og_title":"\u201cCabalgando por la vida con sabidur\u00eda\u201d - La Prensa Cristiana","og_description":"Un caballo puede avanzar de diferentes maneras, y las m\u00e1s conocidas son las denominadas: marchas al paso, al trote o al galope. Marcha al paso es un avance lento y tranquilo donde el jinete y caballo pueden caminar durante horas; al trote significa que se desplaza a velocidad moderada&nbsp; y es adecuado para afrontar terrenos [&hellip;]","og_url":"https:\/\/laprensacristiana.com\/?p=6648","og_site_name":"La Prensa Cristiana","article_published_time":"2019-09-20T16:52:18+00:00","article_modified_time":"2019-09-20T16:52:22+00:00","og_image":[{"width":1280,"height":647,"url":"https:\/\/laprensacristiana.com\/wp-content\/uploads\/2019\/09\/WhatsApp-Image-2019-09-20-at-10.11.58.jpeg","type":"image\/jpeg"}],"author":"EDITOR","twitter_card":"summary_large_image","twitter_misc":{"Escrito por":"EDITOR","Tiempo de lectura":"5 minutos"},"schema":{"@context":"https:\/\/schema.org","@graph":[{"@type":"WebPage","@id":"https:\/\/laprensacristiana.com\/?p=6648","url":"https:\/\/laprensacristiana.com\/?p=6648","name":"\u201cCabalgando por la vida con sabidur\u00eda\u201d - La Prensa Cristiana","isPartOf":{"@id":"https:\/\/laprensacristiana.com\/#website"},"datePublished":"2019-09-20T16:52:18+00:00","dateModified":"2019-09-20T16:52:22+00:00","author":{"@id":"https:\/\/laprensacristiana.com\/#\/schema\/person\/3e7d82c6bfd6b1fa67010f8f7cd5256e"},"breadcrumb":{"@id":"https:\/\/laprensacristiana.com\/?p=6648#breadcrumb"},"inLanguage":"es","potentialAction":[{"@type":"ReadAction","target":["https:\/\/laprensacristiana.com\/?p=6648"]}]},{"@type":"BreadcrumbList","@id":"https:\/\/laprensacristiana.com\/?p=6648#breadcrumb","itemListElement":[{"@type":"ListItem","position":1,"name":"Portada","item":"https:\/\/laprensacristiana.com\/"},{"@type":"ListItem","position":2,"name":"\u201cCabalgando por la vida con sabidur\u00eda\u201d"}]},{"@type":"WebSite","@id":"https:\/\/laprensacristiana.com\/#website","url":"https:\/\/laprensacristiana.com\/","name":"La Prensa Cristiana","description":"Anunciando Las Buenas Nuevas","potentialAction":[{"@type":"SearchAction","target":{"@type":"EntryPoint","urlTemplate":"https:\/\/laprensacristiana.com\/?s={search_term_string}"},"query-input":"required name=search_term_string"}],"inLanguage":"es"},{"@type":"Person","@id":"https:\/\/laprensacristiana.com\/#\/schema\/person\/3e7d82c6bfd6b1fa67010f8f7cd5256e","name":"EDITOR","image":{"@type":"ImageObject","inLanguage":"es","@id":"https:\/\/laprensacristiana.com\/#\/schema\/person\/image\/","url":"https:\/\/secure.gravatar.com\/avatar\/72069dfb6c13772d9e8381e3638666d2?s=96&d=mm&r=g","contentUrl":"https:\/\/secure.gravatar.com\/avatar\/72069dfb6c13772d9e8381e3638666d2?s=96&d=mm&r=g","caption":"EDITOR"},"url":"https:\/\/laprensacristiana.com\/?author=3"}]}},"_links":{"self":[{"href":"https:\/\/laprensacristiana.com\/index.php?rest_route=\/wp\/v2\/posts\/6648"}],"collection":[{"href":"https:\/\/laprensacristiana.com\/index.php?rest_route=\/wp\/v2\/posts"}],"about":[{"href":"https:\/\/laprensacristiana.com\/index.php?rest_route=\/wp\/v2\/types\/post"}],"author":[{"embeddable":true,"href":"https:\/\/laprensacristiana.com\/index.php?rest_route=\/wp\/v2\/users\/3"}],"replies":[{"embeddable":true,"href":"https:\/\/laprensacristiana.com\/index.php?rest_route=%2Fwp%2Fv2%2Fcomments&post=6648"}],"version-history":[{"count":1,"href":"https:\/\/laprensacristiana.com\/index.php?rest_route=\/wp\/v2\/posts\/6648\/revisions"}],"predecessor-version":[{"id":6650,"href":"https:\/\/laprensacristiana.com\/index.php?rest_route=\/wp\/v2\/posts\/6648\/revisions\/6650"}],"wp:featuredmedia":[{"embeddable":true,"href":"https:\/\/laprensacristiana.com\/index.php?rest_route=\/wp\/v2\/media\/6649"}],"wp:attachment":[{"href":"https:\/\/laprensacristiana.com\/index.php?rest_route=%2Fwp%2Fv2%2Fmedia&parent=6648"}],"wp:term":[{"taxonomy":"category","embeddable":true,"href":"https:\/\/laprensacristiana.com\/index.php?rest_route=%2Fwp%2Fv2%2Fcategories&post=6648"},{"taxonomy":"post_tag","embeddable":true,"href":"https:\/\/laprensacristiana.com\/index.php?rest_route=%2Fwp%2Fv2%2Ftags&post=6648"}],"curies":[{"name":"wp","href":"https:\/\/api.w.org\/{rel}","templated":true}]}}