{"id":6663,"date":"2019-09-25T16:19:10","date_gmt":"2019-09-25T16:19:10","guid":{"rendered":"https:\/\/laprensacristiana.com\/?p=6663"},"modified":"2019-09-25T16:25:03","modified_gmt":"2019-09-25T16:25:03","slug":"cinco-naciones-y-mas-de-200-personas-se-reunen-en-reedificap-2019-un-llamado-una-meta","status":"publish","type":"post","link":"https:\/\/laprensacristiana.com\/?p=6663","title":{"rendered":"Cinco naciones y m\u00e1s de 200 personas se reunen en Reedificap 2019: Un llamado, una meta"},"content":{"rendered":"\n<p>\u201cEstamos entrando en una nueva temporada como el cuerpo de Cristo y como naci\u00f3n. Lo que Dios est\u00e1 por hacer va m\u00e1s all\u00e1 de nuestro entendimiento\u201d. &#8211; Dr. Edwin Ramos<\/p>\n\n\n\n<p><br>El pasado 20 y 21 de septiembre se llev\u00f3 a cabo el Congreso Internacional Reedificap 2019: Un Llamado, Una Meta. Al evento asistieron m\u00e1s de 200 personas, entre l\u00edderes, pastores y congregaci\u00f3n en general, adem\u00e1s de representaciones de cinco naciones: Nicaragua, Honduras, Per\u00fa, Bolivia, M\u00e9xico.<br><\/p>\n\n\n\n<p>Empoderar al pueblo de Dios a caminar en lo sobrenatural fue el enfoque principal de la conferencia. El Pastor Calixto Calle (Misi\u00f3n Internacional La Roca &#8211; Lima, Per\u00fa) y el Pastor Daniel Lagos (Ministerio Internacional Fresca Unci\u00f3n &#8211; Comayag\u00fcela, Honduras) fueron los invitados por el Dr. Ramos y su esposa Jenny, para compartir con la iglesia. \u00b7Ambos trajeron palabra revelada, palabra de ciencia, clara y precisa que han ubicado al pueblo de Dios en el prop\u00f3sito original\u00bb expres\u00f3 el Dr. Ramos<\/p>\n\n\n\n<figure class=\"wp-block-image\"><img decoding=\"async\" loading=\"lazy\" width=\"1024\" height=\"683\" src=\"https:\/\/laprensacristiana.com\/wp-content\/uploads\/2019\/09\/IMG_4796-1024x683.jpg\" alt=\"\" class=\"wp-image-6665\" srcset=\"https:\/\/laprensacristiana.com\/wp-content\/uploads\/2019\/09\/IMG_4796-1024x683.jpg 1024w, https:\/\/laprensacristiana.com\/wp-content\/uploads\/2019\/09\/IMG_4796-600x400.jpg 600w, https:\/\/laprensacristiana.com\/wp-content\/uploads\/2019\/09\/IMG_4796-300x200.jpg 300w, https:\/\/laprensacristiana.com\/wp-content\/uploads\/2019\/09\/IMG_4796-768x512.jpg 768w, https:\/\/laprensacristiana.com\/wp-content\/uploads\/2019\/09\/IMG_4796-696x464.jpg 696w, https:\/\/laprensacristiana.com\/wp-content\/uploads\/2019\/09\/IMG_4796-1068x712.jpg 1068w, https:\/\/laprensacristiana.com\/wp-content\/uploads\/2019\/09\/IMG_4796-630x420.jpg 630w\" sizes=\"(max-width: 1024px) 100vw, 1024px\" \/><\/figure>\n\n\n\n<p>La presencia de Dios empez\u00f3 a ser tangible desde la primera sesi\u00f3n el 20 de septiembre, mucha palabra y milagros se movieron en la atm\u00f3sfera y no se detuvo a\u00fan despu\u00e9s de finalizada la conferencia el s\u00e1bado 21. A\u00fan en el desayuno para empresarios y l\u00edderes se transform\u00f3 en una ma\u00f1ana de activaci\u00f3n y revelaci\u00f3n para el cuerpo de Cristo, comentaron los organizadores. <\/p>\n\n\n\n<p>\u201cHa sido incre\u00edble\u201d, \u201cSuper\u00f3 mis expectativas\u201d, eran algunos de los comentarios que se escuchaban al finalizar el evento.<\/p>\n\n\n\n<p>Sin duda alguna, ha habido un impacto a la iglesia con este congreso internacional. Muy pronto sale a la luz m\u00e1s detalles sobre Reedificap 2020.<\/p>\n\n\n\n<figure class=\"wp-block-image\"><img decoding=\"async\" loading=\"lazy\" width=\"1024\" height=\"683\" src=\"https:\/\/laprensacristiana.com\/wp-content\/uploads\/2019\/09\/IMG_4070-1024x683.jpg\" alt=\"\" class=\"wp-image-6666\" srcset=\"https:\/\/laprensacristiana.com\/wp-content\/uploads\/2019\/09\/IMG_4070-1024x683.jpg 1024w, https:\/\/laprensacristiana.com\/wp-content\/uploads\/2019\/09\/IMG_4070-600x400.jpg 600w, https:\/\/laprensacristiana.com\/wp-content\/uploads\/2019\/09\/IMG_4070-300x200.jpg 300w, https:\/\/laprensacristiana.com\/wp-content\/uploads\/2019\/09\/IMG_4070-768x512.jpg 768w, https:\/\/laprensacristiana.com\/wp-content\/uploads\/2019\/09\/IMG_4070-696x464.jpg 696w, https:\/\/laprensacristiana.com\/wp-content\/uploads\/2019\/09\/IMG_4070-1068x712.jpg 1068w, https:\/\/laprensacristiana.com\/wp-content\/uploads\/2019\/09\/IMG_4070-630x420.jpg 630w\" sizes=\"(max-width: 1024px) 100vw, 1024px\" \/><\/figure>\n\n\n\n<p>  <br><\/p>\n","protected":false},"excerpt":{"rendered":"<p>\u201cEstamos entrando en una nueva temporada como el cuerpo de Cristo y como naci\u00f3n. Lo que Dios est\u00e1 por hacer va m\u00e1s all\u00e1 de nuestro entendimiento\u201d. &#8211; Dr. Edwin Ramos El pasado 20 y 21 de septiembre se llev\u00f3 a cabo el Congreso Internacional Reedificap 2019: Un Llamado, Una Meta. Al evento asistieron m\u00e1s de [&hellip;]<\/p>\n","protected":false},"author":3,"featured_media":6664,"comment_status":"open","ping_status":"open","sticky":false,"template":"","format":"standard","meta":[],"categories":[56],"tags":[],"yoast_head":"<!-- This site is optimized with the Yoast SEO plugin v20.8 - https:\/\/yoast.com\/wordpress\/plugins\/seo\/ -->\n<title>Cinco naciones y m\u00e1s de 200 personas se reunen en Reedificap 2019: Un llamado, una meta - La Prensa Cristiana<\/title>\n<meta name=\"robots\" content=\"index, follow, max-snippet:-1, max-image-preview:large, max-video-preview:-1\" \/>\n<link rel=\"canonical\" href=\"https:\/\/laprensacristiana.com\/?p=6663\" \/>\n<meta property=\"og:locale\" content=\"es_ES\" \/>\n<meta property=\"og:type\" content=\"article\" \/>\n<meta property=\"og:title\" content=\"Cinco naciones y m\u00e1s de 200 personas se reunen en Reedificap 2019: Un llamado, una meta - La Prensa Cristiana\" \/>\n<meta property=\"og:description\" content=\"\u201cEstamos entrando en una nueva temporada como el cuerpo de Cristo y como naci\u00f3n. Lo que Dios est\u00e1 por hacer va m\u00e1s all\u00e1 de nuestro entendimiento\u201d. &#8211; Dr. Edwin Ramos El pasado 20 y 21 de septiembre se llev\u00f3 a cabo el Congreso Internacional Reedificap 2019: Un Llamado, Una Meta. Al evento asistieron m\u00e1s de [&hellip;]\" \/>\n<meta property=\"og:url\" content=\"https:\/\/laprensacristiana.com\/?p=6663\" \/>\n<meta property=\"og:site_name\" content=\"La Prensa Cristiana\" \/>\n<meta property=\"article:published_time\" content=\"2019-09-25T16:19:10+00:00\" \/>\n<meta property=\"article:modified_time\" content=\"2019-09-25T16:25:03+00:00\" \/>\n<meta property=\"og:image\" content=\"https:\/\/laprensacristiana.com\/wp-content\/uploads\/2019\/09\/IMG_4638-scaled.jpg\" \/>\n\t<meta property=\"og:image:width\" content=\"2560\" \/>\n\t<meta property=\"og:image:height\" content=\"1707\" \/>\n\t<meta property=\"og:image:type\" content=\"image\/jpeg\" \/>\n<meta name=\"author\" content=\"EDITOR\" \/>\n<meta name=\"twitter:card\" content=\"summary_large_image\" \/>\n<meta name=\"twitter:label1\" content=\"Escrito por\" \/>\n\t<meta name=\"twitter:data1\" content=\"EDITOR\" \/>\n\t<meta name=\"twitter:label2\" content=\"Tiempo de lectura\" \/>\n\t<meta name=\"twitter:data2\" content=\"1 minuto\" \/>\n<script type=\"application\/ld+json\" class=\"yoast-schema-graph\">{\"@context\":\"https:\/\/schema.org\",\"@graph\":[{\"@type\":\"WebPage\",\"@id\":\"https:\/\/laprensacristiana.com\/?p=6663\",\"url\":\"https:\/\/laprensacristiana.com\/?p=6663\",\"name\":\"Cinco naciones y m\u00e1s de 200 personas se reunen en Reedificap 2019: Un llamado, una meta - La Prensa Cristiana\",\"isPartOf\":{\"@id\":\"https:\/\/laprensacristiana.com\/#website\"},\"datePublished\":\"2019-09-25T16:19:10+00:00\",\"dateModified\":\"2019-09-25T16:25:03+00:00\",\"author\":{\"@id\":\"https:\/\/laprensacristiana.com\/#\/schema\/person\/3e7d82c6bfd6b1fa67010f8f7cd5256e\"},\"breadcrumb\":{\"@id\":\"https:\/\/laprensacristiana.com\/?p=6663#breadcrumb\"},\"inLanguage\":\"es\",\"potentialAction\":[{\"@type\":\"ReadAction\",\"target\":[\"https:\/\/laprensacristiana.com\/?p=6663\"]}]},{\"@type\":\"BreadcrumbList\",\"@id\":\"https:\/\/laprensacristiana.com\/?p=6663#breadcrumb\",\"itemListElement\":[{\"@type\":\"ListItem\",\"position\":1,\"name\":\"Portada\",\"item\":\"https:\/\/laprensacristiana.com\/\"},{\"@type\":\"ListItem\",\"position\":2,\"name\":\"Cinco naciones y m\u00e1s de 200 personas se reunen en Reedificap 2019: Un llamado, una meta\"}]},{\"@type\":\"WebSite\",\"@id\":\"https:\/\/laprensacristiana.com\/#website\",\"url\":\"https:\/\/laprensacristiana.com\/\",\"name\":\"La Prensa Cristiana\",\"description\":\"Anunciando Las Buenas Nuevas\",\"potentialAction\":[{\"@type\":\"SearchAction\",\"target\":{\"@type\":\"EntryPoint\",\"urlTemplate\":\"https:\/\/laprensacristiana.com\/?s={search_term_string}\"},\"query-input\":\"required name=search_term_string\"}],\"inLanguage\":\"es\"},{\"@type\":\"Person\",\"@id\":\"https:\/\/laprensacristiana.com\/#\/schema\/person\/3e7d82c6bfd6b1fa67010f8f7cd5256e\",\"name\":\"EDITOR\",\"image\":{\"@type\":\"ImageObject\",\"inLanguage\":\"es\",\"@id\":\"https:\/\/laprensacristiana.com\/#\/schema\/person\/image\/\",\"url\":\"https:\/\/secure.gravatar.com\/avatar\/72069dfb6c13772d9e8381e3638666d2?s=96&d=mm&r=g\",\"contentUrl\":\"https:\/\/secure.gravatar.com\/avatar\/72069dfb6c13772d9e8381e3638666d2?s=96&d=mm&r=g\",\"caption\":\"EDITOR\"},\"url\":\"https:\/\/laprensacristiana.com\/?author=3\"}]}<\/script>\n<!-- \/ Yoast SEO plugin. -->","yoast_head_json":{"title":"Cinco naciones y m\u00e1s de 200 personas se reunen en Reedificap 2019: Un llamado, una meta - La Prensa Cristiana","robots":{"index":"index","follow":"follow","max-snippet":"max-snippet:-1","max-image-preview":"max-image-preview:large","max-video-preview":"max-video-preview:-1"},"canonical":"https:\/\/laprensacristiana.com\/?p=6663","og_locale":"es_ES","og_type":"article","og_title":"Cinco naciones y m\u00e1s de 200 personas se reunen en Reedificap 2019: Un llamado, una meta - La Prensa Cristiana","og_description":"\u201cEstamos entrando en una nueva temporada como el cuerpo de Cristo y como naci\u00f3n. Lo que Dios est\u00e1 por hacer va m\u00e1s all\u00e1 de nuestro entendimiento\u201d. &#8211; Dr. Edwin Ramos El pasado 20 y 21 de septiembre se llev\u00f3 a cabo el Congreso Internacional Reedificap 2019: Un Llamado, Una Meta. Al evento asistieron m\u00e1s de [&hellip;]","og_url":"https:\/\/laprensacristiana.com\/?p=6663","og_site_name":"La Prensa Cristiana","article_published_time":"2019-09-25T16:19:10+00:00","article_modified_time":"2019-09-25T16:25:03+00:00","og_image":[{"width":2560,"height":1707,"url":"https:\/\/laprensacristiana.com\/wp-content\/uploads\/2019\/09\/IMG_4638-scaled.jpg","type":"image\/jpeg"}],"author":"EDITOR","twitter_card":"summary_large_image","twitter_misc":{"Escrito por":"EDITOR","Tiempo de lectura":"1 minuto"},"schema":{"@context":"https:\/\/schema.org","@graph":[{"@type":"WebPage","@id":"https:\/\/laprensacristiana.com\/?p=6663","url":"https:\/\/laprensacristiana.com\/?p=6663","name":"Cinco naciones y m\u00e1s de 200 personas se reunen en Reedificap 2019: Un llamado, una meta - La Prensa Cristiana","isPartOf":{"@id":"https:\/\/laprensacristiana.com\/#website"},"datePublished":"2019-09-25T16:19:10+00:00","dateModified":"2019-09-25T16:25:03+00:00","author":{"@id":"https:\/\/laprensacristiana.com\/#\/schema\/person\/3e7d82c6bfd6b1fa67010f8f7cd5256e"},"breadcrumb":{"@id":"https:\/\/laprensacristiana.com\/?p=6663#breadcrumb"},"inLanguage":"es","potentialAction":[{"@type":"ReadAction","target":["https:\/\/laprensacristiana.com\/?p=6663"]}]},{"@type":"BreadcrumbList","@id":"https:\/\/laprensacristiana.com\/?p=6663#breadcrumb","itemListElement":[{"@type":"ListItem","position":1,"name":"Portada","item":"https:\/\/laprensacristiana.com\/"},{"@type":"ListItem","position":2,"name":"Cinco naciones y m\u00e1s de 200 personas se reunen en Reedificap 2019: Un llamado, una meta"}]},{"@type":"WebSite","@id":"https:\/\/laprensacristiana.com\/#website","url":"https:\/\/laprensacristiana.com\/","name":"La Prensa Cristiana","description":"Anunciando Las Buenas Nuevas","potentialAction":[{"@type":"SearchAction","target":{"@type":"EntryPoint","urlTemplate":"https:\/\/laprensacristiana.com\/?s={search_term_string}"},"query-input":"required name=search_term_string"}],"inLanguage":"es"},{"@type":"Person","@id":"https:\/\/laprensacristiana.com\/#\/schema\/person\/3e7d82c6bfd6b1fa67010f8f7cd5256e","name":"EDITOR","image":{"@type":"ImageObject","inLanguage":"es","@id":"https:\/\/laprensacristiana.com\/#\/schema\/person\/image\/","url":"https:\/\/secure.gravatar.com\/avatar\/72069dfb6c13772d9e8381e3638666d2?s=96&d=mm&r=g","contentUrl":"https:\/\/secure.gravatar.com\/avatar\/72069dfb6c13772d9e8381e3638666d2?s=96&d=mm&r=g","caption":"EDITOR"},"url":"https:\/\/laprensacristiana.com\/?author=3"}]}},"_links":{"self":[{"href":"https:\/\/laprensacristiana.com\/index.php?rest_route=\/wp\/v2\/posts\/6663"}],"collection":[{"href":"https:\/\/laprensacristiana.com\/index.php?rest_route=\/wp\/v2\/posts"}],"about":[{"href":"https:\/\/laprensacristiana.com\/index.php?rest_route=\/wp\/v2\/types\/post"}],"author":[{"embeddable":true,"href":"https:\/\/laprensacristiana.com\/index.php?rest_route=\/wp\/v2\/users\/3"}],"replies":[{"embeddable":true,"href":"https:\/\/laprensacristiana.com\/index.php?rest_route=%2Fwp%2Fv2%2Fcomments&post=6663"}],"version-history":[{"count":2,"href":"https:\/\/laprensacristiana.com\/index.php?rest_route=\/wp\/v2\/posts\/6663\/revisions"}],"predecessor-version":[{"id":6668,"href":"https:\/\/laprensacristiana.com\/index.php?rest_route=\/wp\/v2\/posts\/6663\/revisions\/6668"}],"wp:featuredmedia":[{"embeddable":true,"href":"https:\/\/laprensacristiana.com\/index.php?rest_route=\/wp\/v2\/media\/6664"}],"wp:attachment":[{"href":"https:\/\/laprensacristiana.com\/index.php?rest_route=%2Fwp%2Fv2%2Fmedia&parent=6663"}],"wp:term":[{"taxonomy":"category","embeddable":true,"href":"https:\/\/laprensacristiana.com\/index.php?rest_route=%2Fwp%2Fv2%2Fcategories&post=6663"},{"taxonomy":"post_tag","embeddable":true,"href":"https:\/\/laprensacristiana.com\/index.php?rest_route=%2Fwp%2Fv2%2Ftags&post=6663"}],"curies":[{"name":"wp","href":"https:\/\/api.w.org\/{rel}","templated":true}]}}