{"id":6676,"date":"2019-09-26T23:58:00","date_gmt":"2019-09-26T23:58:00","guid":{"rendered":"https:\/\/laprensacristiana.com\/?p=6676"},"modified":"2019-09-26T23:58:03","modified_gmt":"2019-09-26T23:58:03","slug":"realizan-lanzamiento-del-libro-la-tierra-que-amamos","status":"publish","type":"post","link":"https:\/\/laprensacristiana.com\/?p=6676","title":{"rendered":"Realizan lanzamiento del libro \u201cLa Tierra que Amamos\u201d"},"content":{"rendered":"\n<p>El pasado mi\u00e9rcoles 25 de Septiembre se llev\u00f3 a cabo el lanzamiento oficial del libro y manual de Intercesi\u00f3n para las naciones:\u00bb La Tierra que Amamos \u00ab, en horas de la noche en las instalaciones de la Iglesia Casa Emanuel para Las Naciones.<\/p>\n\n\n\n<p style=\"text-align:left\">A\ncontinuaci\u00f3n un peque\u00f1o fragmento del libro:<\/p>\n\n\n\n<p style=\"text-align:center\">***<\/p>\n\n\n\n<pre class=\"wp-block-preformatted\">No eres una\ncasualidad, eres una Causalidad.&nbsp; No eres\nproducto del azar del destino, de una rifa, de un descuido prenatal, o de la\nsuerte misma.&nbsp; Eres la expresi\u00f3n del plan\nde Dios para esta naci\u00f3n.&nbsp; As\u00ed que no\nest\u00e1s aqu\u00ed por error, ni por infortunio, sino por una causa.&nbsp; T\u00fa tienes lo que esta naci\u00f3n necesita. No es\nun accidente que hayas nacido en este pa\u00eds, Dios te seleccion\u00f3 para esta\nnaci\u00f3n.&nbsp; Hab\u00eda muchas opciones para nacer\nen diferentes puntos del planeta, pero Dios te puso aqu\u00ed.&nbsp; <\/pre>\n\n\n\n<p style=\"text-align:center\">***<\/p>\n\n\n\n<p>El libro fue escrito por Otoniel Alvarado un pastor joven que est\u00e1 trabajando\nde manera intensa la parte oeste del departamento de San Salvador en la ciudad\nde Ilopango, quien junto a su esposa e hijos invierten de su tiempo y esfuerzo\npara formar una nueva generaci\u00f3n comprometida no solo con el evangelio dentro\nde su congregaci\u00f3n sino tambi\u00e9n pueda ser llevado a los sectores m\u00e1s rec\u00f3nditos\nde la sociedad y as\u00ed realizar una labor integral. <\/p>\n\n\n\n<p>\u201cDios me dio su gracia para\nescribir el manual <em>\u00abLa Tierra que\nAmamos\u00bb<\/em> como la respuesta a la necesidad de la iglesia y la naci\u00f3n. No\nexisten manuales que entrenen a la iglesia en la labor de la intercesi\u00f3n, especialmente\nen el \u00e1rea de naci\u00f3n, este manual es una herramienta de entretenimiento para\npastores y congregaci\u00f3n, al usarlo nos da la capacidad de adquirir un llamado\nde naci\u00f3n y pone al lector a las \u00f3rdenes de Dios para bendecir el pa\u00eds donde\nDios lo ha puesto. Creo con todo mi coraz\u00f3n que no solamente ser\u00e1 de bendici\u00f3n\npara El Salvador sino para todas las naciones de la tierra, ya que est\u00e1\ndise\u00f1ado para ser aplicado a cualquier pa\u00eds, me gozo al saber que a trav\u00e9s de\neste manual El Salvador ser\u00e1 bendecido y bendecir\u00e1 a todas las naciones de la\ntierra\u201d. Expres\u00f3 el pastor Otoniel Alvarado<\/p>\n\n\n\n<p>Puede ser adquirido en las instalaciones de la iglesia Casa Emanuel o solicitado a los n\u00fameros (503) 7137-1253 y (503) 7008-5211.<\/p>\n\n\n\n<figure class=\"wp-block-image\"><img decoding=\"async\" loading=\"lazy\" width=\"768\" height=\"1024\" src=\"https:\/\/laprensacristiana.com\/wp-content\/uploads\/2019\/09\/WhatsApp-Image-2019-09-26-at-4.57.19-PM-3-768x1024.jpeg\" alt=\"\" class=\"wp-image-6678\" srcset=\"https:\/\/laprensacristiana.com\/wp-content\/uploads\/2019\/09\/WhatsApp-Image-2019-09-26-at-4.57.19-PM-3-768x1024.jpeg 768w, https:\/\/laprensacristiana.com\/wp-content\/uploads\/2019\/09\/WhatsApp-Image-2019-09-26-at-4.57.19-PM-3-600x800.jpeg 600w, https:\/\/laprensacristiana.com\/wp-content\/uploads\/2019\/09\/WhatsApp-Image-2019-09-26-at-4.57.19-PM-3-225x300.jpeg 225w, https:\/\/laprensacristiana.com\/wp-content\/uploads\/2019\/09\/WhatsApp-Image-2019-09-26-at-4.57.19-PM-3-696x928.jpeg 696w, https:\/\/laprensacristiana.com\/wp-content\/uploads\/2019\/09\/WhatsApp-Image-2019-09-26-at-4.57.19-PM-3-315x420.jpeg 315w, https:\/\/laprensacristiana.com\/wp-content\/uploads\/2019\/09\/WhatsApp-Image-2019-09-26-at-4.57.19-PM-3.jpeg 960w\" sizes=\"(max-width: 768px) 100vw, 768px\" \/><\/figure>\n","protected":false},"excerpt":{"rendered":"<p>El pasado mi\u00e9rcoles 25 de Septiembre se llev\u00f3 a cabo el lanzamiento oficial del libro y manual de Intercesi\u00f3n para las naciones:\u00bb La Tierra que Amamos \u00ab, en horas de la noche en las instalaciones de la Iglesia Casa Emanuel para Las Naciones. A continuaci\u00f3n un peque\u00f1o fragmento del libro: *** No eres una casualidad, [&hellip;]<\/p>\n","protected":false},"author":3,"featured_media":6679,"comment_status":"open","ping_status":"open","sticky":false,"template":"","format":"standard","meta":[],"categories":[56],"tags":[],"yoast_head":"<!-- This site is optimized with the Yoast SEO plugin v20.8 - https:\/\/yoast.com\/wordpress\/plugins\/seo\/ -->\n<title>Realizan lanzamiento del libro \u201cLa Tierra que Amamos\u201d - La Prensa Cristiana<\/title>\n<meta name=\"robots\" content=\"index, follow, max-snippet:-1, max-image-preview:large, max-video-preview:-1\" \/>\n<link rel=\"canonical\" href=\"https:\/\/laprensacristiana.com\/?p=6676\" \/>\n<meta property=\"og:locale\" content=\"es_ES\" \/>\n<meta property=\"og:type\" content=\"article\" \/>\n<meta property=\"og:title\" content=\"Realizan lanzamiento del libro \u201cLa Tierra que Amamos\u201d - La Prensa Cristiana\" \/>\n<meta property=\"og:description\" content=\"El pasado mi\u00e9rcoles 25 de Septiembre se llev\u00f3 a cabo el lanzamiento oficial del libro y manual de Intercesi\u00f3n para las naciones:\u00bb La Tierra que Amamos \u00ab, en horas de la noche en las instalaciones de la Iglesia Casa Emanuel para Las Naciones. A continuaci\u00f3n un peque\u00f1o fragmento del libro: *** No eres una casualidad, [&hellip;]\" \/>\n<meta property=\"og:url\" content=\"https:\/\/laprensacristiana.com\/?p=6676\" \/>\n<meta property=\"og:site_name\" content=\"La Prensa Cristiana\" \/>\n<meta property=\"article:published_time\" content=\"2019-09-26T23:58:00+00:00\" \/>\n<meta property=\"article:modified_time\" content=\"2019-09-26T23:58:03+00:00\" \/>\n<meta property=\"og:image\" content=\"https:\/\/laprensacristiana.com\/wp-content\/uploads\/2019\/09\/WhatsApp-Image-2019-09-26-at-4.57.19-PM.jpeg\" \/>\n\t<meta property=\"og:image:width\" content=\"1280\" \/>\n\t<meta property=\"og:image:height\" content=\"960\" \/>\n\t<meta property=\"og:image:type\" content=\"image\/jpeg\" \/>\n<meta name=\"author\" content=\"EDITOR\" \/>\n<meta name=\"twitter:card\" content=\"summary_large_image\" \/>\n<meta name=\"twitter:label1\" content=\"Escrito por\" \/>\n\t<meta name=\"twitter:data1\" content=\"EDITOR\" \/>\n\t<meta name=\"twitter:label2\" content=\"Tiempo de lectura\" \/>\n\t<meta name=\"twitter:data2\" content=\"2 minutos\" \/>\n<script type=\"application\/ld+json\" class=\"yoast-schema-graph\">{\"@context\":\"https:\/\/schema.org\",\"@graph\":[{\"@type\":\"WebPage\",\"@id\":\"https:\/\/laprensacristiana.com\/?p=6676\",\"url\":\"https:\/\/laprensacristiana.com\/?p=6676\",\"name\":\"Realizan lanzamiento del libro \u201cLa Tierra que Amamos\u201d - La Prensa Cristiana\",\"isPartOf\":{\"@id\":\"https:\/\/laprensacristiana.com\/#website\"},\"datePublished\":\"2019-09-26T23:58:00+00:00\",\"dateModified\":\"2019-09-26T23:58:03+00:00\",\"author\":{\"@id\":\"https:\/\/laprensacristiana.com\/#\/schema\/person\/3e7d82c6bfd6b1fa67010f8f7cd5256e\"},\"breadcrumb\":{\"@id\":\"https:\/\/laprensacristiana.com\/?p=6676#breadcrumb\"},\"inLanguage\":\"es\",\"potentialAction\":[{\"@type\":\"ReadAction\",\"target\":[\"https:\/\/laprensacristiana.com\/?p=6676\"]}]},{\"@type\":\"BreadcrumbList\",\"@id\":\"https:\/\/laprensacristiana.com\/?p=6676#breadcrumb\",\"itemListElement\":[{\"@type\":\"ListItem\",\"position\":1,\"name\":\"Portada\",\"item\":\"https:\/\/laprensacristiana.com\/\"},{\"@type\":\"ListItem\",\"position\":2,\"name\":\"Realizan lanzamiento del libro \u201cLa Tierra que Amamos\u201d\"}]},{\"@type\":\"WebSite\",\"@id\":\"https:\/\/laprensacristiana.com\/#website\",\"url\":\"https:\/\/laprensacristiana.com\/\",\"name\":\"La Prensa Cristiana\",\"description\":\"Anunciando Las Buenas Nuevas\",\"potentialAction\":[{\"@type\":\"SearchAction\",\"target\":{\"@type\":\"EntryPoint\",\"urlTemplate\":\"https:\/\/laprensacristiana.com\/?s={search_term_string}\"},\"query-input\":\"required name=search_term_string\"}],\"inLanguage\":\"es\"},{\"@type\":\"Person\",\"@id\":\"https:\/\/laprensacristiana.com\/#\/schema\/person\/3e7d82c6bfd6b1fa67010f8f7cd5256e\",\"name\":\"EDITOR\",\"image\":{\"@type\":\"ImageObject\",\"inLanguage\":\"es\",\"@id\":\"https:\/\/laprensacristiana.com\/#\/schema\/person\/image\/\",\"url\":\"https:\/\/secure.gravatar.com\/avatar\/72069dfb6c13772d9e8381e3638666d2?s=96&d=mm&r=g\",\"contentUrl\":\"https:\/\/secure.gravatar.com\/avatar\/72069dfb6c13772d9e8381e3638666d2?s=96&d=mm&r=g\",\"caption\":\"EDITOR\"},\"url\":\"https:\/\/laprensacristiana.com\/?author=3\"}]}<\/script>\n<!-- \/ Yoast SEO plugin. -->","yoast_head_json":{"title":"Realizan lanzamiento del libro \u201cLa Tierra que Amamos\u201d - La Prensa Cristiana","robots":{"index":"index","follow":"follow","max-snippet":"max-snippet:-1","max-image-preview":"max-image-preview:large","max-video-preview":"max-video-preview:-1"},"canonical":"https:\/\/laprensacristiana.com\/?p=6676","og_locale":"es_ES","og_type":"article","og_title":"Realizan lanzamiento del libro \u201cLa Tierra que Amamos\u201d - La Prensa Cristiana","og_description":"El pasado mi\u00e9rcoles 25 de Septiembre se llev\u00f3 a cabo el lanzamiento oficial del libro y manual de Intercesi\u00f3n para las naciones:\u00bb La Tierra que Amamos \u00ab, en horas de la noche en las instalaciones de la Iglesia Casa Emanuel para Las Naciones. A continuaci\u00f3n un peque\u00f1o fragmento del libro: *** No eres una casualidad, [&hellip;]","og_url":"https:\/\/laprensacristiana.com\/?p=6676","og_site_name":"La Prensa Cristiana","article_published_time":"2019-09-26T23:58:00+00:00","article_modified_time":"2019-09-26T23:58:03+00:00","og_image":[{"width":1280,"height":960,"url":"https:\/\/laprensacristiana.com\/wp-content\/uploads\/2019\/09\/WhatsApp-Image-2019-09-26-at-4.57.19-PM.jpeg","type":"image\/jpeg"}],"author":"EDITOR","twitter_card":"summary_large_image","twitter_misc":{"Escrito por":"EDITOR","Tiempo de lectura":"2 minutos"},"schema":{"@context":"https:\/\/schema.org","@graph":[{"@type":"WebPage","@id":"https:\/\/laprensacristiana.com\/?p=6676","url":"https:\/\/laprensacristiana.com\/?p=6676","name":"Realizan lanzamiento del libro \u201cLa Tierra que Amamos\u201d - La Prensa Cristiana","isPartOf":{"@id":"https:\/\/laprensacristiana.com\/#website"},"datePublished":"2019-09-26T23:58:00+00:00","dateModified":"2019-09-26T23:58:03+00:00","author":{"@id":"https:\/\/laprensacristiana.com\/#\/schema\/person\/3e7d82c6bfd6b1fa67010f8f7cd5256e"},"breadcrumb":{"@id":"https:\/\/laprensacristiana.com\/?p=6676#breadcrumb"},"inLanguage":"es","potentialAction":[{"@type":"ReadAction","target":["https:\/\/laprensacristiana.com\/?p=6676"]}]},{"@type":"BreadcrumbList","@id":"https:\/\/laprensacristiana.com\/?p=6676#breadcrumb","itemListElement":[{"@type":"ListItem","position":1,"name":"Portada","item":"https:\/\/laprensacristiana.com\/"},{"@type":"ListItem","position":2,"name":"Realizan lanzamiento del libro \u201cLa Tierra que Amamos\u201d"}]},{"@type":"WebSite","@id":"https:\/\/laprensacristiana.com\/#website","url":"https:\/\/laprensacristiana.com\/","name":"La Prensa Cristiana","description":"Anunciando Las Buenas Nuevas","potentialAction":[{"@type":"SearchAction","target":{"@type":"EntryPoint","urlTemplate":"https:\/\/laprensacristiana.com\/?s={search_term_string}"},"query-input":"required name=search_term_string"}],"inLanguage":"es"},{"@type":"Person","@id":"https:\/\/laprensacristiana.com\/#\/schema\/person\/3e7d82c6bfd6b1fa67010f8f7cd5256e","name":"EDITOR","image":{"@type":"ImageObject","inLanguage":"es","@id":"https:\/\/laprensacristiana.com\/#\/schema\/person\/image\/","url":"https:\/\/secure.gravatar.com\/avatar\/72069dfb6c13772d9e8381e3638666d2?s=96&d=mm&r=g","contentUrl":"https:\/\/secure.gravatar.com\/avatar\/72069dfb6c13772d9e8381e3638666d2?s=96&d=mm&r=g","caption":"EDITOR"},"url":"https:\/\/laprensacristiana.com\/?author=3"}]}},"_links":{"self":[{"href":"https:\/\/laprensacristiana.com\/index.php?rest_route=\/wp\/v2\/posts\/6676"}],"collection":[{"href":"https:\/\/laprensacristiana.com\/index.php?rest_route=\/wp\/v2\/posts"}],"about":[{"href":"https:\/\/laprensacristiana.com\/index.php?rest_route=\/wp\/v2\/types\/post"}],"author":[{"embeddable":true,"href":"https:\/\/laprensacristiana.com\/index.php?rest_route=\/wp\/v2\/users\/3"}],"replies":[{"embeddable":true,"href":"https:\/\/laprensacristiana.com\/index.php?rest_route=%2Fwp%2Fv2%2Fcomments&post=6676"}],"version-history":[{"count":1,"href":"https:\/\/laprensacristiana.com\/index.php?rest_route=\/wp\/v2\/posts\/6676\/revisions"}],"predecessor-version":[{"id":6680,"href":"https:\/\/laprensacristiana.com\/index.php?rest_route=\/wp\/v2\/posts\/6676\/revisions\/6680"}],"wp:featuredmedia":[{"embeddable":true,"href":"https:\/\/laprensacristiana.com\/index.php?rest_route=\/wp\/v2\/media\/6679"}],"wp:attachment":[{"href":"https:\/\/laprensacristiana.com\/index.php?rest_route=%2Fwp%2Fv2%2Fmedia&parent=6676"}],"wp:term":[{"taxonomy":"category","embeddable":true,"href":"https:\/\/laprensacristiana.com\/index.php?rest_route=%2Fwp%2Fv2%2Fcategories&post=6676"},{"taxonomy":"post_tag","embeddable":true,"href":"https:\/\/laprensacristiana.com\/index.php?rest_route=%2Fwp%2Fv2%2Ftags&post=6676"}],"curies":[{"name":"wp","href":"https:\/\/api.w.org\/{rel}","templated":true}]}}