{"id":6681,"date":"2019-09-27T00:07:16","date_gmt":"2019-09-27T00:07:16","guid":{"rendered":"https:\/\/laprensacristiana.com\/?p=6681"},"modified":"2019-09-27T00:23:17","modified_gmt":"2019-09-27T00:23:17","slug":"alex-campos-e-indiomar-se-unen-en-una-cancion-que-ensena-a-perdonar","status":"publish","type":"post","link":"https:\/\/laprensacristiana.com\/?p=6681","title":{"rendered":"Alex Campos e Indiomar se unen en una canci\u00f3n que ense\u00f1a a perdonar"},"content":{"rendered":"\n<p><em>Bajo la producci\u00f3n de <\/em><em>Saga Whiteblack el cantautor\ncolombiano de nuevo env\u00eda un mensaje poderoso de perd\u00f3n a trav\u00e9s de su m\u00fasica.<\/em><em><\/em><\/p>\n\n\n\n<p>En los \u00faltimos meses, el cantante colombiano Alex Campos, <strong>quien con cuatro\n<em>Grammys<\/em> latinos <\/strong>se encuentra entre los <strong>20 artistas m\u00e1s premiados<\/strong>\npor la Academia de la M\u00fasica, contin\u00faa viajando entre Estados Unidos y Am\u00e9rica\nLatina realizando una gira de medios masivos y eventos de alto nivel. Los\nprimeros dos sencillos de su \u00e1lbum <strong>\u2018Soldado\u2019<\/strong>, han cautivado abriendo\ncamino a toda una nueva generaci\u00f3n de seguidores. Al mismo tiempo, el mercado\nmusical aplaude su incursi\u00f3n en el g\u00e9nero urbano y otros ritmos que, con estilo\ncaracter\u00edstico, mantienen el mensaje que ha comunicado durante su carrera de 20\na\u00f1os.<\/p>\n\n\n\n<p><strong>\u2018Hoy\u2019<\/strong> es una canci\u00f3n que tienen un mensaje muy\npoderoso acerca del perd\u00f3n, la cual invita y hace un llamado <strong>a trav\u00e9s de los\nsonidos urbanos a conservar la unidad familiar y reconocernos como seres\nimperfectos<\/strong> que, a pesar de sus errores, tenemos la habilidad de\nreconocerlos. \u201cFallar es parte de la vida, pero perdonar tambi\u00e9n debe serlo.\nTodo ser humano experimentar\u00e1 la necesidad de pedir perd\u00f3n y la urgencia perdonar\u201d,\nafirma el cantautor. &nbsp;perdonar\u201d, afirma el cantautor. \u00a0<\/p>\n\n\n\n<p>La canci\u00f3n expone que, aunque estemos o hayamos andado por un\ncamino incorrecto y aunque hayamos tomado malas decisiones, nunca es tarde para\nreconocer nuestras faltas. Alex trabaj\u00f3 bajo la <strong>producci\u00f3n de <\/strong><strong>Saga Whiteblack, reconocido por\nsu labor con Nicky Jam <\/strong>y otros grandes artistas seculares de\nreguet\u00f3n. Tambi\u00e9n invit\u00f3 al cantante puertorrique\u00f1o <strong>Indiomar a sumar su voz para dar\nsingularidad al tema.<\/strong><\/p>\n\n\n\n<p><strong>El video fue grabado en Guatemala<\/strong> bajo la direcci\u00f3n de Manny\u00a0y su productora Filo Estudios, la historia relata la infidelidad de una mujer a su esposo, cuenta con im\u00e1genes poderosas el doloroso proceso de divorcio. Sin embargo, cuando ella reconoce su error, descubre el poder restaurador del perd\u00f3n que tanto su esposo le concede. <strong>Alex reafirma con este tema que lo m\u00e1s importante en la vida es tener familias unidas.<\/strong><\/p>\n\n\n\n<figure class=\"wp-block-embed-youtube wp-block-embed is-type-video is-provider-youtube wp-embed-aspect-16-9 wp-has-aspect-ratio\"><div class=\"wp-block-embed__wrapper\">\n<div class=\"youtube-embed\" data-video_id=\"Jz0qOH4zeYI\"><iframe loading=\"lazy\" title=\"Alex Campos feat. Indiomar - Hoy (Video Oficial)\" width=\"696\" height=\"392\" src=\"https:\/\/www.youtube.com\/embed\/Jz0qOH4zeYI?feature=oembed&#038;enablejsapi=1&#038;enablejsapi=1\" frameborder=\"0\" allow=\"accelerometer; autoplay; encrypted-media; gyroscope; picture-in-picture\" allowfullscreen><\/iframe><\/div>\n<\/div><\/figure>\n","protected":false},"excerpt":{"rendered":"<p>Bajo la producci\u00f3n de Saga Whiteblack el cantautor colombiano de nuevo env\u00eda un mensaje poderoso de perd\u00f3n a trav\u00e9s de su m\u00fasica. En los \u00faltimos meses, el cantante colombiano Alex Campos, quien con cuatro Grammys latinos se encuentra entre los 20 artistas m\u00e1s premiados por la Academia de la M\u00fasica, contin\u00faa viajando entre Estados Unidos [&hellip;]<\/p>\n","protected":false},"author":3,"featured_media":6682,"comment_status":"open","ping_status":"open","sticky":false,"template":"","format":"standard","meta":[],"categories":[56],"tags":[],"yoast_head":"<!-- This site is optimized with the Yoast SEO plugin v20.8 - https:\/\/yoast.com\/wordpress\/plugins\/seo\/ -->\n<title>Alex Campos e Indiomar se unen en una canci\u00f3n que ense\u00f1a a perdonar - La Prensa Cristiana<\/title>\n<meta name=\"robots\" content=\"index, follow, max-snippet:-1, max-image-preview:large, max-video-preview:-1\" \/>\n<link rel=\"canonical\" href=\"https:\/\/laprensacristiana.com\/?p=6681\" \/>\n<meta property=\"og:locale\" content=\"es_ES\" \/>\n<meta property=\"og:type\" content=\"article\" \/>\n<meta property=\"og:title\" content=\"Alex Campos e Indiomar se unen en una canci\u00f3n que ense\u00f1a a perdonar - La Prensa Cristiana\" \/>\n<meta property=\"og:description\" content=\"Bajo la producci\u00f3n de Saga Whiteblack el cantautor colombiano de nuevo env\u00eda un mensaje poderoso de perd\u00f3n a trav\u00e9s de su m\u00fasica. En los \u00faltimos meses, el cantante colombiano Alex Campos, quien con cuatro Grammys latinos se encuentra entre los 20 artistas m\u00e1s premiados por la Academia de la M\u00fasica, contin\u00faa viajando entre Estados Unidos [&hellip;]\" \/>\n<meta property=\"og:url\" content=\"https:\/\/laprensacristiana.com\/?p=6681\" \/>\n<meta property=\"og:site_name\" content=\"La Prensa Cristiana\" \/>\n<meta property=\"article:published_time\" content=\"2019-09-27T00:07:16+00:00\" \/>\n<meta property=\"article:modified_time\" content=\"2019-09-27T00:23:17+00:00\" \/>\n<meta property=\"og:image\" content=\"https:\/\/laprensacristiana.com\/wp-content\/uploads\/2019\/09\/Hoy-cover-scaled.jpg\" \/>\n\t<meta property=\"og:image:width\" content=\"2560\" \/>\n\t<meta property=\"og:image:height\" content=\"2560\" \/>\n\t<meta property=\"og:image:type\" content=\"image\/jpeg\" \/>\n<meta name=\"author\" content=\"EDITOR\" \/>\n<meta name=\"twitter:card\" content=\"summary_large_image\" \/>\n<meta name=\"twitter:label1\" content=\"Escrito por\" \/>\n\t<meta name=\"twitter:data1\" content=\"EDITOR\" \/>\n\t<meta name=\"twitter:label2\" content=\"Tiempo de lectura\" \/>\n\t<meta name=\"twitter:data2\" content=\"2 minutos\" \/>\n<script type=\"application\/ld+json\" class=\"yoast-schema-graph\">{\"@context\":\"https:\/\/schema.org\",\"@graph\":[{\"@type\":\"WebPage\",\"@id\":\"https:\/\/laprensacristiana.com\/?p=6681\",\"url\":\"https:\/\/laprensacristiana.com\/?p=6681\",\"name\":\"Alex Campos e Indiomar se unen en una canci\u00f3n que ense\u00f1a a perdonar - La Prensa Cristiana\",\"isPartOf\":{\"@id\":\"https:\/\/laprensacristiana.com\/#website\"},\"datePublished\":\"2019-09-27T00:07:16+00:00\",\"dateModified\":\"2019-09-27T00:23:17+00:00\",\"author\":{\"@id\":\"https:\/\/laprensacristiana.com\/#\/schema\/person\/3e7d82c6bfd6b1fa67010f8f7cd5256e\"},\"breadcrumb\":{\"@id\":\"https:\/\/laprensacristiana.com\/?p=6681#breadcrumb\"},\"inLanguage\":\"es\",\"potentialAction\":[{\"@type\":\"ReadAction\",\"target\":[\"https:\/\/laprensacristiana.com\/?p=6681\"]}]},{\"@type\":\"BreadcrumbList\",\"@id\":\"https:\/\/laprensacristiana.com\/?p=6681#breadcrumb\",\"itemListElement\":[{\"@type\":\"ListItem\",\"position\":1,\"name\":\"Portada\",\"item\":\"https:\/\/laprensacristiana.com\/\"},{\"@type\":\"ListItem\",\"position\":2,\"name\":\"Alex Campos e Indiomar se unen en una canci\u00f3n que ense\u00f1a a perdonar\"}]},{\"@type\":\"WebSite\",\"@id\":\"https:\/\/laprensacristiana.com\/#website\",\"url\":\"https:\/\/laprensacristiana.com\/\",\"name\":\"La Prensa Cristiana\",\"description\":\"Anunciando Las Buenas Nuevas\",\"potentialAction\":[{\"@type\":\"SearchAction\",\"target\":{\"@type\":\"EntryPoint\",\"urlTemplate\":\"https:\/\/laprensacristiana.com\/?s={search_term_string}\"},\"query-input\":\"required name=search_term_string\"}],\"inLanguage\":\"es\"},{\"@type\":\"Person\",\"@id\":\"https:\/\/laprensacristiana.com\/#\/schema\/person\/3e7d82c6bfd6b1fa67010f8f7cd5256e\",\"name\":\"EDITOR\",\"image\":{\"@type\":\"ImageObject\",\"inLanguage\":\"es\",\"@id\":\"https:\/\/laprensacristiana.com\/#\/schema\/person\/image\/\",\"url\":\"https:\/\/secure.gravatar.com\/avatar\/72069dfb6c13772d9e8381e3638666d2?s=96&d=mm&r=g\",\"contentUrl\":\"https:\/\/secure.gravatar.com\/avatar\/72069dfb6c13772d9e8381e3638666d2?s=96&d=mm&r=g\",\"caption\":\"EDITOR\"},\"url\":\"https:\/\/laprensacristiana.com\/?author=3\"}]}<\/script>\n<!-- \/ Yoast SEO plugin. -->","yoast_head_json":{"title":"Alex Campos e Indiomar se unen en una canci\u00f3n que ense\u00f1a a perdonar - La Prensa Cristiana","robots":{"index":"index","follow":"follow","max-snippet":"max-snippet:-1","max-image-preview":"max-image-preview:large","max-video-preview":"max-video-preview:-1"},"canonical":"https:\/\/laprensacristiana.com\/?p=6681","og_locale":"es_ES","og_type":"article","og_title":"Alex Campos e Indiomar se unen en una canci\u00f3n que ense\u00f1a a perdonar - La Prensa Cristiana","og_description":"Bajo la producci\u00f3n de Saga Whiteblack el cantautor colombiano de nuevo env\u00eda un mensaje poderoso de perd\u00f3n a trav\u00e9s de su m\u00fasica. En los \u00faltimos meses, el cantante colombiano Alex Campos, quien con cuatro Grammys latinos se encuentra entre los 20 artistas m\u00e1s premiados por la Academia de la M\u00fasica, contin\u00faa viajando entre Estados Unidos [&hellip;]","og_url":"https:\/\/laprensacristiana.com\/?p=6681","og_site_name":"La Prensa Cristiana","article_published_time":"2019-09-27T00:07:16+00:00","article_modified_time":"2019-09-27T00:23:17+00:00","og_image":[{"width":2560,"height":2560,"url":"https:\/\/laprensacristiana.com\/wp-content\/uploads\/2019\/09\/Hoy-cover-scaled.jpg","type":"image\/jpeg"}],"author":"EDITOR","twitter_card":"summary_large_image","twitter_misc":{"Escrito por":"EDITOR","Tiempo de lectura":"2 minutos"},"schema":{"@context":"https:\/\/schema.org","@graph":[{"@type":"WebPage","@id":"https:\/\/laprensacristiana.com\/?p=6681","url":"https:\/\/laprensacristiana.com\/?p=6681","name":"Alex Campos e Indiomar se unen en una canci\u00f3n que ense\u00f1a a perdonar - La Prensa Cristiana","isPartOf":{"@id":"https:\/\/laprensacristiana.com\/#website"},"datePublished":"2019-09-27T00:07:16+00:00","dateModified":"2019-09-27T00:23:17+00:00","author":{"@id":"https:\/\/laprensacristiana.com\/#\/schema\/person\/3e7d82c6bfd6b1fa67010f8f7cd5256e"},"breadcrumb":{"@id":"https:\/\/laprensacristiana.com\/?p=6681#breadcrumb"},"inLanguage":"es","potentialAction":[{"@type":"ReadAction","target":["https:\/\/laprensacristiana.com\/?p=6681"]}]},{"@type":"BreadcrumbList","@id":"https:\/\/laprensacristiana.com\/?p=6681#breadcrumb","itemListElement":[{"@type":"ListItem","position":1,"name":"Portada","item":"https:\/\/laprensacristiana.com\/"},{"@type":"ListItem","position":2,"name":"Alex Campos e Indiomar se unen en una canci\u00f3n que ense\u00f1a a perdonar"}]},{"@type":"WebSite","@id":"https:\/\/laprensacristiana.com\/#website","url":"https:\/\/laprensacristiana.com\/","name":"La Prensa Cristiana","description":"Anunciando Las Buenas Nuevas","potentialAction":[{"@type":"SearchAction","target":{"@type":"EntryPoint","urlTemplate":"https:\/\/laprensacristiana.com\/?s={search_term_string}"},"query-input":"required name=search_term_string"}],"inLanguage":"es"},{"@type":"Person","@id":"https:\/\/laprensacristiana.com\/#\/schema\/person\/3e7d82c6bfd6b1fa67010f8f7cd5256e","name":"EDITOR","image":{"@type":"ImageObject","inLanguage":"es","@id":"https:\/\/laprensacristiana.com\/#\/schema\/person\/image\/","url":"https:\/\/secure.gravatar.com\/avatar\/72069dfb6c13772d9e8381e3638666d2?s=96&d=mm&r=g","contentUrl":"https:\/\/secure.gravatar.com\/avatar\/72069dfb6c13772d9e8381e3638666d2?s=96&d=mm&r=g","caption":"EDITOR"},"url":"https:\/\/laprensacristiana.com\/?author=3"}]}},"_links":{"self":[{"href":"https:\/\/laprensacristiana.com\/index.php?rest_route=\/wp\/v2\/posts\/6681"}],"collection":[{"href":"https:\/\/laprensacristiana.com\/index.php?rest_route=\/wp\/v2\/posts"}],"about":[{"href":"https:\/\/laprensacristiana.com\/index.php?rest_route=\/wp\/v2\/types\/post"}],"author":[{"embeddable":true,"href":"https:\/\/laprensacristiana.com\/index.php?rest_route=\/wp\/v2\/users\/3"}],"replies":[{"embeddable":true,"href":"https:\/\/laprensacristiana.com\/index.php?rest_route=%2Fwp%2Fv2%2Fcomments&post=6681"}],"version-history":[{"count":2,"href":"https:\/\/laprensacristiana.com\/index.php?rest_route=\/wp\/v2\/posts\/6681\/revisions"}],"predecessor-version":[{"id":6685,"href":"https:\/\/laprensacristiana.com\/index.php?rest_route=\/wp\/v2\/posts\/6681\/revisions\/6685"}],"wp:featuredmedia":[{"embeddable":true,"href":"https:\/\/laprensacristiana.com\/index.php?rest_route=\/wp\/v2\/media\/6682"}],"wp:attachment":[{"href":"https:\/\/laprensacristiana.com\/index.php?rest_route=%2Fwp%2Fv2%2Fmedia&parent=6681"}],"wp:term":[{"taxonomy":"category","embeddable":true,"href":"https:\/\/laprensacristiana.com\/index.php?rest_route=%2Fwp%2Fv2%2Fcategories&post=6681"},{"taxonomy":"post_tag","embeddable":true,"href":"https:\/\/laprensacristiana.com\/index.php?rest_route=%2Fwp%2Fv2%2Ftags&post=6681"}],"curies":[{"name":"wp","href":"https:\/\/api.w.org\/{rel}","templated":true}]}}