{"id":6686,"date":"2019-09-27T15:46:03","date_gmt":"2019-09-27T15:46:03","guid":{"rendered":"https:\/\/laprensacristiana.com\/?p=6686"},"modified":"2019-09-27T15:46:06","modified_gmt":"2019-09-27T15:46:06","slug":"iglesia-nacion-de-dios-llevo-a-cabo-deboras-de-los-ultimos-tiempos-un-espacio-para-la-mujer","status":"publish","type":"post","link":"https:\/\/laprensacristiana.com\/?p=6686","title":{"rendered":"Iglesia Naci\u00f3n de Dios llev\u00f3 a cabo \u201cD\u00e9boras de los \u00faltimos tiempos\u201d, un espacio para la mujer"},"content":{"rendered":"\n<p>Iglesia Naci\u00f3n de Dios llev\u00f3 a\ncabo su conferencia de mujeres llamada \u201cD\u00e9boras de los \u00faltimos<br>\ntiempos\u201d. Seg\u00fan explican como una respuesta a una sociedad machista donde a la\nmujer se le ha quitado su posici\u00f3n en el reino de Dios.<\/p>\n\n\n\n<p>Con un auditorio lleno con casi\n300 personas, en su mayor\u00eda mujeres, la Pastora Fiorella Calle<br>\n(Misi\u00f3n Internacional La Roca &#8211; Lima, Per\u00fa) reflexion\u00f3 en cual es el prop\u00f3sito\nde la mujer hoy en d\u00eda \u201cNo se puede perder el valor ni el prop\u00f3sito de la\nmujer, la familia es esencial en el plan original de Dios y la mujer es una\npieza fundamental, donde hay una mujer que entiende para qu\u00e9 ha sido llamada,\nhay un hogar que no fracasa\u201d fueron las palabras de la Pastora Jenny de Ramos\n(Iglesia Naci\u00f3n de Dios Internacional) al preguntarle sobre la importancia de\nestos eventos.<\/p>\n\n\n\n<p>\u201cCorazones quebrantados, familias\nrestauradas y mujeres empoderadas fue el resultado de esta jornada que inici\u00f3\ndesde las 5:30 pm, \u201cD\u00e9boras de los \u00faltimos tiempos\u201d fue la plataforma que prepar\u00f3\nla atm\u00f3sfera para todo lo que sucedi\u00f3 en Reedificap 2019.\u201d Acot\u00f3 la pastora de\nRamos. <\/p>\n\n\n\n<p>Anualmente este ministerio realiza una conferencia donde las mujeres encuentran un<br> refrescamiento en su identidad y son empoderadas para caminar bajo el prop\u00f3sito de Dios.<\/p>\n\n\n\n<figure class=\"wp-block-image\"><img decoding=\"async\" loading=\"lazy\" width=\"1024\" height=\"683\" src=\"https:\/\/laprensacristiana.com\/wp-content\/uploads\/2019\/09\/IMG_2054-1024x683.jpg\" alt=\"\" class=\"wp-image-6688\" srcset=\"https:\/\/laprensacristiana.com\/wp-content\/uploads\/2019\/09\/IMG_2054-1024x683.jpg 1024w, https:\/\/laprensacristiana.com\/wp-content\/uploads\/2019\/09\/IMG_2054-600x400.jpg 600w, https:\/\/laprensacristiana.com\/wp-content\/uploads\/2019\/09\/IMG_2054-300x200.jpg 300w, https:\/\/laprensacristiana.com\/wp-content\/uploads\/2019\/09\/IMG_2054-768x512.jpg 768w, https:\/\/laprensacristiana.com\/wp-content\/uploads\/2019\/09\/IMG_2054-696x464.jpg 696w, https:\/\/laprensacristiana.com\/wp-content\/uploads\/2019\/09\/IMG_2054-1068x712.jpg 1068w, https:\/\/laprensacristiana.com\/wp-content\/uploads\/2019\/09\/IMG_2054-630x420.jpg 630w\" sizes=\"(max-width: 1024px) 100vw, 1024px\" \/><\/figure>\n\n\n\n<p><br> <br> <\/p>\n","protected":false},"excerpt":{"rendered":"<p>Iglesia Naci\u00f3n de Dios llev\u00f3 a cabo su conferencia de mujeres llamada \u201cD\u00e9boras de los \u00faltimos tiempos\u201d. Seg\u00fan explican como una respuesta a una sociedad machista donde a la mujer se le ha quitado su posici\u00f3n en el reino de Dios. Con un auditorio lleno con casi 300 personas, en su mayor\u00eda mujeres, la Pastora [&hellip;]<\/p>\n","protected":false},"author":3,"featured_media":6687,"comment_status":"open","ping_status":"open","sticky":false,"template":"","format":"standard","meta":[],"categories":[56],"tags":[],"yoast_head":"<!-- This site is optimized with the Yoast SEO plugin v20.8 - https:\/\/yoast.com\/wordpress\/plugins\/seo\/ -->\n<title>Iglesia Naci\u00f3n de Dios llev\u00f3 a cabo \u201cD\u00e9boras de los \u00faltimos tiempos\u201d, un espacio para la mujer - La Prensa Cristiana<\/title>\n<meta name=\"robots\" content=\"index, follow, max-snippet:-1, max-image-preview:large, max-video-preview:-1\" \/>\n<link rel=\"canonical\" href=\"https:\/\/laprensacristiana.com\/?p=6686\" \/>\n<meta property=\"og:locale\" content=\"es_ES\" \/>\n<meta property=\"og:type\" content=\"article\" \/>\n<meta property=\"og:title\" content=\"Iglesia Naci\u00f3n de Dios llev\u00f3 a cabo \u201cD\u00e9boras de los \u00faltimos tiempos\u201d, un espacio para la mujer - La Prensa Cristiana\" \/>\n<meta property=\"og:description\" content=\"Iglesia Naci\u00f3n de Dios llev\u00f3 a cabo su conferencia de mujeres llamada \u201cD\u00e9boras de los \u00faltimos tiempos\u201d. Seg\u00fan explican como una respuesta a una sociedad machista donde a la mujer se le ha quitado su posici\u00f3n en el reino de Dios. Con un auditorio lleno con casi 300 personas, en su mayor\u00eda mujeres, la Pastora [&hellip;]\" \/>\n<meta property=\"og:url\" content=\"https:\/\/laprensacristiana.com\/?p=6686\" \/>\n<meta property=\"og:site_name\" content=\"La Prensa Cristiana\" \/>\n<meta property=\"article:published_time\" content=\"2019-09-27T15:46:03+00:00\" \/>\n<meta property=\"article:modified_time\" content=\"2019-09-27T15:46:06+00:00\" \/>\n<meta property=\"og:image\" content=\"https:\/\/laprensacristiana.com\/wp-content\/uploads\/2019\/09\/IMG_1914-scaled.jpg\" \/>\n\t<meta property=\"og:image:width\" content=\"2560\" \/>\n\t<meta property=\"og:image:height\" content=\"1707\" \/>\n\t<meta property=\"og:image:type\" content=\"image\/jpeg\" \/>\n<meta name=\"author\" content=\"EDITOR\" \/>\n<meta name=\"twitter:card\" content=\"summary_large_image\" \/>\n<meta name=\"twitter:label1\" content=\"Escrito por\" \/>\n\t<meta name=\"twitter:data1\" content=\"EDITOR\" \/>\n\t<meta name=\"twitter:label2\" content=\"Tiempo de lectura\" \/>\n\t<meta name=\"twitter:data2\" content=\"1 minuto\" \/>\n<script type=\"application\/ld+json\" class=\"yoast-schema-graph\">{\"@context\":\"https:\/\/schema.org\",\"@graph\":[{\"@type\":\"WebPage\",\"@id\":\"https:\/\/laprensacristiana.com\/?p=6686\",\"url\":\"https:\/\/laprensacristiana.com\/?p=6686\",\"name\":\"Iglesia Naci\u00f3n de Dios llev\u00f3 a cabo \u201cD\u00e9boras de los \u00faltimos tiempos\u201d, un espacio para la mujer - La Prensa Cristiana\",\"isPartOf\":{\"@id\":\"https:\/\/laprensacristiana.com\/#website\"},\"datePublished\":\"2019-09-27T15:46:03+00:00\",\"dateModified\":\"2019-09-27T15:46:06+00:00\",\"author\":{\"@id\":\"https:\/\/laprensacristiana.com\/#\/schema\/person\/3e7d82c6bfd6b1fa67010f8f7cd5256e\"},\"breadcrumb\":{\"@id\":\"https:\/\/laprensacristiana.com\/?p=6686#breadcrumb\"},\"inLanguage\":\"es\",\"potentialAction\":[{\"@type\":\"ReadAction\",\"target\":[\"https:\/\/laprensacristiana.com\/?p=6686\"]}]},{\"@type\":\"BreadcrumbList\",\"@id\":\"https:\/\/laprensacristiana.com\/?p=6686#breadcrumb\",\"itemListElement\":[{\"@type\":\"ListItem\",\"position\":1,\"name\":\"Portada\",\"item\":\"https:\/\/laprensacristiana.com\/\"},{\"@type\":\"ListItem\",\"position\":2,\"name\":\"Iglesia Naci\u00f3n de Dios llev\u00f3 a cabo \u201cD\u00e9boras de los \u00faltimos tiempos\u201d, un espacio para la mujer\"}]},{\"@type\":\"WebSite\",\"@id\":\"https:\/\/laprensacristiana.com\/#website\",\"url\":\"https:\/\/laprensacristiana.com\/\",\"name\":\"La Prensa Cristiana\",\"description\":\"Anunciando Las Buenas Nuevas\",\"potentialAction\":[{\"@type\":\"SearchAction\",\"target\":{\"@type\":\"EntryPoint\",\"urlTemplate\":\"https:\/\/laprensacristiana.com\/?s={search_term_string}\"},\"query-input\":\"required name=search_term_string\"}],\"inLanguage\":\"es\"},{\"@type\":\"Person\",\"@id\":\"https:\/\/laprensacristiana.com\/#\/schema\/person\/3e7d82c6bfd6b1fa67010f8f7cd5256e\",\"name\":\"EDITOR\",\"image\":{\"@type\":\"ImageObject\",\"inLanguage\":\"es\",\"@id\":\"https:\/\/laprensacristiana.com\/#\/schema\/person\/image\/\",\"url\":\"https:\/\/secure.gravatar.com\/avatar\/72069dfb6c13772d9e8381e3638666d2?s=96&d=mm&r=g\",\"contentUrl\":\"https:\/\/secure.gravatar.com\/avatar\/72069dfb6c13772d9e8381e3638666d2?s=96&d=mm&r=g\",\"caption\":\"EDITOR\"},\"url\":\"https:\/\/laprensacristiana.com\/?author=3\"}]}<\/script>\n<!-- \/ Yoast SEO plugin. -->","yoast_head_json":{"title":"Iglesia Naci\u00f3n de Dios llev\u00f3 a cabo \u201cD\u00e9boras de los \u00faltimos tiempos\u201d, un espacio para la mujer - La Prensa Cristiana","robots":{"index":"index","follow":"follow","max-snippet":"max-snippet:-1","max-image-preview":"max-image-preview:large","max-video-preview":"max-video-preview:-1"},"canonical":"https:\/\/laprensacristiana.com\/?p=6686","og_locale":"es_ES","og_type":"article","og_title":"Iglesia Naci\u00f3n de Dios llev\u00f3 a cabo \u201cD\u00e9boras de los \u00faltimos tiempos\u201d, un espacio para la mujer - La Prensa Cristiana","og_description":"Iglesia Naci\u00f3n de Dios llev\u00f3 a cabo su conferencia de mujeres llamada \u201cD\u00e9boras de los \u00faltimos tiempos\u201d. Seg\u00fan explican como una respuesta a una sociedad machista donde a la mujer se le ha quitado su posici\u00f3n en el reino de Dios. Con un auditorio lleno con casi 300 personas, en su mayor\u00eda mujeres, la Pastora [&hellip;]","og_url":"https:\/\/laprensacristiana.com\/?p=6686","og_site_name":"La Prensa Cristiana","article_published_time":"2019-09-27T15:46:03+00:00","article_modified_time":"2019-09-27T15:46:06+00:00","og_image":[{"width":2560,"height":1707,"url":"https:\/\/laprensacristiana.com\/wp-content\/uploads\/2019\/09\/IMG_1914-scaled.jpg","type":"image\/jpeg"}],"author":"EDITOR","twitter_card":"summary_large_image","twitter_misc":{"Escrito por":"EDITOR","Tiempo de lectura":"1 minuto"},"schema":{"@context":"https:\/\/schema.org","@graph":[{"@type":"WebPage","@id":"https:\/\/laprensacristiana.com\/?p=6686","url":"https:\/\/laprensacristiana.com\/?p=6686","name":"Iglesia Naci\u00f3n de Dios llev\u00f3 a cabo \u201cD\u00e9boras de los \u00faltimos tiempos\u201d, un espacio para la mujer - La Prensa Cristiana","isPartOf":{"@id":"https:\/\/laprensacristiana.com\/#website"},"datePublished":"2019-09-27T15:46:03+00:00","dateModified":"2019-09-27T15:46:06+00:00","author":{"@id":"https:\/\/laprensacristiana.com\/#\/schema\/person\/3e7d82c6bfd6b1fa67010f8f7cd5256e"},"breadcrumb":{"@id":"https:\/\/laprensacristiana.com\/?p=6686#breadcrumb"},"inLanguage":"es","potentialAction":[{"@type":"ReadAction","target":["https:\/\/laprensacristiana.com\/?p=6686"]}]},{"@type":"BreadcrumbList","@id":"https:\/\/laprensacristiana.com\/?p=6686#breadcrumb","itemListElement":[{"@type":"ListItem","position":1,"name":"Portada","item":"https:\/\/laprensacristiana.com\/"},{"@type":"ListItem","position":2,"name":"Iglesia Naci\u00f3n de Dios llev\u00f3 a cabo \u201cD\u00e9boras de los \u00faltimos tiempos\u201d, un espacio para la mujer"}]},{"@type":"WebSite","@id":"https:\/\/laprensacristiana.com\/#website","url":"https:\/\/laprensacristiana.com\/","name":"La Prensa Cristiana","description":"Anunciando Las Buenas Nuevas","potentialAction":[{"@type":"SearchAction","target":{"@type":"EntryPoint","urlTemplate":"https:\/\/laprensacristiana.com\/?s={search_term_string}"},"query-input":"required name=search_term_string"}],"inLanguage":"es"},{"@type":"Person","@id":"https:\/\/laprensacristiana.com\/#\/schema\/person\/3e7d82c6bfd6b1fa67010f8f7cd5256e","name":"EDITOR","image":{"@type":"ImageObject","inLanguage":"es","@id":"https:\/\/laprensacristiana.com\/#\/schema\/person\/image\/","url":"https:\/\/secure.gravatar.com\/avatar\/72069dfb6c13772d9e8381e3638666d2?s=96&d=mm&r=g","contentUrl":"https:\/\/secure.gravatar.com\/avatar\/72069dfb6c13772d9e8381e3638666d2?s=96&d=mm&r=g","caption":"EDITOR"},"url":"https:\/\/laprensacristiana.com\/?author=3"}]}},"_links":{"self":[{"href":"https:\/\/laprensacristiana.com\/index.php?rest_route=\/wp\/v2\/posts\/6686"}],"collection":[{"href":"https:\/\/laprensacristiana.com\/index.php?rest_route=\/wp\/v2\/posts"}],"about":[{"href":"https:\/\/laprensacristiana.com\/index.php?rest_route=\/wp\/v2\/types\/post"}],"author":[{"embeddable":true,"href":"https:\/\/laprensacristiana.com\/index.php?rest_route=\/wp\/v2\/users\/3"}],"replies":[{"embeddable":true,"href":"https:\/\/laprensacristiana.com\/index.php?rest_route=%2Fwp%2Fv2%2Fcomments&post=6686"}],"version-history":[{"count":2,"href":"https:\/\/laprensacristiana.com\/index.php?rest_route=\/wp\/v2\/posts\/6686\/revisions"}],"predecessor-version":[{"id":6690,"href":"https:\/\/laprensacristiana.com\/index.php?rest_route=\/wp\/v2\/posts\/6686\/revisions\/6690"}],"wp:featuredmedia":[{"embeddable":true,"href":"https:\/\/laprensacristiana.com\/index.php?rest_route=\/wp\/v2\/media\/6687"}],"wp:attachment":[{"href":"https:\/\/laprensacristiana.com\/index.php?rest_route=%2Fwp%2Fv2%2Fmedia&parent=6686"}],"wp:term":[{"taxonomy":"category","embeddable":true,"href":"https:\/\/laprensacristiana.com\/index.php?rest_route=%2Fwp%2Fv2%2Fcategories&post=6686"},{"taxonomy":"post_tag","embeddable":true,"href":"https:\/\/laprensacristiana.com\/index.php?rest_route=%2Fwp%2Fv2%2Ftags&post=6686"}],"curies":[{"name":"wp","href":"https:\/\/api.w.org\/{rel}","templated":true}]}}