{"id":708,"date":"2016-05-16T22:33:49","date_gmt":"2016-05-16T22:33:49","guid":{"rendered":"https:\/\/laprensacristiana.com\/?p=708"},"modified":"2020-07-02T02:35:26","modified_gmt":"2020-07-02T02:35:26","slug":"dan-ultimo-adios-a-esposos-beltran-torres","status":"publish","type":"post","link":"https:\/\/laprensacristiana.com\/?p=708","title":{"rendered":"Dan \u00faltimo adi\u00f3s a esposos Beltr\u00e1n Torres"},"content":{"rendered":"<p>Por: Silvia Melgar<\/p>\n<p>El jueves 12 de mayo El Ministerio Cristiano Policial, estuvo desarrollando un devocional en la funeraria Mar\u00eda Auxiliadora acompa\u00f1ando a la familia del Hermano Will Germ\u00e1n Beltr\u00e1n, en memoria de su fallecida esposa Vilma Hayde\u00e9 Torres, quien falleci\u00f3 electrocutada sobre la 73 avenida Norte y 3ra calle Poniente en la colonia Escal\u00f3n de San Salvador. Iba acompa\u00f1ada con su pareja que sufri\u00f3 quemaduras graves.<\/p>\n<p>Seg\u00fan el Cuerpo de Bomberos los cables el\u00e9ctricos estaban en el pavimento cuando Hayde\u00e9 circulaba por la zona, trat\u00f3 de salir de su autom\u00f3vil cuando se par\u00f3 accidentalmente en un cable que se desprendi\u00f3 e hizo contacto con su pierna. El veh\u00edculo se prendi\u00f3 en llamas, pero el cad\u00e1ver fue rescatado para evitar que fuera calcinado y solo present\u00f3 quemaduras de primer nivel, seg\u00fan dicha entidad de socorro.<\/p>\n<p>La ma\u00f1ana del viernes 13, muri\u00f3 Germ\u00e1n Beltr\u00e1n esposo de Torres en el Hospital General del Instituto Salvadore\u00f1o del Seguro Social (ISSS), quien ejerc\u00eda como sargento de la Polic\u00eda Nacional Civil (PNC).<\/p>\n<p><img decoding=\"async\" loading=\"lazy\" class=\"size-medium wp-image-709 aligncenter\" src=\"https:\/\/laprensacristiana.com\/wp-content\/uploads\/2016\/05\/poli-300x225.jpg\" alt=\"poli\" width=\"300\" height=\"225\" srcset=\"https:\/\/laprensacristiana.com\/wp-content\/uploads\/2016\/05\/poli-300x225.jpg 300w, https:\/\/laprensacristiana.com\/wp-content\/uploads\/2016\/05\/poli-600x450.jpg 600w, https:\/\/laprensacristiana.com\/wp-content\/uploads\/2016\/05\/poli-768x576.jpg 768w, https:\/\/laprensacristiana.com\/wp-content\/uploads\/2016\/05\/poli-80x60.jpg 80w, https:\/\/laprensacristiana.com\/wp-content\/uploads\/2016\/05\/poli-265x198.jpg 265w, https:\/\/laprensacristiana.com\/wp-content\/uploads\/2016\/05\/poli-696x522.jpg 696w, https:\/\/laprensacristiana.com\/wp-content\/uploads\/2016\/05\/poli-560x420.jpg 560w, https:\/\/laprensacristiana.com\/wp-content\/uploads\/2016\/05\/poli.jpg 960w\" sizes=\"(max-width: 300px) 100vw, 300px\" \/><\/p>\n","protected":false},"excerpt":{"rendered":"<p>Por: Silvia Melgar El jueves 12 de mayo El Ministerio Cristiano Policial, estuvo desarrollando un devocional en la funeraria Mar\u00eda Auxiliadora acompa\u00f1ando a la familia del Hermano Will Germ\u00e1n Beltr\u00e1n, en memoria de su fallecida esposa Vilma Hayde\u00e9 Torres, quien falleci\u00f3 electrocutada sobre la 73 avenida Norte y 3ra calle Poniente en la colonia Escal\u00f3n [&hellip;]<\/p>\n","protected":false},"author":1,"featured_media":710,"comment_status":"open","ping_status":"open","sticky":false,"template":"","format":"standard","meta":[],"categories":[56],"tags":[],"yoast_head":"<!-- This site is optimized with the Yoast SEO plugin v20.8 - https:\/\/yoast.com\/wordpress\/plugins\/seo\/ -->\n<title>Dan \u00faltimo adi\u00f3s a esposos Beltr\u00e1n Torres - La Prensa Cristiana<\/title>\n<meta name=\"robots\" content=\"index, follow, max-snippet:-1, max-image-preview:large, max-video-preview:-1\" \/>\n<link rel=\"canonical\" href=\"https:\/\/laprensacristiana.com\/?p=708\" \/>\n<meta property=\"og:locale\" content=\"es_ES\" \/>\n<meta property=\"og:type\" content=\"article\" \/>\n<meta property=\"og:title\" content=\"Dan \u00faltimo adi\u00f3s a esposos Beltr\u00e1n Torres - La Prensa Cristiana\" \/>\n<meta property=\"og:description\" content=\"Por: Silvia Melgar El jueves 12 de mayo El Ministerio Cristiano Policial, estuvo desarrollando un devocional en la funeraria Mar\u00eda Auxiliadora acompa\u00f1ando a la familia del Hermano Will Germ\u00e1n Beltr\u00e1n, en memoria de su fallecida esposa Vilma Hayde\u00e9 Torres, quien falleci\u00f3 electrocutada sobre la 73 avenida Norte y 3ra calle Poniente en la colonia Escal\u00f3n [&hellip;]\" \/>\n<meta property=\"og:url\" content=\"https:\/\/laprensacristiana.com\/?p=708\" \/>\n<meta property=\"og:site_name\" content=\"La Prensa Cristiana\" \/>\n<meta property=\"article:published_time\" content=\"2016-05-16T22:33:49+00:00\" \/>\n<meta property=\"article:modified_time\" content=\"2020-07-02T02:35:26+00:00\" \/>\n<meta property=\"og:image\" content=\"https:\/\/laprensacristiana.com\/wp-content\/uploads\/2016\/05\/poli2.jpg\" \/>\n\t<meta property=\"og:image:width\" content=\"960\" \/>\n\t<meta property=\"og:image:height\" content=\"539\" \/>\n\t<meta property=\"og:image:type\" content=\"image\/jpeg\" \/>\n<meta name=\"author\" content=\"laprensacristiana\" \/>\n<meta name=\"twitter:card\" content=\"summary_large_image\" \/>\n<meta name=\"twitter:label1\" content=\"Escrito por\" \/>\n\t<meta name=\"twitter:data1\" content=\"laprensacristiana\" \/>\n\t<meta name=\"twitter:label2\" content=\"Tiempo de lectura\" \/>\n\t<meta name=\"twitter:data2\" content=\"1 minuto\" \/>\n<script type=\"application\/ld+json\" class=\"yoast-schema-graph\">{\"@context\":\"https:\/\/schema.org\",\"@graph\":[{\"@type\":\"WebPage\",\"@id\":\"https:\/\/laprensacristiana.com\/?p=708\",\"url\":\"https:\/\/laprensacristiana.com\/?p=708\",\"name\":\"Dan \u00faltimo adi\u00f3s a esposos Beltr\u00e1n Torres - La Prensa Cristiana\",\"isPartOf\":{\"@id\":\"https:\/\/laprensacristiana.com\/#website\"},\"datePublished\":\"2016-05-16T22:33:49+00:00\",\"dateModified\":\"2020-07-02T02:35:26+00:00\",\"author\":{\"@id\":\"https:\/\/laprensacristiana.com\/#\/schema\/person\/1fd2484f2b724d726f2232aa28452eb7\"},\"breadcrumb\":{\"@id\":\"https:\/\/laprensacristiana.com\/?p=708#breadcrumb\"},\"inLanguage\":\"es\",\"potentialAction\":[{\"@type\":\"ReadAction\",\"target\":[\"https:\/\/laprensacristiana.com\/?p=708\"]}]},{\"@type\":\"BreadcrumbList\",\"@id\":\"https:\/\/laprensacristiana.com\/?p=708#breadcrumb\",\"itemListElement\":[{\"@type\":\"ListItem\",\"position\":1,\"name\":\"Portada\",\"item\":\"https:\/\/laprensacristiana.com\/\"},{\"@type\":\"ListItem\",\"position\":2,\"name\":\"Dan \u00faltimo adi\u00f3s a esposos Beltr\u00e1n Torres\"}]},{\"@type\":\"WebSite\",\"@id\":\"https:\/\/laprensacristiana.com\/#website\",\"url\":\"https:\/\/laprensacristiana.com\/\",\"name\":\"La Prensa Cristiana\",\"description\":\"Anunciando Las Buenas Nuevas\",\"potentialAction\":[{\"@type\":\"SearchAction\",\"target\":{\"@type\":\"EntryPoint\",\"urlTemplate\":\"https:\/\/laprensacristiana.com\/?s={search_term_string}\"},\"query-input\":\"required name=search_term_string\"}],\"inLanguage\":\"es\"},{\"@type\":\"Person\",\"@id\":\"https:\/\/laprensacristiana.com\/#\/schema\/person\/1fd2484f2b724d726f2232aa28452eb7\",\"name\":\"laprensacristiana\",\"image\":{\"@type\":\"ImageObject\",\"inLanguage\":\"es\",\"@id\":\"https:\/\/laprensacristiana.com\/#\/schema\/person\/image\/\",\"url\":\"https:\/\/secure.gravatar.com\/avatar\/ce146bfa40ddb908f6a4d866e59c15e3?s=96&d=mm&r=g\",\"contentUrl\":\"https:\/\/secure.gravatar.com\/avatar\/ce146bfa40ddb908f6a4d866e59c15e3?s=96&d=mm&r=g\",\"caption\":\"laprensacristiana\"},\"url\":\"https:\/\/laprensacristiana.com\/?author=1\"}]}<\/script>\n<!-- \/ Yoast SEO plugin. -->","yoast_head_json":{"title":"Dan \u00faltimo adi\u00f3s a esposos Beltr\u00e1n Torres - La Prensa Cristiana","robots":{"index":"index","follow":"follow","max-snippet":"max-snippet:-1","max-image-preview":"max-image-preview:large","max-video-preview":"max-video-preview:-1"},"canonical":"https:\/\/laprensacristiana.com\/?p=708","og_locale":"es_ES","og_type":"article","og_title":"Dan \u00faltimo adi\u00f3s a esposos Beltr\u00e1n Torres - La Prensa Cristiana","og_description":"Por: Silvia Melgar El jueves 12 de mayo El Ministerio Cristiano Policial, estuvo desarrollando un devocional en la funeraria Mar\u00eda Auxiliadora acompa\u00f1ando a la familia del Hermano Will Germ\u00e1n Beltr\u00e1n, en memoria de su fallecida esposa Vilma Hayde\u00e9 Torres, quien falleci\u00f3 electrocutada sobre la 73 avenida Norte y 3ra calle Poniente en la colonia Escal\u00f3n [&hellip;]","og_url":"https:\/\/laprensacristiana.com\/?p=708","og_site_name":"La Prensa Cristiana","article_published_time":"2016-05-16T22:33:49+00:00","article_modified_time":"2020-07-02T02:35:26+00:00","og_image":[{"width":960,"height":539,"url":"https:\/\/laprensacristiana.com\/wp-content\/uploads\/2016\/05\/poli2.jpg","type":"image\/jpeg"}],"author":"laprensacristiana","twitter_card":"summary_large_image","twitter_misc":{"Escrito por":"laprensacristiana","Tiempo de lectura":"1 minuto"},"schema":{"@context":"https:\/\/schema.org","@graph":[{"@type":"WebPage","@id":"https:\/\/laprensacristiana.com\/?p=708","url":"https:\/\/laprensacristiana.com\/?p=708","name":"Dan \u00faltimo adi\u00f3s a esposos Beltr\u00e1n Torres - La Prensa Cristiana","isPartOf":{"@id":"https:\/\/laprensacristiana.com\/#website"},"datePublished":"2016-05-16T22:33:49+00:00","dateModified":"2020-07-02T02:35:26+00:00","author":{"@id":"https:\/\/laprensacristiana.com\/#\/schema\/person\/1fd2484f2b724d726f2232aa28452eb7"},"breadcrumb":{"@id":"https:\/\/laprensacristiana.com\/?p=708#breadcrumb"},"inLanguage":"es","potentialAction":[{"@type":"ReadAction","target":["https:\/\/laprensacristiana.com\/?p=708"]}]},{"@type":"BreadcrumbList","@id":"https:\/\/laprensacristiana.com\/?p=708#breadcrumb","itemListElement":[{"@type":"ListItem","position":1,"name":"Portada","item":"https:\/\/laprensacristiana.com\/"},{"@type":"ListItem","position":2,"name":"Dan \u00faltimo adi\u00f3s a esposos Beltr\u00e1n Torres"}]},{"@type":"WebSite","@id":"https:\/\/laprensacristiana.com\/#website","url":"https:\/\/laprensacristiana.com\/","name":"La Prensa Cristiana","description":"Anunciando Las Buenas Nuevas","potentialAction":[{"@type":"SearchAction","target":{"@type":"EntryPoint","urlTemplate":"https:\/\/laprensacristiana.com\/?s={search_term_string}"},"query-input":"required name=search_term_string"}],"inLanguage":"es"},{"@type":"Person","@id":"https:\/\/laprensacristiana.com\/#\/schema\/person\/1fd2484f2b724d726f2232aa28452eb7","name":"laprensacristiana","image":{"@type":"ImageObject","inLanguage":"es","@id":"https:\/\/laprensacristiana.com\/#\/schema\/person\/image\/","url":"https:\/\/secure.gravatar.com\/avatar\/ce146bfa40ddb908f6a4d866e59c15e3?s=96&d=mm&r=g","contentUrl":"https:\/\/secure.gravatar.com\/avatar\/ce146bfa40ddb908f6a4d866e59c15e3?s=96&d=mm&r=g","caption":"laprensacristiana"},"url":"https:\/\/laprensacristiana.com\/?author=1"}]}},"_links":{"self":[{"href":"https:\/\/laprensacristiana.com\/index.php?rest_route=\/wp\/v2\/posts\/708"}],"collection":[{"href":"https:\/\/laprensacristiana.com\/index.php?rest_route=\/wp\/v2\/posts"}],"about":[{"href":"https:\/\/laprensacristiana.com\/index.php?rest_route=\/wp\/v2\/types\/post"}],"author":[{"embeddable":true,"href":"https:\/\/laprensacristiana.com\/index.php?rest_route=\/wp\/v2\/users\/1"}],"replies":[{"embeddable":true,"href":"https:\/\/laprensacristiana.com\/index.php?rest_route=%2Fwp%2Fv2%2Fcomments&post=708"}],"version-history":[{"count":1,"href":"https:\/\/laprensacristiana.com\/index.php?rest_route=\/wp\/v2\/posts\/708\/revisions"}],"predecessor-version":[{"id":711,"href":"https:\/\/laprensacristiana.com\/index.php?rest_route=\/wp\/v2\/posts\/708\/revisions\/711"}],"wp:featuredmedia":[{"embeddable":true,"href":"https:\/\/laprensacristiana.com\/index.php?rest_route=\/wp\/v2\/media\/710"}],"wp:attachment":[{"href":"https:\/\/laprensacristiana.com\/index.php?rest_route=%2Fwp%2Fv2%2Fmedia&parent=708"}],"wp:term":[{"taxonomy":"category","embeddable":true,"href":"https:\/\/laprensacristiana.com\/index.php?rest_route=%2Fwp%2Fv2%2Fcategories&post=708"},{"taxonomy":"post_tag","embeddable":true,"href":"https:\/\/laprensacristiana.com\/index.php?rest_route=%2Fwp%2Fv2%2Ftags&post=708"}],"curies":[{"name":"wp","href":"https:\/\/api.w.org\/{rel}","templated":true}]}}