{"id":7089,"date":"2019-09-28T23:09:18","date_gmt":"2019-09-28T23:09:18","guid":{"rendered":"https:\/\/laprensacristiana.com\/?p=7089"},"modified":"2019-09-28T23:09:22","modified_gmt":"2019-09-28T23:09:22","slug":"alianza-evangelica-de-el-salvador-conmemora-450-anos-de-la-biblia-del-oso","status":"publish","type":"post","link":"https:\/\/laprensacristiana.com\/?p=7089","title":{"rendered":"Alianza Evang\u00e9lica de El Salvador conmemora 450 a\u00f1os de La Biblia del Oso"},"content":{"rendered":"\n<p>La Asociaci\u00f3n de pastores &nbsp;Alianza Evang\u00e9lica de El Salvador &nbsp;conmemor\u00f3 esta fecha en su desayuno\nmensual&nbsp; el pasado jueves 26 de\nseptiembre, el devocional fue dirigido por Pablo Gonz\u00e1lez Secretario de\nSociedad B\u00edblica de El Salvador y desde M\u00e9xico les acompa\u00f1\u00f3 para impartir la\nconferencia \u201cBiblia del Oso: del hebreo y el griego al castellano. Breves cualidades\nde la traducci\u00f3n\u201d Licenciada Areli Hern\u00e1ndez Directora del museo Man\u00e1, Museo de\nla Biblia en Ciudad de M\u00e9xico.<\/p>\n\n\n\n<p>En &nbsp;la conferencia la\nlicenciada Hern\u00e1ndez dio un recorrido hist\u00f3rico no solo por la vida de\nCasiodoro de Reina, sino por todos los acontecimientos que se dieron durante &nbsp;el proceso e impresi\u00f3n de la llamada \u201cBiblia\ndel Oso\u201d, &nbsp;hizo \u00e9nfasis en la importancia\nque tiene este hecho hist\u00f3rico para la humanidad de habla Hispana, a pesar de atravesar\ndurante 12 a\u00f1os &nbsp;el destierro y el exilio\nCasiodoro no cedi\u00f3 ante la oposici\u00f3n que en ese momento se daba por la inquisici\u00f3n\nespa\u00f1ola que persegu\u00eda las biblias traducidas, a sus traductores e impresores,\nse consideraba que solo pod\u00edan tener acceso a las sagradas escrituras los\nobispos y eran ellos quienes entregaban las porciones que m\u00e1s les parec\u00edan a la\ncongregaci\u00f3n. <\/p>\n\n\n\n<p>Esta Biblia naci\u00f3 en el siglo de oro de las letras\ncastellanas, la traducci\u00f3n de la llamada \u201cBiblia del Oso\u201d, fue la primera\ncompleta al espa\u00f1ol hecha del idioma original hebreo y griego. En 1569 se\npublic\u00f3 por primera vez trasladada al idioma en el que m\u00e1s adelante escribi\u00f3\nCervantes.<\/p>\n\n\n\n<p>Fue llamada \u201cBiblia del Oso\u201d&nbsp;\npor el emblema que aparec\u00eda en su portada: un oso de pie junto a un\n\u00e1rbol truncado, tratando de alcanzar una colmena para beber su miel, unas\nabejas y en la parte inferior un libro abierto con el tetragr\u00e1maton del nombre\ndivino, atado a una rama&nbsp; hay un mazo que\nhendido del \u00e1rbol. Diversos insectos y ara\u00f1as amenazan la tarea de las\nlaboriosas abejas. Debajo se leen las palabras del profeta Isa\u00edas en hebreo y\nen espa\u00f1ol: \u201cLa Palabra de Dios nuestro permanece para siempre\u201d.&nbsp; El logotipo del impresor Bavaro Mattias\nApiarius.&nbsp; Se utiliz\u00f3 esta\nilustraci\u00f3n&nbsp; para evitar el uso de iconos\nreligiosos, ya que en esa \u00e9poca estaba prohibida la traducci\u00f3n a lenguas\nvulgares las sagradas escrituras.<\/p>\n\n\n\n<p>&nbsp;\u201cLa Biblia del Oso es\nuna obra cumbre de letras castellanas y nos permite conocer la literatura\nJudeo-Cristiana en lengua castellana, el legado que nos ha dejado esta biblia\nes el conocer esta literatura que para el mundo creyente&nbsp; adem\u00e1s es la palabra divina y fuente de fe,\nde inspiraci\u00f3n en un castellano maravilloso e insuperable del siglo de oro. El\ncompromiso de la iglesia por un lado es conocer la historia de la traducci\u00f3n,\nsi la iglesia ama la biblia tiene que conocer su historia, conocer los periplos\nque atraves\u00f3 el traductor y las grandes odiseas que tuvo que enfrentar para\nlegarnos esta traducci\u00f3n y saber que esta traducci\u00f3n costo vidas y sangre en su\nmomento para que nosotros la pudi\u00e9semos disfrutar hoy, la iglesia tendr\u00eda que\ncomprometerse a difundir el contenido y la historia de la traducci\u00f3n de la\nbiblia al mundo en general\u201d expres\u00f3 Areli Hern\u00e1ndez Directora del museo Man\u00e1.<\/p>\n\n\n\n<p>Sociedad B\u00edblica de El Salvador &nbsp;reiter\u00f3 su compromiso de seguir expandiendo el\nevangelio:<\/p>\n\n\n\n<p>\u201cLa importancia de las escrituras en el idioma vern\u00e1culo o\nidioma materno de cada pueblo es trascendental, el efecto que causa en la\nsociedad el estudio y la vivencia de la palabra de Dios no puede ser sustituido\npor ning\u00fan programa de gobierno, el esfuerzo que nos comprometemos a seguir\nhaciendo es el de publicar y hacer disponible las diferentes traducciones de la\nbiblia, para que toda persona pueda tener la biblia en un idioma que pueda leer,\nen un formato que le sea \u00fatil y a un precio accesible\u201d concluy\u00f3 Pablo Gonz\u00e1lez,\nSecretario de Sociedad B\u00edblica de el Salvador.<\/p>\n\n\n\n<p>El presidente de Alianza Evang\u00e9lica de El Salvador nos coment\u00f3 la importancia que tiene esta celebraci\u00f3n para la iglesia evang\u00e9lica: \u201cRepresenta una bendici\u00f3n que podamos tener la Biblia en castellano y escuchar la palabra de Dios en nuestro propio idioma no tiene ninguna comparaci\u00f3n, porque no solamente es en el idioma materno, es el idioma del coraz\u00f3n sino tambi\u00e9n transmite la palabra inspirada de Dios \u00a0para nuestro diario vivir, habla de la capacidad y el potencial que Dios ha puesto en su pueblo para poder usar las diferentes ciencias y t\u00e9cnicas en diferentes \u00e1mbitos de la humanidad incluyendo el tema de la traducci\u00f3n como para hacer esta traducci\u00f3n fiel a lo que las escrituras ten\u00edan en el contexto original y finalmente representa un desaf\u00edo, as\u00ed como nosotros hemos recibido la palabra de Dios tambi\u00e9n debemos entregarla a otras personas, procurar que llegue a todo pueblo, a toda tribu, lengua y naci\u00f3n\u201d expres\u00f3 el Pastor Mauricio Castell\u00f3n. <\/p>\n\n\n\n<p>Dentro del desarrollo del programa se entregaron dos reconocimientos por parte de Sociedad B\u00edblica de El Salvador a Alianza Evang\u00e9lica por su aporte a la unidad de la iglesia, misiones y traducciones de la biblia recibido por el Pastor Mauricio Castell\u00f3n actual presidente, y a Traductores B\u00edblicos de El Salvador (TRES) por su incansable labor en la traducci\u00f3n de la biblia. <\/p>\n\n\n\n<figure class=\"wp-block-image\"><img decoding=\"async\" loading=\"lazy\" width=\"1024\" height=\"683\" src=\"https:\/\/laprensacristiana.com\/wp-content\/uploads\/2019\/09\/IMG_0943-1024x683.jpg\" alt=\"\" class=\"wp-image-7091\" srcset=\"https:\/\/laprensacristiana.com\/wp-content\/uploads\/2019\/09\/IMG_0943-1024x683.jpg 1024w, https:\/\/laprensacristiana.com\/wp-content\/uploads\/2019\/09\/IMG_0943-600x400.jpg 600w, https:\/\/laprensacristiana.com\/wp-content\/uploads\/2019\/09\/IMG_0943-300x200.jpg 300w, https:\/\/laprensacristiana.com\/wp-content\/uploads\/2019\/09\/IMG_0943-768x512.jpg 768w, https:\/\/laprensacristiana.com\/wp-content\/uploads\/2019\/09\/IMG_0943-696x464.jpg 696w, https:\/\/laprensacristiana.com\/wp-content\/uploads\/2019\/09\/IMG_0943-1068x712.jpg 1068w, https:\/\/laprensacristiana.com\/wp-content\/uploads\/2019\/09\/IMG_0943-630x420.jpg 630w\" sizes=\"(max-width: 1024px) 100vw, 1024px\" \/><\/figure>\n","protected":false},"excerpt":{"rendered":"<p>La Asociaci\u00f3n de pastores &nbsp;Alianza Evang\u00e9lica de El Salvador &nbsp;conmemor\u00f3 esta fecha en su desayuno mensual&nbsp; el pasado jueves 26 de septiembre, el devocional fue dirigido por Pablo Gonz\u00e1lez Secretario de Sociedad B\u00edblica de El Salvador y desde M\u00e9xico les acompa\u00f1\u00f3 para impartir la conferencia \u201cBiblia del Oso: del hebreo y el griego al castellano. [&hellip;]<\/p>\n","protected":false},"author":3,"featured_media":7090,"comment_status":"open","ping_status":"open","sticky":false,"template":"","format":"standard","meta":[],"categories":[56],"tags":[],"yoast_head":"<!-- This site is optimized with the Yoast SEO plugin v20.8 - https:\/\/yoast.com\/wordpress\/plugins\/seo\/ -->\n<title>Alianza Evang\u00e9lica de El Salvador conmemora 450 a\u00f1os de La Biblia del Oso - La Prensa Cristiana<\/title>\n<meta name=\"robots\" content=\"index, follow, max-snippet:-1, max-image-preview:large, max-video-preview:-1\" \/>\n<link rel=\"canonical\" href=\"https:\/\/laprensacristiana.com\/?p=7089\" \/>\n<meta property=\"og:locale\" content=\"es_ES\" \/>\n<meta property=\"og:type\" content=\"article\" \/>\n<meta property=\"og:title\" content=\"Alianza Evang\u00e9lica de El Salvador conmemora 450 a\u00f1os de La Biblia del Oso - La Prensa Cristiana\" \/>\n<meta property=\"og:description\" content=\"La Asociaci\u00f3n de pastores &nbsp;Alianza Evang\u00e9lica de El Salvador &nbsp;conmemor\u00f3 esta fecha en su desayuno mensual&nbsp; el pasado jueves 26 de septiembre, el devocional fue dirigido por Pablo Gonz\u00e1lez Secretario de Sociedad B\u00edblica de El Salvador y desde M\u00e9xico les acompa\u00f1\u00f3 para impartir la conferencia \u201cBiblia del Oso: del hebreo y el griego al castellano. [&hellip;]\" \/>\n<meta property=\"og:url\" content=\"https:\/\/laprensacristiana.com\/?p=7089\" \/>\n<meta property=\"og:site_name\" content=\"La Prensa Cristiana\" \/>\n<meta property=\"article:published_time\" content=\"2019-09-28T23:09:18+00:00\" \/>\n<meta property=\"article:modified_time\" content=\"2019-09-28T23:09:22+00:00\" \/>\n<meta property=\"og:image\" content=\"https:\/\/laprensacristiana.com\/wp-content\/uploads\/2019\/09\/IMG_0946-scaled.jpg\" \/>\n\t<meta property=\"og:image:width\" content=\"2560\" \/>\n\t<meta property=\"og:image:height\" content=\"1707\" \/>\n\t<meta property=\"og:image:type\" content=\"image\/jpeg\" \/>\n<meta name=\"author\" content=\"EDITOR\" \/>\n<meta name=\"twitter:card\" content=\"summary_large_image\" \/>\n<meta name=\"twitter:label1\" content=\"Escrito por\" \/>\n\t<meta name=\"twitter:data1\" content=\"EDITOR\" \/>\n\t<meta name=\"twitter:label2\" content=\"Tiempo de lectura\" \/>\n\t<meta name=\"twitter:data2\" content=\"5 minutos\" \/>\n<script type=\"application\/ld+json\" class=\"yoast-schema-graph\">{\"@context\":\"https:\/\/schema.org\",\"@graph\":[{\"@type\":\"WebPage\",\"@id\":\"https:\/\/laprensacristiana.com\/?p=7089\",\"url\":\"https:\/\/laprensacristiana.com\/?p=7089\",\"name\":\"Alianza Evang\u00e9lica de El Salvador conmemora 450 a\u00f1os de La Biblia del Oso - La Prensa Cristiana\",\"isPartOf\":{\"@id\":\"https:\/\/laprensacristiana.com\/#website\"},\"datePublished\":\"2019-09-28T23:09:18+00:00\",\"dateModified\":\"2019-09-28T23:09:22+00:00\",\"author\":{\"@id\":\"https:\/\/laprensacristiana.com\/#\/schema\/person\/3e7d82c6bfd6b1fa67010f8f7cd5256e\"},\"breadcrumb\":{\"@id\":\"https:\/\/laprensacristiana.com\/?p=7089#breadcrumb\"},\"inLanguage\":\"es\",\"potentialAction\":[{\"@type\":\"ReadAction\",\"target\":[\"https:\/\/laprensacristiana.com\/?p=7089\"]}]},{\"@type\":\"BreadcrumbList\",\"@id\":\"https:\/\/laprensacristiana.com\/?p=7089#breadcrumb\",\"itemListElement\":[{\"@type\":\"ListItem\",\"position\":1,\"name\":\"Portada\",\"item\":\"https:\/\/laprensacristiana.com\/\"},{\"@type\":\"ListItem\",\"position\":2,\"name\":\"Alianza Evang\u00e9lica de El Salvador conmemora 450 a\u00f1os de La Biblia del Oso\"}]},{\"@type\":\"WebSite\",\"@id\":\"https:\/\/laprensacristiana.com\/#website\",\"url\":\"https:\/\/laprensacristiana.com\/\",\"name\":\"La Prensa Cristiana\",\"description\":\"Anunciando Las Buenas Nuevas\",\"potentialAction\":[{\"@type\":\"SearchAction\",\"target\":{\"@type\":\"EntryPoint\",\"urlTemplate\":\"https:\/\/laprensacristiana.com\/?s={search_term_string}\"},\"query-input\":\"required name=search_term_string\"}],\"inLanguage\":\"es\"},{\"@type\":\"Person\",\"@id\":\"https:\/\/laprensacristiana.com\/#\/schema\/person\/3e7d82c6bfd6b1fa67010f8f7cd5256e\",\"name\":\"EDITOR\",\"image\":{\"@type\":\"ImageObject\",\"inLanguage\":\"es\",\"@id\":\"https:\/\/laprensacristiana.com\/#\/schema\/person\/image\/\",\"url\":\"https:\/\/secure.gravatar.com\/avatar\/72069dfb6c13772d9e8381e3638666d2?s=96&d=mm&r=g\",\"contentUrl\":\"https:\/\/secure.gravatar.com\/avatar\/72069dfb6c13772d9e8381e3638666d2?s=96&d=mm&r=g\",\"caption\":\"EDITOR\"},\"url\":\"https:\/\/laprensacristiana.com\/?author=3\"}]}<\/script>\n<!-- \/ Yoast SEO plugin. -->","yoast_head_json":{"title":"Alianza Evang\u00e9lica de El Salvador conmemora 450 a\u00f1os de La Biblia del Oso - La Prensa Cristiana","robots":{"index":"index","follow":"follow","max-snippet":"max-snippet:-1","max-image-preview":"max-image-preview:large","max-video-preview":"max-video-preview:-1"},"canonical":"https:\/\/laprensacristiana.com\/?p=7089","og_locale":"es_ES","og_type":"article","og_title":"Alianza Evang\u00e9lica de El Salvador conmemora 450 a\u00f1os de La Biblia del Oso - La Prensa Cristiana","og_description":"La Asociaci\u00f3n de pastores &nbsp;Alianza Evang\u00e9lica de El Salvador &nbsp;conmemor\u00f3 esta fecha en su desayuno mensual&nbsp; el pasado jueves 26 de septiembre, el devocional fue dirigido por Pablo Gonz\u00e1lez Secretario de Sociedad B\u00edblica de El Salvador y desde M\u00e9xico les acompa\u00f1\u00f3 para impartir la conferencia \u201cBiblia del Oso: del hebreo y el griego al castellano. [&hellip;]","og_url":"https:\/\/laprensacristiana.com\/?p=7089","og_site_name":"La Prensa Cristiana","article_published_time":"2019-09-28T23:09:18+00:00","article_modified_time":"2019-09-28T23:09:22+00:00","og_image":[{"width":2560,"height":1707,"url":"https:\/\/laprensacristiana.com\/wp-content\/uploads\/2019\/09\/IMG_0946-scaled.jpg","type":"image\/jpeg"}],"author":"EDITOR","twitter_card":"summary_large_image","twitter_misc":{"Escrito por":"EDITOR","Tiempo de lectura":"5 minutos"},"schema":{"@context":"https:\/\/schema.org","@graph":[{"@type":"WebPage","@id":"https:\/\/laprensacristiana.com\/?p=7089","url":"https:\/\/laprensacristiana.com\/?p=7089","name":"Alianza Evang\u00e9lica de El Salvador conmemora 450 a\u00f1os de La Biblia del Oso - La Prensa Cristiana","isPartOf":{"@id":"https:\/\/laprensacristiana.com\/#website"},"datePublished":"2019-09-28T23:09:18+00:00","dateModified":"2019-09-28T23:09:22+00:00","author":{"@id":"https:\/\/laprensacristiana.com\/#\/schema\/person\/3e7d82c6bfd6b1fa67010f8f7cd5256e"},"breadcrumb":{"@id":"https:\/\/laprensacristiana.com\/?p=7089#breadcrumb"},"inLanguage":"es","potentialAction":[{"@type":"ReadAction","target":["https:\/\/laprensacristiana.com\/?p=7089"]}]},{"@type":"BreadcrumbList","@id":"https:\/\/laprensacristiana.com\/?p=7089#breadcrumb","itemListElement":[{"@type":"ListItem","position":1,"name":"Portada","item":"https:\/\/laprensacristiana.com\/"},{"@type":"ListItem","position":2,"name":"Alianza Evang\u00e9lica de El Salvador conmemora 450 a\u00f1os de La Biblia del Oso"}]},{"@type":"WebSite","@id":"https:\/\/laprensacristiana.com\/#website","url":"https:\/\/laprensacristiana.com\/","name":"La Prensa Cristiana","description":"Anunciando Las Buenas Nuevas","potentialAction":[{"@type":"SearchAction","target":{"@type":"EntryPoint","urlTemplate":"https:\/\/laprensacristiana.com\/?s={search_term_string}"},"query-input":"required name=search_term_string"}],"inLanguage":"es"},{"@type":"Person","@id":"https:\/\/laprensacristiana.com\/#\/schema\/person\/3e7d82c6bfd6b1fa67010f8f7cd5256e","name":"EDITOR","image":{"@type":"ImageObject","inLanguage":"es","@id":"https:\/\/laprensacristiana.com\/#\/schema\/person\/image\/","url":"https:\/\/secure.gravatar.com\/avatar\/72069dfb6c13772d9e8381e3638666d2?s=96&d=mm&r=g","contentUrl":"https:\/\/secure.gravatar.com\/avatar\/72069dfb6c13772d9e8381e3638666d2?s=96&d=mm&r=g","caption":"EDITOR"},"url":"https:\/\/laprensacristiana.com\/?author=3"}]}},"_links":{"self":[{"href":"https:\/\/laprensacristiana.com\/index.php?rest_route=\/wp\/v2\/posts\/7089"}],"collection":[{"href":"https:\/\/laprensacristiana.com\/index.php?rest_route=\/wp\/v2\/posts"}],"about":[{"href":"https:\/\/laprensacristiana.com\/index.php?rest_route=\/wp\/v2\/types\/post"}],"author":[{"embeddable":true,"href":"https:\/\/laprensacristiana.com\/index.php?rest_route=\/wp\/v2\/users\/3"}],"replies":[{"embeddable":true,"href":"https:\/\/laprensacristiana.com\/index.php?rest_route=%2Fwp%2Fv2%2Fcomments&post=7089"}],"version-history":[{"count":2,"href":"https:\/\/laprensacristiana.com\/index.php?rest_route=\/wp\/v2\/posts\/7089\/revisions"}],"predecessor-version":[{"id":7093,"href":"https:\/\/laprensacristiana.com\/index.php?rest_route=\/wp\/v2\/posts\/7089\/revisions\/7093"}],"wp:featuredmedia":[{"embeddable":true,"href":"https:\/\/laprensacristiana.com\/index.php?rest_route=\/wp\/v2\/media\/7090"}],"wp:attachment":[{"href":"https:\/\/laprensacristiana.com\/index.php?rest_route=%2Fwp%2Fv2%2Fmedia&parent=7089"}],"wp:term":[{"taxonomy":"category","embeddable":true,"href":"https:\/\/laprensacristiana.com\/index.php?rest_route=%2Fwp%2Fv2%2Fcategories&post=7089"},{"taxonomy":"post_tag","embeddable":true,"href":"https:\/\/laprensacristiana.com\/index.php?rest_route=%2Fwp%2Fv2%2Ftags&post=7089"}],"curies":[{"name":"wp","href":"https:\/\/api.w.org\/{rel}","templated":true}]}}