{"id":7106,"date":"2019-09-30T16:15:53","date_gmt":"2019-09-30T16:15:53","guid":{"rendered":"https:\/\/laprensacristiana.com\/?p=7106"},"modified":"2019-09-30T16:15:55","modified_gmt":"2019-09-30T16:15:55","slug":"desarrollan-conferencia-liderazgo-transformacional","status":"publish","type":"post","link":"https:\/\/laprensacristiana.com\/?p=7106","title":{"rendered":"Desarrollan conferencia Liderazgo Transformacional"},"content":{"rendered":"\n<p>M\u00e1s de 300 pastores de diferentes\ndenominaciones e iglesias se reunieron el pasado mi\u00e9rcoles 25 de agosto con la\nidea de entender c\u00f3mo abordar a la generaci\u00f3n digital, contextualizar el papel\nque debe jugar la iglesia para los tiempos modernos. <\/p>\n\n\n\n<p>\u201cLas verdades del evangelio deben\nvolverse pr\u00e1cticas, tenemos el temor que el avance de la tecnolog\u00eda, el\nmodernismo nos puede alejar del prop\u00f3sito de Cristo cuando el establece la\niglesia, estamos haciendo enfoques bien espec\u00edficos, por ejemplo: Cual es el\npapel del pastor, qu\u00e9 caracter\u00edsticas debe tener, d\u00f3nde podr\u00edamos extraviarnos\nde las sagradas escrituras si no tenemos cuidado; y tambi\u00e9n estamos viendo como\nla sociedad se desarrolla, como a pesar de que hay pa\u00edses en el que las\niglesias crecen enormemente pero su naci\u00f3n est\u00e1 teniendo much\u00edsimos problemas,\ntenemos como ejemplo Guatemala y &nbsp;El\nSalvador, las sociedades parecieran no estar siendo muy afectadas por el\nevangelio. Estamos tratando a trav\u00e9s de personas connotadas, muy conocedoras de\nla palabra de Dios, como del contexto social para encontrar las respuestas de\ncomo influir a una naci\u00f3n de forma positiva. Acot\u00f3 el Dr. Mauricio Navas Guzm\u00e1n\nCoordinador Nacional Tomando Mi Naci\u00f3n, No Matar\u00e1s y Pastor General Iglesia del\nCamino. <\/p>\n\n\n\n<p>Esta conferencia fue impartida\npor el Dr. Samuel Solivan de Puerto Rico y el Pastor&nbsp; Camilo Bedoya de Colombia.<\/p>\n\n\n\n<p>\u201cLa transformaci\u00f3n comienza con\nconocer la palabra, el mismo Jes\u00fas nos env\u00eda a conocer la palabra, porque as\u00ed\nlo conocemos a \u00c9l, esa es la primera tarea, hemos dependido mucho de que otros\nnos cuenten quien es Jes\u00fas, pero la responsabilidad de cada creyente es ir a la\npalabra y ah\u00ed es que vamos a conocer esa verdad transformadora, porque no tiene\nque ver solamente con informaci\u00f3n con datos religiosos, nos presentan una\nrelaci\u00f3n \u00edntima, personal con Jesucristo como nuestro Se\u00f1or y salvador, esa\nrelaci\u00f3n revelada en la escritura es la que hace posible nuestra\ntransformaci\u00f3n, es la que nos va a capacitar a ser sal y luz para nuestra\ntierra de El Salvador\u201d. Expres\u00f3 el Dr. Samuel Solivan<\/p>\n\n\n\n<p>La conferencia &nbsp;tenia por nombre: \u201cLiderazgo Transformacional\u201d\n&nbsp;y fue organizada por &nbsp;Tomando Mi Nacion y No Mataras, dirigida a los\nPastores de El Salvador.<\/p>\n\n\n\n<p>\u201cEstamos enfocando la misi\u00f3n de la\niglesia para actualizarla a la luz de la palabra, es decir el mensaje b\u00edblico jam\u00e1s\nva a cambiar, los principios no los vamos a negociar, pero necesitamos\nactualizar lo que estamos haciendo, debemos hacernos preguntas sobre la labor\nque la iglesia est\u00e1 haciendo, si est\u00e1 siendo relevante, si est\u00e1 alcanzando las\nnecesidades de las personas ahora, desde los ni\u00f1os hasta los ancianos, este\ntema nos lleva a la tecnolog\u00eda, a la era digital, es un desaf\u00edo a los pastores\na dar un paso m\u00e1s. Tenemos que romper paradigmas, hay una congregaci\u00f3n conmigo\nen el culto en la iglesia, pero tambi\u00e9n hay otra congregaci\u00f3n que nunca va a\nllegar a la iglesia, pero que me est\u00e1 siguiendo en el Facebook, en el instagram,\nen el twitter, debemos pensar c\u00f3mo la iglesia va a influenciar a esta\ngeneraci\u00f3n\u201d concluy\u00f3 el pastor Carlos Navas del movimiento Avivadores. <\/p>\n\n\n\n<p>Seg\u00fan sus organizadores esperan inquietar, generar un despertar en la mente de los pastores, romper paradigmas, presentando el evangelio a todas las esferas y no tener temor a los nuevos retos.<\/p>\n\n\n\n<figure class=\"wp-block-image\"><img decoding=\"async\" loading=\"lazy\" width=\"1024\" height=\"683\" src=\"https:\/\/laprensacristiana.com\/wp-content\/uploads\/2019\/09\/IMG_0888-1024x683.jpg\" alt=\"\" class=\"wp-image-7108\" srcset=\"https:\/\/laprensacristiana.com\/wp-content\/uploads\/2019\/09\/IMG_0888-1024x683.jpg 1024w, https:\/\/laprensacristiana.com\/wp-content\/uploads\/2019\/09\/IMG_0888-600x400.jpg 600w, https:\/\/laprensacristiana.com\/wp-content\/uploads\/2019\/09\/IMG_0888-300x200.jpg 300w, https:\/\/laprensacristiana.com\/wp-content\/uploads\/2019\/09\/IMG_0888-768x512.jpg 768w, https:\/\/laprensacristiana.com\/wp-content\/uploads\/2019\/09\/IMG_0888-696x464.jpg 696w, https:\/\/laprensacristiana.com\/wp-content\/uploads\/2019\/09\/IMG_0888-1068x712.jpg 1068w, https:\/\/laprensacristiana.com\/wp-content\/uploads\/2019\/09\/IMG_0888-630x420.jpg 630w\" sizes=\"(max-width: 1024px) 100vw, 1024px\" \/><\/figure>\n","protected":false},"excerpt":{"rendered":"<p>M\u00e1s de 300 pastores de diferentes denominaciones e iglesias se reunieron el pasado mi\u00e9rcoles 25 de agosto con la idea de entender c\u00f3mo abordar a la generaci\u00f3n digital, contextualizar el papel que debe jugar la iglesia para los tiempos modernos. \u201cLas verdades del evangelio deben volverse pr\u00e1cticas, tenemos el temor que el avance de la [&hellip;]<\/p>\n","protected":false},"author":3,"featured_media":7107,"comment_status":"open","ping_status":"open","sticky":false,"template":"","format":"standard","meta":[],"categories":[56],"tags":[],"yoast_head":"<!-- This site is optimized with the Yoast SEO plugin v20.8 - https:\/\/yoast.com\/wordpress\/plugins\/seo\/ -->\n<title>Desarrollan conferencia Liderazgo Transformacional - La Prensa Cristiana<\/title>\n<meta name=\"robots\" content=\"index, follow, max-snippet:-1, max-image-preview:large, max-video-preview:-1\" \/>\n<link rel=\"canonical\" href=\"https:\/\/laprensacristiana.com\/?p=7106\" \/>\n<meta property=\"og:locale\" content=\"es_ES\" \/>\n<meta property=\"og:type\" content=\"article\" \/>\n<meta property=\"og:title\" content=\"Desarrollan conferencia Liderazgo Transformacional - La Prensa Cristiana\" \/>\n<meta property=\"og:description\" content=\"M\u00e1s de 300 pastores de diferentes denominaciones e iglesias se reunieron el pasado mi\u00e9rcoles 25 de agosto con la idea de entender c\u00f3mo abordar a la generaci\u00f3n digital, contextualizar el papel que debe jugar la iglesia para los tiempos modernos. \u201cLas verdades del evangelio deben volverse pr\u00e1cticas, tenemos el temor que el avance de la [&hellip;]\" \/>\n<meta property=\"og:url\" content=\"https:\/\/laprensacristiana.com\/?p=7106\" \/>\n<meta property=\"og:site_name\" content=\"La Prensa Cristiana\" \/>\n<meta property=\"article:published_time\" content=\"2019-09-30T16:15:53+00:00\" \/>\n<meta property=\"article:modified_time\" content=\"2019-09-30T16:15:55+00:00\" \/>\n<meta property=\"og:image\" content=\"https:\/\/laprensacristiana.com\/wp-content\/uploads\/2019\/09\/IMG_0896-scaled.jpg\" \/>\n\t<meta property=\"og:image:width\" content=\"2560\" \/>\n\t<meta property=\"og:image:height\" content=\"1707\" \/>\n\t<meta property=\"og:image:type\" content=\"image\/jpeg\" \/>\n<meta name=\"author\" content=\"EDITOR\" \/>\n<meta name=\"twitter:card\" content=\"summary_large_image\" \/>\n<meta name=\"twitter:label1\" content=\"Escrito por\" \/>\n\t<meta name=\"twitter:data1\" content=\"EDITOR\" \/>\n\t<meta name=\"twitter:label2\" content=\"Tiempo de lectura\" \/>\n\t<meta name=\"twitter:data2\" content=\"3 minutos\" \/>\n<script type=\"application\/ld+json\" class=\"yoast-schema-graph\">{\"@context\":\"https:\/\/schema.org\",\"@graph\":[{\"@type\":\"WebPage\",\"@id\":\"https:\/\/laprensacristiana.com\/?p=7106\",\"url\":\"https:\/\/laprensacristiana.com\/?p=7106\",\"name\":\"Desarrollan conferencia Liderazgo Transformacional - La Prensa Cristiana\",\"isPartOf\":{\"@id\":\"https:\/\/laprensacristiana.com\/#website\"},\"datePublished\":\"2019-09-30T16:15:53+00:00\",\"dateModified\":\"2019-09-30T16:15:55+00:00\",\"author\":{\"@id\":\"https:\/\/laprensacristiana.com\/#\/schema\/person\/3e7d82c6bfd6b1fa67010f8f7cd5256e\"},\"breadcrumb\":{\"@id\":\"https:\/\/laprensacristiana.com\/?p=7106#breadcrumb\"},\"inLanguage\":\"es\",\"potentialAction\":[{\"@type\":\"ReadAction\",\"target\":[\"https:\/\/laprensacristiana.com\/?p=7106\"]}]},{\"@type\":\"BreadcrumbList\",\"@id\":\"https:\/\/laprensacristiana.com\/?p=7106#breadcrumb\",\"itemListElement\":[{\"@type\":\"ListItem\",\"position\":1,\"name\":\"Portada\",\"item\":\"https:\/\/laprensacristiana.com\/\"},{\"@type\":\"ListItem\",\"position\":2,\"name\":\"Desarrollan conferencia Liderazgo Transformacional\"}]},{\"@type\":\"WebSite\",\"@id\":\"https:\/\/laprensacristiana.com\/#website\",\"url\":\"https:\/\/laprensacristiana.com\/\",\"name\":\"La Prensa Cristiana\",\"description\":\"Anunciando Las Buenas Nuevas\",\"potentialAction\":[{\"@type\":\"SearchAction\",\"target\":{\"@type\":\"EntryPoint\",\"urlTemplate\":\"https:\/\/laprensacristiana.com\/?s={search_term_string}\"},\"query-input\":\"required name=search_term_string\"}],\"inLanguage\":\"es\"},{\"@type\":\"Person\",\"@id\":\"https:\/\/laprensacristiana.com\/#\/schema\/person\/3e7d82c6bfd6b1fa67010f8f7cd5256e\",\"name\":\"EDITOR\",\"image\":{\"@type\":\"ImageObject\",\"inLanguage\":\"es\",\"@id\":\"https:\/\/laprensacristiana.com\/#\/schema\/person\/image\/\",\"url\":\"https:\/\/secure.gravatar.com\/avatar\/72069dfb6c13772d9e8381e3638666d2?s=96&d=mm&r=g\",\"contentUrl\":\"https:\/\/secure.gravatar.com\/avatar\/72069dfb6c13772d9e8381e3638666d2?s=96&d=mm&r=g\",\"caption\":\"EDITOR\"},\"url\":\"https:\/\/laprensacristiana.com\/?author=3\"}]}<\/script>\n<!-- \/ Yoast SEO plugin. -->","yoast_head_json":{"title":"Desarrollan conferencia Liderazgo Transformacional - La Prensa Cristiana","robots":{"index":"index","follow":"follow","max-snippet":"max-snippet:-1","max-image-preview":"max-image-preview:large","max-video-preview":"max-video-preview:-1"},"canonical":"https:\/\/laprensacristiana.com\/?p=7106","og_locale":"es_ES","og_type":"article","og_title":"Desarrollan conferencia Liderazgo Transformacional - La Prensa Cristiana","og_description":"M\u00e1s de 300 pastores de diferentes denominaciones e iglesias se reunieron el pasado mi\u00e9rcoles 25 de agosto con la idea de entender c\u00f3mo abordar a la generaci\u00f3n digital, contextualizar el papel que debe jugar la iglesia para los tiempos modernos. \u201cLas verdades del evangelio deben volverse pr\u00e1cticas, tenemos el temor que el avance de la [&hellip;]","og_url":"https:\/\/laprensacristiana.com\/?p=7106","og_site_name":"La Prensa Cristiana","article_published_time":"2019-09-30T16:15:53+00:00","article_modified_time":"2019-09-30T16:15:55+00:00","og_image":[{"width":2560,"height":1707,"url":"https:\/\/laprensacristiana.com\/wp-content\/uploads\/2019\/09\/IMG_0896-scaled.jpg","type":"image\/jpeg"}],"author":"EDITOR","twitter_card":"summary_large_image","twitter_misc":{"Escrito por":"EDITOR","Tiempo de lectura":"3 minutos"},"schema":{"@context":"https:\/\/schema.org","@graph":[{"@type":"WebPage","@id":"https:\/\/laprensacristiana.com\/?p=7106","url":"https:\/\/laprensacristiana.com\/?p=7106","name":"Desarrollan conferencia Liderazgo Transformacional - La Prensa Cristiana","isPartOf":{"@id":"https:\/\/laprensacristiana.com\/#website"},"datePublished":"2019-09-30T16:15:53+00:00","dateModified":"2019-09-30T16:15:55+00:00","author":{"@id":"https:\/\/laprensacristiana.com\/#\/schema\/person\/3e7d82c6bfd6b1fa67010f8f7cd5256e"},"breadcrumb":{"@id":"https:\/\/laprensacristiana.com\/?p=7106#breadcrumb"},"inLanguage":"es","potentialAction":[{"@type":"ReadAction","target":["https:\/\/laprensacristiana.com\/?p=7106"]}]},{"@type":"BreadcrumbList","@id":"https:\/\/laprensacristiana.com\/?p=7106#breadcrumb","itemListElement":[{"@type":"ListItem","position":1,"name":"Portada","item":"https:\/\/laprensacristiana.com\/"},{"@type":"ListItem","position":2,"name":"Desarrollan conferencia Liderazgo Transformacional"}]},{"@type":"WebSite","@id":"https:\/\/laprensacristiana.com\/#website","url":"https:\/\/laprensacristiana.com\/","name":"La Prensa Cristiana","description":"Anunciando Las Buenas Nuevas","potentialAction":[{"@type":"SearchAction","target":{"@type":"EntryPoint","urlTemplate":"https:\/\/laprensacristiana.com\/?s={search_term_string}"},"query-input":"required name=search_term_string"}],"inLanguage":"es"},{"@type":"Person","@id":"https:\/\/laprensacristiana.com\/#\/schema\/person\/3e7d82c6bfd6b1fa67010f8f7cd5256e","name":"EDITOR","image":{"@type":"ImageObject","inLanguage":"es","@id":"https:\/\/laprensacristiana.com\/#\/schema\/person\/image\/","url":"https:\/\/secure.gravatar.com\/avatar\/72069dfb6c13772d9e8381e3638666d2?s=96&d=mm&r=g","contentUrl":"https:\/\/secure.gravatar.com\/avatar\/72069dfb6c13772d9e8381e3638666d2?s=96&d=mm&r=g","caption":"EDITOR"},"url":"https:\/\/laprensacristiana.com\/?author=3"}]}},"_links":{"self":[{"href":"https:\/\/laprensacristiana.com\/index.php?rest_route=\/wp\/v2\/posts\/7106"}],"collection":[{"href":"https:\/\/laprensacristiana.com\/index.php?rest_route=\/wp\/v2\/posts"}],"about":[{"href":"https:\/\/laprensacristiana.com\/index.php?rest_route=\/wp\/v2\/types\/post"}],"author":[{"embeddable":true,"href":"https:\/\/laprensacristiana.com\/index.php?rest_route=\/wp\/v2\/users\/3"}],"replies":[{"embeddable":true,"href":"https:\/\/laprensacristiana.com\/index.php?rest_route=%2Fwp%2Fv2%2Fcomments&post=7106"}],"version-history":[{"count":1,"href":"https:\/\/laprensacristiana.com\/index.php?rest_route=\/wp\/v2\/posts\/7106\/revisions"}],"predecessor-version":[{"id":7109,"href":"https:\/\/laprensacristiana.com\/index.php?rest_route=\/wp\/v2\/posts\/7106\/revisions\/7109"}],"wp:featuredmedia":[{"embeddable":true,"href":"https:\/\/laprensacristiana.com\/index.php?rest_route=\/wp\/v2\/media\/7107"}],"wp:attachment":[{"href":"https:\/\/laprensacristiana.com\/index.php?rest_route=%2Fwp%2Fv2%2Fmedia&parent=7106"}],"wp:term":[{"taxonomy":"category","embeddable":true,"href":"https:\/\/laprensacristiana.com\/index.php?rest_route=%2Fwp%2Fv2%2Fcategories&post=7106"},{"taxonomy":"post_tag","embeddable":true,"href":"https:\/\/laprensacristiana.com\/index.php?rest_route=%2Fwp%2Fv2%2Ftags&post=7106"}],"curies":[{"name":"wp","href":"https:\/\/api.w.org\/{rel}","templated":true}]}}