{"id":7112,"date":"2019-09-30T22:38:28","date_gmt":"2019-09-30T22:38:28","guid":{"rendered":"https:\/\/laprensacristiana.com\/?p=7112"},"modified":"2019-09-30T22:38:32","modified_gmt":"2019-09-30T22:38:32","slug":"una-puerta-hacia-la-legalizacion-del-aborto","status":"publish","type":"post","link":"https:\/\/laprensacristiana.com\/?p=7112","title":{"rendered":"\u00bfUna puerta hacia la legalizaci\u00f3n del aborto?"},"content":{"rendered":"\n<p><strong>El Caso Evelyn&nbsp; Hern\u00e1ndez <\/strong><\/p>\n\n\n\n<p>En el a\u00f1o\n2017 se dio a conocer el caso de la joven Evelyn&nbsp; Hern\u00e1ndez&nbsp;\nde 19 a\u00f1os edad, acusada de haber abortado a su hijo de 32 semanas de\ngestaci\u00f3n. <\/p>\n\n\n\n<p>Evelyn dio\na luz en el patio de su casa el 6 de abril del a\u00f1o 2016, en el caser\u00edo&nbsp; Los V\u00e1squez del cant\u00f3n El Carmen, en el\nmunicipio de El Carmen, Cuscatl\u00e1n. En ese entonces ten\u00eda 18 a\u00f1os de edad, luego\nde sufrir una hemorragia la madre de Evelyn la llev\u00f3 al Hospital \u201cNuestra\nSe\u00f1ora de F\u00e1tima\u201d en Cojutepeque, los m\u00e9dicos le diagnosticaron con un parto\nvaginal intradomiciliar, pero el cad\u00e1ver del beb\u00e9 fue encontrado en la fosa\ns\u00e9ptica de su vivienda ese mismo d\u00eda.<\/p>\n\n\n\n<p>Al\nprincipio la defensa manej\u00f3 la&nbsp;\ninformaci\u00f3n que la joven hab\u00eda sufrido una violaci\u00f3n y estaba bajo\namenazas por lo que el acto no fue denunciado, tambi\u00e9n la joven asumi\u00f3 demencia\nsobre su estado de embarazo, la defensa aleg\u00f3 que era un embarazo asintom\u00e1tico,\nque la joven se sinti\u00f3 mal y acudi\u00f3 a la letrina en donde fue encontrado al\nbeb\u00e9 sin vida. Cabe destacar que Evelyn era estudiante de tercer a\u00f1o en Bachillerato\nopci\u00f3n Salud. <\/p>\n\n\n\n<p>El juicio\ncontra Evelyn dio inicio el 23 de junio y finaliz\u00f3 el 5 de julio del a\u00f1o 2017,\nfue condenada a 30 a\u00f1os de c\u00e1rcel por el tribunal de sentencia de Cojutepeque, al\nprincipio la Fiscal\u00eda la acus\u00f3 por el delito de aborto, sin embargo su embarazo\nestaba muy avanzado y el beb\u00e9 estaba a t\u00e9rmino y tomaron &nbsp;la decisi\u00f3n de cambiar los cargos al delito de\nhomicidio agravado. &nbsp;<\/p>\n\n\n\n<p>La condena\ncapto la atenci\u00f3n de los grupos activistas en pro del aborto y movimientos\nfeministas no solo en El Salvador si no a nivel mundial, y aviv\u00f3 las\nintenciones de la legalizaci\u00f3n del aborto en el pa\u00eds. Desde ese momento estas\ninstituciones y movimientos dieron su apoyo total a Evelyn y a su caso para que\nse declarara inocente de los cargos presentados por el tribunal.<\/p>\n\n\n\n<p>El pasado\nmes de agosto el caso volvi\u00f3 a ser noticia, Evelyn fue absuelta de los cargos &nbsp;y se declar\u00f3 inocente, uno de los argumentos\nfue que no sab\u00eda que estaba embarazada y que fue producto de una\nviolaci\u00f3n.&nbsp; Despu\u00e9s de 33 meses recluida\nen c\u00e1rcel de mujeres, en octubre de 2018, la Sala de lo Penal declar\u00f3 nula la\ncondena porque no se comprob\u00f3 la intenci\u00f3n de matar a su hijo. Las activistas\ndeclararon victoria y consideran que este es un precedente para futuros casos.<\/p>\n\n\n\n<p>Pero el\npasado 7 de septiembre la Fiscal\u00eda General de la Rep\u00fablica present\u00f3 un recurso\nde apelaci\u00f3n para exigir que en el caso sea examinada la responsabilidad penal\nde la demandada sobre el homicidio de su hijo. <\/p>\n\n\n\n<p>La\nfiscal\u00eda asegura que Evelyn si estaba consciente de su estado de embarazo y lo\npuede demostrar con el testimonio de una promotora de salud que anteriormente la\nhab\u00eda visitado para que tomara sus controles prenatales a los cuales se neg\u00f3.\nTambi\u00e9n afirma que al momento de ser atendida en el hospital la joven admiti\u00f3\nsu embarazo. Esta instituci\u00f3n &nbsp;insiste en\nque Hern\u00e1ndez no se puede considerar como v\u00edctima ya que nunca denunci\u00f3 el caso\nde violaci\u00f3n. <\/p>\n\n\n\n<p>El informe\nforense del bebe determin\u00f3 que el ni\u00f1o naci\u00f3 vivo y que falleci\u00f3 debido a la\naspiraci\u00f3n de material fit\u00f3geno (Heces fecales), los m\u00e9dicos de medicina legal\ntambi\u00e9n informaron que un bebe que media 51cm no se puede tener en un servicio\nde fosa s\u00e9ptica. <\/p>\n\n\n\n<p>\u201cLa\nFiscal\u00eda no est\u00e1 haciendo nada m\u00e1s que ratificar la tesis que ha planteado\ndesde un principio, aqu\u00ed no se est\u00e1 acusando por un aborto, aqu\u00ed estamos\nacusando por un homicidio en una persona, hay grupos que tienen inter\u00e9s en que\nesto se vea como que se est\u00e1 persiguiendo la pobreza, a una mujer que tuvo una\nemergencia extra hospitalaria. Las pruebas son contundentes, y ratifican que no\nes as\u00ed. Yo lamento mucho que se quiera tergiversar este tema\u201d expres\u00f3&nbsp; Ra\u00fal Melara, Fiscal General de La Republica\nde El Salvador.<\/p>\n\n\n\n<p><strong>Historial de embarazo en ni\u00f1as y adolescentes\nen El Salvador<\/strong><\/p>\n\n\n\n<p>El Fondo de Poblaci\u00f3n de las Naciones Unidas, UNFPA present\u00f3 en abril de este a\u00f1o un estudio sobre los embarazos registrados en ni\u00f1as y adolescentes.<\/p>\n\n\n\n<figure class=\"wp-block-image\"><img decoding=\"async\" loading=\"lazy\" width=\"623\" height=\"428\" src=\"https:\/\/laprensacristiana.com\/wp-content\/uploads\/2019\/09\/aborto.jpg\" alt=\"\" class=\"wp-image-7114\" srcset=\"https:\/\/laprensacristiana.com\/wp-content\/uploads\/2019\/09\/aborto.jpg 623w, https:\/\/laprensacristiana.com\/wp-content\/uploads\/2019\/09\/aborto-600x412.jpg 600w, https:\/\/laprensacristiana.com\/wp-content\/uploads\/2019\/09\/aborto-300x206.jpg 300w, https:\/\/laprensacristiana.com\/wp-content\/uploads\/2019\/09\/aborto-100x70.jpg 100w, https:\/\/laprensacristiana.com\/wp-content\/uploads\/2019\/09\/aborto-218x150.jpg 218w, https:\/\/laprensacristiana.com\/wp-content\/uploads\/2019\/09\/aborto-611x420.jpg 611w\" sizes=\"(max-width: 623px) 100vw, 623px\" \/><\/figure>\n\n\n\n<p>Conversamos\ncon la Pastora Rosario de Navas quien apoya y acompa\u00f1a a los movimientos pro\nvida en El Salvador, y le preguntamos \u00bfEn caso de violaci\u00f3n en ni\u00f1as y\nadolescentes, el aborto se puede considerar como una opci\u00f3n?<\/p>\n\n\n\n<p>\u201cDefinitivamente\n\u00a1NO! Si el estado aprueba el aborto en casos de violaci\u00f3n, estar\u00edamos dando a\nnuestras j\u00f3venes un camino totalmente equivocado, acabo de terminar una\nconsejer\u00eda, esta joven se practic\u00f3 un aborto producto de la violaci\u00f3n de su\nhermano mayor, esta joven padece de muchas depresiones, perseguida por la\nculpabilidad y estaba deseando morir, se tom\u00f3 un frasco de pastillas y me dice:\n\u201cNo s\u00e9 porque quede viva\u201d, estos casos nos dan la apertura de saber la tortura\nespiritual, emocional y f\u00edsica que viven nuestras j\u00f3venes. Estar\u00edamos aprobando\nun camino de muerte, de maldad, cient\u00edficamente no est\u00e1 aprobado, ning\u00fan aborto\nes seguro, definitivamente estamos en contra del aborta aun en la causal de\nviolaci\u00f3n.&nbsp; Las j\u00f3venes deben ser\neducadas en la informaci\u00f3n sexual, preventiva para evitar llegar al caso de\nembarazo y en el caso de la violaci\u00f3n que es un horrendo y nefasto hecho\ncometido en las ni\u00f1as y j\u00f3venes que conocemos incluso y ministrado, de hecho\nestamos como iglesia de Jesucristo a trav\u00e9s de un diplomado que el Fondo\nMonetario de Las Naciones Unidas est\u00e1 financiando en La Universidad Evang\u00e9lica tratando\nde unirnos para darles una respuesta y una acci\u00f3n pastoral a estas j\u00f3venes que\nhan sido violadas y no tienen ninguna salida. Queremos ayudarles a tener una\nrespuesta, un acompa\u00f1amiento. No estamos de acuerdo con el aborto porque\nentonces ser\u00eda la v\u00edctima, la m\u00e1s indefensa en este caso el beb\u00e9 ser\u00eda la m\u00e1s\nafectada, la tercera v\u00edctima, porque el victimario es el violador, la v\u00edctima\nes la joven o la ni\u00f1a y la v\u00edctima m\u00e1s indefensa es el beb\u00e9, el beb\u00e9 tendr\u00eda la\npena capital que en este caso ser\u00eda la muerte\u201d concluy\u00f3 Rosario Navas pastora\nIglesia del Camino. <\/p>\n\n\n\n<p>Desde el\na\u00f1o 2016 se viene discutiendo el tema de la legalizaci\u00f3n del aborto debido a\nesta causal y otras m\u00e1s presentadas por la Presidenta de la Asamblea\nLegislativa en ese tiempo Lorena Pe\u00f1a&nbsp;\njunto a otros diputados del partido FMLN. Quienes presentaron una pieza\nde correspondencia a La Asamblea Legislativa para modificar el art 133 del c\u00f3digo\npenal referente a la prohibici\u00f3n de cualquier tipo de aborto en el pa\u00eds.<\/p>\n\n\n\n<p>La\nmodificaci\u00f3n aspiraba incluir cuatro supuestos en los cuales el aborto no ser\u00eda\npunible:<\/p>\n\n\n\n<ol><li>En caso de grave riesgo para la\nsalud de la madre<\/li><li>Cuando sea un embarazo producto\nde una violaci\u00f3n sexual<\/li><li>En caso de malformaci\u00f3n del feto\nincompatible con la vida extrauterina<\/li><li>En menores de edad en los casos\nde violaci\u00f3n y estupro de acuerdo a lo establecido en el art. 18 de la Ley de\nProtecci\u00f3n Integral de la Ni\u00f1ez y Adolescencia (LEPINA)<\/li><\/ol>\n\n\n\n<p>En el a\u00f1o\n2017 la que fung\u00eda como Ministra de Salud de El Salvador Violeta Menj\u00edvar reiter\u00f3\nsu total apoyo a la reforma del c\u00f3digo penal propuesto por Lorena pe\u00f1a, de\ndespenalizar el \u201caborto terap\u00e9utico\u201d.<\/p>\n\n\n\n<p>Desde\nentonces se han levantado movimiento en pro de la vida, conformados por diferentes\niglesias y denominaciones, realizando foros, marchas. En el a\u00f1o 2017 la\nAsociaci\u00f3n de Pastores \u201cSanta Tecla Organizada para Cristo\u201d se pronunci\u00f3 en la\nAsamblea Legislativa, presentando un documento el cual detallaba el crimen que\nse comete al realizarse la aprobaci\u00f3n del aborto, aun siendo este por&nbsp; \u201cviolaci\u00f3n\u201d o \u201cTerap\u00e9utico\u201d.<\/p>\n\n\n\n<p>El 18 de\nabril del a\u00f1o 2018 fue presentado un documento&nbsp;&nbsp;\nen la Asamblea Legislativa por pastores de diferentes iglesias\nevang\u00e9licas de El Salvador, con m\u00e1s de 22 mil firmas recolectadas de personas\nque estaban en contra de la despenalizaci\u00f3n del aborto en el pa\u00eds.<\/p>\n\n\n\n<p>Mientras\nel sector pro vida lucha por mantener a salvo la vida de los peque\u00f1os\nindefensos, los grupos feministas y pro aborto luchan porque se apruebe esta\nley que permita despenalizar el aborto en los cuatro ejes presentado bajo su\nlema \u201caborto legal, seguro y gratuito\u201d. <\/p>\n\n\n\n<p>Entre el\na\u00f1o 2005 y el 2008 el Ministerio de Salud de El Salvador estima que se llevaron\na cabo casi 20,000 abortos&nbsp; y un 11% de\nlas mujeres que se sometieron al procedimiento ilegal perdieron la vida.<\/p>\n\n\n\n<p><strong>La vida y desarrollo de un beb\u00e9<\/strong><\/p>\n\n\n\n<p>La\nconcepci\u00f3n de la vida inicia cuando solo un espermatozoide penetra en el \u00f3vulo\ndando lugar al embri\u00f3n, en menos de 24 horas el \u00f3vulo viaja hacia la trompa de\nFalopio en donde se llevar\u00e1 a cabo la fecundaci\u00f3n, esta nueva c\u00e9lula creada\ncontiene ya todos las caracteres del futuro beb\u00e9, desde el color del pelo y los\nojos.<\/p>\n\n\n\n<p>La mayor\u00eda\nde los ginec\u00f3logos contabilizan la edad gestacional, a partir del \u00faltimo d\u00eda\nde&nbsp; la \u00faltima menstruaci\u00f3n. En cambio los\nanatomistas consideran la edad gestacional desde el momento de la concepci\u00f3n (la\nuni\u00f3n de dos c\u00e9lulas). <\/p>\n\n\n\n<p>El\nembarazo se divide en tres trimestres, el primero desde la concepci\u00f3n hasta las\n12 semanas de gestaci\u00f3n, en este primer periodo se forman los \u00f3rganos principales\ndel beb\u00e9, como el coraz\u00f3n, intestino, estomago.<\/p>\n\n\n\n<p><strong>\u00bfPodr\u00edamos afirmar que no hay una vida que se\npierde al abortar?<\/strong><\/p>\n\n\n\n<p>Cosmovisi\u00f3n b\u00edblica sobre la concepci\u00f3n\nde la vida e interrupci\u00f3n <\/p>\n\n\n\n<p>\u201cDios bendice la vida a trav\u00e9s\nde su palabra desde la concepci\u00f3n, conocemos esa famosa porci\u00f3n de las\nescrituras en Salmos 139 en donde El Se\u00f1or nos habla de su hermosa promesa que\ndesde el vientre hemos sido formados:<\/p>\n\n\n\n<p>Salmos\n139:13-16 (RVR1960)<\/p>\n\n\n\n<p>13 Porque\nt\u00fa formaste mis entra\u00f1as;<\/p>\n\n\n\n<p>T\u00fa me\nhiciste en el vientre de mi madre.<\/p>\n\n\n\n<p>14 Te\nalabar\u00e9; porque formidables, maravillosas son tus obras;<\/p>\n\n\n\n<p>Estoy\nmaravillado,<\/p>\n\n\n\n<p>Y mi alma\nlo sabe muy bien.<\/p>\n\n\n\n<ol><li>Somos creados por Dios<\/li><li>Tenemos un alma y habitamos en\nun cuerpo: por lo tanto tenemos que ense\u00f1arle a las nuevas generaciones el\nrespeto de la vida desde la concepci\u00f3n, desde entonces comienza a latir la vida\npara antes de las 8 semanas el coraz\u00f3n comienza a latir, desde la perspectiva\nb\u00edblica hay un respeto por la vida por el que nosotros debemos luchar como\niglesia, el valor de la vida tiene que ser algo que ense\u00f1emos a las nuevas generaciones.\n<\/li><\/ol>\n\n\n\n<p>El Se\u00f1or\nnos bendice a trav\u00e9s de la vida, dice la palabra del Se\u00f1or que nos ha dado vida\ny vida en abundancia, nuestros hijos son nuestra herencia, fruto del vientre es\nla herencia de Jehov\u00e1 para cada uno de nosotros. Esta es la cosmovisi\u00f3n b\u00edblica\nque como mujeres tenemos que defender y cuidar, amar y respetar a nuestros\nhijos, en Timoteo, Pablo les explica a que las ancianas deben ense\u00f1ar a las\nmam\u00e1s j\u00f3venes a cuidar y amar a sus hijos y esto tiene que ver desde la\nconcepci\u00f3n.<\/p>\n\n\n\n<p>Desde el\naspecto b\u00edblico la interrupci\u00f3n del embarazo no es factible desde ning\u00fan punto\nde vista, ni siquiera cuando la madre est\u00e1 en riesgo, la ciencia ha avanzado\nmucho desde entonces para que podamos luchar por las dos vidas, hay pediatras y\nginec\u00f3logos que luchan intensamente para rescatar las dos vidas. <\/p>\n\n\n\n<p>La\ninterrupci\u00f3n no es ning\u00fan t\u00e9rmino que debemos utilizar, este es el t\u00e9rmino que\nlas feministas est\u00e1n usando y los que est\u00e1n en pro del aborto porque tratan de\nmaquillar con esta palabra un &nbsp;t\u00e9rmino\nm\u00e1s fuerte que es el \u201casesinato\u201d. <\/p>\n\n\n\n<p>Hago un\nllamado a la Iglesia Evang\u00e9lica en El salvador a que despertemos, que podamos\npromover la vida, que seamos entes de transformaci\u00f3n en la prevenci\u00f3n, apoyo a\nla v\u00edctimas, a las que est\u00e1n en situaciones vulnerables. <\/p>\n\n\n\n<p>Como iglesia tenemos que capacitarnos, leer, para que no pasen situaciones tan dif\u00edciles y personas como en el caso de Evelyn, esta joven fue una v\u00edctima por una relaci\u00f3n en donde ella no supo responder, si no que se dej\u00f3 ir por la mentira, la presi\u00f3n y al final ella termin\u00f3 asesinando a su beb\u00e9. Como iglesia no debemos condenar, juzgar a esta joven si no llamarla a la restauraci\u00f3n, transformaci\u00f3n de su vida a trav\u00e9s del evangelio de Jesucristo y el promover pol\u00edticas de pa\u00eds que podamos apoyar a todas estas j\u00f3venes que necesitan nuestra ayuda como iglesia y poder darles una atenci\u00f3n pastoral integral a las v\u00edctimas\u201d concluy\u00f3 Rosario de Navas. <\/p>\n","protected":false},"excerpt":{"rendered":"<p>El Caso Evelyn&nbsp; Hern\u00e1ndez En el a\u00f1o 2017 se dio a conocer el caso de la joven Evelyn&nbsp; Hern\u00e1ndez&nbsp; de 19 a\u00f1os edad, acusada de haber abortado a su hijo de 32 semanas de gestaci\u00f3n. Evelyn dio a luz en el patio de su casa el 6 de abril del a\u00f1o 2016, en el caser\u00edo&nbsp; [&hellip;]<\/p>\n","protected":false},"author":3,"featured_media":7113,"comment_status":"open","ping_status":"open","sticky":false,"template":"","format":"standard","meta":[],"categories":[50],"tags":[],"yoast_head":"<!-- This site is optimized with the Yoast SEO plugin v20.8 - https:\/\/yoast.com\/wordpress\/plugins\/seo\/ -->\n<title>\u00bfUna puerta hacia la legalizaci\u00f3n del aborto? - La Prensa Cristiana<\/title>\n<meta name=\"robots\" content=\"index, follow, max-snippet:-1, max-image-preview:large, max-video-preview:-1\" \/>\n<link rel=\"canonical\" href=\"https:\/\/laprensacristiana.com\/?p=7112\" \/>\n<meta property=\"og:locale\" content=\"es_ES\" \/>\n<meta property=\"og:type\" content=\"article\" \/>\n<meta property=\"og:title\" content=\"\u00bfUna puerta hacia la legalizaci\u00f3n del aborto? - La Prensa Cristiana\" \/>\n<meta property=\"og:description\" content=\"El Caso Evelyn&nbsp; Hern\u00e1ndez En el a\u00f1o 2017 se dio a conocer el caso de la joven Evelyn&nbsp; Hern\u00e1ndez&nbsp; de 19 a\u00f1os edad, acusada de haber abortado a su hijo de 32 semanas de gestaci\u00f3n. Evelyn dio a luz en el patio de su casa el 6 de abril del a\u00f1o 2016, en el caser\u00edo&nbsp; [&hellip;]\" \/>\n<meta property=\"og:url\" content=\"https:\/\/laprensacristiana.com\/?p=7112\" \/>\n<meta property=\"og:site_name\" content=\"La Prensa Cristiana\" \/>\n<meta property=\"article:published_time\" content=\"2019-09-30T22:38:28+00:00\" \/>\n<meta property=\"article:modified_time\" content=\"2019-09-30T22:38:32+00:00\" \/>\n<meta property=\"og:image\" content=\"https:\/\/laprensacristiana.com\/wp-content\/uploads\/2019\/09\/tema-portada.jpg\" \/>\n\t<meta property=\"og:image:width\" content=\"764\" \/>\n\t<meta property=\"og:image:height\" content=\"592\" \/>\n\t<meta property=\"og:image:type\" content=\"image\/jpeg\" \/>\n<meta name=\"author\" content=\"EDITOR\" \/>\n<meta name=\"twitter:card\" content=\"summary_large_image\" \/>\n<meta name=\"twitter:label1\" content=\"Escrito por\" \/>\n\t<meta name=\"twitter:data1\" content=\"EDITOR\" \/>\n\t<meta name=\"twitter:label2\" content=\"Tiempo de lectura\" \/>\n\t<meta name=\"twitter:data2\" content=\"11 minutos\" \/>\n<script type=\"application\/ld+json\" class=\"yoast-schema-graph\">{\"@context\":\"https:\/\/schema.org\",\"@graph\":[{\"@type\":\"WebPage\",\"@id\":\"https:\/\/laprensacristiana.com\/?p=7112\",\"url\":\"https:\/\/laprensacristiana.com\/?p=7112\",\"name\":\"\u00bfUna puerta hacia la legalizaci\u00f3n del aborto? - La Prensa Cristiana\",\"isPartOf\":{\"@id\":\"https:\/\/laprensacristiana.com\/#website\"},\"datePublished\":\"2019-09-30T22:38:28+00:00\",\"dateModified\":\"2019-09-30T22:38:32+00:00\",\"author\":{\"@id\":\"https:\/\/laprensacristiana.com\/#\/schema\/person\/3e7d82c6bfd6b1fa67010f8f7cd5256e\"},\"breadcrumb\":{\"@id\":\"https:\/\/laprensacristiana.com\/?p=7112#breadcrumb\"},\"inLanguage\":\"es\",\"potentialAction\":[{\"@type\":\"ReadAction\",\"target\":[\"https:\/\/laprensacristiana.com\/?p=7112\"]}]},{\"@type\":\"BreadcrumbList\",\"@id\":\"https:\/\/laprensacristiana.com\/?p=7112#breadcrumb\",\"itemListElement\":[{\"@type\":\"ListItem\",\"position\":1,\"name\":\"Portada\",\"item\":\"https:\/\/laprensacristiana.com\/\"},{\"@type\":\"ListItem\",\"position\":2,\"name\":\"\u00bfUna puerta hacia la legalizaci\u00f3n del aborto?\"}]},{\"@type\":\"WebSite\",\"@id\":\"https:\/\/laprensacristiana.com\/#website\",\"url\":\"https:\/\/laprensacristiana.com\/\",\"name\":\"La Prensa Cristiana\",\"description\":\"Anunciando Las Buenas Nuevas\",\"potentialAction\":[{\"@type\":\"SearchAction\",\"target\":{\"@type\":\"EntryPoint\",\"urlTemplate\":\"https:\/\/laprensacristiana.com\/?s={search_term_string}\"},\"query-input\":\"required name=search_term_string\"}],\"inLanguage\":\"es\"},{\"@type\":\"Person\",\"@id\":\"https:\/\/laprensacristiana.com\/#\/schema\/person\/3e7d82c6bfd6b1fa67010f8f7cd5256e\",\"name\":\"EDITOR\",\"image\":{\"@type\":\"ImageObject\",\"inLanguage\":\"es\",\"@id\":\"https:\/\/laprensacristiana.com\/#\/schema\/person\/image\/\",\"url\":\"https:\/\/secure.gravatar.com\/avatar\/72069dfb6c13772d9e8381e3638666d2?s=96&d=mm&r=g\",\"contentUrl\":\"https:\/\/secure.gravatar.com\/avatar\/72069dfb6c13772d9e8381e3638666d2?s=96&d=mm&r=g\",\"caption\":\"EDITOR\"},\"url\":\"https:\/\/laprensacristiana.com\/?author=3\"}]}<\/script>\n<!-- \/ Yoast SEO plugin. -->","yoast_head_json":{"title":"\u00bfUna puerta hacia la legalizaci\u00f3n del aborto? - La Prensa Cristiana","robots":{"index":"index","follow":"follow","max-snippet":"max-snippet:-1","max-image-preview":"max-image-preview:large","max-video-preview":"max-video-preview:-1"},"canonical":"https:\/\/laprensacristiana.com\/?p=7112","og_locale":"es_ES","og_type":"article","og_title":"\u00bfUna puerta hacia la legalizaci\u00f3n del aborto? - La Prensa Cristiana","og_description":"El Caso Evelyn&nbsp; Hern\u00e1ndez En el a\u00f1o 2017 se dio a conocer el caso de la joven Evelyn&nbsp; Hern\u00e1ndez&nbsp; de 19 a\u00f1os edad, acusada de haber abortado a su hijo de 32 semanas de gestaci\u00f3n. Evelyn dio a luz en el patio de su casa el 6 de abril del a\u00f1o 2016, en el caser\u00edo&nbsp; [&hellip;]","og_url":"https:\/\/laprensacristiana.com\/?p=7112","og_site_name":"La Prensa Cristiana","article_published_time":"2019-09-30T22:38:28+00:00","article_modified_time":"2019-09-30T22:38:32+00:00","og_image":[{"width":764,"height":592,"url":"https:\/\/laprensacristiana.com\/wp-content\/uploads\/2019\/09\/tema-portada.jpg","type":"image\/jpeg"}],"author":"EDITOR","twitter_card":"summary_large_image","twitter_misc":{"Escrito por":"EDITOR","Tiempo de lectura":"11 minutos"},"schema":{"@context":"https:\/\/schema.org","@graph":[{"@type":"WebPage","@id":"https:\/\/laprensacristiana.com\/?p=7112","url":"https:\/\/laprensacristiana.com\/?p=7112","name":"\u00bfUna puerta hacia la legalizaci\u00f3n del aborto? - La Prensa Cristiana","isPartOf":{"@id":"https:\/\/laprensacristiana.com\/#website"},"datePublished":"2019-09-30T22:38:28+00:00","dateModified":"2019-09-30T22:38:32+00:00","author":{"@id":"https:\/\/laprensacristiana.com\/#\/schema\/person\/3e7d82c6bfd6b1fa67010f8f7cd5256e"},"breadcrumb":{"@id":"https:\/\/laprensacristiana.com\/?p=7112#breadcrumb"},"inLanguage":"es","potentialAction":[{"@type":"ReadAction","target":["https:\/\/laprensacristiana.com\/?p=7112"]}]},{"@type":"BreadcrumbList","@id":"https:\/\/laprensacristiana.com\/?p=7112#breadcrumb","itemListElement":[{"@type":"ListItem","position":1,"name":"Portada","item":"https:\/\/laprensacristiana.com\/"},{"@type":"ListItem","position":2,"name":"\u00bfUna puerta hacia la legalizaci\u00f3n del aborto?"}]},{"@type":"WebSite","@id":"https:\/\/laprensacristiana.com\/#website","url":"https:\/\/laprensacristiana.com\/","name":"La Prensa Cristiana","description":"Anunciando Las Buenas Nuevas","potentialAction":[{"@type":"SearchAction","target":{"@type":"EntryPoint","urlTemplate":"https:\/\/laprensacristiana.com\/?s={search_term_string}"},"query-input":"required name=search_term_string"}],"inLanguage":"es"},{"@type":"Person","@id":"https:\/\/laprensacristiana.com\/#\/schema\/person\/3e7d82c6bfd6b1fa67010f8f7cd5256e","name":"EDITOR","image":{"@type":"ImageObject","inLanguage":"es","@id":"https:\/\/laprensacristiana.com\/#\/schema\/person\/image\/","url":"https:\/\/secure.gravatar.com\/avatar\/72069dfb6c13772d9e8381e3638666d2?s=96&d=mm&r=g","contentUrl":"https:\/\/secure.gravatar.com\/avatar\/72069dfb6c13772d9e8381e3638666d2?s=96&d=mm&r=g","caption":"EDITOR"},"url":"https:\/\/laprensacristiana.com\/?author=3"}]}},"_links":{"self":[{"href":"https:\/\/laprensacristiana.com\/index.php?rest_route=\/wp\/v2\/posts\/7112"}],"collection":[{"href":"https:\/\/laprensacristiana.com\/index.php?rest_route=\/wp\/v2\/posts"}],"about":[{"href":"https:\/\/laprensacristiana.com\/index.php?rest_route=\/wp\/v2\/types\/post"}],"author":[{"embeddable":true,"href":"https:\/\/laprensacristiana.com\/index.php?rest_route=\/wp\/v2\/users\/3"}],"replies":[{"embeddable":true,"href":"https:\/\/laprensacristiana.com\/index.php?rest_route=%2Fwp%2Fv2%2Fcomments&post=7112"}],"version-history":[{"count":1,"href":"https:\/\/laprensacristiana.com\/index.php?rest_route=\/wp\/v2\/posts\/7112\/revisions"}],"predecessor-version":[{"id":7115,"href":"https:\/\/laprensacristiana.com\/index.php?rest_route=\/wp\/v2\/posts\/7112\/revisions\/7115"}],"wp:featuredmedia":[{"embeddable":true,"href":"https:\/\/laprensacristiana.com\/index.php?rest_route=\/wp\/v2\/media\/7113"}],"wp:attachment":[{"href":"https:\/\/laprensacristiana.com\/index.php?rest_route=%2Fwp%2Fv2%2Fmedia&parent=7112"}],"wp:term":[{"taxonomy":"category","embeddable":true,"href":"https:\/\/laprensacristiana.com\/index.php?rest_route=%2Fwp%2Fv2%2Fcategories&post=7112"},{"taxonomy":"post_tag","embeddable":true,"href":"https:\/\/laprensacristiana.com\/index.php?rest_route=%2Fwp%2Fv2%2Ftags&post=7112"}],"curies":[{"name":"wp","href":"https:\/\/api.w.org\/{rel}","templated":true}]}}