{"id":7116,"date":"2019-10-01T00:46:50","date_gmt":"2019-10-01T00:46:50","guid":{"rendered":"https:\/\/laprensacristiana.com\/?p=7116"},"modified":"2019-10-01T00:46:52","modified_gmt":"2019-10-01T00:46:52","slug":"christine-dclario-canta-himno-nacional-de-eeuu-en-la-casa-blanca","status":"publish","type":"post","link":"https:\/\/laprensacristiana.com\/?p=7116","title":{"rendered":"Christine D\u00b4Clario canta himno nacional de EEUU en la Casa Blanca"},"content":{"rendered":"\n<p>Del 15 de septiembre al 15de octubre se\nfesteja el Mes de la herencia hispana en Estados Unidos, esta celebraci\u00f3n reconoce\nel aporte de los latinos a la cultura, la econom\u00eda y la sociedad\nestadounidense. Se comienza el 15 de septiembre debido a que es un d\u00eda hist\u00f3ricamente\nsignificativo para cinco pa\u00edses latinoamericanos como: Honduras, Guatemala, El\nSalvador, Costa Rica y Nicaragua, un d\u00eda en el que se celebra la independencia\npatria, M\u00e9xico y Chile celebran su d\u00eda de la independencia el 16 de septiembre\ny el 18.<\/p>\n\n\n\n<p>Alrededor de 60 millones de poblaci\u00f3n hispana\nreside en EEUU, entre el a\u00f1o 2,008 y 2,018 los latinos representaron un 52% de\nla poblaci\u00f3n seg\u00fan el centro de investigaci\u00f3n Pew. Esta celebraci\u00f3n fue\naprobada por el congreso en el a\u00f1o 1968, autorizando al entonces presidente\nLyndon B. Johnson para proclamar la semana nacional de la herencia hispana,\nluego en 1988 se aprob\u00f3 una ley en la que se extendi\u00f3 por 31 d\u00edas esta celebraci\u00f3n.<\/p>\n\n\n\n<p>El pasado viernes 27 de septiembre la\nreconocida cantante cristiana Christine D\u00b4Clario fue invitada a entonar el\nhimno nacional de Los Estados Unidos de Am\u00e9rica en una celebraci\u00f3n para conmemorar\n\u201cEl mes de la herencia hispana\u201d &nbsp;que se llev\u00f3\nacabo en la Casa Blanca, en presencia de funcionarios y el actual presidente de\nlos EEUU Donald Trump. Tambi\u00e9n tuvo la oportunidad de interpretar \u201cComo Dijiste\u201d\na todos los asistentes al evento. <\/p>\n\n\n\n<p>A trav\u00e9s de su cuenta oficial de instagram\nChristine expres\u00f3:<\/p>\n\n\n\n<p>\u201cEl privilegio mayor de mi vida es poder\nproclamar y levantar el nombre de Jes\u00fas, que es sobre todo nombre, en todo\nlugar. Tambi\u00e9n fue un honor conocer a nuestros gobernantes por los que tanto\noramos todos los dias. \u201cBendita la naci\u00f3n cuyo Dios es Jehova\u201d. Dios Bendiga a\nlos Estados Unidos de Am\u00e9rica\u201d<\/p>\n\n\n\n<p>Al finalizar el presidente Trump la felicito por su excelente interpretaci\u00f3n.<\/p>\n\n\n\n<figure class=\"wp-block-image\"><img decoding=\"async\" loading=\"lazy\" width=\"720\" height=\"720\" src=\"https:\/\/laprensacristiana.com\/wp-content\/uploads\/2019\/10\/WhatsApp-Image-2019-09-30-at-6.36.41-PM.jpeg\" alt=\"\" class=\"wp-image-7118\" srcset=\"https:\/\/laprensacristiana.com\/wp-content\/uploads\/2019\/10\/WhatsApp-Image-2019-09-30-at-6.36.41-PM.jpeg 720w, https:\/\/laprensacristiana.com\/wp-content\/uploads\/2019\/10\/WhatsApp-Image-2019-09-30-at-6.36.41-PM-300x300.jpeg 300w, https:\/\/laprensacristiana.com\/wp-content\/uploads\/2019\/10\/WhatsApp-Image-2019-09-30-at-6.36.41-PM-100x100.jpeg 100w, https:\/\/laprensacristiana.com\/wp-content\/uploads\/2019\/10\/WhatsApp-Image-2019-09-30-at-6.36.41-PM-600x600.jpeg 600w, https:\/\/laprensacristiana.com\/wp-content\/uploads\/2019\/10\/WhatsApp-Image-2019-09-30-at-6.36.41-PM-150x150.jpeg 150w, https:\/\/laprensacristiana.com\/wp-content\/uploads\/2019\/10\/WhatsApp-Image-2019-09-30-at-6.36.41-PM-696x696.jpeg 696w, https:\/\/laprensacristiana.com\/wp-content\/uploads\/2019\/10\/WhatsApp-Image-2019-09-30-at-6.36.41-PM-420x420.jpeg 420w\" sizes=\"(max-width: 720px) 100vw, 720px\" \/><figcaption>Cortes\u00eda cuenta oficial de instagram Christine D\u00b4Clario<\/figcaption><\/figure>\n","protected":false},"excerpt":{"rendered":"<p>Del 15 de septiembre al 15de octubre se festeja el Mes de la herencia hispana en Estados Unidos, esta celebraci\u00f3n reconoce el aporte de los latinos a la cultura, la econom\u00eda y la sociedad estadounidense. Se comienza el 15 de septiembre debido a que es un d\u00eda hist\u00f3ricamente significativo para cinco pa\u00edses latinoamericanos como: Honduras, [&hellip;]<\/p>\n","protected":false},"author":3,"featured_media":7117,"comment_status":"open","ping_status":"open","sticky":false,"template":"","format":"standard","meta":[],"categories":[56],"tags":[],"yoast_head":"<!-- This site is optimized with the Yoast SEO plugin v20.8 - https:\/\/yoast.com\/wordpress\/plugins\/seo\/ -->\n<title>Christine D\u00b4Clario canta himno nacional de EEUU en la Casa Blanca - La Prensa Cristiana<\/title>\n<meta name=\"robots\" content=\"index, follow, max-snippet:-1, max-image-preview:large, max-video-preview:-1\" \/>\n<link rel=\"canonical\" href=\"https:\/\/laprensacristiana.com\/?p=7116\" \/>\n<meta property=\"og:locale\" content=\"es_ES\" \/>\n<meta property=\"og:type\" content=\"article\" \/>\n<meta property=\"og:title\" content=\"Christine D\u00b4Clario canta himno nacional de EEUU en la Casa Blanca - La Prensa Cristiana\" \/>\n<meta property=\"og:description\" content=\"Del 15 de septiembre al 15de octubre se festeja el Mes de la herencia hispana en Estados Unidos, esta celebraci\u00f3n reconoce el aporte de los latinos a la cultura, la econom\u00eda y la sociedad estadounidense. Se comienza el 15 de septiembre debido a que es un d\u00eda hist\u00f3ricamente significativo para cinco pa\u00edses latinoamericanos como: Honduras, [&hellip;]\" \/>\n<meta property=\"og:url\" content=\"https:\/\/laprensacristiana.com\/?p=7116\" \/>\n<meta property=\"og:site_name\" content=\"La Prensa Cristiana\" \/>\n<meta property=\"article:published_time\" content=\"2019-10-01T00:46:50+00:00\" \/>\n<meta property=\"article:modified_time\" content=\"2019-10-01T00:46:52+00:00\" \/>\n<meta property=\"og:image\" content=\"https:\/\/laprensacristiana.com\/wp-content\/uploads\/2019\/10\/WhatsApp-Image-2019-09-30-at-6.36.51-PM.jpeg\" \/>\n\t<meta property=\"og:image:width\" content=\"720\" \/>\n\t<meta property=\"og:image:height\" content=\"718\" \/>\n\t<meta property=\"og:image:type\" content=\"image\/jpeg\" \/>\n<meta name=\"author\" content=\"EDITOR\" \/>\n<meta name=\"twitter:card\" content=\"summary_large_image\" \/>\n<meta name=\"twitter:label1\" content=\"Escrito por\" \/>\n\t<meta name=\"twitter:data1\" content=\"EDITOR\" \/>\n\t<meta name=\"twitter:label2\" content=\"Tiempo de lectura\" \/>\n\t<meta name=\"twitter:data2\" content=\"2 minutos\" \/>\n<script type=\"application\/ld+json\" class=\"yoast-schema-graph\">{\"@context\":\"https:\/\/schema.org\",\"@graph\":[{\"@type\":\"WebPage\",\"@id\":\"https:\/\/laprensacristiana.com\/?p=7116\",\"url\":\"https:\/\/laprensacristiana.com\/?p=7116\",\"name\":\"Christine D\u00b4Clario canta himno nacional de EEUU en la Casa Blanca - La Prensa Cristiana\",\"isPartOf\":{\"@id\":\"https:\/\/laprensacristiana.com\/#website\"},\"datePublished\":\"2019-10-01T00:46:50+00:00\",\"dateModified\":\"2019-10-01T00:46:52+00:00\",\"author\":{\"@id\":\"https:\/\/laprensacristiana.com\/#\/schema\/person\/3e7d82c6bfd6b1fa67010f8f7cd5256e\"},\"breadcrumb\":{\"@id\":\"https:\/\/laprensacristiana.com\/?p=7116#breadcrumb\"},\"inLanguage\":\"es\",\"potentialAction\":[{\"@type\":\"ReadAction\",\"target\":[\"https:\/\/laprensacristiana.com\/?p=7116\"]}]},{\"@type\":\"BreadcrumbList\",\"@id\":\"https:\/\/laprensacristiana.com\/?p=7116#breadcrumb\",\"itemListElement\":[{\"@type\":\"ListItem\",\"position\":1,\"name\":\"Portada\",\"item\":\"https:\/\/laprensacristiana.com\/\"},{\"@type\":\"ListItem\",\"position\":2,\"name\":\"Christine D\u00b4Clario canta himno nacional de EEUU en la Casa Blanca\"}]},{\"@type\":\"WebSite\",\"@id\":\"https:\/\/laprensacristiana.com\/#website\",\"url\":\"https:\/\/laprensacristiana.com\/\",\"name\":\"La Prensa Cristiana\",\"description\":\"Anunciando Las Buenas Nuevas\",\"potentialAction\":[{\"@type\":\"SearchAction\",\"target\":{\"@type\":\"EntryPoint\",\"urlTemplate\":\"https:\/\/laprensacristiana.com\/?s={search_term_string}\"},\"query-input\":\"required name=search_term_string\"}],\"inLanguage\":\"es\"},{\"@type\":\"Person\",\"@id\":\"https:\/\/laprensacristiana.com\/#\/schema\/person\/3e7d82c6bfd6b1fa67010f8f7cd5256e\",\"name\":\"EDITOR\",\"image\":{\"@type\":\"ImageObject\",\"inLanguage\":\"es\",\"@id\":\"https:\/\/laprensacristiana.com\/#\/schema\/person\/image\/\",\"url\":\"https:\/\/secure.gravatar.com\/avatar\/72069dfb6c13772d9e8381e3638666d2?s=96&d=mm&r=g\",\"contentUrl\":\"https:\/\/secure.gravatar.com\/avatar\/72069dfb6c13772d9e8381e3638666d2?s=96&d=mm&r=g\",\"caption\":\"EDITOR\"},\"url\":\"https:\/\/laprensacristiana.com\/?author=3\"}]}<\/script>\n<!-- \/ Yoast SEO plugin. -->","yoast_head_json":{"title":"Christine D\u00b4Clario canta himno nacional de EEUU en la Casa Blanca - La Prensa Cristiana","robots":{"index":"index","follow":"follow","max-snippet":"max-snippet:-1","max-image-preview":"max-image-preview:large","max-video-preview":"max-video-preview:-1"},"canonical":"https:\/\/laprensacristiana.com\/?p=7116","og_locale":"es_ES","og_type":"article","og_title":"Christine D\u00b4Clario canta himno nacional de EEUU en la Casa Blanca - La Prensa Cristiana","og_description":"Del 15 de septiembre al 15de octubre se festeja el Mes de la herencia hispana en Estados Unidos, esta celebraci\u00f3n reconoce el aporte de los latinos a la cultura, la econom\u00eda y la sociedad estadounidense. Se comienza el 15 de septiembre debido a que es un d\u00eda hist\u00f3ricamente significativo para cinco pa\u00edses latinoamericanos como: Honduras, [&hellip;]","og_url":"https:\/\/laprensacristiana.com\/?p=7116","og_site_name":"La Prensa Cristiana","article_published_time":"2019-10-01T00:46:50+00:00","article_modified_time":"2019-10-01T00:46:52+00:00","og_image":[{"width":720,"height":718,"url":"https:\/\/laprensacristiana.com\/wp-content\/uploads\/2019\/10\/WhatsApp-Image-2019-09-30-at-6.36.51-PM.jpeg","type":"image\/jpeg"}],"author":"EDITOR","twitter_card":"summary_large_image","twitter_misc":{"Escrito por":"EDITOR","Tiempo de lectura":"2 minutos"},"schema":{"@context":"https:\/\/schema.org","@graph":[{"@type":"WebPage","@id":"https:\/\/laprensacristiana.com\/?p=7116","url":"https:\/\/laprensacristiana.com\/?p=7116","name":"Christine D\u00b4Clario canta himno nacional de EEUU en la Casa Blanca - La Prensa Cristiana","isPartOf":{"@id":"https:\/\/laprensacristiana.com\/#website"},"datePublished":"2019-10-01T00:46:50+00:00","dateModified":"2019-10-01T00:46:52+00:00","author":{"@id":"https:\/\/laprensacristiana.com\/#\/schema\/person\/3e7d82c6bfd6b1fa67010f8f7cd5256e"},"breadcrumb":{"@id":"https:\/\/laprensacristiana.com\/?p=7116#breadcrumb"},"inLanguage":"es","potentialAction":[{"@type":"ReadAction","target":["https:\/\/laprensacristiana.com\/?p=7116"]}]},{"@type":"BreadcrumbList","@id":"https:\/\/laprensacristiana.com\/?p=7116#breadcrumb","itemListElement":[{"@type":"ListItem","position":1,"name":"Portada","item":"https:\/\/laprensacristiana.com\/"},{"@type":"ListItem","position":2,"name":"Christine D\u00b4Clario canta himno nacional de EEUU en la Casa Blanca"}]},{"@type":"WebSite","@id":"https:\/\/laprensacristiana.com\/#website","url":"https:\/\/laprensacristiana.com\/","name":"La Prensa Cristiana","description":"Anunciando Las Buenas Nuevas","potentialAction":[{"@type":"SearchAction","target":{"@type":"EntryPoint","urlTemplate":"https:\/\/laprensacristiana.com\/?s={search_term_string}"},"query-input":"required name=search_term_string"}],"inLanguage":"es"},{"@type":"Person","@id":"https:\/\/laprensacristiana.com\/#\/schema\/person\/3e7d82c6bfd6b1fa67010f8f7cd5256e","name":"EDITOR","image":{"@type":"ImageObject","inLanguage":"es","@id":"https:\/\/laprensacristiana.com\/#\/schema\/person\/image\/","url":"https:\/\/secure.gravatar.com\/avatar\/72069dfb6c13772d9e8381e3638666d2?s=96&d=mm&r=g","contentUrl":"https:\/\/secure.gravatar.com\/avatar\/72069dfb6c13772d9e8381e3638666d2?s=96&d=mm&r=g","caption":"EDITOR"},"url":"https:\/\/laprensacristiana.com\/?author=3"}]}},"_links":{"self":[{"href":"https:\/\/laprensacristiana.com\/index.php?rest_route=\/wp\/v2\/posts\/7116"}],"collection":[{"href":"https:\/\/laprensacristiana.com\/index.php?rest_route=\/wp\/v2\/posts"}],"about":[{"href":"https:\/\/laprensacristiana.com\/index.php?rest_route=\/wp\/v2\/types\/post"}],"author":[{"embeddable":true,"href":"https:\/\/laprensacristiana.com\/index.php?rest_route=\/wp\/v2\/users\/3"}],"replies":[{"embeddable":true,"href":"https:\/\/laprensacristiana.com\/index.php?rest_route=%2Fwp%2Fv2%2Fcomments&post=7116"}],"version-history":[{"count":1,"href":"https:\/\/laprensacristiana.com\/index.php?rest_route=\/wp\/v2\/posts\/7116\/revisions"}],"predecessor-version":[{"id":7119,"href":"https:\/\/laprensacristiana.com\/index.php?rest_route=\/wp\/v2\/posts\/7116\/revisions\/7119"}],"wp:featuredmedia":[{"embeddable":true,"href":"https:\/\/laprensacristiana.com\/index.php?rest_route=\/wp\/v2\/media\/7117"}],"wp:attachment":[{"href":"https:\/\/laprensacristiana.com\/index.php?rest_route=%2Fwp%2Fv2%2Fmedia&parent=7116"}],"wp:term":[{"taxonomy":"category","embeddable":true,"href":"https:\/\/laprensacristiana.com\/index.php?rest_route=%2Fwp%2Fv2%2Fcategories&post=7116"},{"taxonomy":"post_tag","embeddable":true,"href":"https:\/\/laprensacristiana.com\/index.php?rest_route=%2Fwp%2Fv2%2Ftags&post=7116"}],"curies":[{"name":"wp","href":"https:\/\/api.w.org\/{rel}","templated":true}]}}