{"id":7122,"date":"2019-10-01T19:17:49","date_gmt":"2019-10-01T19:17:49","guid":{"rendered":"https:\/\/laprensacristiana.com\/?p=7122"},"modified":"2019-10-02T05:38:14","modified_gmt":"2019-10-02T05:38:14","slug":"tabernaculo-de-ilopango-celebra-15-anos-en-la-abundancia-de-su-gracia","status":"publish","type":"post","link":"https:\/\/laprensacristiana.com\/?p=7122","title":{"rendered":"Tabern\u00e1culo de Ilopango celebra 15 a\u00f1os \u201cEn la abundancia de su gracia\u201d"},"content":{"rendered":"\n<p>El pasado lunes 30 de septiembre el Tabern\u00e1culo de Ilopango celebr\u00f3 su aniversario n\u00famero 15 titulado: \u201cEn la abundancia de su gracia\u201d, dicha celebraci\u00f3n fue realizada en el culto de d\u00eda lunes a las 7 pm. <\/p>\n\n\n\n<p>El Taber de Ilopango recibi\u00f3 desde las 5 pm a diferentes hermanos que no quer\u00edan perderse las actividades programadas para dicha celebraci\u00f3n, esperando con ansias el inicio del culto para gozarse y agradecer ante la presencia de Dios la bendici\u00f3n de poder celebrar el aniversario 15 de Zona de Bendici\u00f3n. <\/p>\n\n\n\n<figure class=\"wp-block-image\"><img decoding=\"async\" loading=\"lazy\" width=\"1024\" height=\"295\" src=\"https:\/\/laprensacristiana.com\/wp-content\/uploads\/2019\/10\/Tabern\u00e1culo-de-Ilopango-Aniversario-1-1024x295.jpg\" alt=\"\" class=\"wp-image-7123\" srcset=\"https:\/\/laprensacristiana.com\/wp-content\/uploads\/2019\/10\/Tabern\u00e1culo-de-Ilopango-Aniversario-1-1024x295.jpg 1024w, https:\/\/laprensacristiana.com\/wp-content\/uploads\/2019\/10\/Tabern\u00e1culo-de-Ilopango-Aniversario-1-600x173.jpg 600w, https:\/\/laprensacristiana.com\/wp-content\/uploads\/2019\/10\/Tabern\u00e1culo-de-Ilopango-Aniversario-1-300x86.jpg 300w, https:\/\/laprensacristiana.com\/wp-content\/uploads\/2019\/10\/Tabern\u00e1culo-de-Ilopango-Aniversario-1-768x221.jpg 768w, https:\/\/laprensacristiana.com\/wp-content\/uploads\/2019\/10\/Tabern\u00e1culo-de-Ilopango-Aniversario-1-696x200.jpg 696w, https:\/\/laprensacristiana.com\/wp-content\/uploads\/2019\/10\/Tabern\u00e1culo-de-Ilopango-Aniversario-1-1068x308.jpg 1068w, https:\/\/laprensacristiana.com\/wp-content\/uploads\/2019\/10\/Tabern\u00e1culo-de-Ilopango-Aniversario-1-1459x420.jpg 1459w, https:\/\/laprensacristiana.com\/wp-content\/uploads\/2019\/10\/Tabern\u00e1culo-de-Ilopango-Aniversario-1.jpg 1997w\" sizes=\"(max-width: 1024px) 100vw, 1024px\" \/><\/figure>\n\n\n\n<p>Las actividades realizadas fueron: Predicaci\u00f3n por Pastor Merlos, Pastor del Tabern\u00e1culo de Ilopango, Alabanza Especial por el Ministerio de Alabanza del Tabern\u00e1culo de Ilopango, entrega de deliciosos refrigerios: Tamales, Bebidas, Pastel, y la tradicional y esperada gran quema de p\u00f3lvora.<\/p>\n\n\n\n<figure class=\"wp-block-image\"><img decoding=\"async\" loading=\"lazy\" width=\"1024\" height=\"416\" src=\"https:\/\/laprensacristiana.com\/wp-content\/uploads\/2019\/10\/Tabern\u00e1culo-de-Ilopango-Aniversario-2-1024x416.jpg\" alt=\"\" class=\"wp-image-7124\" srcset=\"https:\/\/laprensacristiana.com\/wp-content\/uploads\/2019\/10\/Tabern\u00e1culo-de-Ilopango-Aniversario-2-1024x416.jpg 1024w, https:\/\/laprensacristiana.com\/wp-content\/uploads\/2019\/10\/Tabern\u00e1culo-de-Ilopango-Aniversario-2-600x244.jpg 600w, https:\/\/laprensacristiana.com\/wp-content\/uploads\/2019\/10\/Tabern\u00e1culo-de-Ilopango-Aniversario-2-300x122.jpg 300w, https:\/\/laprensacristiana.com\/wp-content\/uploads\/2019\/10\/Tabern\u00e1culo-de-Ilopango-Aniversario-2-768x312.jpg 768w, https:\/\/laprensacristiana.com\/wp-content\/uploads\/2019\/10\/Tabern\u00e1culo-de-Ilopango-Aniversario-2-696x283.jpg 696w, https:\/\/laprensacristiana.com\/wp-content\/uploads\/2019\/10\/Tabern\u00e1culo-de-Ilopango-Aniversario-2-1068x434.jpg 1068w, https:\/\/laprensacristiana.com\/wp-content\/uploads\/2019\/10\/Tabern\u00e1culo-de-Ilopango-Aniversario-2-1033x420.jpg 1033w, https:\/\/laprensacristiana.com\/wp-content\/uploads\/2019\/10\/Tabern\u00e1culo-de-Ilopango-Aniversario-2.jpg 1697w\" sizes=\"(max-width: 1024px) 100vw, 1024px\" \/><\/figure>\n\n\n\n<figure class=\"wp-block-image\"><img decoding=\"async\" loading=\"lazy\" width=\"1024\" height=\"328\" src=\"https:\/\/laprensacristiana.com\/wp-content\/uploads\/2019\/10\/Tabern\u00e1culo-de-Ilopango-Aniversario-3-1024x328.jpg\" alt=\"\" class=\"wp-image-7125\" srcset=\"https:\/\/laprensacristiana.com\/wp-content\/uploads\/2019\/10\/Tabern\u00e1culo-de-Ilopango-Aniversario-3-1024x328.jpg 1024w, https:\/\/laprensacristiana.com\/wp-content\/uploads\/2019\/10\/Tabern\u00e1culo-de-Ilopango-Aniversario-3-600x192.jpg 600w, https:\/\/laprensacristiana.com\/wp-content\/uploads\/2019\/10\/Tabern\u00e1culo-de-Ilopango-Aniversario-3-300x96.jpg 300w, https:\/\/laprensacristiana.com\/wp-content\/uploads\/2019\/10\/Tabern\u00e1culo-de-Ilopango-Aniversario-3-768x246.jpg 768w, https:\/\/laprensacristiana.com\/wp-content\/uploads\/2019\/10\/Tabern\u00e1culo-de-Ilopango-Aniversario-3-696x223.jpg 696w, https:\/\/laprensacristiana.com\/wp-content\/uploads\/2019\/10\/Tabern\u00e1culo-de-Ilopango-Aniversario-3-1068x342.jpg 1068w, https:\/\/laprensacristiana.com\/wp-content\/uploads\/2019\/10\/Tabern\u00e1culo-de-Ilopango-Aniversario-3-1312x420.jpg 1312w, https:\/\/laprensacristiana.com\/wp-content\/uploads\/2019\/10\/Tabern\u00e1culo-de-Ilopango-Aniversario-3.jpg 1721w\" sizes=\"(max-width: 1024px) 100vw, 1024px\" \/><\/figure>\n\n\n\n<p>A dicha actividad se hicieron presente un aproximado de 1,600 personas, entre ni\u00f1os, j\u00f3venes, adultos y adultos mayores quienes disfrutaron de las actividades propias de un aniversario totalmente diferente.<\/p>\n\n\n\n<figure class=\"wp-block-image\"><img decoding=\"async\" loading=\"lazy\" width=\"1024\" height=\"361\" src=\"https:\/\/laprensacristiana.com\/wp-content\/uploads\/2019\/10\/Tabern\u00e1culo-de-Ilopango-Aniversario-4-1024x361.jpg\" alt=\"\" class=\"wp-image-7127\" srcset=\"https:\/\/laprensacristiana.com\/wp-content\/uploads\/2019\/10\/Tabern\u00e1culo-de-Ilopango-Aniversario-4-1024x361.jpg 1024w, https:\/\/laprensacristiana.com\/wp-content\/uploads\/2019\/10\/Tabern\u00e1culo-de-Ilopango-Aniversario-4-600x212.jpg 600w, https:\/\/laprensacristiana.com\/wp-content\/uploads\/2019\/10\/Tabern\u00e1culo-de-Ilopango-Aniversario-4-300x106.jpg 300w, https:\/\/laprensacristiana.com\/wp-content\/uploads\/2019\/10\/Tabern\u00e1culo-de-Ilopango-Aniversario-4-768x271.jpg 768w, https:\/\/laprensacristiana.com\/wp-content\/uploads\/2019\/10\/Tabern\u00e1culo-de-Ilopango-Aniversario-4-696x246.jpg 696w, https:\/\/laprensacristiana.com\/wp-content\/uploads\/2019\/10\/Tabern\u00e1culo-de-Ilopango-Aniversario-4-1068x377.jpg 1068w, https:\/\/laprensacristiana.com\/wp-content\/uploads\/2019\/10\/Tabern\u00e1culo-de-Ilopango-Aniversario-4-1190x420.jpg 1190w, https:\/\/laprensacristiana.com\/wp-content\/uploads\/2019\/10\/Tabern\u00e1culo-de-Ilopango-Aniversario-4.jpg 1876w\" sizes=\"(max-width: 1024px) 100vw, 1024px\" \/><\/figure>\n\n\n\n<p>La gran fiesta de aniversario cerr\u00f3 con fotograf\u00edas de muchas familias a lado del Pastor Merlos y el Pastor Merlos Jr. Quienes decidieron plasmar en un recuerdo fotogr\u00e1fico la alegr\u00eda de toda la congregaci\u00f3n, servidores y pastores del Tabern\u00e1culo de Ilopango.<\/p>\n\n\n\n<figure class=\"wp-block-image\"><img decoding=\"async\" loading=\"lazy\" width=\"1024\" height=\"295\" src=\"https:\/\/laprensacristiana.com\/wp-content\/uploads\/2019\/10\/Tabern\u00e1culo-de-Ilopango-Aniversario-5-1024x295.jpg\" alt=\"\" class=\"wp-image-7131\" srcset=\"https:\/\/laprensacristiana.com\/wp-content\/uploads\/2019\/10\/Tabern\u00e1culo-de-Ilopango-Aniversario-5-1024x295.jpg 1024w, https:\/\/laprensacristiana.com\/wp-content\/uploads\/2019\/10\/Tabern\u00e1culo-de-Ilopango-Aniversario-5-600x173.jpg 600w, https:\/\/laprensacristiana.com\/wp-content\/uploads\/2019\/10\/Tabern\u00e1culo-de-Ilopango-Aniversario-5-300x87.jpg 300w, https:\/\/laprensacristiana.com\/wp-content\/uploads\/2019\/10\/Tabern\u00e1culo-de-Ilopango-Aniversario-5-768x222.jpg 768w, https:\/\/laprensacristiana.com\/wp-content\/uploads\/2019\/10\/Tabern\u00e1culo-de-Ilopango-Aniversario-5-696x201.jpg 696w, https:\/\/laprensacristiana.com\/wp-content\/uploads\/2019\/10\/Tabern\u00e1culo-de-Ilopango-Aniversario-5-1068x308.jpg 1068w, https:\/\/laprensacristiana.com\/wp-content\/uploads\/2019\/10\/Tabern\u00e1culo-de-Ilopango-Aniversario-5-1456x420.jpg 1456w, https:\/\/laprensacristiana.com\/wp-content\/uploads\/2019\/10\/Tabern\u00e1culo-de-Ilopango-Aniversario-5.jpg 1834w\" sizes=\"(max-width: 1024px) 100vw, 1024px\" \/><\/figure>\n","protected":false},"excerpt":{"rendered":"<p>El pasado lunes 30 de septiembre el Tabern\u00e1culo de Ilopango celebr\u00f3 su aniversario n\u00famero 15 titulado: \u201cEn la abundancia de su gracia\u201d, dicha celebraci\u00f3n fue realizada en el culto de d\u00eda lunes a las 7 pm. El Taber de Ilopango recibi\u00f3 desde las 5 pm a diferentes hermanos que no quer\u00edan perderse las actividades programadas [&hellip;]<\/p>\n","protected":false},"author":3,"featured_media":7132,"comment_status":"open","ping_status":"open","sticky":false,"template":"","format":"standard","meta":[],"categories":[56],"tags":[],"yoast_head":"<!-- This site is optimized with the Yoast SEO plugin v20.8 - https:\/\/yoast.com\/wordpress\/plugins\/seo\/ -->\n<title>Tabern\u00e1culo de Ilopango celebra 15 a\u00f1os \u201cEn la abundancia de su gracia\u201d - La Prensa Cristiana<\/title>\n<meta name=\"robots\" content=\"index, follow, max-snippet:-1, max-image-preview:large, max-video-preview:-1\" \/>\n<link rel=\"canonical\" href=\"https:\/\/laprensacristiana.com\/?p=7122\" \/>\n<meta property=\"og:locale\" content=\"es_ES\" \/>\n<meta property=\"og:type\" content=\"article\" \/>\n<meta property=\"og:title\" content=\"Tabern\u00e1culo de Ilopango celebra 15 a\u00f1os \u201cEn la abundancia de su gracia\u201d - La Prensa Cristiana\" \/>\n<meta property=\"og:description\" content=\"El pasado lunes 30 de septiembre el Tabern\u00e1culo de Ilopango celebr\u00f3 su aniversario n\u00famero 15 titulado: \u201cEn la abundancia de su gracia\u201d, dicha celebraci\u00f3n fue realizada en el culto de d\u00eda lunes a las 7 pm. El Taber de Ilopango recibi\u00f3 desde las 5 pm a diferentes hermanos que no quer\u00edan perderse las actividades programadas [&hellip;]\" \/>\n<meta property=\"og:url\" content=\"https:\/\/laprensacristiana.com\/?p=7122\" \/>\n<meta property=\"og:site_name\" content=\"La Prensa Cristiana\" \/>\n<meta property=\"article:published_time\" content=\"2019-10-01T19:17:49+00:00\" \/>\n<meta property=\"article:modified_time\" content=\"2019-10-02T05:38:14+00:00\" \/>\n<meta property=\"og:image\" content=\"https:\/\/laprensacristiana.com\/wp-content\/uploads\/2019\/10\/WhatsApp-Image-2019-10-01-at-12.43.38-PM.jpeg\" \/>\n\t<meta property=\"og:image:width\" content=\"720\" \/>\n\t<meta property=\"og:image:height\" content=\"480\" \/>\n\t<meta property=\"og:image:type\" content=\"image\/jpeg\" \/>\n<meta name=\"author\" content=\"EDITOR\" \/>\n<meta name=\"twitter:card\" content=\"summary_large_image\" \/>\n<meta name=\"twitter:label1\" content=\"Escrito por\" \/>\n\t<meta name=\"twitter:data1\" content=\"EDITOR\" \/>\n\t<meta name=\"twitter:label2\" content=\"Tiempo de lectura\" \/>\n\t<meta name=\"twitter:data2\" content=\"1 minuto\" \/>\n<script type=\"application\/ld+json\" class=\"yoast-schema-graph\">{\"@context\":\"https:\/\/schema.org\",\"@graph\":[{\"@type\":\"WebPage\",\"@id\":\"https:\/\/laprensacristiana.com\/?p=7122\",\"url\":\"https:\/\/laprensacristiana.com\/?p=7122\",\"name\":\"Tabern\u00e1culo de Ilopango celebra 15 a\u00f1os \u201cEn la abundancia de su gracia\u201d - La Prensa Cristiana\",\"isPartOf\":{\"@id\":\"https:\/\/laprensacristiana.com\/#website\"},\"datePublished\":\"2019-10-01T19:17:49+00:00\",\"dateModified\":\"2019-10-02T05:38:14+00:00\",\"author\":{\"@id\":\"https:\/\/laprensacristiana.com\/#\/schema\/person\/3e7d82c6bfd6b1fa67010f8f7cd5256e\"},\"breadcrumb\":{\"@id\":\"https:\/\/laprensacristiana.com\/?p=7122#breadcrumb\"},\"inLanguage\":\"es\",\"potentialAction\":[{\"@type\":\"ReadAction\",\"target\":[\"https:\/\/laprensacristiana.com\/?p=7122\"]}]},{\"@type\":\"BreadcrumbList\",\"@id\":\"https:\/\/laprensacristiana.com\/?p=7122#breadcrumb\",\"itemListElement\":[{\"@type\":\"ListItem\",\"position\":1,\"name\":\"Portada\",\"item\":\"https:\/\/laprensacristiana.com\/\"},{\"@type\":\"ListItem\",\"position\":2,\"name\":\"Tabern\u00e1culo de Ilopango celebra 15 a\u00f1os \u201cEn la abundancia de su gracia\u201d\"}]},{\"@type\":\"WebSite\",\"@id\":\"https:\/\/laprensacristiana.com\/#website\",\"url\":\"https:\/\/laprensacristiana.com\/\",\"name\":\"La Prensa Cristiana\",\"description\":\"Anunciando Las Buenas Nuevas\",\"potentialAction\":[{\"@type\":\"SearchAction\",\"target\":{\"@type\":\"EntryPoint\",\"urlTemplate\":\"https:\/\/laprensacristiana.com\/?s={search_term_string}\"},\"query-input\":\"required name=search_term_string\"}],\"inLanguage\":\"es\"},{\"@type\":\"Person\",\"@id\":\"https:\/\/laprensacristiana.com\/#\/schema\/person\/3e7d82c6bfd6b1fa67010f8f7cd5256e\",\"name\":\"EDITOR\",\"image\":{\"@type\":\"ImageObject\",\"inLanguage\":\"es\",\"@id\":\"https:\/\/laprensacristiana.com\/#\/schema\/person\/image\/\",\"url\":\"https:\/\/secure.gravatar.com\/avatar\/72069dfb6c13772d9e8381e3638666d2?s=96&d=mm&r=g\",\"contentUrl\":\"https:\/\/secure.gravatar.com\/avatar\/72069dfb6c13772d9e8381e3638666d2?s=96&d=mm&r=g\",\"caption\":\"EDITOR\"},\"url\":\"https:\/\/laprensacristiana.com\/?author=3\"}]}<\/script>\n<!-- \/ Yoast SEO plugin. -->","yoast_head_json":{"title":"Tabern\u00e1culo de Ilopango celebra 15 a\u00f1os \u201cEn la abundancia de su gracia\u201d - La Prensa Cristiana","robots":{"index":"index","follow":"follow","max-snippet":"max-snippet:-1","max-image-preview":"max-image-preview:large","max-video-preview":"max-video-preview:-1"},"canonical":"https:\/\/laprensacristiana.com\/?p=7122","og_locale":"es_ES","og_type":"article","og_title":"Tabern\u00e1culo de Ilopango celebra 15 a\u00f1os \u201cEn la abundancia de su gracia\u201d - La Prensa Cristiana","og_description":"El pasado lunes 30 de septiembre el Tabern\u00e1culo de Ilopango celebr\u00f3 su aniversario n\u00famero 15 titulado: \u201cEn la abundancia de su gracia\u201d, dicha celebraci\u00f3n fue realizada en el culto de d\u00eda lunes a las 7 pm. El Taber de Ilopango recibi\u00f3 desde las 5 pm a diferentes hermanos que no quer\u00edan perderse las actividades programadas [&hellip;]","og_url":"https:\/\/laprensacristiana.com\/?p=7122","og_site_name":"La Prensa Cristiana","article_published_time":"2019-10-01T19:17:49+00:00","article_modified_time":"2019-10-02T05:38:14+00:00","og_image":[{"width":720,"height":480,"url":"https:\/\/laprensacristiana.com\/wp-content\/uploads\/2019\/10\/WhatsApp-Image-2019-10-01-at-12.43.38-PM.jpeg","type":"image\/jpeg"}],"author":"EDITOR","twitter_card":"summary_large_image","twitter_misc":{"Escrito por":"EDITOR","Tiempo de lectura":"1 minuto"},"schema":{"@context":"https:\/\/schema.org","@graph":[{"@type":"WebPage","@id":"https:\/\/laprensacristiana.com\/?p=7122","url":"https:\/\/laprensacristiana.com\/?p=7122","name":"Tabern\u00e1culo de Ilopango celebra 15 a\u00f1os \u201cEn la abundancia de su gracia\u201d - La Prensa Cristiana","isPartOf":{"@id":"https:\/\/laprensacristiana.com\/#website"},"datePublished":"2019-10-01T19:17:49+00:00","dateModified":"2019-10-02T05:38:14+00:00","author":{"@id":"https:\/\/laprensacristiana.com\/#\/schema\/person\/3e7d82c6bfd6b1fa67010f8f7cd5256e"},"breadcrumb":{"@id":"https:\/\/laprensacristiana.com\/?p=7122#breadcrumb"},"inLanguage":"es","potentialAction":[{"@type":"ReadAction","target":["https:\/\/laprensacristiana.com\/?p=7122"]}]},{"@type":"BreadcrumbList","@id":"https:\/\/laprensacristiana.com\/?p=7122#breadcrumb","itemListElement":[{"@type":"ListItem","position":1,"name":"Portada","item":"https:\/\/laprensacristiana.com\/"},{"@type":"ListItem","position":2,"name":"Tabern\u00e1culo de Ilopango celebra 15 a\u00f1os \u201cEn la abundancia de su gracia\u201d"}]},{"@type":"WebSite","@id":"https:\/\/laprensacristiana.com\/#website","url":"https:\/\/laprensacristiana.com\/","name":"La Prensa Cristiana","description":"Anunciando Las Buenas Nuevas","potentialAction":[{"@type":"SearchAction","target":{"@type":"EntryPoint","urlTemplate":"https:\/\/laprensacristiana.com\/?s={search_term_string}"},"query-input":"required name=search_term_string"}],"inLanguage":"es"},{"@type":"Person","@id":"https:\/\/laprensacristiana.com\/#\/schema\/person\/3e7d82c6bfd6b1fa67010f8f7cd5256e","name":"EDITOR","image":{"@type":"ImageObject","inLanguage":"es","@id":"https:\/\/laprensacristiana.com\/#\/schema\/person\/image\/","url":"https:\/\/secure.gravatar.com\/avatar\/72069dfb6c13772d9e8381e3638666d2?s=96&d=mm&r=g","contentUrl":"https:\/\/secure.gravatar.com\/avatar\/72069dfb6c13772d9e8381e3638666d2?s=96&d=mm&r=g","caption":"EDITOR"},"url":"https:\/\/laprensacristiana.com\/?author=3"}]}},"_links":{"self":[{"href":"https:\/\/laprensacristiana.com\/index.php?rest_route=\/wp\/v2\/posts\/7122"}],"collection":[{"href":"https:\/\/laprensacristiana.com\/index.php?rest_route=\/wp\/v2\/posts"}],"about":[{"href":"https:\/\/laprensacristiana.com\/index.php?rest_route=\/wp\/v2\/types\/post"}],"author":[{"embeddable":true,"href":"https:\/\/laprensacristiana.com\/index.php?rest_route=\/wp\/v2\/users\/3"}],"replies":[{"embeddable":true,"href":"https:\/\/laprensacristiana.com\/index.php?rest_route=%2Fwp%2Fv2%2Fcomments&post=7122"}],"version-history":[{"count":2,"href":"https:\/\/laprensacristiana.com\/index.php?rest_route=\/wp\/v2\/posts\/7122\/revisions"}],"predecessor-version":[{"id":7136,"href":"https:\/\/laprensacristiana.com\/index.php?rest_route=\/wp\/v2\/posts\/7122\/revisions\/7136"}],"wp:featuredmedia":[{"embeddable":true,"href":"https:\/\/laprensacristiana.com\/index.php?rest_route=\/wp\/v2\/media\/7132"}],"wp:attachment":[{"href":"https:\/\/laprensacristiana.com\/index.php?rest_route=%2Fwp%2Fv2%2Fmedia&parent=7122"}],"wp:term":[{"taxonomy":"category","embeddable":true,"href":"https:\/\/laprensacristiana.com\/index.php?rest_route=%2Fwp%2Fv2%2Fcategories&post=7122"},{"taxonomy":"post_tag","embeddable":true,"href":"https:\/\/laprensacristiana.com\/index.php?rest_route=%2Fwp%2Fv2%2Ftags&post=7122"}],"curies":[{"name":"wp","href":"https:\/\/api.w.org\/{rel}","templated":true}]}}