{"id":7148,"date":"2019-10-03T17:04:56","date_gmt":"2019-10-03T17:04:56","guid":{"rendered":"https:\/\/laprensacristiana.com\/?p=7148"},"modified":"2019-10-03T17:11:36","modified_gmt":"2019-10-03T17:11:36","slug":"el-salvador-pais-de-buen-trato","status":"publish","type":"post","link":"https:\/\/laprensacristiana.com\/?p=7148","title":{"rendered":"El Salvador pa\u00eds de Buen-Trato"},"content":{"rendered":"\n<p>Durante los d\u00edas 26, 27 y 28 del pasado mes de septiembre se\nrealiz\u00f3 la campa\u00f1a de sensibilizaci\u00f3n contra la trata de personas y explotaci\u00f3n\nsexual infantil espec\u00edficamente.<\/p>\n\n\n\n<p>La campa\u00f1a consisti\u00f3 en capacitar a un grupo de 30 j\u00f3venes en la tem\u00e1tica para conocer la realidad de El Salvador en cuanto a este fen\u00f3meno poco conocido pero con altas estad\u00edsticas. Como parte de la misma, los j\u00f3venes capacitados realizaron una intervenci\u00f3n p\u00fablica en el centro hist\u00f3rico de San Salvador para entregar folletos informativos, stickers posters as\u00ed como tambi\u00e9n informar a las personas sobre qu\u00e9 hacer en situaciones de casos de trata, y los n\u00fameros h\u00e1biles para\u00a0 denunciar, pero tambi\u00e9n promover los derechos de los ni\u00f1os, ni\u00f1as y adolescentes, logrando un aproximado de 1500 personas informadas y sensibilizadas. <\/p>\n\n\n\n<ul class=\"wp-block-gallery columns-2 is-cropped wp-block-gallery-1 is-layout-flex\"><li class=\"blocks-gallery-item\"><figure><img decoding=\"async\" loading=\"lazy\" width=\"1024\" height=\"768\" src=\"https:\/\/laprensacristiana.com\/wp-content\/uploads\/2019\/10\/WhatsApp-Image-2019-10-02-at-8.12.15-PM-1024x768.jpeg\" alt=\"\" data-id=\"7150\" data-link=\"https:\/\/laprensacristiana.com\/?attachment_id=7150\" class=\"wp-image-7150\" srcset=\"https:\/\/laprensacristiana.com\/wp-content\/uploads\/2019\/10\/WhatsApp-Image-2019-10-02-at-8.12.15-PM-1024x768.jpeg 1024w, https:\/\/laprensacristiana.com\/wp-content\/uploads\/2019\/10\/WhatsApp-Image-2019-10-02-at-8.12.15-PM-600x450.jpeg 600w, https:\/\/laprensacristiana.com\/wp-content\/uploads\/2019\/10\/WhatsApp-Image-2019-10-02-at-8.12.15-PM-300x225.jpeg 300w, https:\/\/laprensacristiana.com\/wp-content\/uploads\/2019\/10\/WhatsApp-Image-2019-10-02-at-8.12.15-PM-768x576.jpeg 768w, https:\/\/laprensacristiana.com\/wp-content\/uploads\/2019\/10\/WhatsApp-Image-2019-10-02-at-8.12.15-PM-80x60.jpeg 80w, https:\/\/laprensacristiana.com\/wp-content\/uploads\/2019\/10\/WhatsApp-Image-2019-10-02-at-8.12.15-PM-265x198.jpeg 265w, https:\/\/laprensacristiana.com\/wp-content\/uploads\/2019\/10\/WhatsApp-Image-2019-10-02-at-8.12.15-PM-696x522.jpeg 696w, https:\/\/laprensacristiana.com\/wp-content\/uploads\/2019\/10\/WhatsApp-Image-2019-10-02-at-8.12.15-PM-1068x801.jpeg 1068w, https:\/\/laprensacristiana.com\/wp-content\/uploads\/2019\/10\/WhatsApp-Image-2019-10-02-at-8.12.15-PM-560x420.jpeg 560w, https:\/\/laprensacristiana.com\/wp-content\/uploads\/2019\/10\/WhatsApp-Image-2019-10-02-at-8.12.15-PM.jpeg 1280w\" sizes=\"(max-width: 1024px) 100vw, 1024px\" \/><\/figure><\/li><li class=\"blocks-gallery-item\"><figure><img decoding=\"async\" loading=\"lazy\" width=\"768\" height=\"1024\" src=\"https:\/\/laprensacristiana.com\/wp-content\/uploads\/2019\/10\/WhatsApp-Image-2019-10-02-at-8.12.17-PM-1-768x1024.jpeg\" alt=\"\" data-id=\"7155\" data-link=\"https:\/\/laprensacristiana.com\/?attachment_id=7155\" class=\"wp-image-7155\" srcset=\"https:\/\/laprensacristiana.com\/wp-content\/uploads\/2019\/10\/WhatsApp-Image-2019-10-02-at-8.12.17-PM-1-768x1024.jpeg 768w, https:\/\/laprensacristiana.com\/wp-content\/uploads\/2019\/10\/WhatsApp-Image-2019-10-02-at-8.12.17-PM-1-600x800.jpeg 600w, https:\/\/laprensacristiana.com\/wp-content\/uploads\/2019\/10\/WhatsApp-Image-2019-10-02-at-8.12.17-PM-1-225x300.jpeg 225w, https:\/\/laprensacristiana.com\/wp-content\/uploads\/2019\/10\/WhatsApp-Image-2019-10-02-at-8.12.17-PM-1-696x928.jpeg 696w, https:\/\/laprensacristiana.com\/wp-content\/uploads\/2019\/10\/WhatsApp-Image-2019-10-02-at-8.12.17-PM-1-315x420.jpeg 315w, https:\/\/laprensacristiana.com\/wp-content\/uploads\/2019\/10\/WhatsApp-Image-2019-10-02-at-8.12.17-PM-1.jpeg 960w\" sizes=\"(max-width: 768px) 100vw, 768px\" \/><\/figure><\/li><\/ul>\n\n\n\n<p>El Salvador pa\u00eds de Buen-Trato es el inicio de un proceso de\nsensibilizaci\u00f3n contra la trata de personas y explotaci\u00f3n sexual infantil\niniciado por j\u00f3venes, organizaciones, iglesias y comunidades organizado por\nAsociaci\u00f3n Semillas de Nueva Creaci\u00f3n, la Uni\u00f3n B\u00edblica de El Salvador y Claves\n(Uruguay) para sensibilizar a la poblaci\u00f3n&nbsp;\ny promover el Buen-Trato.<\/p>\n\n\n\n<p>Entre las pr\u00f3ximas tareas a realizar est\u00e1 involucrar a m\u00e1s organizaciones e instituciones de incidencia p\u00fablica as\u00ed como la filmaci\u00f3n y grabaci\u00f3n de un video clip con una canci\u00f3n creada por los mismos j\u00f3venes para promover la prevenci\u00f3n del fen\u00f3meno ya mencionado y realizar m\u00e1s intervenciones en distintos puntos del pa\u00eds.<\/p>\n\n\n\n<ul class=\"wp-block-gallery columns-1 is-cropped wp-block-gallery-3 is-layout-flex\"><li class=\"blocks-gallery-item\"><figure><img decoding=\"async\" loading=\"lazy\" width=\"682\" height=\"1024\" src=\"https:\/\/laprensacristiana.com\/wp-content\/uploads\/2019\/10\/WhatsApp-Image-2019-10-02-at-8.12.13-PM-682x1024.jpeg\" alt=\"\" data-id=\"7153\" data-link=\"https:\/\/laprensacristiana.com\/?attachment_id=7153\" class=\"wp-image-7153\" srcset=\"https:\/\/laprensacristiana.com\/wp-content\/uploads\/2019\/10\/WhatsApp-Image-2019-10-02-at-8.12.13-PM-682x1024.jpeg 682w, https:\/\/laprensacristiana.com\/wp-content\/uploads\/2019\/10\/WhatsApp-Image-2019-10-02-at-8.12.13-PM-600x900.jpeg 600w, https:\/\/laprensacristiana.com\/wp-content\/uploads\/2019\/10\/WhatsApp-Image-2019-10-02-at-8.12.13-PM-200x300.jpeg 200w, https:\/\/laprensacristiana.com\/wp-content\/uploads\/2019\/10\/WhatsApp-Image-2019-10-02-at-8.12.13-PM-768x1152.jpeg 768w, https:\/\/laprensacristiana.com\/wp-content\/uploads\/2019\/10\/WhatsApp-Image-2019-10-02-at-8.12.13-PM-696x1044.jpeg 696w, https:\/\/laprensacristiana.com\/wp-content\/uploads\/2019\/10\/WhatsApp-Image-2019-10-02-at-8.12.13-PM-280x420.jpeg 280w, https:\/\/laprensacristiana.com\/wp-content\/uploads\/2019\/10\/WhatsApp-Image-2019-10-02-at-8.12.13-PM.jpeg 853w\" sizes=\"(max-width: 682px) 100vw, 682px\" \/><\/figure><\/li><\/ul>\n\n\n\n<ul class=\"wp-block-gallery columns-1 is-cropped wp-block-gallery-5 is-layout-flex\"><li class=\"blocks-gallery-item\"><figure><img decoding=\"async\" loading=\"lazy\" width=\"1024\" height=\"768\" src=\"https:\/\/laprensacristiana.com\/wp-content\/uploads\/2019\/10\/WhatsApp-Image-2019-10-02-at-8.12.14-PM-2-1024x768.jpeg\" alt=\"\" data-id=\"7157\" data-link=\"https:\/\/laprensacristiana.com\/?attachment_id=7157\" class=\"wp-image-7157\" srcset=\"https:\/\/laprensacristiana.com\/wp-content\/uploads\/2019\/10\/WhatsApp-Image-2019-10-02-at-8.12.14-PM-2-1024x768.jpeg 1024w, https:\/\/laprensacristiana.com\/wp-content\/uploads\/2019\/10\/WhatsApp-Image-2019-10-02-at-8.12.14-PM-2-600x450.jpeg 600w, https:\/\/laprensacristiana.com\/wp-content\/uploads\/2019\/10\/WhatsApp-Image-2019-10-02-at-8.12.14-PM-2-300x225.jpeg 300w, https:\/\/laprensacristiana.com\/wp-content\/uploads\/2019\/10\/WhatsApp-Image-2019-10-02-at-8.12.14-PM-2-768x576.jpeg 768w, https:\/\/laprensacristiana.com\/wp-content\/uploads\/2019\/10\/WhatsApp-Image-2019-10-02-at-8.12.14-PM-2-80x60.jpeg 80w, https:\/\/laprensacristiana.com\/wp-content\/uploads\/2019\/10\/WhatsApp-Image-2019-10-02-at-8.12.14-PM-2-265x198.jpeg 265w, https:\/\/laprensacristiana.com\/wp-content\/uploads\/2019\/10\/WhatsApp-Image-2019-10-02-at-8.12.14-PM-2-696x522.jpeg 696w, https:\/\/laprensacristiana.com\/wp-content\/uploads\/2019\/10\/WhatsApp-Image-2019-10-02-at-8.12.14-PM-2-1068x801.jpeg 1068w, https:\/\/laprensacristiana.com\/wp-content\/uploads\/2019\/10\/WhatsApp-Image-2019-10-02-at-8.12.14-PM-2-560x420.jpeg 560w, https:\/\/laprensacristiana.com\/wp-content\/uploads\/2019\/10\/WhatsApp-Image-2019-10-02-at-8.12.14-PM-2.jpeg 1280w\" sizes=\"(max-width: 1024px) 100vw, 1024px\" \/><\/figure><\/li><\/ul>\n","protected":false},"excerpt":{"rendered":"<p>Durante los d\u00edas 26, 27 y 28 del pasado mes de septiembre se realiz\u00f3 la campa\u00f1a de sensibilizaci\u00f3n contra la trata de personas y explotaci\u00f3n sexual infantil espec\u00edficamente. La campa\u00f1a consisti\u00f3 en capacitar a un grupo de 30 j\u00f3venes en la tem\u00e1tica para conocer la realidad de El Salvador en cuanto a este fen\u00f3meno poco [&hellip;]<\/p>\n","protected":false},"author":3,"featured_media":7149,"comment_status":"open","ping_status":"open","sticky":false,"template":"","format":"standard","meta":[],"categories":[56],"tags":[],"yoast_head":"<!-- This site is optimized with the Yoast SEO plugin v20.8 - https:\/\/yoast.com\/wordpress\/plugins\/seo\/ -->\n<title>El Salvador pa\u00eds de Buen-Trato - La Prensa Cristiana<\/title>\n<meta name=\"robots\" content=\"index, follow, max-snippet:-1, max-image-preview:large, max-video-preview:-1\" \/>\n<link rel=\"canonical\" href=\"https:\/\/laprensacristiana.com\/?p=7148\" \/>\n<meta property=\"og:locale\" content=\"es_ES\" \/>\n<meta property=\"og:type\" content=\"article\" \/>\n<meta property=\"og:title\" content=\"El Salvador pa\u00eds de Buen-Trato - La Prensa Cristiana\" \/>\n<meta property=\"og:description\" content=\"Durante los d\u00edas 26, 27 y 28 del pasado mes de septiembre se realiz\u00f3 la campa\u00f1a de sensibilizaci\u00f3n contra la trata de personas y explotaci\u00f3n sexual infantil espec\u00edficamente. La campa\u00f1a consisti\u00f3 en capacitar a un grupo de 30 j\u00f3venes en la tem\u00e1tica para conocer la realidad de El Salvador en cuanto a este fen\u00f3meno poco [&hellip;]\" \/>\n<meta property=\"og:url\" content=\"https:\/\/laprensacristiana.com\/?p=7148\" \/>\n<meta property=\"og:site_name\" content=\"La Prensa Cristiana\" \/>\n<meta property=\"article:published_time\" content=\"2019-10-03T17:04:56+00:00\" \/>\n<meta property=\"article:modified_time\" content=\"2019-10-03T17:11:36+00:00\" \/>\n<meta property=\"og:image\" content=\"https:\/\/laprensacristiana.com\/wp-content\/uploads\/2019\/10\/WhatsApp-Image-2019-10-02-at-8.12.11-PM.jpeg\" \/>\n\t<meta property=\"og:image:width\" content=\"1040\" \/>\n\t<meta property=\"og:image:height\" content=\"780\" \/>\n\t<meta property=\"og:image:type\" content=\"image\/jpeg\" \/>\n<meta name=\"author\" content=\"EDITOR\" \/>\n<meta name=\"twitter:card\" content=\"summary_large_image\" \/>\n<meta name=\"twitter:label1\" content=\"Escrito por\" \/>\n\t<meta name=\"twitter:data1\" content=\"EDITOR\" \/>\n\t<meta name=\"twitter:label2\" content=\"Tiempo de lectura\" \/>\n\t<meta name=\"twitter:data2\" content=\"1 minuto\" \/>\n<script type=\"application\/ld+json\" class=\"yoast-schema-graph\">{\"@context\":\"https:\/\/schema.org\",\"@graph\":[{\"@type\":\"WebPage\",\"@id\":\"https:\/\/laprensacristiana.com\/?p=7148\",\"url\":\"https:\/\/laprensacristiana.com\/?p=7148\",\"name\":\"El Salvador pa\u00eds de Buen-Trato - La Prensa Cristiana\",\"isPartOf\":{\"@id\":\"https:\/\/laprensacristiana.com\/#website\"},\"datePublished\":\"2019-10-03T17:04:56+00:00\",\"dateModified\":\"2019-10-03T17:11:36+00:00\",\"author\":{\"@id\":\"https:\/\/laprensacristiana.com\/#\/schema\/person\/3e7d82c6bfd6b1fa67010f8f7cd5256e\"},\"breadcrumb\":{\"@id\":\"https:\/\/laprensacristiana.com\/?p=7148#breadcrumb\"},\"inLanguage\":\"es\",\"potentialAction\":[{\"@type\":\"ReadAction\",\"target\":[\"https:\/\/laprensacristiana.com\/?p=7148\"]}]},{\"@type\":\"BreadcrumbList\",\"@id\":\"https:\/\/laprensacristiana.com\/?p=7148#breadcrumb\",\"itemListElement\":[{\"@type\":\"ListItem\",\"position\":1,\"name\":\"Portada\",\"item\":\"https:\/\/laprensacristiana.com\/\"},{\"@type\":\"ListItem\",\"position\":2,\"name\":\"El Salvador pa\u00eds de Buen-Trato\"}]},{\"@type\":\"WebSite\",\"@id\":\"https:\/\/laprensacristiana.com\/#website\",\"url\":\"https:\/\/laprensacristiana.com\/\",\"name\":\"La Prensa Cristiana\",\"description\":\"Anunciando Las Buenas Nuevas\",\"potentialAction\":[{\"@type\":\"SearchAction\",\"target\":{\"@type\":\"EntryPoint\",\"urlTemplate\":\"https:\/\/laprensacristiana.com\/?s={search_term_string}\"},\"query-input\":\"required name=search_term_string\"}],\"inLanguage\":\"es\"},{\"@type\":\"Person\",\"@id\":\"https:\/\/laprensacristiana.com\/#\/schema\/person\/3e7d82c6bfd6b1fa67010f8f7cd5256e\",\"name\":\"EDITOR\",\"image\":{\"@type\":\"ImageObject\",\"inLanguage\":\"es\",\"@id\":\"https:\/\/laprensacristiana.com\/#\/schema\/person\/image\/\",\"url\":\"https:\/\/secure.gravatar.com\/avatar\/72069dfb6c13772d9e8381e3638666d2?s=96&d=mm&r=g\",\"contentUrl\":\"https:\/\/secure.gravatar.com\/avatar\/72069dfb6c13772d9e8381e3638666d2?s=96&d=mm&r=g\",\"caption\":\"EDITOR\"},\"url\":\"https:\/\/laprensacristiana.com\/?author=3\"}]}<\/script>\n<!-- \/ Yoast SEO plugin. -->","yoast_head_json":{"title":"El Salvador pa\u00eds de Buen-Trato - La Prensa Cristiana","robots":{"index":"index","follow":"follow","max-snippet":"max-snippet:-1","max-image-preview":"max-image-preview:large","max-video-preview":"max-video-preview:-1"},"canonical":"https:\/\/laprensacristiana.com\/?p=7148","og_locale":"es_ES","og_type":"article","og_title":"El Salvador pa\u00eds de Buen-Trato - La Prensa Cristiana","og_description":"Durante los d\u00edas 26, 27 y 28 del pasado mes de septiembre se realiz\u00f3 la campa\u00f1a de sensibilizaci\u00f3n contra la trata de personas y explotaci\u00f3n sexual infantil espec\u00edficamente. La campa\u00f1a consisti\u00f3 en capacitar a un grupo de 30 j\u00f3venes en la tem\u00e1tica para conocer la realidad de El Salvador en cuanto a este fen\u00f3meno poco [&hellip;]","og_url":"https:\/\/laprensacristiana.com\/?p=7148","og_site_name":"La Prensa Cristiana","article_published_time":"2019-10-03T17:04:56+00:00","article_modified_time":"2019-10-03T17:11:36+00:00","og_image":[{"width":1040,"height":780,"url":"https:\/\/laprensacristiana.com\/wp-content\/uploads\/2019\/10\/WhatsApp-Image-2019-10-02-at-8.12.11-PM.jpeg","type":"image\/jpeg"}],"author":"EDITOR","twitter_card":"summary_large_image","twitter_misc":{"Escrito por":"EDITOR","Tiempo de lectura":"1 minuto"},"schema":{"@context":"https:\/\/schema.org","@graph":[{"@type":"WebPage","@id":"https:\/\/laprensacristiana.com\/?p=7148","url":"https:\/\/laprensacristiana.com\/?p=7148","name":"El Salvador pa\u00eds de Buen-Trato - La Prensa Cristiana","isPartOf":{"@id":"https:\/\/laprensacristiana.com\/#website"},"datePublished":"2019-10-03T17:04:56+00:00","dateModified":"2019-10-03T17:11:36+00:00","author":{"@id":"https:\/\/laprensacristiana.com\/#\/schema\/person\/3e7d82c6bfd6b1fa67010f8f7cd5256e"},"breadcrumb":{"@id":"https:\/\/laprensacristiana.com\/?p=7148#breadcrumb"},"inLanguage":"es","potentialAction":[{"@type":"ReadAction","target":["https:\/\/laprensacristiana.com\/?p=7148"]}]},{"@type":"BreadcrumbList","@id":"https:\/\/laprensacristiana.com\/?p=7148#breadcrumb","itemListElement":[{"@type":"ListItem","position":1,"name":"Portada","item":"https:\/\/laprensacristiana.com\/"},{"@type":"ListItem","position":2,"name":"El Salvador pa\u00eds de Buen-Trato"}]},{"@type":"WebSite","@id":"https:\/\/laprensacristiana.com\/#website","url":"https:\/\/laprensacristiana.com\/","name":"La Prensa Cristiana","description":"Anunciando Las Buenas Nuevas","potentialAction":[{"@type":"SearchAction","target":{"@type":"EntryPoint","urlTemplate":"https:\/\/laprensacristiana.com\/?s={search_term_string}"},"query-input":"required name=search_term_string"}],"inLanguage":"es"},{"@type":"Person","@id":"https:\/\/laprensacristiana.com\/#\/schema\/person\/3e7d82c6bfd6b1fa67010f8f7cd5256e","name":"EDITOR","image":{"@type":"ImageObject","inLanguage":"es","@id":"https:\/\/laprensacristiana.com\/#\/schema\/person\/image\/","url":"https:\/\/secure.gravatar.com\/avatar\/72069dfb6c13772d9e8381e3638666d2?s=96&d=mm&r=g","contentUrl":"https:\/\/secure.gravatar.com\/avatar\/72069dfb6c13772d9e8381e3638666d2?s=96&d=mm&r=g","caption":"EDITOR"},"url":"https:\/\/laprensacristiana.com\/?author=3"}]}},"_links":{"self":[{"href":"https:\/\/laprensacristiana.com\/index.php?rest_route=\/wp\/v2\/posts\/7148"}],"collection":[{"href":"https:\/\/laprensacristiana.com\/index.php?rest_route=\/wp\/v2\/posts"}],"about":[{"href":"https:\/\/laprensacristiana.com\/index.php?rest_route=\/wp\/v2\/types\/post"}],"author":[{"embeddable":true,"href":"https:\/\/laprensacristiana.com\/index.php?rest_route=\/wp\/v2\/users\/3"}],"replies":[{"embeddable":true,"href":"https:\/\/laprensacristiana.com\/index.php?rest_route=%2Fwp%2Fv2%2Fcomments&post=7148"}],"version-history":[{"count":2,"href":"https:\/\/laprensacristiana.com\/index.php?rest_route=\/wp\/v2\/posts\/7148\/revisions"}],"predecessor-version":[{"id":7158,"href":"https:\/\/laprensacristiana.com\/index.php?rest_route=\/wp\/v2\/posts\/7148\/revisions\/7158"}],"wp:featuredmedia":[{"embeddable":true,"href":"https:\/\/laprensacristiana.com\/index.php?rest_route=\/wp\/v2\/media\/7149"}],"wp:attachment":[{"href":"https:\/\/laprensacristiana.com\/index.php?rest_route=%2Fwp%2Fv2%2Fmedia&parent=7148"}],"wp:term":[{"taxonomy":"category","embeddable":true,"href":"https:\/\/laprensacristiana.com\/index.php?rest_route=%2Fwp%2Fv2%2Fcategories&post=7148"},{"taxonomy":"post_tag","embeddable":true,"href":"https:\/\/laprensacristiana.com\/index.php?rest_route=%2Fwp%2Fv2%2Ftags&post=7148"}],"curies":[{"name":"wp","href":"https:\/\/api.w.org\/{rel}","templated":true}]}}