{"id":7163,"date":"2019-10-07T16:24:16","date_gmt":"2019-10-07T16:24:16","guid":{"rendered":"https:\/\/laprensacristiana.com\/?p=7163"},"modified":"2019-10-07T16:24:25","modified_gmt":"2019-10-07T16:24:25","slug":"lanzan-movimiento-liderazgo","status":"publish","type":"post","link":"https:\/\/laprensacristiana.com\/?p=7163","title":{"rendered":"Lanzan movimiento LiderazGO"},"content":{"rendered":"\n<p>Con el prop\u00f3sito de impulsar y\nfortalecer a los l\u00edderes y pastores de El Salvador, se cre\u00f3 el movimiento\nLiderazGO, quienes dieron el banderillazo de salida con un congreso el pasado\nfin de semana en el audit\u00f3rium COMPAZ.<\/p>\n\n\n\n<p>Con ponentes de diferentes partes\ndel mundo tales como, Otoniel Font, Satirio Dos Santos, Dan \u00c1lvarez, Itiel\nArroyo y Vladimir Rivas. &nbsp;&nbsp;<\/p>\n\n\n\n<p>La apertura del congreso LiderazGO estuvo a cargo del pastor puertorrique\u00f1o Otoniel Font, \u201cLa promesa de Dios cuando el liberta al hombre, es que nunca saldr\u00e1 de una situaci\u00f3n dif\u00edcil con las manos vac\u00edas, no hay tal cosa como un creyente que vive bajo la promesa de Dios, hay fruto para tu trabajo, hay recompensa para tu vida, y tus manos no van a estar vac\u00edas\u201d mencion\u00f3 el pastor Font.  <\/p>\n\n\n\n<figure class=\"wp-block-image\"><img decoding=\"async\" loading=\"lazy\" width=\"720\" height=\"504\" src=\"https:\/\/laprensacristiana.com\/wp-content\/uploads\/2019\/10\/71718475_468474093751563_8795467039314542592_n.jpg\" alt=\"\" class=\"wp-image-7165\" srcset=\"https:\/\/laprensacristiana.com\/wp-content\/uploads\/2019\/10\/71718475_468474093751563_8795467039314542592_n.jpg 720w, https:\/\/laprensacristiana.com\/wp-content\/uploads\/2019\/10\/71718475_468474093751563_8795467039314542592_n-600x420.jpg 600w, https:\/\/laprensacristiana.com\/wp-content\/uploads\/2019\/10\/71718475_468474093751563_8795467039314542592_n-300x210.jpg 300w, https:\/\/laprensacristiana.com\/wp-content\/uploads\/2019\/10\/71718475_468474093751563_8795467039314542592_n-100x70.jpg 100w, https:\/\/laprensacristiana.com\/wp-content\/uploads\/2019\/10\/71718475_468474093751563_8795467039314542592_n-696x487.jpg 696w\" sizes=\"(max-width: 720px) 100vw, 720px\" \/><figcaption>Cortes\u00eda cuenta oficial de facebook Iglesia COMPAZ<\/figcaption><\/figure>\n\n\n\n<p>\u00abDios ha sido bueno este fin de semana en LiderazGO, ha sido un regalo de parte del Se\u00f1or poder tener tantos siervos de Dios que nos han bendecido, que nos han llevado a otro nivel, yo soy de los que pienso que Eliseo jam\u00e1s hubiese sido qui\u00e9n es sin El\u00edas, Josu\u00e9 sin Mois\u00e9s, Timoteo sin Pablo, y podemos seguir hablando; quieres ir a otro nivel, Dios te va a mandar a un hombre, te va a mandar una persona que te lleve a ese nivel, d\u00e9jese guiar \u00fanicamente por aquellos que tienen frutos, as\u00ed a su tiempo usted podr\u00e1 recoger su cosecha\u00bb expres\u00f3 el Dr. Vladimir Rivas, pastor general de Iglesia COMPAZ y presidente de LiderazGO<\/p>\n\n\n\n<p>Como parte del desarrollo del\nevento se llev\u00f3 acabo un foro taller donde padre e hijo interactuaron el Dr.\nTeofilo Rivas y el pastor Vladimir Rivas en el cual explicaron a los asistentes\ncuales son las bases para que los hijos no se aparten de los caminos de Dios, \u201cCuando\nusted pone cimientos desde peque\u00f1os en sus hijos de amor hacia Dios siempre\nser\u00e1 una prioridad servirle\u201d coment\u00f3 el Dr. Te\u00f3filo Rivas, pastor general de\nIglesia de Dios El Para\u00edso. &nbsp;<\/p>\n\n\n\n<p>\u201cLa semilla para que brote a de\nser quebrantada, la vida est\u00e1 dentro de la semilla pero tiene un capa exterior\nque para que brote debe ser rota, los que cosechan sabr\u00e1n esto que el agua, el\ncalor, la humedad hacen que la cascara de la semilla se quebrante y luego surja\nla vida, yo creo que a veces Dios necesita quebrantar a estos j\u00f3venes, hacerlos\ntocar fondo, como yo, mi cambio fue porque yo toque fondo, se debe tener\npaciencia, debemos seguir orando con amor por la juventud\u201d Expres\u00f3 &nbsp;el pastor espa\u00f1ol Itiel Arroyo<\/p>\n\n\n\n<p>En el marco de su ponencia el\npastor brasile\u00f1o Satirio Dos Santos explic\u00f3 la importancia de entender el papel\nque se juega dentro del Reno de Dios para actuar acorde a lo que Dios quiere de\nsus hijos \u201cSi no comprendemos con claridad que el reino de Dios es nuestro,\nentonces no veremos a Dios obrar en nosotros, tu obediencia determinar\u00e1 tu\nfuturo, y tu obediencia dar\u00e1 forma a tu futuro, mi futuro est\u00e1 escondido en la\nGloria de Dios\u201d acot\u00f3 el pastor Dos Santos.<\/p>\n\n\n\n<p>El cierre del congreso LiderazGO estuvo a cargo del pastor costarricense Dan \u00c1lvarez, quien fue el encargo de impartir un seminario a la juventud, \u201cEl l\u00edder no es invencible, es una persona que aprende todos los d\u00edas de sus errores, y recarga sus fuerzas en Dios\u201d concluy\u00f3 el pastor \u00c1lvarez. \u00a0<\/p>\n\n\n\n<figure class=\"wp-block-image\"><img decoding=\"async\" loading=\"lazy\" width=\"720\" height=\"504\" src=\"https:\/\/laprensacristiana.com\/wp-content\/uploads\/2019\/10\/72380419_686433115207348_5946453758287282176_n.jpg\" alt=\"\" class=\"wp-image-7166\" srcset=\"https:\/\/laprensacristiana.com\/wp-content\/uploads\/2019\/10\/72380419_686433115207348_5946453758287282176_n.jpg 720w, https:\/\/laprensacristiana.com\/wp-content\/uploads\/2019\/10\/72380419_686433115207348_5946453758287282176_n-600x420.jpg 600w, https:\/\/laprensacristiana.com\/wp-content\/uploads\/2019\/10\/72380419_686433115207348_5946453758287282176_n-300x210.jpg 300w, https:\/\/laprensacristiana.com\/wp-content\/uploads\/2019\/10\/72380419_686433115207348_5946453758287282176_n-100x70.jpg 100w, https:\/\/laprensacristiana.com\/wp-content\/uploads\/2019\/10\/72380419_686433115207348_5946453758287282176_n-696x487.jpg 696w\" sizes=\"(max-width: 720px) 100vw, 720px\" \/><figcaption>Cortes\u00eda cuenta oficial de facebook Iglesia COMPAZ<\/figcaption><\/figure>\n","protected":false},"excerpt":{"rendered":"<p>Con el prop\u00f3sito de impulsar y fortalecer a los l\u00edderes y pastores de El Salvador, se cre\u00f3 el movimiento LiderazGO, quienes dieron el banderillazo de salida con un congreso el pasado fin de semana en el audit\u00f3rium COMPAZ. Con ponentes de diferentes partes del mundo tales como, Otoniel Font, Satirio Dos Santos, Dan \u00c1lvarez, Itiel [&hellip;]<\/p>\n","protected":false},"author":3,"featured_media":7164,"comment_status":"open","ping_status":"open","sticky":false,"template":"","format":"standard","meta":[],"categories":[56],"tags":[],"yoast_head":"<!-- This site is optimized with the Yoast SEO plugin v20.8 - https:\/\/yoast.com\/wordpress\/plugins\/seo\/ -->\n<title>Lanzan movimiento LiderazGO - La Prensa Cristiana<\/title>\n<meta name=\"robots\" content=\"index, follow, max-snippet:-1, max-image-preview:large, max-video-preview:-1\" \/>\n<link rel=\"canonical\" href=\"https:\/\/laprensacristiana.com\/?p=7163\" \/>\n<meta property=\"og:locale\" content=\"es_ES\" \/>\n<meta property=\"og:type\" content=\"article\" \/>\n<meta property=\"og:title\" content=\"Lanzan movimiento LiderazGO - La Prensa Cristiana\" \/>\n<meta property=\"og:description\" content=\"Con el prop\u00f3sito de impulsar y fortalecer a los l\u00edderes y pastores de El Salvador, se cre\u00f3 el movimiento LiderazGO, quienes dieron el banderillazo de salida con un congreso el pasado fin de semana en el audit\u00f3rium COMPAZ. Con ponentes de diferentes partes del mundo tales como, Otoniel Font, Satirio Dos Santos, Dan \u00c1lvarez, Itiel [&hellip;]\" \/>\n<meta property=\"og:url\" content=\"https:\/\/laprensacristiana.com\/?p=7163\" \/>\n<meta property=\"og:site_name\" content=\"La Prensa Cristiana\" \/>\n<meta property=\"article:published_time\" content=\"2019-10-07T16:24:16+00:00\" \/>\n<meta property=\"article:modified_time\" content=\"2019-10-07T16:24:25+00:00\" \/>\n<meta property=\"og:image\" content=\"https:\/\/laprensacristiana.com\/wp-content\/uploads\/2019\/10\/71515666_444691296252959_4022017417055043584_n.jpg\" \/>\n\t<meta property=\"og:image:width\" content=\"720\" \/>\n\t<meta property=\"og:image:height\" content=\"504\" \/>\n\t<meta property=\"og:image:type\" content=\"image\/jpeg\" \/>\n<meta name=\"author\" content=\"EDITOR\" \/>\n<meta name=\"twitter:card\" content=\"summary_large_image\" \/>\n<meta name=\"twitter:label1\" content=\"Escrito por\" \/>\n\t<meta name=\"twitter:data1\" content=\"EDITOR\" \/>\n\t<meta name=\"twitter:label2\" content=\"Tiempo de lectura\" \/>\n\t<meta name=\"twitter:data2\" content=\"3 minutos\" \/>\n<script type=\"application\/ld+json\" class=\"yoast-schema-graph\">{\"@context\":\"https:\/\/schema.org\",\"@graph\":[{\"@type\":\"WebPage\",\"@id\":\"https:\/\/laprensacristiana.com\/?p=7163\",\"url\":\"https:\/\/laprensacristiana.com\/?p=7163\",\"name\":\"Lanzan movimiento LiderazGO - La Prensa Cristiana\",\"isPartOf\":{\"@id\":\"https:\/\/laprensacristiana.com\/#website\"},\"datePublished\":\"2019-10-07T16:24:16+00:00\",\"dateModified\":\"2019-10-07T16:24:25+00:00\",\"author\":{\"@id\":\"https:\/\/laprensacristiana.com\/#\/schema\/person\/3e7d82c6bfd6b1fa67010f8f7cd5256e\"},\"breadcrumb\":{\"@id\":\"https:\/\/laprensacristiana.com\/?p=7163#breadcrumb\"},\"inLanguage\":\"es\",\"potentialAction\":[{\"@type\":\"ReadAction\",\"target\":[\"https:\/\/laprensacristiana.com\/?p=7163\"]}]},{\"@type\":\"BreadcrumbList\",\"@id\":\"https:\/\/laprensacristiana.com\/?p=7163#breadcrumb\",\"itemListElement\":[{\"@type\":\"ListItem\",\"position\":1,\"name\":\"Portada\",\"item\":\"https:\/\/laprensacristiana.com\/\"},{\"@type\":\"ListItem\",\"position\":2,\"name\":\"Lanzan movimiento LiderazGO\"}]},{\"@type\":\"WebSite\",\"@id\":\"https:\/\/laprensacristiana.com\/#website\",\"url\":\"https:\/\/laprensacristiana.com\/\",\"name\":\"La Prensa Cristiana\",\"description\":\"Anunciando Las Buenas Nuevas\",\"potentialAction\":[{\"@type\":\"SearchAction\",\"target\":{\"@type\":\"EntryPoint\",\"urlTemplate\":\"https:\/\/laprensacristiana.com\/?s={search_term_string}\"},\"query-input\":\"required name=search_term_string\"}],\"inLanguage\":\"es\"},{\"@type\":\"Person\",\"@id\":\"https:\/\/laprensacristiana.com\/#\/schema\/person\/3e7d82c6bfd6b1fa67010f8f7cd5256e\",\"name\":\"EDITOR\",\"image\":{\"@type\":\"ImageObject\",\"inLanguage\":\"es\",\"@id\":\"https:\/\/laprensacristiana.com\/#\/schema\/person\/image\/\",\"url\":\"https:\/\/secure.gravatar.com\/avatar\/72069dfb6c13772d9e8381e3638666d2?s=96&d=mm&r=g\",\"contentUrl\":\"https:\/\/secure.gravatar.com\/avatar\/72069dfb6c13772d9e8381e3638666d2?s=96&d=mm&r=g\",\"caption\":\"EDITOR\"},\"url\":\"https:\/\/laprensacristiana.com\/?author=3\"}]}<\/script>\n<!-- \/ Yoast SEO plugin. -->","yoast_head_json":{"title":"Lanzan movimiento LiderazGO - La Prensa Cristiana","robots":{"index":"index","follow":"follow","max-snippet":"max-snippet:-1","max-image-preview":"max-image-preview:large","max-video-preview":"max-video-preview:-1"},"canonical":"https:\/\/laprensacristiana.com\/?p=7163","og_locale":"es_ES","og_type":"article","og_title":"Lanzan movimiento LiderazGO - La Prensa Cristiana","og_description":"Con el prop\u00f3sito de impulsar y fortalecer a los l\u00edderes y pastores de El Salvador, se cre\u00f3 el movimiento LiderazGO, quienes dieron el banderillazo de salida con un congreso el pasado fin de semana en el audit\u00f3rium COMPAZ. Con ponentes de diferentes partes del mundo tales como, Otoniel Font, Satirio Dos Santos, Dan \u00c1lvarez, Itiel [&hellip;]","og_url":"https:\/\/laprensacristiana.com\/?p=7163","og_site_name":"La Prensa Cristiana","article_published_time":"2019-10-07T16:24:16+00:00","article_modified_time":"2019-10-07T16:24:25+00:00","og_image":[{"width":720,"height":504,"url":"https:\/\/laprensacristiana.com\/wp-content\/uploads\/2019\/10\/71515666_444691296252959_4022017417055043584_n.jpg","type":"image\/jpeg"}],"author":"EDITOR","twitter_card":"summary_large_image","twitter_misc":{"Escrito por":"EDITOR","Tiempo de lectura":"3 minutos"},"schema":{"@context":"https:\/\/schema.org","@graph":[{"@type":"WebPage","@id":"https:\/\/laprensacristiana.com\/?p=7163","url":"https:\/\/laprensacristiana.com\/?p=7163","name":"Lanzan movimiento LiderazGO - La Prensa Cristiana","isPartOf":{"@id":"https:\/\/laprensacristiana.com\/#website"},"datePublished":"2019-10-07T16:24:16+00:00","dateModified":"2019-10-07T16:24:25+00:00","author":{"@id":"https:\/\/laprensacristiana.com\/#\/schema\/person\/3e7d82c6bfd6b1fa67010f8f7cd5256e"},"breadcrumb":{"@id":"https:\/\/laprensacristiana.com\/?p=7163#breadcrumb"},"inLanguage":"es","potentialAction":[{"@type":"ReadAction","target":["https:\/\/laprensacristiana.com\/?p=7163"]}]},{"@type":"BreadcrumbList","@id":"https:\/\/laprensacristiana.com\/?p=7163#breadcrumb","itemListElement":[{"@type":"ListItem","position":1,"name":"Portada","item":"https:\/\/laprensacristiana.com\/"},{"@type":"ListItem","position":2,"name":"Lanzan movimiento LiderazGO"}]},{"@type":"WebSite","@id":"https:\/\/laprensacristiana.com\/#website","url":"https:\/\/laprensacristiana.com\/","name":"La Prensa Cristiana","description":"Anunciando Las Buenas Nuevas","potentialAction":[{"@type":"SearchAction","target":{"@type":"EntryPoint","urlTemplate":"https:\/\/laprensacristiana.com\/?s={search_term_string}"},"query-input":"required name=search_term_string"}],"inLanguage":"es"},{"@type":"Person","@id":"https:\/\/laprensacristiana.com\/#\/schema\/person\/3e7d82c6bfd6b1fa67010f8f7cd5256e","name":"EDITOR","image":{"@type":"ImageObject","inLanguage":"es","@id":"https:\/\/laprensacristiana.com\/#\/schema\/person\/image\/","url":"https:\/\/secure.gravatar.com\/avatar\/72069dfb6c13772d9e8381e3638666d2?s=96&d=mm&r=g","contentUrl":"https:\/\/secure.gravatar.com\/avatar\/72069dfb6c13772d9e8381e3638666d2?s=96&d=mm&r=g","caption":"EDITOR"},"url":"https:\/\/laprensacristiana.com\/?author=3"}]}},"_links":{"self":[{"href":"https:\/\/laprensacristiana.com\/index.php?rest_route=\/wp\/v2\/posts\/7163"}],"collection":[{"href":"https:\/\/laprensacristiana.com\/index.php?rest_route=\/wp\/v2\/posts"}],"about":[{"href":"https:\/\/laprensacristiana.com\/index.php?rest_route=\/wp\/v2\/types\/post"}],"author":[{"embeddable":true,"href":"https:\/\/laprensacristiana.com\/index.php?rest_route=\/wp\/v2\/users\/3"}],"replies":[{"embeddable":true,"href":"https:\/\/laprensacristiana.com\/index.php?rest_route=%2Fwp%2Fv2%2Fcomments&post=7163"}],"version-history":[{"count":1,"href":"https:\/\/laprensacristiana.com\/index.php?rest_route=\/wp\/v2\/posts\/7163\/revisions"}],"predecessor-version":[{"id":7167,"href":"https:\/\/laprensacristiana.com\/index.php?rest_route=\/wp\/v2\/posts\/7163\/revisions\/7167"}],"wp:featuredmedia":[{"embeddable":true,"href":"https:\/\/laprensacristiana.com\/index.php?rest_route=\/wp\/v2\/media\/7164"}],"wp:attachment":[{"href":"https:\/\/laprensacristiana.com\/index.php?rest_route=%2Fwp%2Fv2%2Fmedia&parent=7163"}],"wp:term":[{"taxonomy":"category","embeddable":true,"href":"https:\/\/laprensacristiana.com\/index.php?rest_route=%2Fwp%2Fv2%2Fcategories&post=7163"},{"taxonomy":"post_tag","embeddable":true,"href":"https:\/\/laprensacristiana.com\/index.php?rest_route=%2Fwp%2Fv2%2Ftags&post=7163"}],"curies":[{"name":"wp","href":"https:\/\/api.w.org\/{rel}","templated":true}]}}