{"id":7174,"date":"2019-10-08T16:50:01","date_gmt":"2019-10-08T16:50:01","guid":{"rendered":"https:\/\/laprensacristiana.com\/?p=7174"},"modified":"2019-10-08T17:03:19","modified_gmt":"2019-10-08T17:03:19","slug":"fundacion-la-red-realiza-conferencia-es-momento-de-sonar-juntos","status":"publish","type":"post","link":"https:\/\/laprensacristiana.com\/?p=7174","title":{"rendered":"Fundaci\u00f3n La Red realiz\u00f3 conferencia  \u201cEs momento de So\u00f1ar juntos\u201d"},"content":{"rendered":"\n<p>&nbsp;\u201cEs momento de so\u00f1ar juntos\u201d es el t\u00edtulo que\ntuvo la segunda edici\u00f3n de conferencias Poes\u00eda ruta escuela, realizada por\nFundaci\u00f3n La Red, con el fin de recordarle a los j\u00f3venes y ni\u00f1os que en estos\ntiempos a\u00fan se puede tener sue\u00f1os y hacerlos realidad de la mano de Dios.<\/p>\n\n\n\n<p>Por m\u00e1s de 20 a\u00f1os Fundaci\u00f3n La Red ha trabajado en diferentes partes del territorio salvadore\u00f1o con j\u00f3venes de centros escolares de alto riesgo, \u00a0con el fin de abordar y prevenir las problem\u00e1ticas sociales que existen dentro del pa\u00eds, como lo es la violencia, los embarazos prematuros en adolescentes y ni\u00f1as, el abuso sexual etc. La fundaci\u00f3n imparte diferentes conferencias con el prop\u00f3sito de fortalecer el car\u00e1cter de los j\u00f3venes para una buena toma de decisiones.<\/p>\n\n\n\n<figure class=\"wp-block-image is-resized\"><img decoding=\"async\" loading=\"lazy\" src=\"https:\/\/laprensacristiana.com\/wp-content\/uploads\/2019\/10\/71841120_2460765774248743_3113743777978646528_n-1024x330.jpg\" alt=\"\" class=\"wp-image-7180\" width=\"605\" height=\"194\" srcset=\"https:\/\/laprensacristiana.com\/wp-content\/uploads\/2019\/10\/71841120_2460765774248743_3113743777978646528_n-1024x330.jpg 1024w, https:\/\/laprensacristiana.com\/wp-content\/uploads\/2019\/10\/71841120_2460765774248743_3113743777978646528_n-300x97.jpg 300w, https:\/\/laprensacristiana.com\/wp-content\/uploads\/2019\/10\/71841120_2460765774248743_3113743777978646528_n-768x248.jpg 768w, https:\/\/laprensacristiana.com\/wp-content\/uploads\/2019\/10\/71841120_2460765774248743_3113743777978646528_n-1068x345.jpg 1068w, https:\/\/laprensacristiana.com\/wp-content\/uploads\/2019\/10\/71841120_2460765774248743_3113743777978646528_n.jpg 1280w\" sizes=\"(max-width: 605px) 100vw, 605px\" \/><\/figure>\n\n\n\n<p>El Pastor de j\u00f3venes Gio Barahona quien es el l\u00edder de Fundaci\u00f3n La Red, nos coment\u00f3 que en enero de este a\u00f1o tuvo un sue\u00f1o en el que se reun\u00eda con el famoso y reconocido futbolista Kak\u00e1, d\u00e1ndole la mano y dici\u00e9ndole que lo quer\u00eda tener en el evento de conferencia poes\u00eda 2019 y el respond\u00eda que all\u00ed iba a estar, le sonri\u00f3 y solt\u00f3 su manos y dijo \u201cYo pude ver como se abr\u00edan unas puertas y de all\u00ed sal\u00edan muchos ni\u00f1os de diferentes centros escolares en alto riesgo, pidi\u00e9ndole un aut\u00f3grafo y un selfie y luego despert\u00e9\u201d.<\/p>\n\n\n\n<figure class=\"wp-block-image is-resized\"><img decoding=\"async\" loading=\"lazy\" src=\"https:\/\/laprensacristiana.com\/wp-content\/uploads\/2019\/10\/71402586_1261658290704584_6467369047171268608_n.jpg\" alt=\"\" class=\"wp-image-7177\" width=\"367\" height=\"456\" srcset=\"https:\/\/laprensacristiana.com\/wp-content\/uploads\/2019\/10\/71402586_1261658290704584_6467369047171268608_n.jpg 720w, https:\/\/laprensacristiana.com\/wp-content\/uploads\/2019\/10\/71402586_1261658290704584_6467369047171268608_n-600x745.jpg 600w, https:\/\/laprensacristiana.com\/wp-content\/uploads\/2019\/10\/71402586_1261658290704584_6467369047171268608_n-242x300.jpg 242w, https:\/\/laprensacristiana.com\/wp-content\/uploads\/2019\/10\/71402586_1261658290704584_6467369047171268608_n-696x864.jpg 696w, https:\/\/laprensacristiana.com\/wp-content\/uploads\/2019\/10\/71402586_1261658290704584_6467369047171268608_n-338x420.jpg 338w\" sizes=\"(max-width: 367px) 100vw, 367px\" \/><figcaption>Kak\u00e1 y Gio Barahona  Director de Fundaci\u00f3n La Red<\/figcaption><\/figure>\n\n\n\n<p>En febrero Gio viajo a Miami \u00e0 un\nevento, y le coment\u00f3 a una de sus amigas de Brasil el sue\u00f1o que hab\u00eda tenido y\na trav\u00e9s de ella logra mandar un correo al encargado de prensa del futbolista,\nobteniendo respuesta en marzo, kak\u00e1 confirmo su participaci\u00f3n en junio pero por\ndiversos contratos y compromisos no se pudo hacer presente al pa\u00eds, concediendo\nuna entrevista al Pastor Barahona que se realiz\u00f3 desde el hogar el famoso\nfutbolista y fue transmitida el d\u00eda del evento. <\/p>\n\n\n\n<p>El evento se llev\u00f3 a cabo en &nbsp;el anfiteatro de CIFCO el d\u00eda s\u00e1bado 28 de\nseptiembre, m\u00e1s de <\/p>\n\n\n\n<p>2,300 j\u00f3venes de diferentes\ncentros escolares y 100 voluntarios fueron parte de esta conferencia, cientos\nde ellos entregaron su vida a Cristo y muchos fueron sanados de depresi\u00f3n.<\/p>\n\n\n\n<p>Actualmente fundaci\u00f3n La Red\ntrabaja con 18 centros escolares de alto riesgo, el pastor Gio nos narr\u00f3 una an\u00e9cdota\nque le sucedi\u00f3 en Sonsonate:<\/p>\n\n\n\n<p>\u201cMientas hablaba de sue\u00f1os a los chicos pregunte: \u00bfQui\u00e9nes so\u00f1aron anoche?, muchos levantaron sus manos y yo eleg\u00ed a Yessenia, le pregunte que hab\u00eda so\u00f1ado y dijo: \u201cSo\u00f1\u00e9 que estaba en Sonsonate comi\u00e9ndome una gran hamburguesa\u201d, t\u00e9rmino dici\u00e9ndome que nunca hab\u00eda comido una, le prometimos que comer\u00eda su primer hamburguesa en conferencia Poes\u00eda 2,019. Dos d\u00edas antes del evento \u00a0\u201cCarne y calle\u201d que es una empresa de hamburguesas en El Salvador, al escuchar el caso de Yessenia Dios carga el coraz\u00f3n de su due\u00f1o y me dice: \u201cGio yo quiero dar un combo para cada ni\u00f1o de ese centro escolar\u201d, llevamos a cabo el sue\u00f1o de Yessenia que pudiera comerse una hamburguesa en conferencia Poes\u00eda 2,019, de esta manera tambi\u00e9n le ense\u00f1amos a los chicos, el sue\u00f1o de Kak\u00e1 se hizo realidad yo pude estar con \u00e9l, porque no so\u00f1ar  en grande si tenemos la bendici\u00f3n de Dios para seguir adelante en esta tierra y transformarla para Jes\u00fas. <\/p>\n\n\n\n<figure class=\"wp-block-image\"><img decoding=\"async\" loading=\"lazy\" width=\"949\" height=\"799\" src=\"https:\/\/laprensacristiana.com\/wp-content\/uploads\/2019\/10\/72839744_394398421257082_2109909478798262272_n.jpg\" alt=\"\" class=\"wp-image-7176\" srcset=\"https:\/\/laprensacristiana.com\/wp-content\/uploads\/2019\/10\/72839744_394398421257082_2109909478798262272_n.jpg 949w, https:\/\/laprensacristiana.com\/wp-content\/uploads\/2019\/10\/72839744_394398421257082_2109909478798262272_n-600x505.jpg 600w, https:\/\/laprensacristiana.com\/wp-content\/uploads\/2019\/10\/72839744_394398421257082_2109909478798262272_n-300x253.jpg 300w, https:\/\/laprensacristiana.com\/wp-content\/uploads\/2019\/10\/72839744_394398421257082_2109909478798262272_n-768x647.jpg 768w, https:\/\/laprensacristiana.com\/wp-content\/uploads\/2019\/10\/72839744_394398421257082_2109909478798262272_n-696x586.jpg 696w, https:\/\/laprensacristiana.com\/wp-content\/uploads\/2019\/10\/72839744_394398421257082_2109909478798262272_n-499x420.jpg 499w\" sizes=\"(max-width: 949px) 100vw, 949px\" \/><figcaption>Gio Barahona y Yessenia<\/figcaption><\/figure>\n\n\n\n<p>Los conferencistas invitados fueron T\u00e9o Hayashi de iglesia Monte Si\u00e1o de Brasil, Eduardo Nunes de iglesia Monte Si\u00e1o, Brian Barcelona de One Voice Student Missions, Gio Barahona \u00a0de Iglesia Poes\u00eda El Salvador, Kak\u00e1 con una v\u00eddeo conferencia exclusiva. Contaron con participaciones especiales como la de Thrazo y Slipt, el Misionero quien comparti\u00f3 la historia de su vida. La m\u00fasica estuvo a cargo de las bandas Sentido \u00danico y Poes\u00eda Worship.  <\/p>\n\n\n\n<p>Una fiesta en la que el invitado principal fue Jes\u00fas.<\/p>\n\n\n\n<figure class=\"wp-block-image\"><img decoding=\"async\" loading=\"lazy\" width=\"960\" height=\"640\" src=\"https:\/\/laprensacristiana.com\/wp-content\/uploads\/2019\/10\/72291338_2672833532777263_5122568813463732224_n.jpg\" alt=\"\" class=\"wp-image-7179\" srcset=\"https:\/\/laprensacristiana.com\/wp-content\/uploads\/2019\/10\/72291338_2672833532777263_5122568813463732224_n.jpg 960w, https:\/\/laprensacristiana.com\/wp-content\/uploads\/2019\/10\/72291338_2672833532777263_5122568813463732224_n-600x400.jpg 600w, https:\/\/laprensacristiana.com\/wp-content\/uploads\/2019\/10\/72291338_2672833532777263_5122568813463732224_n-300x200.jpg 300w, https:\/\/laprensacristiana.com\/wp-content\/uploads\/2019\/10\/72291338_2672833532777263_5122568813463732224_n-768x512.jpg 768w, https:\/\/laprensacristiana.com\/wp-content\/uploads\/2019\/10\/72291338_2672833532777263_5122568813463732224_n-696x464.jpg 696w, https:\/\/laprensacristiana.com\/wp-content\/uploads\/2019\/10\/72291338_2672833532777263_5122568813463732224_n-630x420.jpg 630w\" sizes=\"(max-width: 960px) 100vw, 960px\" \/><\/figure>\n","protected":false},"excerpt":{"rendered":"<p>&nbsp;\u201cEs momento de so\u00f1ar juntos\u201d es el t\u00edtulo que tuvo la segunda edici\u00f3n de conferencias Poes\u00eda ruta escuela, realizada por Fundaci\u00f3n La Red, con el fin de recordarle a los j\u00f3venes y ni\u00f1os que en estos tiempos a\u00fan se puede tener sue\u00f1os y hacerlos realidad de la mano de Dios. Por m\u00e1s de 20 a\u00f1os [&hellip;]<\/p>\n","protected":false},"author":3,"featured_media":7175,"comment_status":"open","ping_status":"open","sticky":false,"template":"","format":"standard","meta":[],"categories":[56],"tags":[],"yoast_head":"<!-- This site is optimized with the Yoast SEO plugin v20.8 - https:\/\/yoast.com\/wordpress\/plugins\/seo\/ -->\n<title>Fundaci\u00f3n La Red realiz\u00f3 conferencia \u201cEs momento de So\u00f1ar juntos\u201d - La Prensa Cristiana<\/title>\n<meta name=\"robots\" content=\"index, follow, max-snippet:-1, max-image-preview:large, max-video-preview:-1\" \/>\n<link rel=\"canonical\" href=\"https:\/\/laprensacristiana.com\/?p=7174\" \/>\n<meta property=\"og:locale\" content=\"es_ES\" \/>\n<meta property=\"og:type\" content=\"article\" \/>\n<meta property=\"og:title\" content=\"Fundaci\u00f3n La Red realiz\u00f3 conferencia \u201cEs momento de So\u00f1ar juntos\u201d - La Prensa Cristiana\" \/>\n<meta property=\"og:description\" content=\"&nbsp;\u201cEs momento de so\u00f1ar juntos\u201d es el t\u00edtulo que tuvo la segunda edici\u00f3n de conferencias Poes\u00eda ruta escuela, realizada por Fundaci\u00f3n La Red, con el fin de recordarle a los j\u00f3venes y ni\u00f1os que en estos tiempos a\u00fan se puede tener sue\u00f1os y hacerlos realidad de la mano de Dios. Por m\u00e1s de 20 a\u00f1os [&hellip;]\" \/>\n<meta property=\"og:url\" content=\"https:\/\/laprensacristiana.com\/?p=7174\" \/>\n<meta property=\"og:site_name\" content=\"La Prensa Cristiana\" \/>\n<meta property=\"article:published_time\" content=\"2019-10-08T16:50:01+00:00\" \/>\n<meta property=\"article:modified_time\" content=\"2019-10-08T17:03:19+00:00\" \/>\n<meta property=\"og:image\" content=\"https:\/\/laprensacristiana.com\/wp-content\/uploads\/2019\/10\/71746271_2970848629596230_6476397875881312256_n.jpg\" \/>\n\t<meta property=\"og:image:width\" content=\"960\" \/>\n\t<meta property=\"og:image:height\" content=\"640\" \/>\n\t<meta property=\"og:image:type\" content=\"image\/jpeg\" \/>\n<meta name=\"author\" content=\"EDITOR\" \/>\n<meta name=\"twitter:card\" content=\"summary_large_image\" \/>\n<meta name=\"twitter:label1\" content=\"Escrito por\" \/>\n\t<meta name=\"twitter:data1\" content=\"EDITOR\" \/>\n\t<meta name=\"twitter:label2\" content=\"Tiempo de lectura\" \/>\n\t<meta name=\"twitter:data2\" content=\"4 minutos\" \/>\n<script type=\"application\/ld+json\" class=\"yoast-schema-graph\">{\"@context\":\"https:\/\/schema.org\",\"@graph\":[{\"@type\":\"WebPage\",\"@id\":\"https:\/\/laprensacristiana.com\/?p=7174\",\"url\":\"https:\/\/laprensacristiana.com\/?p=7174\",\"name\":\"Fundaci\u00f3n La Red realiz\u00f3 conferencia \u201cEs momento de So\u00f1ar juntos\u201d - La Prensa Cristiana\",\"isPartOf\":{\"@id\":\"https:\/\/laprensacristiana.com\/#website\"},\"datePublished\":\"2019-10-08T16:50:01+00:00\",\"dateModified\":\"2019-10-08T17:03:19+00:00\",\"author\":{\"@id\":\"https:\/\/laprensacristiana.com\/#\/schema\/person\/3e7d82c6bfd6b1fa67010f8f7cd5256e\"},\"breadcrumb\":{\"@id\":\"https:\/\/laprensacristiana.com\/?p=7174#breadcrumb\"},\"inLanguage\":\"es\",\"potentialAction\":[{\"@type\":\"ReadAction\",\"target\":[\"https:\/\/laprensacristiana.com\/?p=7174\"]}]},{\"@type\":\"BreadcrumbList\",\"@id\":\"https:\/\/laprensacristiana.com\/?p=7174#breadcrumb\",\"itemListElement\":[{\"@type\":\"ListItem\",\"position\":1,\"name\":\"Portada\",\"item\":\"https:\/\/laprensacristiana.com\/\"},{\"@type\":\"ListItem\",\"position\":2,\"name\":\"Fundaci\u00f3n La Red realiz\u00f3 conferencia \u201cEs momento de So\u00f1ar juntos\u201d\"}]},{\"@type\":\"WebSite\",\"@id\":\"https:\/\/laprensacristiana.com\/#website\",\"url\":\"https:\/\/laprensacristiana.com\/\",\"name\":\"La Prensa Cristiana\",\"description\":\"Anunciando Las Buenas Nuevas\",\"potentialAction\":[{\"@type\":\"SearchAction\",\"target\":{\"@type\":\"EntryPoint\",\"urlTemplate\":\"https:\/\/laprensacristiana.com\/?s={search_term_string}\"},\"query-input\":\"required name=search_term_string\"}],\"inLanguage\":\"es\"},{\"@type\":\"Person\",\"@id\":\"https:\/\/laprensacristiana.com\/#\/schema\/person\/3e7d82c6bfd6b1fa67010f8f7cd5256e\",\"name\":\"EDITOR\",\"image\":{\"@type\":\"ImageObject\",\"inLanguage\":\"es\",\"@id\":\"https:\/\/laprensacristiana.com\/#\/schema\/person\/image\/\",\"url\":\"https:\/\/secure.gravatar.com\/avatar\/72069dfb6c13772d9e8381e3638666d2?s=96&d=mm&r=g\",\"contentUrl\":\"https:\/\/secure.gravatar.com\/avatar\/72069dfb6c13772d9e8381e3638666d2?s=96&d=mm&r=g\",\"caption\":\"EDITOR\"},\"url\":\"https:\/\/laprensacristiana.com\/?author=3\"}]}<\/script>\n<!-- \/ Yoast SEO plugin. -->","yoast_head_json":{"title":"Fundaci\u00f3n La Red realiz\u00f3 conferencia \u201cEs momento de So\u00f1ar juntos\u201d - La Prensa Cristiana","robots":{"index":"index","follow":"follow","max-snippet":"max-snippet:-1","max-image-preview":"max-image-preview:large","max-video-preview":"max-video-preview:-1"},"canonical":"https:\/\/laprensacristiana.com\/?p=7174","og_locale":"es_ES","og_type":"article","og_title":"Fundaci\u00f3n La Red realiz\u00f3 conferencia \u201cEs momento de So\u00f1ar juntos\u201d - La Prensa Cristiana","og_description":"&nbsp;\u201cEs momento de so\u00f1ar juntos\u201d es el t\u00edtulo que tuvo la segunda edici\u00f3n de conferencias Poes\u00eda ruta escuela, realizada por Fundaci\u00f3n La Red, con el fin de recordarle a los j\u00f3venes y ni\u00f1os que en estos tiempos a\u00fan se puede tener sue\u00f1os y hacerlos realidad de la mano de Dios. Por m\u00e1s de 20 a\u00f1os [&hellip;]","og_url":"https:\/\/laprensacristiana.com\/?p=7174","og_site_name":"La Prensa Cristiana","article_published_time":"2019-10-08T16:50:01+00:00","article_modified_time":"2019-10-08T17:03:19+00:00","og_image":[{"width":960,"height":640,"url":"https:\/\/laprensacristiana.com\/wp-content\/uploads\/2019\/10\/71746271_2970848629596230_6476397875881312256_n.jpg","type":"image\/jpeg"}],"author":"EDITOR","twitter_card":"summary_large_image","twitter_misc":{"Escrito por":"EDITOR","Tiempo de lectura":"4 minutos"},"schema":{"@context":"https:\/\/schema.org","@graph":[{"@type":"WebPage","@id":"https:\/\/laprensacristiana.com\/?p=7174","url":"https:\/\/laprensacristiana.com\/?p=7174","name":"Fundaci\u00f3n La Red realiz\u00f3 conferencia \u201cEs momento de So\u00f1ar juntos\u201d - La Prensa Cristiana","isPartOf":{"@id":"https:\/\/laprensacristiana.com\/#website"},"datePublished":"2019-10-08T16:50:01+00:00","dateModified":"2019-10-08T17:03:19+00:00","author":{"@id":"https:\/\/laprensacristiana.com\/#\/schema\/person\/3e7d82c6bfd6b1fa67010f8f7cd5256e"},"breadcrumb":{"@id":"https:\/\/laprensacristiana.com\/?p=7174#breadcrumb"},"inLanguage":"es","potentialAction":[{"@type":"ReadAction","target":["https:\/\/laprensacristiana.com\/?p=7174"]}]},{"@type":"BreadcrumbList","@id":"https:\/\/laprensacristiana.com\/?p=7174#breadcrumb","itemListElement":[{"@type":"ListItem","position":1,"name":"Portada","item":"https:\/\/laprensacristiana.com\/"},{"@type":"ListItem","position":2,"name":"Fundaci\u00f3n La Red realiz\u00f3 conferencia \u201cEs momento de So\u00f1ar juntos\u201d"}]},{"@type":"WebSite","@id":"https:\/\/laprensacristiana.com\/#website","url":"https:\/\/laprensacristiana.com\/","name":"La Prensa Cristiana","description":"Anunciando Las Buenas Nuevas","potentialAction":[{"@type":"SearchAction","target":{"@type":"EntryPoint","urlTemplate":"https:\/\/laprensacristiana.com\/?s={search_term_string}"},"query-input":"required name=search_term_string"}],"inLanguage":"es"},{"@type":"Person","@id":"https:\/\/laprensacristiana.com\/#\/schema\/person\/3e7d82c6bfd6b1fa67010f8f7cd5256e","name":"EDITOR","image":{"@type":"ImageObject","inLanguage":"es","@id":"https:\/\/laprensacristiana.com\/#\/schema\/person\/image\/","url":"https:\/\/secure.gravatar.com\/avatar\/72069dfb6c13772d9e8381e3638666d2?s=96&d=mm&r=g","contentUrl":"https:\/\/secure.gravatar.com\/avatar\/72069dfb6c13772d9e8381e3638666d2?s=96&d=mm&r=g","caption":"EDITOR"},"url":"https:\/\/laprensacristiana.com\/?author=3"}]}},"_links":{"self":[{"href":"https:\/\/laprensacristiana.com\/index.php?rest_route=\/wp\/v2\/posts\/7174"}],"collection":[{"href":"https:\/\/laprensacristiana.com\/index.php?rest_route=\/wp\/v2\/posts"}],"about":[{"href":"https:\/\/laprensacristiana.com\/index.php?rest_route=\/wp\/v2\/types\/post"}],"author":[{"embeddable":true,"href":"https:\/\/laprensacristiana.com\/index.php?rest_route=\/wp\/v2\/users\/3"}],"replies":[{"embeddable":true,"href":"https:\/\/laprensacristiana.com\/index.php?rest_route=%2Fwp%2Fv2%2Fcomments&post=7174"}],"version-history":[{"count":4,"href":"https:\/\/laprensacristiana.com\/index.php?rest_route=\/wp\/v2\/posts\/7174\/revisions"}],"predecessor-version":[{"id":7184,"href":"https:\/\/laprensacristiana.com\/index.php?rest_route=\/wp\/v2\/posts\/7174\/revisions\/7184"}],"wp:featuredmedia":[{"embeddable":true,"href":"https:\/\/laprensacristiana.com\/index.php?rest_route=\/wp\/v2\/media\/7175"}],"wp:attachment":[{"href":"https:\/\/laprensacristiana.com\/index.php?rest_route=%2Fwp%2Fv2%2Fmedia&parent=7174"}],"wp:term":[{"taxonomy":"category","embeddable":true,"href":"https:\/\/laprensacristiana.com\/index.php?rest_route=%2Fwp%2Fv2%2Fcategories&post=7174"},{"taxonomy":"post_tag","embeddable":true,"href":"https:\/\/laprensacristiana.com\/index.php?rest_route=%2Fwp%2Fv2%2Ftags&post=7174"}],"curies":[{"name":"wp","href":"https:\/\/api.w.org\/{rel}","templated":true}]}}