{"id":7185,"date":"2019-10-08T21:06:00","date_gmt":"2019-10-08T21:06:00","guid":{"rendered":"https:\/\/laprensacristiana.com\/?p=7185"},"modified":"2019-10-08T21:06:03","modified_gmt":"2019-10-08T21:06:03","slug":"israel-se-paraliza-durante-26-horas-para-pedir-perdon","status":"publish","type":"post","link":"https:\/\/laprensacristiana.com\/?p=7185","title":{"rendered":"Israel se paraliza durante 26 horas para pedir perd\u00f3n"},"content":{"rendered":"\n<p>La Celebraci\u00f3n del Yom Kippur\ninicia el martes 8 de octubre desde el atardecer, con oraci\u00f3n de apertura de\n\u201canulaci\u00f3n de votos\u201d de Kol Nidre que significa \u201cTodos los votos\u201d, es la m\u00e1s\nfamosa de la ceremonia, consiste en una declaraci\u00f3n de las promesas que se\nrealizan com\u00fanmente en el transcurso del a\u00f1o. Finalizando el 9 de octubre al\nanochecer.<\/p>\n\n\n\n<p>Durante 26 horas continuas evitan\ncomer, beber, evitan el uso de cuero de zapatos, la aplicaci\u00f3n de lociones o\ncremas, lavarse o ba\u00f1arse, e intimar con sus conyugues. No se trabaja, durante\nese tiempo se permanece en la sinagoga en la que se ofrecen cinco servicios.\nTodo Israel se paraliza durante este tiempo sagrado. <\/p>\n\n\n\n<p>Luego de realizar el Kol Nidre,\nen el servicio nocturno se hace la confesi\u00f3n de pecados de Half KAddish, Shema,\nAmidah, Al Chet y Piyyutim que son oraciones especiales que se dicen solo por\nla noche de esta gran celebraci\u00f3n. Existe la tradici\u00f3n en muchos de recitar\ntodo el libro de los Salmos.<\/p>\n\n\n\n<p>Al d\u00eda siguiente el 9 de octubre\nse realiza en el servicio de la ma\u00f1ana, la oraci\u00f3n y la lectura del libro de\nLev\u00edticos siguiendo con el servicio de Yizkor (oraci\u00f3n conmemorativa) para los\ndifuntos, esta se realiza cuatro veces al a\u00f1o.<\/p>\n\n\n\n<p>Luego se realiza el Musaf\n(oraci\u00f3n adicional de conmemoraci\u00f3n de las ofrendas adicionales tra\u00eddas al\ntemplo en los \u00faltimos d\u00edas, por la tarde se realiza el servicio de oraci\u00f3n\nMinchah, el servicio de \u201ccierre de las puertas\u201d se hace al atardecer, seguido\nse toca el shofar para concluir con Yom Kippur que es un d\u00eda de ayuno y oraci\u00f3n\npor un nuevo a\u00f1o.<\/p>\n\n\n\n<p>El Yom Kippur es el d\u00eda m\u00e1s\nsolemne del a\u00f1o para los jud\u00edos, es un d\u00eda para reflexi\u00f3n, un d\u00eda de oraci\u00f3n y\npedirle perd\u00f3n a Dios, cuarenta d\u00edas previamente a esta celebraci\u00f3n se toca el\nshofar todas las ma\u00f1anas y se recita el Salmo 27 despu\u00e9s de la oraci\u00f3n de la\nma\u00f1ana y la tarde. <\/p>\n\n\n\n<p>10 d\u00edas antes del Yom Kippur se\nlleva a cabo la semana del arrepentimiento, en la que se pide perd\u00f3n por las\nfaltas cometidas, un d\u00eda antes de esta magno celebraci\u00f3n comen y se preparan.<\/p>\n\n\n\n<p>Alrededor de esta celebraci\u00f3n\nexisten diferentes tradiciones.&nbsp; <\/p>\n\n\n\n<p>Al finalizar el Yom Kippur, se\nparticipa de una comida, convirti\u00e9ndose la noche en festival, dando a conocer\nla alegr\u00eda de estar inmerso en una atmosfera espiritual, como expresi\u00f3n de\nconfianza y gratitud que Dios perdona sus pecados y recibiendo un nuevo a\u00f1o en\nel que se espera tener vida y buena salud.<\/p>\n","protected":false},"excerpt":{"rendered":"<p>La Celebraci\u00f3n del Yom Kippur inicia el martes 8 de octubre desde el atardecer, con oraci\u00f3n de apertura de \u201canulaci\u00f3n de votos\u201d de Kol Nidre que significa \u201cTodos los votos\u201d, es la m\u00e1s famosa de la ceremonia, consiste en una declaraci\u00f3n de las promesas que se realizan com\u00fanmente en el transcurso del a\u00f1o. Finalizando el [&hellip;]<\/p>\n","protected":false},"author":3,"featured_media":7186,"comment_status":"open","ping_status":"open","sticky":false,"template":"","format":"standard","meta":[],"categories":[56],"tags":[],"yoast_head":"<!-- This site is optimized with the Yoast SEO plugin v20.8 - https:\/\/yoast.com\/wordpress\/plugins\/seo\/ -->\n<title>Israel se paraliza durante 26 horas para pedir perd\u00f3n - La Prensa Cristiana<\/title>\n<meta name=\"robots\" content=\"index, follow, max-snippet:-1, max-image-preview:large, max-video-preview:-1\" \/>\n<link rel=\"canonical\" href=\"https:\/\/laprensacristiana.com\/?p=7185\" \/>\n<meta property=\"og:locale\" content=\"es_ES\" \/>\n<meta property=\"og:type\" content=\"article\" \/>\n<meta property=\"og:title\" content=\"Israel se paraliza durante 26 horas para pedir perd\u00f3n - La Prensa Cristiana\" \/>\n<meta property=\"og:description\" content=\"La Celebraci\u00f3n del Yom Kippur inicia el martes 8 de octubre desde el atardecer, con oraci\u00f3n de apertura de \u201canulaci\u00f3n de votos\u201d de Kol Nidre que significa \u201cTodos los votos\u201d, es la m\u00e1s famosa de la ceremonia, consiste en una declaraci\u00f3n de las promesas que se realizan com\u00fanmente en el transcurso del a\u00f1o. Finalizando el [&hellip;]\" \/>\n<meta property=\"og:url\" content=\"https:\/\/laprensacristiana.com\/?p=7185\" \/>\n<meta property=\"og:site_name\" content=\"La Prensa Cristiana\" \/>\n<meta property=\"article:published_time\" content=\"2019-10-08T21:06:00+00:00\" \/>\n<meta property=\"article:modified_time\" content=\"2019-10-08T21:06:03+00:00\" \/>\n<meta property=\"og:image\" content=\"https:\/\/laprensacristiana.com\/wp-content\/uploads\/2019\/10\/WhatsApp-Image-2019-10-08-at-15.04.43.jpeg\" \/>\n\t<meta property=\"og:image:width\" content=\"720\" \/>\n\t<meta property=\"og:image:height\" content=\"418\" \/>\n\t<meta property=\"og:image:type\" content=\"image\/jpeg\" \/>\n<meta name=\"author\" content=\"EDITOR\" \/>\n<meta name=\"twitter:card\" content=\"summary_large_image\" \/>\n<meta name=\"twitter:label1\" content=\"Escrito por\" \/>\n\t<meta name=\"twitter:data1\" content=\"EDITOR\" \/>\n\t<meta name=\"twitter:label2\" content=\"Tiempo de lectura\" \/>\n\t<meta name=\"twitter:data2\" content=\"2 minutos\" \/>\n<script type=\"application\/ld+json\" class=\"yoast-schema-graph\">{\"@context\":\"https:\/\/schema.org\",\"@graph\":[{\"@type\":\"WebPage\",\"@id\":\"https:\/\/laprensacristiana.com\/?p=7185\",\"url\":\"https:\/\/laprensacristiana.com\/?p=7185\",\"name\":\"Israel se paraliza durante 26 horas para pedir perd\u00f3n - La Prensa Cristiana\",\"isPartOf\":{\"@id\":\"https:\/\/laprensacristiana.com\/#website\"},\"datePublished\":\"2019-10-08T21:06:00+00:00\",\"dateModified\":\"2019-10-08T21:06:03+00:00\",\"author\":{\"@id\":\"https:\/\/laprensacristiana.com\/#\/schema\/person\/3e7d82c6bfd6b1fa67010f8f7cd5256e\"},\"breadcrumb\":{\"@id\":\"https:\/\/laprensacristiana.com\/?p=7185#breadcrumb\"},\"inLanguage\":\"es\",\"potentialAction\":[{\"@type\":\"ReadAction\",\"target\":[\"https:\/\/laprensacristiana.com\/?p=7185\"]}]},{\"@type\":\"BreadcrumbList\",\"@id\":\"https:\/\/laprensacristiana.com\/?p=7185#breadcrumb\",\"itemListElement\":[{\"@type\":\"ListItem\",\"position\":1,\"name\":\"Portada\",\"item\":\"https:\/\/laprensacristiana.com\/\"},{\"@type\":\"ListItem\",\"position\":2,\"name\":\"Israel se paraliza durante 26 horas para pedir perd\u00f3n\"}]},{\"@type\":\"WebSite\",\"@id\":\"https:\/\/laprensacristiana.com\/#website\",\"url\":\"https:\/\/laprensacristiana.com\/\",\"name\":\"La Prensa Cristiana\",\"description\":\"Anunciando Las Buenas Nuevas\",\"potentialAction\":[{\"@type\":\"SearchAction\",\"target\":{\"@type\":\"EntryPoint\",\"urlTemplate\":\"https:\/\/laprensacristiana.com\/?s={search_term_string}\"},\"query-input\":\"required name=search_term_string\"}],\"inLanguage\":\"es\"},{\"@type\":\"Person\",\"@id\":\"https:\/\/laprensacristiana.com\/#\/schema\/person\/3e7d82c6bfd6b1fa67010f8f7cd5256e\",\"name\":\"EDITOR\",\"image\":{\"@type\":\"ImageObject\",\"inLanguage\":\"es\",\"@id\":\"https:\/\/laprensacristiana.com\/#\/schema\/person\/image\/\",\"url\":\"https:\/\/secure.gravatar.com\/avatar\/72069dfb6c13772d9e8381e3638666d2?s=96&d=mm&r=g\",\"contentUrl\":\"https:\/\/secure.gravatar.com\/avatar\/72069dfb6c13772d9e8381e3638666d2?s=96&d=mm&r=g\",\"caption\":\"EDITOR\"},\"url\":\"https:\/\/laprensacristiana.com\/?author=3\"}]}<\/script>\n<!-- \/ Yoast SEO plugin. -->","yoast_head_json":{"title":"Israel se paraliza durante 26 horas para pedir perd\u00f3n - La Prensa Cristiana","robots":{"index":"index","follow":"follow","max-snippet":"max-snippet:-1","max-image-preview":"max-image-preview:large","max-video-preview":"max-video-preview:-1"},"canonical":"https:\/\/laprensacristiana.com\/?p=7185","og_locale":"es_ES","og_type":"article","og_title":"Israel se paraliza durante 26 horas para pedir perd\u00f3n - La Prensa Cristiana","og_description":"La Celebraci\u00f3n del Yom Kippur inicia el martes 8 de octubre desde el atardecer, con oraci\u00f3n de apertura de \u201canulaci\u00f3n de votos\u201d de Kol Nidre que significa \u201cTodos los votos\u201d, es la m\u00e1s famosa de la ceremonia, consiste en una declaraci\u00f3n de las promesas que se realizan com\u00fanmente en el transcurso del a\u00f1o. Finalizando el [&hellip;]","og_url":"https:\/\/laprensacristiana.com\/?p=7185","og_site_name":"La Prensa Cristiana","article_published_time":"2019-10-08T21:06:00+00:00","article_modified_time":"2019-10-08T21:06:03+00:00","og_image":[{"width":720,"height":418,"url":"https:\/\/laprensacristiana.com\/wp-content\/uploads\/2019\/10\/WhatsApp-Image-2019-10-08-at-15.04.43.jpeg","type":"image\/jpeg"}],"author":"EDITOR","twitter_card":"summary_large_image","twitter_misc":{"Escrito por":"EDITOR","Tiempo de lectura":"2 minutos"},"schema":{"@context":"https:\/\/schema.org","@graph":[{"@type":"WebPage","@id":"https:\/\/laprensacristiana.com\/?p=7185","url":"https:\/\/laprensacristiana.com\/?p=7185","name":"Israel se paraliza durante 26 horas para pedir perd\u00f3n - La Prensa Cristiana","isPartOf":{"@id":"https:\/\/laprensacristiana.com\/#website"},"datePublished":"2019-10-08T21:06:00+00:00","dateModified":"2019-10-08T21:06:03+00:00","author":{"@id":"https:\/\/laprensacristiana.com\/#\/schema\/person\/3e7d82c6bfd6b1fa67010f8f7cd5256e"},"breadcrumb":{"@id":"https:\/\/laprensacristiana.com\/?p=7185#breadcrumb"},"inLanguage":"es","potentialAction":[{"@type":"ReadAction","target":["https:\/\/laprensacristiana.com\/?p=7185"]}]},{"@type":"BreadcrumbList","@id":"https:\/\/laprensacristiana.com\/?p=7185#breadcrumb","itemListElement":[{"@type":"ListItem","position":1,"name":"Portada","item":"https:\/\/laprensacristiana.com\/"},{"@type":"ListItem","position":2,"name":"Israel se paraliza durante 26 horas para pedir perd\u00f3n"}]},{"@type":"WebSite","@id":"https:\/\/laprensacristiana.com\/#website","url":"https:\/\/laprensacristiana.com\/","name":"La Prensa Cristiana","description":"Anunciando Las Buenas Nuevas","potentialAction":[{"@type":"SearchAction","target":{"@type":"EntryPoint","urlTemplate":"https:\/\/laprensacristiana.com\/?s={search_term_string}"},"query-input":"required name=search_term_string"}],"inLanguage":"es"},{"@type":"Person","@id":"https:\/\/laprensacristiana.com\/#\/schema\/person\/3e7d82c6bfd6b1fa67010f8f7cd5256e","name":"EDITOR","image":{"@type":"ImageObject","inLanguage":"es","@id":"https:\/\/laprensacristiana.com\/#\/schema\/person\/image\/","url":"https:\/\/secure.gravatar.com\/avatar\/72069dfb6c13772d9e8381e3638666d2?s=96&d=mm&r=g","contentUrl":"https:\/\/secure.gravatar.com\/avatar\/72069dfb6c13772d9e8381e3638666d2?s=96&d=mm&r=g","caption":"EDITOR"},"url":"https:\/\/laprensacristiana.com\/?author=3"}]}},"_links":{"self":[{"href":"https:\/\/laprensacristiana.com\/index.php?rest_route=\/wp\/v2\/posts\/7185"}],"collection":[{"href":"https:\/\/laprensacristiana.com\/index.php?rest_route=\/wp\/v2\/posts"}],"about":[{"href":"https:\/\/laprensacristiana.com\/index.php?rest_route=\/wp\/v2\/types\/post"}],"author":[{"embeddable":true,"href":"https:\/\/laprensacristiana.com\/index.php?rest_route=\/wp\/v2\/users\/3"}],"replies":[{"embeddable":true,"href":"https:\/\/laprensacristiana.com\/index.php?rest_route=%2Fwp%2Fv2%2Fcomments&post=7185"}],"version-history":[{"count":1,"href":"https:\/\/laprensacristiana.com\/index.php?rest_route=\/wp\/v2\/posts\/7185\/revisions"}],"predecessor-version":[{"id":7187,"href":"https:\/\/laprensacristiana.com\/index.php?rest_route=\/wp\/v2\/posts\/7185\/revisions\/7187"}],"wp:featuredmedia":[{"embeddable":true,"href":"https:\/\/laprensacristiana.com\/index.php?rest_route=\/wp\/v2\/media\/7186"}],"wp:attachment":[{"href":"https:\/\/laprensacristiana.com\/index.php?rest_route=%2Fwp%2Fv2%2Fmedia&parent=7185"}],"wp:term":[{"taxonomy":"category","embeddable":true,"href":"https:\/\/laprensacristiana.com\/index.php?rest_route=%2Fwp%2Fv2%2Fcategories&post=7185"},{"taxonomy":"post_tag","embeddable":true,"href":"https:\/\/laprensacristiana.com\/index.php?rest_route=%2Fwp%2Fv2%2Ftags&post=7185"}],"curies":[{"name":"wp","href":"https:\/\/api.w.org\/{rel}","templated":true}]}}