{"id":7188,"date":"2019-10-09T17:11:59","date_gmt":"2019-10-09T17:11:59","guid":{"rendered":"https:\/\/laprensacristiana.com\/?p=7188"},"modified":"2019-10-09T17:12:02","modified_gmt":"2019-10-09T17:12:02","slug":"caminando-despacio-pero-con-prisa","status":"publish","type":"post","link":"https:\/\/laprensacristiana.com\/?p=7188","title":{"rendered":"\u201cCaminando despacio pero con prisa\u201d"},"content":{"rendered":"\n<p>2\nTimoteo 2:5&nbsp;Reina-Valera 1960 (RVR1960)<\/p>\n\n\n\n<p><strong><sup>5&nbsp;<\/sup><\/strong>Y tambi\u00e9n el que lucha como atleta, no es coronado si no lucha\nleg\u00edtimamente.<\/p>\n\n\n\n<p>En el 2012\ninicie un camino diferente en mi vida, despu\u00e9s de haber vivido muchos procesos,\nDios en su inmensa misericordia me devolvi\u00f3 la identidad como hija, pero ya\ncomo una hija de Dios, a quien llamo Pap\u00e1, para ese entonces ya hab\u00eda sido\nentrenada en lo secular en la realizaci\u00f3n de proyectos sociales, y enamorada\ntotalmente de pap\u00e1 comenc\u00e9 a poner en pr\u00e1ctica lo aprendido, mi mayor\naprendizaje fue &nbsp;en mujeres de valor,\npuente el cual Dios utilizo para mostrarme su amor. <\/p>\n\n\n\n<p>Comenc\u00e9 la\ncarrera ministerial con mucho entusiasmo y amor, todo flu\u00eda porque hab\u00eda sido\nentrenada para hacerlo, &nbsp;fue as\u00ed que\ncomenc\u00e9 a caminar despacio pero con prisa, porque entend\u00ed que ya no ten\u00eda\ntiempo para perder el tiempo, y el dolor en el humano no distingue religi\u00f3n,\nedad, fronteras, no hace acepci\u00f3n de personas<\/p>\n\n\n\n<p>S\u00e9 que la\nfrase de este cafecito suena redundante despacio pero con prisa. La mejor manera de apresurarse es hacer las\ncosas con el cuidado que necesitan de forma que podamos avanzar sobre seguro.\nEl refr\u00e1n refleja la inconveniencia del apresuramiento cuando tenemos&nbsp;prisa&nbsp;puesto que sin duda nos\nllevar\u00e1 a errores indeseables, que nos retrasar\u00e1n m\u00e1s a\u00fan.<\/p>\n\n\n\n<p>Caminando despacio que tengo prisa. &nbsp;Siempre viene a mi mente la \u00e9poca de mi\njuventud, en la cual tuve el privilegio de pertenecer a la selecci\u00f3n de Basket\nBall en el colegio que estudie y ten\u00eda un entrenador que siempre me dec\u00eda que\npara pivotear es f\u00e1cil un giro del cuerpo, moviendo un pie en una o varias\ndirecciones mientras que el otro pie o sea el pivote se mantiene sobre un punto\nen contacto con la cancha. <\/p>\n\n\n\n<p>&nbsp;\u201cNo siempre tienes los pies\nperfectamente posicionados para comenzar una carrera cuando te llega el bal\u00f3n;\na veces es necesario pivotar.\u201d<\/p>\n\n\n\n<p>\u00bfQu\u00e9 hacer entonces? &nbsp;<strong>Sacude tu presente<\/strong>.\nHaz un esfuerzo por dejar atr\u00e1s la par\u00e1lisis de la indecisi\u00f3n, toma acci\u00f3n y\nmu\u00e9vete, pero enfocada. Investiga tus intereses e invol\u00facrate en algo distinto\ny desafiante para ti. Abre tu mente y posici\u00f3nate fuera de tu zona de confort.\nConseguir\u00e1s probarte a ti mismo en diferentes situaciones, y conocer c\u00f3mo\nfunciona tu cerebro.<\/p>\n\n\n\n<p>En todo lo que ahora emprendo trato de hacerlo de manera autentica sin\ncopiar a nadie, sino lo que Pap\u00e1 me va instruyendo sin quitar el pie o sea el\npivoteo, que es presentar a Jes\u00fas como nuestro \u00fanico Se\u00f1or, sin importar mi\npasado e incluso mi presente. <\/p>\n\n\n\n<p>Sacudiendo ramas acabar\u00e1s encontrando un camino que\nprobablemente ni eras consciente de lo cerca que estaba de ti, y una vez lo\nhalles todo ser\u00e1 distinto en cuanto comiences a seguir esta&nbsp;<em>senda<\/em>.<\/p>\n\n\n\n<p>En medio de la adversidad y errores que cometo, eso no me desenfoca en\nponer un pie delante del otro y mirar siempre al frente con la mirada colocada\nen el punto blanco que es Jes\u00fas, camino erguida luchando\ncomo atleta, pero luchando leg\u00edtimamente, sin ver a los lados ni haciendo\nimitaciones, menos emitiendo juicios o habladur\u00edas de los dem\u00e1s, porque eso lo\n\u00fanico que hace es quitarme el tiempo y todo se hace lento, porque a cada quien\nDios nos da lo que debemos hacer para cumplir el prop\u00f3sito para el cual \u00c9l nos\nha dado la vida. Sabiendo que el pasado qued\u00f3 lejos, que el presente\nes hoy y hay un futuro lleno de ilusiones y sonrisas que se vuelven permanentes\ncon el pasar del tiempo.&nbsp;<\/p>\n\n\n\n<p>Camino despacio pero con prisa para llegar m\u00e1s pronto a la meta con un\ntrabajo aut\u00e9ntico y bien hecho, con excelencia y sin ruido, con el \u00fanico fin de\nagradar a Dios.<\/p>\n\n\n\n<p>Cuando quiero que las cosas salgan bien hay que hacerlas con\nla paciencia y el cuidado que merecen, por eso si tenemos prisa hemos de\nprestar atenci\u00f3n (ir despacio) para que las cosas salgan bien y que no por el\napresuramiento tengamos que volver a comenzar o cometamos fallos de importancia\nque invaliden la faena hecha.<\/p>\n\n\n\n<p>El prop\u00f3sito de esta columna es que te pueda servir\ncuando al leerla puedas encontrar el enfoque que t\u00fa necesitas.\nSacude tu presente para cambiar tu situaci\u00f3n actual, y encuentra tu\npropio&nbsp;<em>enfoque&nbsp;<\/em>personal, deja de\nimitar modelos que Dios no te ha mandado hacer y que al final haces y salen\nbien porque es para Dios pero lo m\u00e1s seguro es que si estas imitando ese no es\ntu prop\u00f3sito, porque eres \u00fanico, ya que ni las huellas dactilares de nuestros\ndedos son igual a las de nadie<em>.&nbsp;<\/em>Nunca\ndeval\u00faes todo lo que haz conseguido\nhasta ahora; simplemente&nbsp;<strong>pivot<\/strong><strong>ea<\/strong><strong>&nbsp;<\/strong>y reconduce\ntu vida, sin importar cu\u00e1l sea tu edad o lo que has pasado porque puedo decirte\nque: \u201cSi paso pero\u2026ya paso y no pasa nada solo sigue adelante\u201d.<\/p>\n\n\n\n<p><strong><em>#CuandoDiosNosDaUnaPromesaSuPalabraEsNuestraGarant\u00eda\u201d.<\/em><\/strong><\/p>\n\n\n\n<figure class=\"wp-block-image\"><img decoding=\"async\" loading=\"lazy\" width=\"464\" height=\"460\" src=\"https:\/\/laprensacristiana.com\/wp-content\/uploads\/2019\/10\/CAFECON-JESUS.jpg\" alt=\"\" class=\"wp-image-7189\" srcset=\"https:\/\/laprensacristiana.com\/wp-content\/uploads\/2019\/10\/CAFECON-JESUS.jpg 464w, https:\/\/laprensacristiana.com\/wp-content\/uploads\/2019\/10\/CAFECON-JESUS-100x100.jpg 100w, https:\/\/laprensacristiana.com\/wp-content\/uploads\/2019\/10\/CAFECON-JESUS-150x150.jpg 150w, https:\/\/laprensacristiana.com\/wp-content\/uploads\/2019\/10\/CAFECON-JESUS-300x297.jpg 300w, https:\/\/laprensacristiana.com\/wp-content\/uploads\/2019\/10\/CAFECON-JESUS-424x420.jpg 424w\" sizes=\"(max-width: 464px) 100vw, 464px\" \/><\/figure>\n\n\n\n<p><strong><em>Licda. Claudia Guill\u00e9n<\/em><\/strong><\/p>\n\n\n\n<p><strong><em>Fundadora del Ministerio Internacional<\/em><\/strong><\/p>\n\n\n\n<p><strong><em>\u201cMi Cafecito con Jes\u00fas\u201d<\/em><\/strong><\/p>\n\n\n\n<p><strong><em>Escritora del libro:<\/em><\/strong><strong><em>\u201cOrdenando los juguetes tirados\u201d<\/em><\/strong><\/p>\n","protected":false},"excerpt":{"rendered":"<p>2 Timoteo 2:5&nbsp;Reina-Valera 1960 (RVR1960) 5&nbsp;Y tambi\u00e9n el que lucha como atleta, no es coronado si no lucha leg\u00edtimamente. En el 2012 inicie un camino diferente en mi vida, despu\u00e9s de haber vivido muchos procesos, Dios en su inmensa misericordia me devolvi\u00f3 la identidad como hija, pero ya como una hija de Dios, a quien [&hellip;]<\/p>\n","protected":false},"author":3,"featured_media":6649,"comment_status":"open","ping_status":"open","sticky":false,"template":"","format":"standard","meta":[],"categories":[71],"tags":[],"yoast_head":"<!-- This site is optimized with the Yoast SEO plugin v20.8 - https:\/\/yoast.com\/wordpress\/plugins\/seo\/ -->\n<title>\u201cCaminando despacio pero con prisa\u201d - La Prensa Cristiana<\/title>\n<meta name=\"robots\" content=\"index, follow, max-snippet:-1, max-image-preview:large, max-video-preview:-1\" \/>\n<link rel=\"canonical\" href=\"https:\/\/laprensacristiana.com\/?p=7188\" \/>\n<meta property=\"og:locale\" content=\"es_ES\" \/>\n<meta property=\"og:type\" content=\"article\" \/>\n<meta property=\"og:title\" content=\"\u201cCaminando despacio pero con prisa\u201d - La Prensa Cristiana\" \/>\n<meta property=\"og:description\" content=\"2 Timoteo 2:5&nbsp;Reina-Valera 1960 (RVR1960) 5&nbsp;Y tambi\u00e9n el que lucha como atleta, no es coronado si no lucha leg\u00edtimamente. En el 2012 inicie un camino diferente en mi vida, despu\u00e9s de haber vivido muchos procesos, Dios en su inmensa misericordia me devolvi\u00f3 la identidad como hija, pero ya como una hija de Dios, a quien [&hellip;]\" \/>\n<meta property=\"og:url\" content=\"https:\/\/laprensacristiana.com\/?p=7188\" \/>\n<meta property=\"og:site_name\" content=\"La Prensa Cristiana\" \/>\n<meta property=\"article:published_time\" content=\"2019-10-09T17:11:59+00:00\" \/>\n<meta property=\"article:modified_time\" content=\"2019-10-09T17:12:02+00:00\" \/>\n<meta property=\"og:image\" content=\"https:\/\/laprensacristiana.com\/wp-content\/uploads\/2019\/09\/WhatsApp-Image-2019-09-20-at-10.11.58.jpeg\" \/>\n\t<meta property=\"og:image:width\" content=\"1280\" \/>\n\t<meta property=\"og:image:height\" content=\"647\" \/>\n\t<meta property=\"og:image:type\" content=\"image\/jpeg\" \/>\n<meta name=\"author\" content=\"EDITOR\" \/>\n<meta name=\"twitter:card\" content=\"summary_large_image\" \/>\n<meta name=\"twitter:label1\" content=\"Escrito por\" \/>\n\t<meta name=\"twitter:data1\" content=\"EDITOR\" \/>\n\t<meta name=\"twitter:label2\" content=\"Tiempo de lectura\" \/>\n\t<meta name=\"twitter:data2\" content=\"4 minutos\" \/>\n<script type=\"application\/ld+json\" class=\"yoast-schema-graph\">{\"@context\":\"https:\/\/schema.org\",\"@graph\":[{\"@type\":\"WebPage\",\"@id\":\"https:\/\/laprensacristiana.com\/?p=7188\",\"url\":\"https:\/\/laprensacristiana.com\/?p=7188\",\"name\":\"\u201cCaminando despacio pero con prisa\u201d - La Prensa Cristiana\",\"isPartOf\":{\"@id\":\"https:\/\/laprensacristiana.com\/#website\"},\"datePublished\":\"2019-10-09T17:11:59+00:00\",\"dateModified\":\"2019-10-09T17:12:02+00:00\",\"author\":{\"@id\":\"https:\/\/laprensacristiana.com\/#\/schema\/person\/3e7d82c6bfd6b1fa67010f8f7cd5256e\"},\"breadcrumb\":{\"@id\":\"https:\/\/laprensacristiana.com\/?p=7188#breadcrumb\"},\"inLanguage\":\"es\",\"potentialAction\":[{\"@type\":\"ReadAction\",\"target\":[\"https:\/\/laprensacristiana.com\/?p=7188\"]}]},{\"@type\":\"BreadcrumbList\",\"@id\":\"https:\/\/laprensacristiana.com\/?p=7188#breadcrumb\",\"itemListElement\":[{\"@type\":\"ListItem\",\"position\":1,\"name\":\"Portada\",\"item\":\"https:\/\/laprensacristiana.com\/\"},{\"@type\":\"ListItem\",\"position\":2,\"name\":\"\u201cCaminando despacio pero con prisa\u201d\"}]},{\"@type\":\"WebSite\",\"@id\":\"https:\/\/laprensacristiana.com\/#website\",\"url\":\"https:\/\/laprensacristiana.com\/\",\"name\":\"La Prensa Cristiana\",\"description\":\"Anunciando Las Buenas Nuevas\",\"potentialAction\":[{\"@type\":\"SearchAction\",\"target\":{\"@type\":\"EntryPoint\",\"urlTemplate\":\"https:\/\/laprensacristiana.com\/?s={search_term_string}\"},\"query-input\":\"required name=search_term_string\"}],\"inLanguage\":\"es\"},{\"@type\":\"Person\",\"@id\":\"https:\/\/laprensacristiana.com\/#\/schema\/person\/3e7d82c6bfd6b1fa67010f8f7cd5256e\",\"name\":\"EDITOR\",\"image\":{\"@type\":\"ImageObject\",\"inLanguage\":\"es\",\"@id\":\"https:\/\/laprensacristiana.com\/#\/schema\/person\/image\/\",\"url\":\"https:\/\/secure.gravatar.com\/avatar\/72069dfb6c13772d9e8381e3638666d2?s=96&d=mm&r=g\",\"contentUrl\":\"https:\/\/secure.gravatar.com\/avatar\/72069dfb6c13772d9e8381e3638666d2?s=96&d=mm&r=g\",\"caption\":\"EDITOR\"},\"url\":\"https:\/\/laprensacristiana.com\/?author=3\"}]}<\/script>\n<!-- \/ Yoast SEO plugin. -->","yoast_head_json":{"title":"\u201cCaminando despacio pero con prisa\u201d - La Prensa Cristiana","robots":{"index":"index","follow":"follow","max-snippet":"max-snippet:-1","max-image-preview":"max-image-preview:large","max-video-preview":"max-video-preview:-1"},"canonical":"https:\/\/laprensacristiana.com\/?p=7188","og_locale":"es_ES","og_type":"article","og_title":"\u201cCaminando despacio pero con prisa\u201d - La Prensa Cristiana","og_description":"2 Timoteo 2:5&nbsp;Reina-Valera 1960 (RVR1960) 5&nbsp;Y tambi\u00e9n el que lucha como atleta, no es coronado si no lucha leg\u00edtimamente. En el 2012 inicie un camino diferente en mi vida, despu\u00e9s de haber vivido muchos procesos, Dios en su inmensa misericordia me devolvi\u00f3 la identidad como hija, pero ya como una hija de Dios, a quien [&hellip;]","og_url":"https:\/\/laprensacristiana.com\/?p=7188","og_site_name":"La Prensa Cristiana","article_published_time":"2019-10-09T17:11:59+00:00","article_modified_time":"2019-10-09T17:12:02+00:00","og_image":[{"width":1280,"height":647,"url":"https:\/\/laprensacristiana.com\/wp-content\/uploads\/2019\/09\/WhatsApp-Image-2019-09-20-at-10.11.58.jpeg","type":"image\/jpeg"}],"author":"EDITOR","twitter_card":"summary_large_image","twitter_misc":{"Escrito por":"EDITOR","Tiempo de lectura":"4 minutos"},"schema":{"@context":"https:\/\/schema.org","@graph":[{"@type":"WebPage","@id":"https:\/\/laprensacristiana.com\/?p=7188","url":"https:\/\/laprensacristiana.com\/?p=7188","name":"\u201cCaminando despacio pero con prisa\u201d - La Prensa Cristiana","isPartOf":{"@id":"https:\/\/laprensacristiana.com\/#website"},"datePublished":"2019-10-09T17:11:59+00:00","dateModified":"2019-10-09T17:12:02+00:00","author":{"@id":"https:\/\/laprensacristiana.com\/#\/schema\/person\/3e7d82c6bfd6b1fa67010f8f7cd5256e"},"breadcrumb":{"@id":"https:\/\/laprensacristiana.com\/?p=7188#breadcrumb"},"inLanguage":"es","potentialAction":[{"@type":"ReadAction","target":["https:\/\/laprensacristiana.com\/?p=7188"]}]},{"@type":"BreadcrumbList","@id":"https:\/\/laprensacristiana.com\/?p=7188#breadcrumb","itemListElement":[{"@type":"ListItem","position":1,"name":"Portada","item":"https:\/\/laprensacristiana.com\/"},{"@type":"ListItem","position":2,"name":"\u201cCaminando despacio pero con prisa\u201d"}]},{"@type":"WebSite","@id":"https:\/\/laprensacristiana.com\/#website","url":"https:\/\/laprensacristiana.com\/","name":"La Prensa Cristiana","description":"Anunciando Las Buenas Nuevas","potentialAction":[{"@type":"SearchAction","target":{"@type":"EntryPoint","urlTemplate":"https:\/\/laprensacristiana.com\/?s={search_term_string}"},"query-input":"required name=search_term_string"}],"inLanguage":"es"},{"@type":"Person","@id":"https:\/\/laprensacristiana.com\/#\/schema\/person\/3e7d82c6bfd6b1fa67010f8f7cd5256e","name":"EDITOR","image":{"@type":"ImageObject","inLanguage":"es","@id":"https:\/\/laprensacristiana.com\/#\/schema\/person\/image\/","url":"https:\/\/secure.gravatar.com\/avatar\/72069dfb6c13772d9e8381e3638666d2?s=96&d=mm&r=g","contentUrl":"https:\/\/secure.gravatar.com\/avatar\/72069dfb6c13772d9e8381e3638666d2?s=96&d=mm&r=g","caption":"EDITOR"},"url":"https:\/\/laprensacristiana.com\/?author=3"}]}},"_links":{"self":[{"href":"https:\/\/laprensacristiana.com\/index.php?rest_route=\/wp\/v2\/posts\/7188"}],"collection":[{"href":"https:\/\/laprensacristiana.com\/index.php?rest_route=\/wp\/v2\/posts"}],"about":[{"href":"https:\/\/laprensacristiana.com\/index.php?rest_route=\/wp\/v2\/types\/post"}],"author":[{"embeddable":true,"href":"https:\/\/laprensacristiana.com\/index.php?rest_route=\/wp\/v2\/users\/3"}],"replies":[{"embeddable":true,"href":"https:\/\/laprensacristiana.com\/index.php?rest_route=%2Fwp%2Fv2%2Fcomments&post=7188"}],"version-history":[{"count":1,"href":"https:\/\/laprensacristiana.com\/index.php?rest_route=\/wp\/v2\/posts\/7188\/revisions"}],"predecessor-version":[{"id":7190,"href":"https:\/\/laprensacristiana.com\/index.php?rest_route=\/wp\/v2\/posts\/7188\/revisions\/7190"}],"wp:featuredmedia":[{"embeddable":true,"href":"https:\/\/laprensacristiana.com\/index.php?rest_route=\/wp\/v2\/media\/6649"}],"wp:attachment":[{"href":"https:\/\/laprensacristiana.com\/index.php?rest_route=%2Fwp%2Fv2%2Fmedia&parent=7188"}],"wp:term":[{"taxonomy":"category","embeddable":true,"href":"https:\/\/laprensacristiana.com\/index.php?rest_route=%2Fwp%2Fv2%2Fcategories&post=7188"},{"taxonomy":"post_tag","embeddable":true,"href":"https:\/\/laprensacristiana.com\/index.php?rest_route=%2Fwp%2Fv2%2Ftags&post=7188"}],"curies":[{"name":"wp","href":"https:\/\/api.w.org\/{rel}","templated":true}]}}