{"id":7199,"date":"2019-10-13T01:03:59","date_gmt":"2019-10-13T01:03:59","guid":{"rendered":"https:\/\/laprensacristiana.com\/?p=7199"},"modified":"2019-10-13T01:04:03","modified_gmt":"2019-10-13T01:04:03","slug":"radio-uncion-de-lo-alto-98-1-cumple-5-anos","status":"publish","type":"post","link":"https:\/\/laprensacristiana.com\/?p=7199","title":{"rendered":"Radio Unci\u00f3n de lo Alto 98.1 cumple 5 a\u00f1os"},"content":{"rendered":"\n<p>La Radio Unci\u00f3n de lo Alto 98.1\nFM, con cobertura para la zona norte, localizada en Aguilares, celebr\u00f3 este s\u00e1bado\nsus 5 a\u00f1os de estar al aire, con una actividad en el parque central realizaron un\nevento de acci\u00f3n de gracias a Dios y a su audiencia que les brinda su respaldo\ncon la sinton\u00eda d\u00eda con d\u00eda. <\/p>\n\n\n\n<p>El acto fue conducido por el\nsalmista Victor Emanuel e Ileana Ro\u00f1ac directora de la radio, &nbsp;con diferentes participaciones musicales entre\nlas que destacan el ministerio de alabanza Innovaci\u00f3n Celestial, Esmeralda de P\u00e9rez,\nPablo Rosales, Ana Mor\u00e1n (desde Guatemala), &nbsp;Ministerio de Danza Fuego de Yhave.<\/p>\n\n\n\n<p>En el evento realizaron rifas y\nregalos a los asistentes y contaron con la presencia de diferentes iglesias y\npersonalidades del municipio, entre ellos el alcalde de Aguilares Juan Armando\nGuardado, quien en su intervenci\u00f3n externo su respaldo a dicho medio de\ncomunicaci\u00f3n \u201cLes felicitamos por estos 5 a\u00f1os de estar fungiendo como Radio\nUnci\u00f3n de lo Alto , consientes que es una radio que est\u00e1 llevando el mensaje a\ntoda creatura donde tiene cobertura, yo en lo personal siempre he estado presto\na ver qu\u00e9 puedo hacer por la radio para que siga en esta funci\u00f3n tan sana\u201d\nexpres\u00f3 el alcalde Guardado<\/p>\n\n\n\n<p>En la celebraci\u00f3n oraron por quienes\nforman parte de este medio de comunicaci\u00f3n radial, directora, staff de\nlocutores y \u00e1rea administrativa que hacen posible la producci\u00f3n y transmisi\u00f3n. <\/p>\n\n\n\n<p>La radio fue fundada por el\npastor Sa\u00fal Gald\u00e1mez quien parti\u00f3 a la presencia del Se\u00f1or a\u00f1os atr\u00e1s y ha sido\nsu hijo el pastor Elmer Gald\u00e1mez quien ha continuado fielmente la visi\u00f3n, a su\nvez fue el encargado de la reflexi\u00f3n en el evento \u201cNuestro deseo es que Jes\u00fas\nsea glorificado, el deseo es que el Se\u00f1or toque corazones, que Jes\u00fas traiga un\ncambio a la familia\u201d concluy\u00f3 el presidente de la Radio, pastor Elmer Gald\u00e1mez.<\/p>\n\n\n\n<p>Puede sintonizarles en Aguilares a trav\u00e9s del 98.1 FM del dial o en Facebook como: Radio Unci\u00f3n 98.1 Fm <\/p>\n\n\n\n<figure class=\"wp-block-image\"><img decoding=\"async\" loading=\"lazy\" width=\"1024\" height=\"573\" src=\"https:\/\/laprensacristiana.com\/wp-content\/uploads\/2019\/10\/72068768_424098848291133_4565588697080135680_n-1024x573.jpg\" alt=\"\" class=\"wp-image-7201\" srcset=\"https:\/\/laprensacristiana.com\/wp-content\/uploads\/2019\/10\/72068768_424098848291133_4565588697080135680_n-1024x573.jpg 1024w, https:\/\/laprensacristiana.com\/wp-content\/uploads\/2019\/10\/72068768_424098848291133_4565588697080135680_n-600x336.jpg 600w, https:\/\/laprensacristiana.com\/wp-content\/uploads\/2019\/10\/72068768_424098848291133_4565588697080135680_n-300x168.jpg 300w, https:\/\/laprensacristiana.com\/wp-content\/uploads\/2019\/10\/72068768_424098848291133_4565588697080135680_n-768x430.jpg 768w, https:\/\/laprensacristiana.com\/wp-content\/uploads\/2019\/10\/72068768_424098848291133_4565588697080135680_n-696x390.jpg 696w, https:\/\/laprensacristiana.com\/wp-content\/uploads\/2019\/10\/72068768_424098848291133_4565588697080135680_n-1068x598.jpg 1068w, https:\/\/laprensacristiana.com\/wp-content\/uploads\/2019\/10\/72068768_424098848291133_4565588697080135680_n-750x420.jpg 750w, https:\/\/laprensacristiana.com\/wp-content\/uploads\/2019\/10\/72068768_424098848291133_4565588697080135680_n.jpg 1272w\" sizes=\"(max-width: 1024px) 100vw, 1024px\" \/><\/figure>\n","protected":false},"excerpt":{"rendered":"<p>La Radio Unci\u00f3n de lo Alto 98.1 FM, con cobertura para la zona norte, localizada en Aguilares, celebr\u00f3 este s\u00e1bado sus 5 a\u00f1os de estar al aire, con una actividad en el parque central realizaron un evento de acci\u00f3n de gracias a Dios y a su audiencia que les brinda su respaldo con la sinton\u00eda [&hellip;]<\/p>\n","protected":false},"author":3,"featured_media":7200,"comment_status":"open","ping_status":"open","sticky":false,"template":"","format":"standard","meta":[],"categories":[56],"tags":[],"yoast_head":"<!-- This site is optimized with the Yoast SEO plugin v20.8 - https:\/\/yoast.com\/wordpress\/plugins\/seo\/ -->\n<title>Radio Unci\u00f3n de lo Alto 98.1 cumple 5 a\u00f1os - La Prensa Cristiana<\/title>\n<meta name=\"robots\" content=\"index, follow, max-snippet:-1, max-image-preview:large, max-video-preview:-1\" \/>\n<link rel=\"canonical\" href=\"https:\/\/laprensacristiana.com\/?p=7199\" \/>\n<meta property=\"og:locale\" content=\"es_ES\" \/>\n<meta property=\"og:type\" content=\"article\" \/>\n<meta property=\"og:title\" content=\"Radio Unci\u00f3n de lo Alto 98.1 cumple 5 a\u00f1os - La Prensa Cristiana\" \/>\n<meta property=\"og:description\" content=\"La Radio Unci\u00f3n de lo Alto 98.1 FM, con cobertura para la zona norte, localizada en Aguilares, celebr\u00f3 este s\u00e1bado sus 5 a\u00f1os de estar al aire, con una actividad en el parque central realizaron un evento de acci\u00f3n de gracias a Dios y a su audiencia que les brinda su respaldo con la sinton\u00eda [&hellip;]\" \/>\n<meta property=\"og:url\" content=\"https:\/\/laprensacristiana.com\/?p=7199\" \/>\n<meta property=\"og:site_name\" content=\"La Prensa Cristiana\" \/>\n<meta property=\"article:published_time\" content=\"2019-10-13T01:03:59+00:00\" \/>\n<meta property=\"article:modified_time\" content=\"2019-10-13T01:04:03+00:00\" \/>\n<meta property=\"og:image\" content=\"https:\/\/laprensacristiana.com\/wp-content\/uploads\/2019\/10\/72674688_713754492457445_6515922492811378688_n.jpg\" \/>\n\t<meta property=\"og:image:width\" content=\"1276\" \/>\n\t<meta property=\"og:image:height\" content=\"720\" \/>\n\t<meta property=\"og:image:type\" content=\"image\/jpeg\" \/>\n<meta name=\"author\" content=\"EDITOR\" \/>\n<meta name=\"twitter:card\" content=\"summary_large_image\" \/>\n<meta name=\"twitter:label1\" content=\"Escrito por\" \/>\n\t<meta name=\"twitter:data1\" content=\"EDITOR\" \/>\n\t<meta name=\"twitter:label2\" content=\"Tiempo de lectura\" \/>\n\t<meta name=\"twitter:data2\" content=\"2 minutos\" \/>\n<script type=\"application\/ld+json\" class=\"yoast-schema-graph\">{\"@context\":\"https:\/\/schema.org\",\"@graph\":[{\"@type\":\"WebPage\",\"@id\":\"https:\/\/laprensacristiana.com\/?p=7199\",\"url\":\"https:\/\/laprensacristiana.com\/?p=7199\",\"name\":\"Radio Unci\u00f3n de lo Alto 98.1 cumple 5 a\u00f1os - La Prensa Cristiana\",\"isPartOf\":{\"@id\":\"https:\/\/laprensacristiana.com\/#website\"},\"datePublished\":\"2019-10-13T01:03:59+00:00\",\"dateModified\":\"2019-10-13T01:04:03+00:00\",\"author\":{\"@id\":\"https:\/\/laprensacristiana.com\/#\/schema\/person\/3e7d82c6bfd6b1fa67010f8f7cd5256e\"},\"breadcrumb\":{\"@id\":\"https:\/\/laprensacristiana.com\/?p=7199#breadcrumb\"},\"inLanguage\":\"es\",\"potentialAction\":[{\"@type\":\"ReadAction\",\"target\":[\"https:\/\/laprensacristiana.com\/?p=7199\"]}]},{\"@type\":\"BreadcrumbList\",\"@id\":\"https:\/\/laprensacristiana.com\/?p=7199#breadcrumb\",\"itemListElement\":[{\"@type\":\"ListItem\",\"position\":1,\"name\":\"Portada\",\"item\":\"https:\/\/laprensacristiana.com\/\"},{\"@type\":\"ListItem\",\"position\":2,\"name\":\"Radio Unci\u00f3n de lo Alto 98.1 cumple 5 a\u00f1os\"}]},{\"@type\":\"WebSite\",\"@id\":\"https:\/\/laprensacristiana.com\/#website\",\"url\":\"https:\/\/laprensacristiana.com\/\",\"name\":\"La Prensa Cristiana\",\"description\":\"Anunciando Las Buenas Nuevas\",\"potentialAction\":[{\"@type\":\"SearchAction\",\"target\":{\"@type\":\"EntryPoint\",\"urlTemplate\":\"https:\/\/laprensacristiana.com\/?s={search_term_string}\"},\"query-input\":\"required name=search_term_string\"}],\"inLanguage\":\"es\"},{\"@type\":\"Person\",\"@id\":\"https:\/\/laprensacristiana.com\/#\/schema\/person\/3e7d82c6bfd6b1fa67010f8f7cd5256e\",\"name\":\"EDITOR\",\"image\":{\"@type\":\"ImageObject\",\"inLanguage\":\"es\",\"@id\":\"https:\/\/laprensacristiana.com\/#\/schema\/person\/image\/\",\"url\":\"https:\/\/secure.gravatar.com\/avatar\/72069dfb6c13772d9e8381e3638666d2?s=96&d=mm&r=g\",\"contentUrl\":\"https:\/\/secure.gravatar.com\/avatar\/72069dfb6c13772d9e8381e3638666d2?s=96&d=mm&r=g\",\"caption\":\"EDITOR\"},\"url\":\"https:\/\/laprensacristiana.com\/?author=3\"}]}<\/script>\n<!-- \/ Yoast SEO plugin. -->","yoast_head_json":{"title":"Radio Unci\u00f3n de lo Alto 98.1 cumple 5 a\u00f1os - La Prensa Cristiana","robots":{"index":"index","follow":"follow","max-snippet":"max-snippet:-1","max-image-preview":"max-image-preview:large","max-video-preview":"max-video-preview:-1"},"canonical":"https:\/\/laprensacristiana.com\/?p=7199","og_locale":"es_ES","og_type":"article","og_title":"Radio Unci\u00f3n de lo Alto 98.1 cumple 5 a\u00f1os - La Prensa Cristiana","og_description":"La Radio Unci\u00f3n de lo Alto 98.1 FM, con cobertura para la zona norte, localizada en Aguilares, celebr\u00f3 este s\u00e1bado sus 5 a\u00f1os de estar al aire, con una actividad en el parque central realizaron un evento de acci\u00f3n de gracias a Dios y a su audiencia que les brinda su respaldo con la sinton\u00eda [&hellip;]","og_url":"https:\/\/laprensacristiana.com\/?p=7199","og_site_name":"La Prensa Cristiana","article_published_time":"2019-10-13T01:03:59+00:00","article_modified_time":"2019-10-13T01:04:03+00:00","og_image":[{"width":1276,"height":720,"url":"https:\/\/laprensacristiana.com\/wp-content\/uploads\/2019\/10\/72674688_713754492457445_6515922492811378688_n.jpg","type":"image\/jpeg"}],"author":"EDITOR","twitter_card":"summary_large_image","twitter_misc":{"Escrito por":"EDITOR","Tiempo de lectura":"2 minutos"},"schema":{"@context":"https:\/\/schema.org","@graph":[{"@type":"WebPage","@id":"https:\/\/laprensacristiana.com\/?p=7199","url":"https:\/\/laprensacristiana.com\/?p=7199","name":"Radio Unci\u00f3n de lo Alto 98.1 cumple 5 a\u00f1os - La Prensa Cristiana","isPartOf":{"@id":"https:\/\/laprensacristiana.com\/#website"},"datePublished":"2019-10-13T01:03:59+00:00","dateModified":"2019-10-13T01:04:03+00:00","author":{"@id":"https:\/\/laprensacristiana.com\/#\/schema\/person\/3e7d82c6bfd6b1fa67010f8f7cd5256e"},"breadcrumb":{"@id":"https:\/\/laprensacristiana.com\/?p=7199#breadcrumb"},"inLanguage":"es","potentialAction":[{"@type":"ReadAction","target":["https:\/\/laprensacristiana.com\/?p=7199"]}]},{"@type":"BreadcrumbList","@id":"https:\/\/laprensacristiana.com\/?p=7199#breadcrumb","itemListElement":[{"@type":"ListItem","position":1,"name":"Portada","item":"https:\/\/laprensacristiana.com\/"},{"@type":"ListItem","position":2,"name":"Radio Unci\u00f3n de lo Alto 98.1 cumple 5 a\u00f1os"}]},{"@type":"WebSite","@id":"https:\/\/laprensacristiana.com\/#website","url":"https:\/\/laprensacristiana.com\/","name":"La Prensa Cristiana","description":"Anunciando Las Buenas Nuevas","potentialAction":[{"@type":"SearchAction","target":{"@type":"EntryPoint","urlTemplate":"https:\/\/laprensacristiana.com\/?s={search_term_string}"},"query-input":"required name=search_term_string"}],"inLanguage":"es"},{"@type":"Person","@id":"https:\/\/laprensacristiana.com\/#\/schema\/person\/3e7d82c6bfd6b1fa67010f8f7cd5256e","name":"EDITOR","image":{"@type":"ImageObject","inLanguage":"es","@id":"https:\/\/laprensacristiana.com\/#\/schema\/person\/image\/","url":"https:\/\/secure.gravatar.com\/avatar\/72069dfb6c13772d9e8381e3638666d2?s=96&d=mm&r=g","contentUrl":"https:\/\/secure.gravatar.com\/avatar\/72069dfb6c13772d9e8381e3638666d2?s=96&d=mm&r=g","caption":"EDITOR"},"url":"https:\/\/laprensacristiana.com\/?author=3"}]}},"_links":{"self":[{"href":"https:\/\/laprensacristiana.com\/index.php?rest_route=\/wp\/v2\/posts\/7199"}],"collection":[{"href":"https:\/\/laprensacristiana.com\/index.php?rest_route=\/wp\/v2\/posts"}],"about":[{"href":"https:\/\/laprensacristiana.com\/index.php?rest_route=\/wp\/v2\/types\/post"}],"author":[{"embeddable":true,"href":"https:\/\/laprensacristiana.com\/index.php?rest_route=\/wp\/v2\/users\/3"}],"replies":[{"embeddable":true,"href":"https:\/\/laprensacristiana.com\/index.php?rest_route=%2Fwp%2Fv2%2Fcomments&post=7199"}],"version-history":[{"count":1,"href":"https:\/\/laprensacristiana.com\/index.php?rest_route=\/wp\/v2\/posts\/7199\/revisions"}],"predecessor-version":[{"id":7202,"href":"https:\/\/laprensacristiana.com\/index.php?rest_route=\/wp\/v2\/posts\/7199\/revisions\/7202"}],"wp:featuredmedia":[{"embeddable":true,"href":"https:\/\/laprensacristiana.com\/index.php?rest_route=\/wp\/v2\/media\/7200"}],"wp:attachment":[{"href":"https:\/\/laprensacristiana.com\/index.php?rest_route=%2Fwp%2Fv2%2Fmedia&parent=7199"}],"wp:term":[{"taxonomy":"category","embeddable":true,"href":"https:\/\/laprensacristiana.com\/index.php?rest_route=%2Fwp%2Fv2%2Fcategories&post=7199"},{"taxonomy":"post_tag","embeddable":true,"href":"https:\/\/laprensacristiana.com\/index.php?rest_route=%2Fwp%2Fv2%2Ftags&post=7199"}],"curies":[{"name":"wp","href":"https:\/\/api.w.org\/{rel}","templated":true}]}}