{"id":7225,"date":"2019-10-22T15:23:32","date_gmt":"2019-10-22T15:23:32","guid":{"rendered":"https:\/\/laprensacristiana.com\/?p=7225"},"modified":"2019-10-22T15:23:35","modified_gmt":"2019-10-22T15:23:35","slug":"colegio-cristiano-jardines-de-san-jose-prepara-celebracion-del-dia-nacional-de-la-iglesia-evangelica-salvadorena","status":"publish","type":"post","link":"https:\/\/laprensacristiana.com\/?p=7225","title":{"rendered":"Colegio Cristiano Jardines de San Jos\u00e9 prepara celebraci\u00f3n del \u201cD\u00eda Nacional de la Iglesia Evang\u00e9lica Salvadore\u00f1a\u201d"},"content":{"rendered":"\n<p>La Asamblea Legislativa de El Salvador&nbsp;\ndeclar\u00f3 en el a\u00f1o 2013 el 31 de octubre&nbsp; \u201cD\u00cdA NACIONAL DE LA IGLESIA\nEVANG\u00c9LICA SALVADORE\u00d1A\u201d, celebraci\u00f3n que se lleva acabo cada a\u00f1o<\/p>\n\n\n\n<p>Este a\u00f1o no es la excepci\u00f3n, el Colegio\nCristiano Jardines de San Jos\u00e9 ha hecho preparativos para desarrollar un acto c\u00edvico,\ncultural y espiritual, el pr\u00f3ximo s\u00e1bado 26 de octubre en la Plaza Gerardo Barrios,\nde 3:00 de la tarde en adelante. &nbsp;<\/p>\n\n\n\n<p>\u201cEsta vez hemos querido cambiar el enfoque,\ncelebrarlo con ni\u00f1os y j\u00f3venes de instituciones cristiana evang\u00e9licas, Liceo\nCristiano Juan Bueno, Colegio Bautista MIES y el Colegio Cristiano Jardines de\nSan Jos\u00e9, instituciones que llevamos a la par la educaci\u00f3n cristiana y la\neducaci\u00f3n del sistema nacional, el cual respetamos y cumplimos con excelencia.\nQueremos que los ni\u00f1os y los j\u00f3venes vayan aprendiendo que existe un D\u00eda\nNacional de la Iglesia Evang\u00e9lica Salvadore\u00f1a, que honren ese d\u00eda, no celebr\u00e1ndolo\nsino viviendo una vida para Cristo desde su ni\u00f1ez\u201d comenta el pastor Oscar\nDuran, Director Colegio Cristiano Jardines de San Jos\u00e9. &nbsp;<\/p>\n\n\n\n<p>En\nla actividad esperan &nbsp;poder impactar\ntambi\u00e9n a los padres de familia cuando sean testigos de cu\u00e1nto puede usar Dios\na cada uno de sus hijos. <\/p>\n\n\n\n<p>\u201cEl\nprop\u00f3sito que tenemos es que la sociedad vea que los ni\u00f1os y j\u00f3venes tambi\u00e9n\npueden hacer cosas que valen la pena, que tenemos j\u00f3venes buenos que no se\naverg\u00fcenzan de Jes\u00fas. Queremos que ellos salgan de las cuatro paredes del\nColegio, de sus casas y de sus iglesias y se den cuenta de que aunque seamos\npeque\u00f1os, juntos podemos hacer m\u00e1s. Los estudiantes van a poner en pr\u00e1ctica\ntodo lo que han aprendido durante el a\u00f1o escolar, el Colegio no solo ense\u00f1a las\nmaterias b\u00e1sicas o ingl\u00e9s, sino que tratamos de ense\u00f1arles vida, una vida\nbasada en las sagradas escrituras, entre muchas cosas aprenden de otras\nculturas y la necesidad de Dios en otros pa\u00edses y herramientas de evangelismo\ncreativo, las cuales van a poder poner en pr\u00e1ctica, muchas veces nosotros como\npadres vivimos tan ocupados&nbsp;&nbsp; que no\nponemos atenci\u00f3n en la vida espiritual de nuestros, a l vez que es una\noportunidad para recordarle al pueblo cristiano de nuestro pa\u00eds que tenemos que\nunirnos y hay mucho que trabajar\u201d concluy\u00f3&nbsp;\nla licenciada Adriana Dur\u00e1n Directora Acad\u00e9mica y Administrativa del\nColegio Cristiano Jardines de San Jos\u00e9. <\/p>\n","protected":false},"excerpt":{"rendered":"<p>La Asamblea Legislativa de El Salvador&nbsp; declar\u00f3 en el a\u00f1o 2013 el 31 de octubre&nbsp; \u201cD\u00cdA NACIONAL DE LA IGLESIA EVANG\u00c9LICA SALVADORE\u00d1A\u201d, celebraci\u00f3n que se lleva acabo cada a\u00f1o Este a\u00f1o no es la excepci\u00f3n, el Colegio Cristiano Jardines de San Jos\u00e9 ha hecho preparativos para desarrollar un acto c\u00edvico, cultural y espiritual, el pr\u00f3ximo [&hellip;]<\/p>\n","protected":false},"author":3,"featured_media":7226,"comment_status":"open","ping_status":"open","sticky":false,"template":"","format":"standard","meta":[],"categories":[56],"tags":[],"yoast_head":"<!-- This site is optimized with the Yoast SEO plugin v20.8 - https:\/\/yoast.com\/wordpress\/plugins\/seo\/ -->\n<title>Colegio Cristiano Jardines de San Jos\u00e9 prepara celebraci\u00f3n del \u201cD\u00eda Nacional de la Iglesia Evang\u00e9lica Salvadore\u00f1a\u201d - La Prensa Cristiana<\/title>\n<meta name=\"robots\" content=\"index, follow, max-snippet:-1, max-image-preview:large, max-video-preview:-1\" \/>\n<link rel=\"canonical\" href=\"https:\/\/laprensacristiana.com\/?p=7225\" \/>\n<meta property=\"og:locale\" content=\"es_ES\" \/>\n<meta property=\"og:type\" content=\"article\" \/>\n<meta property=\"og:title\" content=\"Colegio Cristiano Jardines de San Jos\u00e9 prepara celebraci\u00f3n del \u201cD\u00eda Nacional de la Iglesia Evang\u00e9lica Salvadore\u00f1a\u201d - La Prensa Cristiana\" \/>\n<meta property=\"og:description\" content=\"La Asamblea Legislativa de El Salvador&nbsp; declar\u00f3 en el a\u00f1o 2013 el 31 de octubre&nbsp; \u201cD\u00cdA NACIONAL DE LA IGLESIA EVANG\u00c9LICA SALVADORE\u00d1A\u201d, celebraci\u00f3n que se lleva acabo cada a\u00f1o Este a\u00f1o no es la excepci\u00f3n, el Colegio Cristiano Jardines de San Jos\u00e9 ha hecho preparativos para desarrollar un acto c\u00edvico, cultural y espiritual, el pr\u00f3ximo [&hellip;]\" \/>\n<meta property=\"og:url\" content=\"https:\/\/laprensacristiana.com\/?p=7225\" \/>\n<meta property=\"og:site_name\" content=\"La Prensa Cristiana\" \/>\n<meta property=\"article:published_time\" content=\"2019-10-22T15:23:32+00:00\" \/>\n<meta property=\"article:modified_time\" content=\"2019-10-22T15:23:35+00:00\" \/>\n<meta property=\"og:image\" content=\"https:\/\/laprensacristiana.com\/wp-content\/uploads\/2019\/10\/IMG_1000-scaled.jpg\" \/>\n\t<meta property=\"og:image:width\" content=\"2560\" \/>\n\t<meta property=\"og:image:height\" content=\"1707\" \/>\n\t<meta property=\"og:image:type\" content=\"image\/jpeg\" \/>\n<meta name=\"author\" content=\"EDITOR\" \/>\n<meta name=\"twitter:card\" content=\"summary_large_image\" \/>\n<meta name=\"twitter:label1\" content=\"Escrito por\" \/>\n\t<meta name=\"twitter:data1\" content=\"EDITOR\" \/>\n\t<meta name=\"twitter:label2\" content=\"Tiempo de lectura\" \/>\n\t<meta name=\"twitter:data2\" content=\"2 minutos\" \/>\n<script type=\"application\/ld+json\" class=\"yoast-schema-graph\">{\"@context\":\"https:\/\/schema.org\",\"@graph\":[{\"@type\":\"WebPage\",\"@id\":\"https:\/\/laprensacristiana.com\/?p=7225\",\"url\":\"https:\/\/laprensacristiana.com\/?p=7225\",\"name\":\"Colegio Cristiano Jardines de San Jos\u00e9 prepara celebraci\u00f3n del \u201cD\u00eda Nacional de la Iglesia Evang\u00e9lica Salvadore\u00f1a\u201d - La Prensa Cristiana\",\"isPartOf\":{\"@id\":\"https:\/\/laprensacristiana.com\/#website\"},\"datePublished\":\"2019-10-22T15:23:32+00:00\",\"dateModified\":\"2019-10-22T15:23:35+00:00\",\"author\":{\"@id\":\"https:\/\/laprensacristiana.com\/#\/schema\/person\/3e7d82c6bfd6b1fa67010f8f7cd5256e\"},\"breadcrumb\":{\"@id\":\"https:\/\/laprensacristiana.com\/?p=7225#breadcrumb\"},\"inLanguage\":\"es\",\"potentialAction\":[{\"@type\":\"ReadAction\",\"target\":[\"https:\/\/laprensacristiana.com\/?p=7225\"]}]},{\"@type\":\"BreadcrumbList\",\"@id\":\"https:\/\/laprensacristiana.com\/?p=7225#breadcrumb\",\"itemListElement\":[{\"@type\":\"ListItem\",\"position\":1,\"name\":\"Portada\",\"item\":\"https:\/\/laprensacristiana.com\/\"},{\"@type\":\"ListItem\",\"position\":2,\"name\":\"Colegio Cristiano Jardines de San Jos\u00e9 prepara celebraci\u00f3n del \u201cD\u00eda Nacional de la Iglesia Evang\u00e9lica Salvadore\u00f1a\u201d\"}]},{\"@type\":\"WebSite\",\"@id\":\"https:\/\/laprensacristiana.com\/#website\",\"url\":\"https:\/\/laprensacristiana.com\/\",\"name\":\"La Prensa Cristiana\",\"description\":\"Anunciando Las Buenas Nuevas\",\"potentialAction\":[{\"@type\":\"SearchAction\",\"target\":{\"@type\":\"EntryPoint\",\"urlTemplate\":\"https:\/\/laprensacristiana.com\/?s={search_term_string}\"},\"query-input\":\"required name=search_term_string\"}],\"inLanguage\":\"es\"},{\"@type\":\"Person\",\"@id\":\"https:\/\/laprensacristiana.com\/#\/schema\/person\/3e7d82c6bfd6b1fa67010f8f7cd5256e\",\"name\":\"EDITOR\",\"image\":{\"@type\":\"ImageObject\",\"inLanguage\":\"es\",\"@id\":\"https:\/\/laprensacristiana.com\/#\/schema\/person\/image\/\",\"url\":\"https:\/\/secure.gravatar.com\/avatar\/72069dfb6c13772d9e8381e3638666d2?s=96&d=mm&r=g\",\"contentUrl\":\"https:\/\/secure.gravatar.com\/avatar\/72069dfb6c13772d9e8381e3638666d2?s=96&d=mm&r=g\",\"caption\":\"EDITOR\"},\"url\":\"https:\/\/laprensacristiana.com\/?author=3\"}]}<\/script>\n<!-- \/ Yoast SEO plugin. -->","yoast_head_json":{"title":"Colegio Cristiano Jardines de San Jos\u00e9 prepara celebraci\u00f3n del \u201cD\u00eda Nacional de la Iglesia Evang\u00e9lica Salvadore\u00f1a\u201d - La Prensa Cristiana","robots":{"index":"index","follow":"follow","max-snippet":"max-snippet:-1","max-image-preview":"max-image-preview:large","max-video-preview":"max-video-preview:-1"},"canonical":"https:\/\/laprensacristiana.com\/?p=7225","og_locale":"es_ES","og_type":"article","og_title":"Colegio Cristiano Jardines de San Jos\u00e9 prepara celebraci\u00f3n del \u201cD\u00eda Nacional de la Iglesia Evang\u00e9lica Salvadore\u00f1a\u201d - La Prensa Cristiana","og_description":"La Asamblea Legislativa de El Salvador&nbsp; declar\u00f3 en el a\u00f1o 2013 el 31 de octubre&nbsp; \u201cD\u00cdA NACIONAL DE LA IGLESIA EVANG\u00c9LICA SALVADORE\u00d1A\u201d, celebraci\u00f3n que se lleva acabo cada a\u00f1o Este a\u00f1o no es la excepci\u00f3n, el Colegio Cristiano Jardines de San Jos\u00e9 ha hecho preparativos para desarrollar un acto c\u00edvico, cultural y espiritual, el pr\u00f3ximo [&hellip;]","og_url":"https:\/\/laprensacristiana.com\/?p=7225","og_site_name":"La Prensa Cristiana","article_published_time":"2019-10-22T15:23:32+00:00","article_modified_time":"2019-10-22T15:23:35+00:00","og_image":[{"width":2560,"height":1707,"url":"https:\/\/laprensacristiana.com\/wp-content\/uploads\/2019\/10\/IMG_1000-scaled.jpg","type":"image\/jpeg"}],"author":"EDITOR","twitter_card":"summary_large_image","twitter_misc":{"Escrito por":"EDITOR","Tiempo de lectura":"2 minutos"},"schema":{"@context":"https:\/\/schema.org","@graph":[{"@type":"WebPage","@id":"https:\/\/laprensacristiana.com\/?p=7225","url":"https:\/\/laprensacristiana.com\/?p=7225","name":"Colegio Cristiano Jardines de San Jos\u00e9 prepara celebraci\u00f3n del \u201cD\u00eda Nacional de la Iglesia Evang\u00e9lica Salvadore\u00f1a\u201d - La Prensa Cristiana","isPartOf":{"@id":"https:\/\/laprensacristiana.com\/#website"},"datePublished":"2019-10-22T15:23:32+00:00","dateModified":"2019-10-22T15:23:35+00:00","author":{"@id":"https:\/\/laprensacristiana.com\/#\/schema\/person\/3e7d82c6bfd6b1fa67010f8f7cd5256e"},"breadcrumb":{"@id":"https:\/\/laprensacristiana.com\/?p=7225#breadcrumb"},"inLanguage":"es","potentialAction":[{"@type":"ReadAction","target":["https:\/\/laprensacristiana.com\/?p=7225"]}]},{"@type":"BreadcrumbList","@id":"https:\/\/laprensacristiana.com\/?p=7225#breadcrumb","itemListElement":[{"@type":"ListItem","position":1,"name":"Portada","item":"https:\/\/laprensacristiana.com\/"},{"@type":"ListItem","position":2,"name":"Colegio Cristiano Jardines de San Jos\u00e9 prepara celebraci\u00f3n del \u201cD\u00eda Nacional de la Iglesia Evang\u00e9lica Salvadore\u00f1a\u201d"}]},{"@type":"WebSite","@id":"https:\/\/laprensacristiana.com\/#website","url":"https:\/\/laprensacristiana.com\/","name":"La Prensa Cristiana","description":"Anunciando Las Buenas Nuevas","potentialAction":[{"@type":"SearchAction","target":{"@type":"EntryPoint","urlTemplate":"https:\/\/laprensacristiana.com\/?s={search_term_string}"},"query-input":"required name=search_term_string"}],"inLanguage":"es"},{"@type":"Person","@id":"https:\/\/laprensacristiana.com\/#\/schema\/person\/3e7d82c6bfd6b1fa67010f8f7cd5256e","name":"EDITOR","image":{"@type":"ImageObject","inLanguage":"es","@id":"https:\/\/laprensacristiana.com\/#\/schema\/person\/image\/","url":"https:\/\/secure.gravatar.com\/avatar\/72069dfb6c13772d9e8381e3638666d2?s=96&d=mm&r=g","contentUrl":"https:\/\/secure.gravatar.com\/avatar\/72069dfb6c13772d9e8381e3638666d2?s=96&d=mm&r=g","caption":"EDITOR"},"url":"https:\/\/laprensacristiana.com\/?author=3"}]}},"_links":{"self":[{"href":"https:\/\/laprensacristiana.com\/index.php?rest_route=\/wp\/v2\/posts\/7225"}],"collection":[{"href":"https:\/\/laprensacristiana.com\/index.php?rest_route=\/wp\/v2\/posts"}],"about":[{"href":"https:\/\/laprensacristiana.com\/index.php?rest_route=\/wp\/v2\/types\/post"}],"author":[{"embeddable":true,"href":"https:\/\/laprensacristiana.com\/index.php?rest_route=\/wp\/v2\/users\/3"}],"replies":[{"embeddable":true,"href":"https:\/\/laprensacristiana.com\/index.php?rest_route=%2Fwp%2Fv2%2Fcomments&post=7225"}],"version-history":[{"count":1,"href":"https:\/\/laprensacristiana.com\/index.php?rest_route=\/wp\/v2\/posts\/7225\/revisions"}],"predecessor-version":[{"id":7227,"href":"https:\/\/laprensacristiana.com\/index.php?rest_route=\/wp\/v2\/posts\/7225\/revisions\/7227"}],"wp:featuredmedia":[{"embeddable":true,"href":"https:\/\/laprensacristiana.com\/index.php?rest_route=\/wp\/v2\/media\/7226"}],"wp:attachment":[{"href":"https:\/\/laprensacristiana.com\/index.php?rest_route=%2Fwp%2Fv2%2Fmedia&parent=7225"}],"wp:term":[{"taxonomy":"category","embeddable":true,"href":"https:\/\/laprensacristiana.com\/index.php?rest_route=%2Fwp%2Fv2%2Fcategories&post=7225"},{"taxonomy":"post_tag","embeddable":true,"href":"https:\/\/laprensacristiana.com\/index.php?rest_route=%2Fwp%2Fv2%2Ftags&post=7225"}],"curies":[{"name":"wp","href":"https:\/\/api.w.org\/{rel}","templated":true}]}}