{"id":7233,"date":"2019-10-23T17:45:18","date_gmt":"2019-10-23T17:45:18","guid":{"rendered":"https:\/\/laprensacristiana.com\/?p=7233"},"modified":"2019-10-23T17:45:21","modified_gmt":"2019-10-23T17:45:21","slug":"radio-progreso-90-5-fm-invita-a-la-celebracion-de-su-56-aniversario","status":"publish","type":"post","link":"https:\/\/laprensacristiana.com\/?p=7233","title":{"rendered":"Radio Progreso 90.5 FM invita a la celebraci\u00f3n de su 56 Aniversario"},"content":{"rendered":"\n<p>Radio Progreso 90.5 FM la primera estaci\u00f3n cristiana\nde El Salvador, fundada el 1 de septiembre de 1963 con la visi\u00f3n de ser un\nespacio donde se propague el evangelio de la redenci\u00f3n y salvaci\u00f3n impartida\npor Cristo. Siguiendo esta l\u00ednea inspiradora, radio progreso se autodenomina\ncomo la estaci\u00f3n #FullCristo teniendo claro que la expresi\u00f3n completa de Dios\nest\u00e1 en \u00e9l, en su hijo. <\/p>\n\n\n\n<p>Parte de la misi\u00f3n de esta estaci\u00f3n es poder llevar a\nmuchas personas al conocimiento de Dios de una manera clara y sencilla. Por\nesto mismo, es que el enfoque de radio progreso est\u00e1 en la juventud del pa\u00eds,\naquella que no quiere saber nada de religi\u00f3n pero que, si les gustar\u00eda conocer\na Dios de manera \u00edntima. Este es el trabajo que hacemos programando m\u00fasica que\ninspira y programas que edifican la verdad de Cristo.<\/p>\n\n\n\n<p>Este a\u00f1o, celebramos nuestro aniversario 56\nagradeciendo a Dios por todo el tiempo que nos ha permitido estar al aire\npropagando su mensaje de salvaci\u00f3n. Y en este mismo sentido, queremos invitar a\nla poblaci\u00f3n en general que nos acompa\u00f1en a celebrarlo el s\u00e1bado 26 de octubre\na las 4pm en Iglesia Bautista Miramonte en un concierto donde tendremos como\ninvitado al artista Gilberto Daza y su banda desde Colombia. <\/p>\n\n\n\n<p>Gilberto Daza es un artista y compositor de m\u00fasica cristiana que ha escrito m\u00e1s de 400 canciones. Casado con Mar\u00eda Alejandra en junio de 2018 y orientado por Danilo Montero en la iglesia Lakewood en EE.UU. Lanz\u00f3 su primer \u00e1lbum en 2011 con el t\u00edtulo \u201cQuiero tocar tu coraz\u00f3n\u201d en el cu\u00e1l se dio a conocer en el medio. Luego, en 2013 lanza su segunda producci\u00f3n titulada \u201cA los brazos de pap\u00e1\u201d donde se desprenden \u00e9xitos como \u201cno duerme el que me cuida\u201d entre otras. Cabe destacar que esta producci\u00f3n estuvo nominada a mejor \u00e1lbum de m\u00fasica regional o tropical en los premios Arpas de 2015. En sus 2 \u00faltimas producciones ha hecho duetos con artistas reconocidos como Alex Zurdo, Danilo Montero, Alex Campos, entre otros. Actualmente cuenta con m\u00e1s de 65 mil seguidores en su cuenta oficial de Instagram. <\/p>\n\n\n\n<p>As\u00ed que quedan todos cordialmente invitados para que puedan asistir con toda su familia y podamos exaltar el nombre de Cristo. <\/p>\n\n\n\n<figure class=\"wp-block-image\"><img decoding=\"async\" loading=\"lazy\" width=\"819\" height=\"1024\" src=\"https:\/\/laprensacristiana.com\/wp-content\/uploads\/2019\/10\/Gilberto_Daza_-Foto_Oficial_2-819x1024.jpg\" alt=\"\" class=\"wp-image-7235\" srcset=\"https:\/\/laprensacristiana.com\/wp-content\/uploads\/2019\/10\/Gilberto_Daza_-Foto_Oficial_2-819x1024.jpg 819w, https:\/\/laprensacristiana.com\/wp-content\/uploads\/2019\/10\/Gilberto_Daza_-Foto_Oficial_2-600x750.jpg 600w, https:\/\/laprensacristiana.com\/wp-content\/uploads\/2019\/10\/Gilberto_Daza_-Foto_Oficial_2-240x300.jpg 240w, https:\/\/laprensacristiana.com\/wp-content\/uploads\/2019\/10\/Gilberto_Daza_-Foto_Oficial_2-768x960.jpg 768w, https:\/\/laprensacristiana.com\/wp-content\/uploads\/2019\/10\/Gilberto_Daza_-Foto_Oficial_2-696x870.jpg 696w, https:\/\/laprensacristiana.com\/wp-content\/uploads\/2019\/10\/Gilberto_Daza_-Foto_Oficial_2-1068x1335.jpg 1068w, https:\/\/laprensacristiana.com\/wp-content\/uploads\/2019\/10\/Gilberto_Daza_-Foto_Oficial_2-336x420.jpg 336w, https:\/\/laprensacristiana.com\/wp-content\/uploads\/2019\/10\/Gilberto_Daza_-Foto_Oficial_2-scaled.jpg 2048w\" sizes=\"(max-width: 819px) 100vw, 819px\" \/><figcaption>Gilberto Daza, cantante colombiano<\/figcaption><\/figure>\n","protected":false},"excerpt":{"rendered":"<p>Radio Progreso 90.5 FM la primera estaci\u00f3n cristiana de El Salvador, fundada el 1 de septiembre de 1963 con la visi\u00f3n de ser un espacio donde se propague el evangelio de la redenci\u00f3n y salvaci\u00f3n impartida por Cristo. Siguiendo esta l\u00ednea inspiradora, radio progreso se autodenomina como la estaci\u00f3n #FullCristo teniendo claro que la expresi\u00f3n [&hellip;]<\/p>\n","protected":false},"author":3,"featured_media":7234,"comment_status":"open","ping_status":"open","sticky":false,"template":"","format":"standard","meta":[],"categories":[56],"tags":[],"yoast_head":"<!-- This site is optimized with the Yoast SEO plugin v20.8 - https:\/\/yoast.com\/wordpress\/plugins\/seo\/ -->\n<title>Radio Progreso 90.5 FM invita a la celebraci\u00f3n de su 56 Aniversario - La Prensa Cristiana<\/title>\n<meta name=\"robots\" content=\"index, follow, max-snippet:-1, max-image-preview:large, max-video-preview:-1\" \/>\n<link rel=\"canonical\" href=\"https:\/\/laprensacristiana.com\/?p=7233\" \/>\n<meta property=\"og:locale\" content=\"es_ES\" \/>\n<meta property=\"og:type\" content=\"article\" \/>\n<meta property=\"og:title\" content=\"Radio Progreso 90.5 FM invita a la celebraci\u00f3n de su 56 Aniversario - La Prensa Cristiana\" \/>\n<meta property=\"og:description\" content=\"Radio Progreso 90.5 FM la primera estaci\u00f3n cristiana de El Salvador, fundada el 1 de septiembre de 1963 con la visi\u00f3n de ser un espacio donde se propague el evangelio de la redenci\u00f3n y salvaci\u00f3n impartida por Cristo. Siguiendo esta l\u00ednea inspiradora, radio progreso se autodenomina como la estaci\u00f3n #FullCristo teniendo claro que la expresi\u00f3n [&hellip;]\" \/>\n<meta property=\"og:url\" content=\"https:\/\/laprensacristiana.com\/?p=7233\" \/>\n<meta property=\"og:site_name\" content=\"La Prensa Cristiana\" \/>\n<meta property=\"article:published_time\" content=\"2019-10-23T17:45:18+00:00\" \/>\n<meta property=\"article:modified_time\" content=\"2019-10-23T17:45:21+00:00\" \/>\n<meta property=\"og:image\" content=\"https:\/\/laprensacristiana.com\/wp-content\/uploads\/2019\/10\/Gilberto_Daza_-Foto_Oficial_3-scaled.jpg\" \/>\n\t<meta property=\"og:image:width\" content=\"2560\" \/>\n\t<meta property=\"og:image:height\" content=\"1707\" \/>\n\t<meta property=\"og:image:type\" content=\"image\/jpeg\" \/>\n<meta name=\"author\" content=\"EDITOR\" \/>\n<meta name=\"twitter:card\" content=\"summary_large_image\" \/>\n<meta name=\"twitter:label1\" content=\"Escrito por\" \/>\n\t<meta name=\"twitter:data1\" content=\"EDITOR\" \/>\n\t<meta name=\"twitter:label2\" content=\"Tiempo de lectura\" \/>\n\t<meta name=\"twitter:data2\" content=\"2 minutos\" \/>\n<script type=\"application\/ld+json\" class=\"yoast-schema-graph\">{\"@context\":\"https:\/\/schema.org\",\"@graph\":[{\"@type\":\"WebPage\",\"@id\":\"https:\/\/laprensacristiana.com\/?p=7233\",\"url\":\"https:\/\/laprensacristiana.com\/?p=7233\",\"name\":\"Radio Progreso 90.5 FM invita a la celebraci\u00f3n de su 56 Aniversario - La Prensa Cristiana\",\"isPartOf\":{\"@id\":\"https:\/\/laprensacristiana.com\/#website\"},\"datePublished\":\"2019-10-23T17:45:18+00:00\",\"dateModified\":\"2019-10-23T17:45:21+00:00\",\"author\":{\"@id\":\"https:\/\/laprensacristiana.com\/#\/schema\/person\/3e7d82c6bfd6b1fa67010f8f7cd5256e\"},\"breadcrumb\":{\"@id\":\"https:\/\/laprensacristiana.com\/?p=7233#breadcrumb\"},\"inLanguage\":\"es\",\"potentialAction\":[{\"@type\":\"ReadAction\",\"target\":[\"https:\/\/laprensacristiana.com\/?p=7233\"]}]},{\"@type\":\"BreadcrumbList\",\"@id\":\"https:\/\/laprensacristiana.com\/?p=7233#breadcrumb\",\"itemListElement\":[{\"@type\":\"ListItem\",\"position\":1,\"name\":\"Portada\",\"item\":\"https:\/\/laprensacristiana.com\/\"},{\"@type\":\"ListItem\",\"position\":2,\"name\":\"Radio Progreso 90.5 FM invita a la celebraci\u00f3n de su 56 Aniversario\"}]},{\"@type\":\"WebSite\",\"@id\":\"https:\/\/laprensacristiana.com\/#website\",\"url\":\"https:\/\/laprensacristiana.com\/\",\"name\":\"La Prensa Cristiana\",\"description\":\"Anunciando Las Buenas Nuevas\",\"potentialAction\":[{\"@type\":\"SearchAction\",\"target\":{\"@type\":\"EntryPoint\",\"urlTemplate\":\"https:\/\/laprensacristiana.com\/?s={search_term_string}\"},\"query-input\":\"required name=search_term_string\"}],\"inLanguage\":\"es\"},{\"@type\":\"Person\",\"@id\":\"https:\/\/laprensacristiana.com\/#\/schema\/person\/3e7d82c6bfd6b1fa67010f8f7cd5256e\",\"name\":\"EDITOR\",\"image\":{\"@type\":\"ImageObject\",\"inLanguage\":\"es\",\"@id\":\"https:\/\/laprensacristiana.com\/#\/schema\/person\/image\/\",\"url\":\"https:\/\/secure.gravatar.com\/avatar\/72069dfb6c13772d9e8381e3638666d2?s=96&d=mm&r=g\",\"contentUrl\":\"https:\/\/secure.gravatar.com\/avatar\/72069dfb6c13772d9e8381e3638666d2?s=96&d=mm&r=g\",\"caption\":\"EDITOR\"},\"url\":\"https:\/\/laprensacristiana.com\/?author=3\"}]}<\/script>\n<!-- \/ Yoast SEO plugin. -->","yoast_head_json":{"title":"Radio Progreso 90.5 FM invita a la celebraci\u00f3n de su 56 Aniversario - La Prensa Cristiana","robots":{"index":"index","follow":"follow","max-snippet":"max-snippet:-1","max-image-preview":"max-image-preview:large","max-video-preview":"max-video-preview:-1"},"canonical":"https:\/\/laprensacristiana.com\/?p=7233","og_locale":"es_ES","og_type":"article","og_title":"Radio Progreso 90.5 FM invita a la celebraci\u00f3n de su 56 Aniversario - La Prensa Cristiana","og_description":"Radio Progreso 90.5 FM la primera estaci\u00f3n cristiana de El Salvador, fundada el 1 de septiembre de 1963 con la visi\u00f3n de ser un espacio donde se propague el evangelio de la redenci\u00f3n y salvaci\u00f3n impartida por Cristo. Siguiendo esta l\u00ednea inspiradora, radio progreso se autodenomina como la estaci\u00f3n #FullCristo teniendo claro que la expresi\u00f3n [&hellip;]","og_url":"https:\/\/laprensacristiana.com\/?p=7233","og_site_name":"La Prensa Cristiana","article_published_time":"2019-10-23T17:45:18+00:00","article_modified_time":"2019-10-23T17:45:21+00:00","og_image":[{"width":2560,"height":1707,"url":"https:\/\/laprensacristiana.com\/wp-content\/uploads\/2019\/10\/Gilberto_Daza_-Foto_Oficial_3-scaled.jpg","type":"image\/jpeg"}],"author":"EDITOR","twitter_card":"summary_large_image","twitter_misc":{"Escrito por":"EDITOR","Tiempo de lectura":"2 minutos"},"schema":{"@context":"https:\/\/schema.org","@graph":[{"@type":"WebPage","@id":"https:\/\/laprensacristiana.com\/?p=7233","url":"https:\/\/laprensacristiana.com\/?p=7233","name":"Radio Progreso 90.5 FM invita a la celebraci\u00f3n de su 56 Aniversario - La Prensa Cristiana","isPartOf":{"@id":"https:\/\/laprensacristiana.com\/#website"},"datePublished":"2019-10-23T17:45:18+00:00","dateModified":"2019-10-23T17:45:21+00:00","author":{"@id":"https:\/\/laprensacristiana.com\/#\/schema\/person\/3e7d82c6bfd6b1fa67010f8f7cd5256e"},"breadcrumb":{"@id":"https:\/\/laprensacristiana.com\/?p=7233#breadcrumb"},"inLanguage":"es","potentialAction":[{"@type":"ReadAction","target":["https:\/\/laprensacristiana.com\/?p=7233"]}]},{"@type":"BreadcrumbList","@id":"https:\/\/laprensacristiana.com\/?p=7233#breadcrumb","itemListElement":[{"@type":"ListItem","position":1,"name":"Portada","item":"https:\/\/laprensacristiana.com\/"},{"@type":"ListItem","position":2,"name":"Radio Progreso 90.5 FM invita a la celebraci\u00f3n de su 56 Aniversario"}]},{"@type":"WebSite","@id":"https:\/\/laprensacristiana.com\/#website","url":"https:\/\/laprensacristiana.com\/","name":"La Prensa Cristiana","description":"Anunciando Las Buenas Nuevas","potentialAction":[{"@type":"SearchAction","target":{"@type":"EntryPoint","urlTemplate":"https:\/\/laprensacristiana.com\/?s={search_term_string}"},"query-input":"required name=search_term_string"}],"inLanguage":"es"},{"@type":"Person","@id":"https:\/\/laprensacristiana.com\/#\/schema\/person\/3e7d82c6bfd6b1fa67010f8f7cd5256e","name":"EDITOR","image":{"@type":"ImageObject","inLanguage":"es","@id":"https:\/\/laprensacristiana.com\/#\/schema\/person\/image\/","url":"https:\/\/secure.gravatar.com\/avatar\/72069dfb6c13772d9e8381e3638666d2?s=96&d=mm&r=g","contentUrl":"https:\/\/secure.gravatar.com\/avatar\/72069dfb6c13772d9e8381e3638666d2?s=96&d=mm&r=g","caption":"EDITOR"},"url":"https:\/\/laprensacristiana.com\/?author=3"}]}},"_links":{"self":[{"href":"https:\/\/laprensacristiana.com\/index.php?rest_route=\/wp\/v2\/posts\/7233"}],"collection":[{"href":"https:\/\/laprensacristiana.com\/index.php?rest_route=\/wp\/v2\/posts"}],"about":[{"href":"https:\/\/laprensacristiana.com\/index.php?rest_route=\/wp\/v2\/types\/post"}],"author":[{"embeddable":true,"href":"https:\/\/laprensacristiana.com\/index.php?rest_route=\/wp\/v2\/users\/3"}],"replies":[{"embeddable":true,"href":"https:\/\/laprensacristiana.com\/index.php?rest_route=%2Fwp%2Fv2%2Fcomments&post=7233"}],"version-history":[{"count":1,"href":"https:\/\/laprensacristiana.com\/index.php?rest_route=\/wp\/v2\/posts\/7233\/revisions"}],"predecessor-version":[{"id":7236,"href":"https:\/\/laprensacristiana.com\/index.php?rest_route=\/wp\/v2\/posts\/7233\/revisions\/7236"}],"wp:featuredmedia":[{"embeddable":true,"href":"https:\/\/laprensacristiana.com\/index.php?rest_route=\/wp\/v2\/media\/7234"}],"wp:attachment":[{"href":"https:\/\/laprensacristiana.com\/index.php?rest_route=%2Fwp%2Fv2%2Fmedia&parent=7233"}],"wp:term":[{"taxonomy":"category","embeddable":true,"href":"https:\/\/laprensacristiana.com\/index.php?rest_route=%2Fwp%2Fv2%2Fcategories&post=7233"},{"taxonomy":"post_tag","embeddable":true,"href":"https:\/\/laprensacristiana.com\/index.php?rest_route=%2Fwp%2Fv2%2Ftags&post=7233"}],"curies":[{"name":"wp","href":"https:\/\/api.w.org\/{rel}","templated":true}]}}