{"id":7244,"date":"2019-10-28T18:37:28","date_gmt":"2019-10-28T18:37:28","guid":{"rendered":"https:\/\/laprensacristiana.com\/?p=7244"},"modified":"2019-10-28T18:37:32","modified_gmt":"2019-10-28T18:37:32","slug":"colegio-cristiano-celebra-dia-nacional-de-la-iglesia-evangelica-salvadorena","status":"publish","type":"post","link":"https:\/\/laprensacristiana.com\/?p=7244","title":{"rendered":"Colegio Cristiano celebra D\u00eda Nacional de la Iglesia Evang\u00e9lica Salvadore\u00f1a"},"content":{"rendered":"\n<p>El Colegio Cristiano Jardines de\nSan Jos\u00e9 se hizo presente a la Plaza Libertad el pasado s\u00e1bado 26 de octubre,\nrealizaron un acto c\u00edvico, cultural y espiritual, que dio inicio a las 3: 00\nPM. <\/p>\n\n\n\n<p>Este evento se realiz\u00f3 para\nconmemorar &nbsp;\u201cEL D\u00cdA NACIONAL DE LA\nIGLESIA EVANG\u00c9LICA SALVADORE\u00d1A\u201d, de una manera peculiar ni\u00f1os y j\u00f3venes llevaron\npancartas, corazones y cajas en s\u00edmbolo del regalo de la salvaci\u00f3n que Dios ha\nentregado a la humanidad, en compa\u00f1\u00eda de sus padres cada alumno desde k\u00ednder a bachillerato\npredicaron el evangelio a cada persona que se encontraba en la plaza y sus\nalrededores. Tambi\u00e9n elevaron una oraci\u00f3n por El Salvador dirigida por su\ndirectora Licda. Adriana Dur\u00e1n. <\/p>\n\n\n\n<figure class=\"wp-block-image\"><img decoding=\"async\" loading=\"lazy\" width=\"1024\" height=\"683\" src=\"https:\/\/laprensacristiana.com\/wp-content\/uploads\/2019\/10\/IMG_1120-1024x683.jpg\" alt=\"\" class=\"wp-image-7245\" srcset=\"https:\/\/laprensacristiana.com\/wp-content\/uploads\/2019\/10\/IMG_1120-1024x683.jpg 1024w, https:\/\/laprensacristiana.com\/wp-content\/uploads\/2019\/10\/IMG_1120-600x400.jpg 600w, https:\/\/laprensacristiana.com\/wp-content\/uploads\/2019\/10\/IMG_1120-300x200.jpg 300w, https:\/\/laprensacristiana.com\/wp-content\/uploads\/2019\/10\/IMG_1120-768x512.jpg 768w, https:\/\/laprensacristiana.com\/wp-content\/uploads\/2019\/10\/IMG_1120-696x464.jpg 696w, https:\/\/laprensacristiana.com\/wp-content\/uploads\/2019\/10\/IMG_1120-1068x712.jpg 1068w, https:\/\/laprensacristiana.com\/wp-content\/uploads\/2019\/10\/IMG_1120-630x420.jpg 630w\" sizes=\"(max-width: 1024px) 100vw, 1024px\" \/><\/figure>\n\n\n\n<p>\u201cJes\u00fas en esta tarde tan hermosa,\nvenimos ni\u00f1os y j\u00f3venes sencillos, humildes, no somos ricos pero te tenemos a\nti, por esa raz\u00f3n venimos a decirte que te amamos y por eso estamos aqu\u00ed, con\nmis manos levantadas decimos: que El Salvador va a mejorar, no por los cambios pol\u00edticos,\nno por dinero, sino por la presencia de Jes\u00fas, en se\u00f1al de victoria levanto mis\nmanos y declaro que mi pa\u00eds va a ser para Jes\u00fas, todos los departamentos, todos\nlos rincones son para Jes\u00fas\u201d expres\u00f3 la Licenciada Adriana Duran. <\/p>\n\n\n\n<p>Los j\u00f3venes de bachillerato\npresentaron una dramatizaci\u00f3n como forma de evangelizar y llevar el mensaje de\nJes\u00fas, Bryan Morales quien es un joven de 2do a\u00f1o de Bachillerato del Colegio\nCristiano Jardines de San Jos\u00e9 nos coment\u00f3: \u201cLo que pretend\u00edamos con el drama\nes decirle a las personas que Dios est\u00e1 all\u00ed, que si no tienen a Jes\u00fas en su coraz\u00f3n\nahora es la oportunidad, que a\u00fan hay tiempo que mientras el tiempo no se acaba,\nDios est\u00e1 esperando. &nbsp;Es una gran\noportunidad para el colegio estar aqu\u00ed en una plaza p\u00fablica, es algo que nos nac\u00eda\nhacer, hablarles de Jes\u00fas a las personas, representar el mensaje a trav\u00e9s de\nuna manera din\u00e1mica\u201d acot\u00f3 Bryan. <\/p>\n\n\n\n<figure class=\"wp-block-image\"><img decoding=\"async\" loading=\"lazy\" width=\"1024\" height=\"683\" src=\"https:\/\/laprensacristiana.com\/wp-content\/uploads\/2019\/10\/IMG_1008-1024x683.jpg\" alt=\"\" class=\"wp-image-7246\" srcset=\"https:\/\/laprensacristiana.com\/wp-content\/uploads\/2019\/10\/IMG_1008-1024x683.jpg 1024w, https:\/\/laprensacristiana.com\/wp-content\/uploads\/2019\/10\/IMG_1008-600x400.jpg 600w, https:\/\/laprensacristiana.com\/wp-content\/uploads\/2019\/10\/IMG_1008-300x200.jpg 300w, https:\/\/laprensacristiana.com\/wp-content\/uploads\/2019\/10\/IMG_1008-768x512.jpg 768w, https:\/\/laprensacristiana.com\/wp-content\/uploads\/2019\/10\/IMG_1008-696x464.jpg 696w, https:\/\/laprensacristiana.com\/wp-content\/uploads\/2019\/10\/IMG_1008-1068x712.jpg 1068w, https:\/\/laprensacristiana.com\/wp-content\/uploads\/2019\/10\/IMG_1008-630x420.jpg 630w\" sizes=\"(max-width: 1024px) 100vw, 1024px\" \/><\/figure>\n\n\n\n<p>Fue una tarde no solo para\nconmemorar el decreto que se llev\u00f3 acabo un 31 de octubre del a\u00f1o 2,013 por La\nAsamblea Legislativa de El Salvador, si no para recordar y poner en pr\u00e1ctica el\ntrabajo y el llamado de la iglesia evang\u00e9lica, el poder predicar y hablar de\nJes\u00fas a las personas.<\/p>\n\n\n\n<p>Para el Director administrativo del Colegio el Pastor Oscar Dur\u00e1n: \u201cEl evangelio es una escuela generacional, pretendemos que los ni\u00f1os y los j\u00f3venes desde ahorita, desde preparatoria hasta segundo a\u00f1o de bachillerato en sus diferentes edades vayan conociendo que hay un decreto que emiti\u00f3 la asamblea legislativa que hay un \u201cD\u00eda Nacional de la Iglesia Evang\u00e9lica\u201d, lo hemos hechos con la pr\u00e1ctica y por el mandato del Se\u00f1or \u201cId por el mundo y predicad el evangelio\u201d, porque as\u00ed vino el evangelio a El Salvador y as\u00ed como vino por gracia as\u00ed recibimos este favor, queremos que los ni\u00f1os y los j\u00f3venes vayan aprendiendo tambi\u00e9n a compartir el evangelio, creemos que es la mejor celebraci\u00f3n que hemos tenido, Dios nos ha dado el sue\u00f1o que el otro a\u00f1o hacer esto en cada departamento de El Salvador, un departamento por mes, queremos que El Salvador sepa que el 31 de octubre se honra el evangelio, agradezca a Dios por las bendiciones que el evangelio a tra\u00eddo al pa\u00eds, y que entendamos que los evang\u00e9licos valemos la pena. Actualmente somos el 52% de evang\u00e9licos, algunos dicen que no se nota, creo todo lo contrario, El Salvador est\u00e1 de pie por ese 52% de gente honrada, de gente honesta que hace la diferencia en su actitud ciudadana\u201d concluy\u00f3 el pastor Oscar Duran. <\/p>\n\n\n\n<figure class=\"wp-block-image\"><img decoding=\"async\" loading=\"lazy\" width=\"1024\" height=\"683\" src=\"https:\/\/laprensacristiana.com\/wp-content\/uploads\/2019\/10\/IMG_1203-1024x683.jpg\" alt=\"\" class=\"wp-image-7248\" srcset=\"https:\/\/laprensacristiana.com\/wp-content\/uploads\/2019\/10\/IMG_1203-1024x683.jpg 1024w, https:\/\/laprensacristiana.com\/wp-content\/uploads\/2019\/10\/IMG_1203-300x200.jpg 300w, https:\/\/laprensacristiana.com\/wp-content\/uploads\/2019\/10\/IMG_1203-768x512.jpg 768w, https:\/\/laprensacristiana.com\/wp-content\/uploads\/2019\/10\/IMG_1203-696x464.jpg 696w, https:\/\/laprensacristiana.com\/wp-content\/uploads\/2019\/10\/IMG_1203-1068x712.jpg 1068w, https:\/\/laprensacristiana.com\/wp-content\/uploads\/2019\/10\/IMG_1203-630x420.jpg 630w, https:\/\/laprensacristiana.com\/wp-content\/uploads\/2019\/10\/IMG_1203-600x400.jpg 600w\" sizes=\"(max-width: 1024px) 100vw, 1024px\" \/><\/figure>\n","protected":false},"excerpt":{"rendered":"<p>El Colegio Cristiano Jardines de San Jos\u00e9 se hizo presente a la Plaza Libertad el pasado s\u00e1bado 26 de octubre, realizaron un acto c\u00edvico, cultural y espiritual, que dio inicio a las 3: 00 PM. Este evento se realiz\u00f3 para conmemorar &nbsp;\u201cEL D\u00cdA NACIONAL DE LA IGLESIA EVANG\u00c9LICA SALVADORE\u00d1A\u201d, de una manera peculiar ni\u00f1os y [&hellip;]<\/p>\n","protected":false},"author":3,"featured_media":7247,"comment_status":"open","ping_status":"open","sticky":false,"template":"","format":"standard","meta":[],"categories":[56],"tags":[],"yoast_head":"<!-- This site is optimized with the Yoast SEO plugin v20.8 - https:\/\/yoast.com\/wordpress\/plugins\/seo\/ -->\n<title>Colegio Cristiano celebra D\u00eda Nacional de la Iglesia Evang\u00e9lica Salvadore\u00f1a - La Prensa Cristiana<\/title>\n<meta name=\"robots\" content=\"index, follow, max-snippet:-1, max-image-preview:large, max-video-preview:-1\" \/>\n<link rel=\"canonical\" href=\"https:\/\/laprensacristiana.com\/?p=7244\" \/>\n<meta property=\"og:locale\" content=\"es_ES\" \/>\n<meta property=\"og:type\" content=\"article\" \/>\n<meta property=\"og:title\" content=\"Colegio Cristiano celebra D\u00eda Nacional de la Iglesia Evang\u00e9lica Salvadore\u00f1a - La Prensa Cristiana\" \/>\n<meta property=\"og:description\" content=\"El Colegio Cristiano Jardines de San Jos\u00e9 se hizo presente a la Plaza Libertad el pasado s\u00e1bado 26 de octubre, realizaron un acto c\u00edvico, cultural y espiritual, que dio inicio a las 3: 00 PM. Este evento se realiz\u00f3 para conmemorar &nbsp;\u201cEL D\u00cdA NACIONAL DE LA IGLESIA EVANG\u00c9LICA SALVADORE\u00d1A\u201d, de una manera peculiar ni\u00f1os y [&hellip;]\" \/>\n<meta property=\"og:url\" content=\"https:\/\/laprensacristiana.com\/?p=7244\" \/>\n<meta property=\"og:site_name\" content=\"La Prensa Cristiana\" \/>\n<meta property=\"article:published_time\" content=\"2019-10-28T18:37:28+00:00\" \/>\n<meta property=\"article:modified_time\" content=\"2019-10-28T18:37:32+00:00\" \/>\n<meta property=\"og:image\" content=\"https:\/\/laprensacristiana.com\/wp-content\/uploads\/2019\/10\/IMG_1234-1024x683.jpg\" \/>\n\t<meta property=\"og:image:width\" content=\"1024\" \/>\n\t<meta property=\"og:image:height\" content=\"683\" \/>\n\t<meta property=\"og:image:type\" content=\"image\/jpeg\" \/>\n<meta name=\"author\" content=\"EDITOR\" \/>\n<meta name=\"twitter:card\" content=\"summary_large_image\" \/>\n<meta name=\"twitter:label1\" content=\"Escrito por\" \/>\n\t<meta name=\"twitter:data1\" content=\"EDITOR\" \/>\n\t<meta name=\"twitter:label2\" content=\"Tiempo de lectura\" \/>\n\t<meta name=\"twitter:data2\" content=\"3 minutos\" \/>\n<script type=\"application\/ld+json\" class=\"yoast-schema-graph\">{\"@context\":\"https:\/\/schema.org\",\"@graph\":[{\"@type\":\"WebPage\",\"@id\":\"https:\/\/laprensacristiana.com\/?p=7244\",\"url\":\"https:\/\/laprensacristiana.com\/?p=7244\",\"name\":\"Colegio Cristiano celebra D\u00eda Nacional de la Iglesia Evang\u00e9lica Salvadore\u00f1a - La Prensa Cristiana\",\"isPartOf\":{\"@id\":\"https:\/\/laprensacristiana.com\/#website\"},\"datePublished\":\"2019-10-28T18:37:28+00:00\",\"dateModified\":\"2019-10-28T18:37:32+00:00\",\"author\":{\"@id\":\"https:\/\/laprensacristiana.com\/#\/schema\/person\/3e7d82c6bfd6b1fa67010f8f7cd5256e\"},\"breadcrumb\":{\"@id\":\"https:\/\/laprensacristiana.com\/?p=7244#breadcrumb\"},\"inLanguage\":\"es\",\"potentialAction\":[{\"@type\":\"ReadAction\",\"target\":[\"https:\/\/laprensacristiana.com\/?p=7244\"]}]},{\"@type\":\"BreadcrumbList\",\"@id\":\"https:\/\/laprensacristiana.com\/?p=7244#breadcrumb\",\"itemListElement\":[{\"@type\":\"ListItem\",\"position\":1,\"name\":\"Portada\",\"item\":\"https:\/\/laprensacristiana.com\/\"},{\"@type\":\"ListItem\",\"position\":2,\"name\":\"Colegio Cristiano celebra D\u00eda Nacional de la Iglesia Evang\u00e9lica Salvadore\u00f1a\"}]},{\"@type\":\"WebSite\",\"@id\":\"https:\/\/laprensacristiana.com\/#website\",\"url\":\"https:\/\/laprensacristiana.com\/\",\"name\":\"La Prensa Cristiana\",\"description\":\"Anunciando Las Buenas Nuevas\",\"potentialAction\":[{\"@type\":\"SearchAction\",\"target\":{\"@type\":\"EntryPoint\",\"urlTemplate\":\"https:\/\/laprensacristiana.com\/?s={search_term_string}\"},\"query-input\":\"required name=search_term_string\"}],\"inLanguage\":\"es\"},{\"@type\":\"Person\",\"@id\":\"https:\/\/laprensacristiana.com\/#\/schema\/person\/3e7d82c6bfd6b1fa67010f8f7cd5256e\",\"name\":\"EDITOR\",\"image\":{\"@type\":\"ImageObject\",\"inLanguage\":\"es\",\"@id\":\"https:\/\/laprensacristiana.com\/#\/schema\/person\/image\/\",\"url\":\"https:\/\/secure.gravatar.com\/avatar\/72069dfb6c13772d9e8381e3638666d2?s=96&d=mm&r=g\",\"contentUrl\":\"https:\/\/secure.gravatar.com\/avatar\/72069dfb6c13772d9e8381e3638666d2?s=96&d=mm&r=g\",\"caption\":\"EDITOR\"},\"url\":\"https:\/\/laprensacristiana.com\/?author=3\"}]}<\/script>\n<!-- \/ Yoast SEO plugin. -->","yoast_head_json":{"title":"Colegio Cristiano celebra D\u00eda Nacional de la Iglesia Evang\u00e9lica Salvadore\u00f1a - La Prensa Cristiana","robots":{"index":"index","follow":"follow","max-snippet":"max-snippet:-1","max-image-preview":"max-image-preview:large","max-video-preview":"max-video-preview:-1"},"canonical":"https:\/\/laprensacristiana.com\/?p=7244","og_locale":"es_ES","og_type":"article","og_title":"Colegio Cristiano celebra D\u00eda Nacional de la Iglesia Evang\u00e9lica Salvadore\u00f1a - La Prensa Cristiana","og_description":"El Colegio Cristiano Jardines de San Jos\u00e9 se hizo presente a la Plaza Libertad el pasado s\u00e1bado 26 de octubre, realizaron un acto c\u00edvico, cultural y espiritual, que dio inicio a las 3: 00 PM. Este evento se realiz\u00f3 para conmemorar &nbsp;\u201cEL D\u00cdA NACIONAL DE LA IGLESIA EVANG\u00c9LICA SALVADORE\u00d1A\u201d, de una manera peculiar ni\u00f1os y [&hellip;]","og_url":"https:\/\/laprensacristiana.com\/?p=7244","og_site_name":"La Prensa Cristiana","article_published_time":"2019-10-28T18:37:28+00:00","article_modified_time":"2019-10-28T18:37:32+00:00","og_image":[{"width":1024,"height":683,"url":"https:\/\/laprensacristiana.com\/wp-content\/uploads\/2019\/10\/IMG_1234-1024x683.jpg","type":"image\/jpeg"}],"author":"EDITOR","twitter_card":"summary_large_image","twitter_misc":{"Escrito por":"EDITOR","Tiempo de lectura":"3 minutos"},"schema":{"@context":"https:\/\/schema.org","@graph":[{"@type":"WebPage","@id":"https:\/\/laprensacristiana.com\/?p=7244","url":"https:\/\/laprensacristiana.com\/?p=7244","name":"Colegio Cristiano celebra D\u00eda Nacional de la Iglesia Evang\u00e9lica Salvadore\u00f1a - La Prensa Cristiana","isPartOf":{"@id":"https:\/\/laprensacristiana.com\/#website"},"datePublished":"2019-10-28T18:37:28+00:00","dateModified":"2019-10-28T18:37:32+00:00","author":{"@id":"https:\/\/laprensacristiana.com\/#\/schema\/person\/3e7d82c6bfd6b1fa67010f8f7cd5256e"},"breadcrumb":{"@id":"https:\/\/laprensacristiana.com\/?p=7244#breadcrumb"},"inLanguage":"es","potentialAction":[{"@type":"ReadAction","target":["https:\/\/laprensacristiana.com\/?p=7244"]}]},{"@type":"BreadcrumbList","@id":"https:\/\/laprensacristiana.com\/?p=7244#breadcrumb","itemListElement":[{"@type":"ListItem","position":1,"name":"Portada","item":"https:\/\/laprensacristiana.com\/"},{"@type":"ListItem","position":2,"name":"Colegio Cristiano celebra D\u00eda Nacional de la Iglesia Evang\u00e9lica Salvadore\u00f1a"}]},{"@type":"WebSite","@id":"https:\/\/laprensacristiana.com\/#website","url":"https:\/\/laprensacristiana.com\/","name":"La Prensa Cristiana","description":"Anunciando Las Buenas Nuevas","potentialAction":[{"@type":"SearchAction","target":{"@type":"EntryPoint","urlTemplate":"https:\/\/laprensacristiana.com\/?s={search_term_string}"},"query-input":"required name=search_term_string"}],"inLanguage":"es"},{"@type":"Person","@id":"https:\/\/laprensacristiana.com\/#\/schema\/person\/3e7d82c6bfd6b1fa67010f8f7cd5256e","name":"EDITOR","image":{"@type":"ImageObject","inLanguage":"es","@id":"https:\/\/laprensacristiana.com\/#\/schema\/person\/image\/","url":"https:\/\/secure.gravatar.com\/avatar\/72069dfb6c13772d9e8381e3638666d2?s=96&d=mm&r=g","contentUrl":"https:\/\/secure.gravatar.com\/avatar\/72069dfb6c13772d9e8381e3638666d2?s=96&d=mm&r=g","caption":"EDITOR"},"url":"https:\/\/laprensacristiana.com\/?author=3"}]}},"_links":{"self":[{"href":"https:\/\/laprensacristiana.com\/index.php?rest_route=\/wp\/v2\/posts\/7244"}],"collection":[{"href":"https:\/\/laprensacristiana.com\/index.php?rest_route=\/wp\/v2\/posts"}],"about":[{"href":"https:\/\/laprensacristiana.com\/index.php?rest_route=\/wp\/v2\/types\/post"}],"author":[{"embeddable":true,"href":"https:\/\/laprensacristiana.com\/index.php?rest_route=\/wp\/v2\/users\/3"}],"replies":[{"embeddable":true,"href":"https:\/\/laprensacristiana.com\/index.php?rest_route=%2Fwp%2Fv2%2Fcomments&post=7244"}],"version-history":[{"count":1,"href":"https:\/\/laprensacristiana.com\/index.php?rest_route=\/wp\/v2\/posts\/7244\/revisions"}],"predecessor-version":[{"id":7249,"href":"https:\/\/laprensacristiana.com\/index.php?rest_route=\/wp\/v2\/posts\/7244\/revisions\/7249"}],"wp:featuredmedia":[{"embeddable":true,"href":"https:\/\/laprensacristiana.com\/index.php?rest_route=\/wp\/v2\/media\/7247"}],"wp:attachment":[{"href":"https:\/\/laprensacristiana.com\/index.php?rest_route=%2Fwp%2Fv2%2Fmedia&parent=7244"}],"wp:term":[{"taxonomy":"category","embeddable":true,"href":"https:\/\/laprensacristiana.com\/index.php?rest_route=%2Fwp%2Fv2%2Fcategories&post=7244"},{"taxonomy":"post_tag","embeddable":true,"href":"https:\/\/laprensacristiana.com\/index.php?rest_route=%2Fwp%2Fv2%2Ftags&post=7244"}],"curies":[{"name":"wp","href":"https:\/\/api.w.org\/{rel}","templated":true}]}}