{"id":7263,"date":"2019-10-31T19:36:55","date_gmt":"2019-10-31T19:36:55","guid":{"rendered":"https:\/\/laprensacristiana.com\/?p=7263"},"modified":"2019-10-31T19:36:58","modified_gmt":"2019-10-31T19:36:58","slug":"mas-de-280-iglesias-asociadas-a-compassion-se-unen-para-marchar-en-pro-de-la-ninez-y-la-adolescencia","status":"publish","type":"post","link":"https:\/\/laprensacristiana.com\/?p=7263","title":{"rendered":"M\u00e1s de 280 iglesias asociadas a Compassion se unen para marchar en pro de la ni\u00f1ez y la adolescencia."},"content":{"rendered":"\n<p>En El Salvador cada uno de octubre se estableci\u00f3\npor el pleno legislativo como \u201cDia de la Ni\u00f1ez y Adolescencia\u201d con el fin de\npromover en la poblaci\u00f3n salvadore\u00f1a la importancia de los ni\u00f1os y adolescentes\ndentro de la sociedad.<\/p>\n\n\n\n<p>Este d\u00eda m\u00e1s de 280 iglesias asociadas a Compassion Internacional se han organizado para salir a las calles de diferentes sectores del pa\u00eds, haciendo valer su voz a favor de la ni\u00f1ez y adolescencia salvadore\u00f1a, j\u00f3venes, adultos y ni\u00f1os se han hecho presente con pancartas alusivas a los derechos de este sector. \u201cYo decido Proteger\u201d es el lema principal que se ha utilizado en esta ocasi\u00f3n haciendo un fuerte llamado a la poblaci\u00f3n a proteger la integridad f\u00edsica, social, mental y espiritual seg\u00fan lo establecido en el libro de Lucas 2: 52 \u201cY Jes\u00fas crec\u00eda en sabidur\u00eda y en estatura, y en gracia para con Dios y los hombres\u201d.<\/p>\n\n\n\n<ul class=\"wp-block-gallery columns-3 is-cropped wp-block-gallery-1 is-layout-flex\"><li class=\"blocks-gallery-item\"><figure><img decoding=\"async\" loading=\"lazy\" width=\"720\" height=\"540\" src=\"https:\/\/laprensacristiana.com\/wp-content\/uploads\/2019\/10\/WhatsApp-Image-2019-10-31-at-12.23.11-3-1.jpeg\" alt=\"\" data-id=\"7266\" data-link=\"https:\/\/laprensacristiana.com\/?attachment_id=7266\" class=\"wp-image-7266\" srcset=\"https:\/\/laprensacristiana.com\/wp-content\/uploads\/2019\/10\/WhatsApp-Image-2019-10-31-at-12.23.11-3-1.jpeg 720w, https:\/\/laprensacristiana.com\/wp-content\/uploads\/2019\/10\/WhatsApp-Image-2019-10-31-at-12.23.11-3-1-300x225.jpeg 300w, https:\/\/laprensacristiana.com\/wp-content\/uploads\/2019\/10\/WhatsApp-Image-2019-10-31-at-12.23.11-3-1-80x60.jpeg 80w, https:\/\/laprensacristiana.com\/wp-content\/uploads\/2019\/10\/WhatsApp-Image-2019-10-31-at-12.23.11-3-1-265x198.jpeg 265w, https:\/\/laprensacristiana.com\/wp-content\/uploads\/2019\/10\/WhatsApp-Image-2019-10-31-at-12.23.11-3-1-696x522.jpeg 696w, https:\/\/laprensacristiana.com\/wp-content\/uploads\/2019\/10\/WhatsApp-Image-2019-10-31-at-12.23.11-3-1-560x420.jpeg 560w, https:\/\/laprensacristiana.com\/wp-content\/uploads\/2019\/10\/WhatsApp-Image-2019-10-31-at-12.23.11-3-1-600x450.jpeg 600w\" sizes=\"(max-width: 720px) 100vw, 720px\" \/><figcaption>Cortes\u00eda Compassion El Salvador<\/figcaption><\/figure><\/li><li class=\"blocks-gallery-item\"><figure><img decoding=\"async\" loading=\"lazy\" width=\"720\" height=\"540\" src=\"https:\/\/laprensacristiana.com\/wp-content\/uploads\/2019\/10\/WhatsApp-Image-2019-10-31-at-12.23.11.jpeg\" alt=\"\" data-id=\"7267\" data-link=\"https:\/\/laprensacristiana.com\/?attachment_id=7267\" class=\"wp-image-7267\" srcset=\"https:\/\/laprensacristiana.com\/wp-content\/uploads\/2019\/10\/WhatsApp-Image-2019-10-31-at-12.23.11.jpeg 720w, https:\/\/laprensacristiana.com\/wp-content\/uploads\/2019\/10\/WhatsApp-Image-2019-10-31-at-12.23.11-300x225.jpeg 300w, https:\/\/laprensacristiana.com\/wp-content\/uploads\/2019\/10\/WhatsApp-Image-2019-10-31-at-12.23.11-80x60.jpeg 80w, https:\/\/laprensacristiana.com\/wp-content\/uploads\/2019\/10\/WhatsApp-Image-2019-10-31-at-12.23.11-265x198.jpeg 265w, https:\/\/laprensacristiana.com\/wp-content\/uploads\/2019\/10\/WhatsApp-Image-2019-10-31-at-12.23.11-696x522.jpeg 696w, https:\/\/laprensacristiana.com\/wp-content\/uploads\/2019\/10\/WhatsApp-Image-2019-10-31-at-12.23.11-560x420.jpeg 560w, https:\/\/laprensacristiana.com\/wp-content\/uploads\/2019\/10\/WhatsApp-Image-2019-10-31-at-12.23.11-600x450.jpeg 600w\" sizes=\"(max-width: 720px) 100vw, 720px\" \/><figcaption>Cortes\u00eda Compassion El Salvador<\/figcaption><\/figure><\/li><li class=\"blocks-gallery-item\"><figure><img decoding=\"async\" loading=\"lazy\" width=\"720\" height=\"540\" src=\"https:\/\/laprensacristiana.com\/wp-content\/uploads\/2019\/10\/WhatsApp-Image-2019-10-31-at-12.23.11-6.jpeg\" alt=\"\" data-id=\"7268\" data-link=\"https:\/\/laprensacristiana.com\/?attachment_id=7268\" class=\"wp-image-7268\" srcset=\"https:\/\/laprensacristiana.com\/wp-content\/uploads\/2019\/10\/WhatsApp-Image-2019-10-31-at-12.23.11-6.jpeg 720w, https:\/\/laprensacristiana.com\/wp-content\/uploads\/2019\/10\/WhatsApp-Image-2019-10-31-at-12.23.11-6-300x225.jpeg 300w, https:\/\/laprensacristiana.com\/wp-content\/uploads\/2019\/10\/WhatsApp-Image-2019-10-31-at-12.23.11-6-80x60.jpeg 80w, https:\/\/laprensacristiana.com\/wp-content\/uploads\/2019\/10\/WhatsApp-Image-2019-10-31-at-12.23.11-6-265x198.jpeg 265w, https:\/\/laprensacristiana.com\/wp-content\/uploads\/2019\/10\/WhatsApp-Image-2019-10-31-at-12.23.11-6-696x522.jpeg 696w, https:\/\/laprensacristiana.com\/wp-content\/uploads\/2019\/10\/WhatsApp-Image-2019-10-31-at-12.23.11-6-560x420.jpeg 560w, https:\/\/laprensacristiana.com\/wp-content\/uploads\/2019\/10\/WhatsApp-Image-2019-10-31-at-12.23.11-6-600x450.jpeg 600w\" sizes=\"(max-width: 720px) 100vw, 720px\" \/><figcaption>Desfile en San Miguel<\/figcaption><\/figure><\/li><\/ul>\n\n\n\n<p><\/p>\n\n\n\n<figure class=\"wp-block-image\"><img decoding=\"async\" src=\"blob:https:\/\/laprensacristiana.com\/ea64dca3-f4c1-420a-9489-af18adb74f2d\" alt=\"\"\/><\/figure>\n\n\n\n<p>La misi\u00f3n de\u00a0 Compassion es liberar a los ni\u00f1os de la pobreza en el nombre de Jes\u00fas, trabajan bajo los ejes centrales de\u00a0 Cristo y su iglesia, excelencia, integridad, dignidad y mayordom\u00eda. En El Salvador iniciaron su ministerio en el a\u00f1o de 1977, actualmente m\u00e1s de 62,000 ni\u00f1os son beneficiados en los diferentes Centros de Desarrollo Integral junto a las iglesias asociadas. <\/p>\n\n\n\n<ul class=\"wp-block-gallery columns-1 is-cropped wp-block-gallery-3 is-layout-flex\"><li class=\"blocks-gallery-item\"><figure><img decoding=\"async\" loading=\"lazy\" width=\"720\" height=\"540\" src=\"https:\/\/laprensacristiana.com\/wp-content\/uploads\/2019\/10\/WhatsApp-Image-2019-10-31-at-12.23.11-5.jpeg\" alt=\"\" data-id=\"7272\" data-link=\"https:\/\/laprensacristiana.com\/?attachment_id=7272\" class=\"wp-image-7272\" srcset=\"https:\/\/laprensacristiana.com\/wp-content\/uploads\/2019\/10\/WhatsApp-Image-2019-10-31-at-12.23.11-5.jpeg 720w, https:\/\/laprensacristiana.com\/wp-content\/uploads\/2019\/10\/WhatsApp-Image-2019-10-31-at-12.23.11-5-300x225.jpeg 300w, https:\/\/laprensacristiana.com\/wp-content\/uploads\/2019\/10\/WhatsApp-Image-2019-10-31-at-12.23.11-5-80x60.jpeg 80w, https:\/\/laprensacristiana.com\/wp-content\/uploads\/2019\/10\/WhatsApp-Image-2019-10-31-at-12.23.11-5-265x198.jpeg 265w, https:\/\/laprensacristiana.com\/wp-content\/uploads\/2019\/10\/WhatsApp-Image-2019-10-31-at-12.23.11-5-696x522.jpeg 696w, https:\/\/laprensacristiana.com\/wp-content\/uploads\/2019\/10\/WhatsApp-Image-2019-10-31-at-12.23.11-5-560x420.jpeg 560w, https:\/\/laprensacristiana.com\/wp-content\/uploads\/2019\/10\/WhatsApp-Image-2019-10-31-at-12.23.11-5-600x450.jpeg 600w\" sizes=\"(max-width: 720px) 100vw, 720px\" \/><figcaption>Ni\u00f1os y ni\u00f1as de San Francisco Gotera dando a conocer sus derechos<\/figcaption><\/figure><\/li><\/ul>\n\n\n\n<p>Para Compassion Internacional la Iglesia Evang\u00e9lica en El Salvador es una entidad clave para la promoci\u00f3n de derechos de los ni\u00f1os y adolescentes, y para la prevenci\u00f3n de abuso infantil en las comunidades, especialmente en aquellas que se encuentran en situaci\u00f3n de pobreza y violencia. <\/p>\n\n\n\n<figure class=\"wp-block-image\"><img decoding=\"async\" loading=\"lazy\" width=\"960\" height=\"720\" src=\"https:\/\/laprensacristiana.com\/wp-content\/uploads\/2019\/10\/74842340_418699735416757_6192950100432519168_n.jpg\" alt=\"\" class=\"wp-image-7273\" srcset=\"https:\/\/laprensacristiana.com\/wp-content\/uploads\/2019\/10\/74842340_418699735416757_6192950100432519168_n.jpg 960w, https:\/\/laprensacristiana.com\/wp-content\/uploads\/2019\/10\/74842340_418699735416757_6192950100432519168_n-300x225.jpg 300w, https:\/\/laprensacristiana.com\/wp-content\/uploads\/2019\/10\/74842340_418699735416757_6192950100432519168_n-768x576.jpg 768w, https:\/\/laprensacristiana.com\/wp-content\/uploads\/2019\/10\/74842340_418699735416757_6192950100432519168_n-80x60.jpg 80w, https:\/\/laprensacristiana.com\/wp-content\/uploads\/2019\/10\/74842340_418699735416757_6192950100432519168_n-265x198.jpg 265w, https:\/\/laprensacristiana.com\/wp-content\/uploads\/2019\/10\/74842340_418699735416757_6192950100432519168_n-696x522.jpg 696w, https:\/\/laprensacristiana.com\/wp-content\/uploads\/2019\/10\/74842340_418699735416757_6192950100432519168_n-560x420.jpg 560w, https:\/\/laprensacristiana.com\/wp-content\/uploads\/2019\/10\/74842340_418699735416757_6192950100432519168_n-600x450.jpg 600w\" sizes=\"(max-width: 960px) 100vw, 960px\" \/><figcaption>Ni\u00f1os y ni\u00f1as de Zacatecoluca en Concha Acustica <\/figcaption><\/figure>\n\n\n\n<p>M\u00e1s de 1,200 personas entre ni\u00f1os, padres de familia y tutores en San Salvador que forman parte de los CDI realizaron un recorrido dentro del Parque Cuscatl\u00e1n, para cerrar esta actividad se hizo un acto en el anfiteatro del parque, la mesa de honor dio palabras a todos los presentes,\u00a0 tambi\u00e9n se hizo lectura de un manifiesto entre alguna de las declaraciones que dieron a conocer est\u00e1n: Que como ni\u00f1os y ni\u00f1as tienen derecho a la vida, educaci\u00f3n de calidad y gratuita, a ser tratados con amor y respeto, a ser protegidos contra todo tipo de abuso o maltrato, a crecer en una familia que los ame y los cuide, a un nombre e identidad, a vivir en un lugar seguro, a tener una cultura y al deporte, derecho a ser escuchados entre otros. <\/p>\n\n\n\n<figure class=\"wp-block-image\"><img decoding=\"async\" loading=\"lazy\" width=\"720\" height=\"540\" src=\"https:\/\/laprensacristiana.com\/wp-content\/uploads\/2019\/10\/WhatsApp-Image-2019-10-31-at-12.23.11-8.jpeg\" alt=\"\" class=\"wp-image-7269\" srcset=\"https:\/\/laprensacristiana.com\/wp-content\/uploads\/2019\/10\/WhatsApp-Image-2019-10-31-at-12.23.11-8.jpeg 720w, https:\/\/laprensacristiana.com\/wp-content\/uploads\/2019\/10\/WhatsApp-Image-2019-10-31-at-12.23.11-8-300x225.jpeg 300w, https:\/\/laprensacristiana.com\/wp-content\/uploads\/2019\/10\/WhatsApp-Image-2019-10-31-at-12.23.11-8-80x60.jpeg 80w, https:\/\/laprensacristiana.com\/wp-content\/uploads\/2019\/10\/WhatsApp-Image-2019-10-31-at-12.23.11-8-265x198.jpeg 265w, https:\/\/laprensacristiana.com\/wp-content\/uploads\/2019\/10\/WhatsApp-Image-2019-10-31-at-12.23.11-8-696x522.jpeg 696w, https:\/\/laprensacristiana.com\/wp-content\/uploads\/2019\/10\/WhatsApp-Image-2019-10-31-at-12.23.11-8-560x420.jpeg 560w, https:\/\/laprensacristiana.com\/wp-content\/uploads\/2019\/10\/WhatsApp-Image-2019-10-31-at-12.23.11-8-600x450.jpeg 600w\" sizes=\"(max-width: 720px) 100vw, 720px\" \/><figcaption>Concentraci\u00f3n en anfiteatro Parque Cuscatl\u00e1n en San Salvador<\/figcaption><\/figure>\n\n\n\n<p>15 proyectos que se trabajan en la zona centro\nrealizaron sus presentaciones musicales, tambi\u00e9n expusieron los productos que\ntrabajan en los talleres vocacionales como: pintura, desinfectante entre otros.\n<\/p>\n\n\n\n<p>Autoridades como el ISNA, Alcald\u00edas, apoyaron esta iniciativa y se hicieron presentes en los diferentes puntos en los que se vivi\u00f3 esta fiesta por los derechos de la ni\u00f1ez y adolescencia.<\/p>\n\n\n\n<ul class=\"wp-block-gallery columns-2 is-cropped wp-block-gallery-5 is-layout-flex\"><li class=\"blocks-gallery-item\"><figure><img decoding=\"async\" loading=\"lazy\" width=\"720\" height=\"405\" src=\"https:\/\/laprensacristiana.com\/wp-content\/uploads\/2019\/10\/WhatsApp-Image-2019-10-31-at-12.23.11-2.jpeg\" alt=\"\" data-id=\"7270\" data-link=\"https:\/\/laprensacristiana.com\/?attachment_id=7270\" class=\"wp-image-7270\" srcset=\"https:\/\/laprensacristiana.com\/wp-content\/uploads\/2019\/10\/WhatsApp-Image-2019-10-31-at-12.23.11-2.jpeg 720w, https:\/\/laprensacristiana.com\/wp-content\/uploads\/2019\/10\/WhatsApp-Image-2019-10-31-at-12.23.11-2-300x169.jpeg 300w, https:\/\/laprensacristiana.com\/wp-content\/uploads\/2019\/10\/WhatsApp-Image-2019-10-31-at-12.23.11-2-696x392.jpeg 696w, https:\/\/laprensacristiana.com\/wp-content\/uploads\/2019\/10\/WhatsApp-Image-2019-10-31-at-12.23.11-2-600x338.jpeg 600w\" sizes=\"(max-width: 720px) 100vw, 720px\" \/><figcaption>Cortes\u00eda Compassion El Salvador<\/figcaption><\/figure><\/li><li class=\"blocks-gallery-item\"><figure><img decoding=\"async\" loading=\"lazy\" width=\"720\" height=\"540\" src=\"https:\/\/laprensacristiana.com\/wp-content\/uploads\/2019\/10\/WhatsApp-Image-2019-10-31-at-12.23.11-1.jpeg\" alt=\"\" data-id=\"7271\" data-link=\"https:\/\/laprensacristiana.com\/?attachment_id=7271\" class=\"wp-image-7271\" srcset=\"https:\/\/laprensacristiana.com\/wp-content\/uploads\/2019\/10\/WhatsApp-Image-2019-10-31-at-12.23.11-1.jpeg 720w, https:\/\/laprensacristiana.com\/wp-content\/uploads\/2019\/10\/WhatsApp-Image-2019-10-31-at-12.23.11-1-300x225.jpeg 300w, https:\/\/laprensacristiana.com\/wp-content\/uploads\/2019\/10\/WhatsApp-Image-2019-10-31-at-12.23.11-1-80x60.jpeg 80w, https:\/\/laprensacristiana.com\/wp-content\/uploads\/2019\/10\/WhatsApp-Image-2019-10-31-at-12.23.11-1-265x198.jpeg 265w, https:\/\/laprensacristiana.com\/wp-content\/uploads\/2019\/10\/WhatsApp-Image-2019-10-31-at-12.23.11-1-696x522.jpeg 696w, https:\/\/laprensacristiana.com\/wp-content\/uploads\/2019\/10\/WhatsApp-Image-2019-10-31-at-12.23.11-1-560x420.jpeg 560w, https:\/\/laprensacristiana.com\/wp-content\/uploads\/2019\/10\/WhatsApp-Image-2019-10-31-at-12.23.11-1-600x450.jpeg 600w\" sizes=\"(max-width: 720px) 100vw, 720px\" \/><figcaption>Cortes\u00eda Compassion El Slvador<\/figcaption><\/figure><\/li><\/ul>\n","protected":false},"excerpt":{"rendered":"<p>En El Salvador cada uno de octubre se estableci\u00f3 por el pleno legislativo como \u201cDia de la Ni\u00f1ez y Adolescencia\u201d con el fin de promover en la poblaci\u00f3n salvadore\u00f1a la importancia de los ni\u00f1os y adolescentes dentro de la sociedad. Este d\u00eda m\u00e1s de 280 iglesias asociadas a Compassion Internacional se han organizado para salir [&hellip;]<\/p>\n","protected":false},"author":3,"featured_media":7264,"comment_status":"open","ping_status":"open","sticky":false,"template":"","format":"standard","meta":[],"categories":[56],"tags":[],"yoast_head":"<!-- This site is optimized with the Yoast SEO plugin v20.8 - https:\/\/yoast.com\/wordpress\/plugins\/seo\/ -->\n<title>M\u00e1s de 280 iglesias asociadas a Compassion se unen para marchar en pro de la ni\u00f1ez y la adolescencia. - La Prensa Cristiana<\/title>\n<meta name=\"robots\" content=\"index, follow, max-snippet:-1, max-image-preview:large, max-video-preview:-1\" \/>\n<link rel=\"canonical\" href=\"https:\/\/laprensacristiana.com\/?p=7263\" \/>\n<meta property=\"og:locale\" content=\"es_ES\" \/>\n<meta property=\"og:type\" content=\"article\" \/>\n<meta property=\"og:title\" content=\"M\u00e1s de 280 iglesias asociadas a Compassion se unen para marchar en pro de la ni\u00f1ez y la adolescencia. - La Prensa Cristiana\" \/>\n<meta property=\"og:description\" content=\"En El Salvador cada uno de octubre se estableci\u00f3 por el pleno legislativo como \u201cDia de la Ni\u00f1ez y Adolescencia\u201d con el fin de promover en la poblaci\u00f3n salvadore\u00f1a la importancia de los ni\u00f1os y adolescentes dentro de la sociedad. Este d\u00eda m\u00e1s de 280 iglesias asociadas a Compassion Internacional se han organizado para salir [&hellip;]\" \/>\n<meta property=\"og:url\" content=\"https:\/\/laprensacristiana.com\/?p=7263\" \/>\n<meta property=\"og:site_name\" content=\"La Prensa Cristiana\" \/>\n<meta property=\"article:published_time\" content=\"2019-10-31T19:36:55+00:00\" \/>\n<meta property=\"article:modified_time\" content=\"2019-10-31T19:36:58+00:00\" \/>\n<meta property=\"og:image\" content=\"https:\/\/laprensacristiana.com\/wp-content\/uploads\/2019\/10\/WhatsApp-Image-2019-10-31-at-12.23.11-7.jpeg\" \/>\n\t<meta property=\"og:image:width\" content=\"720\" \/>\n\t<meta property=\"og:image:height\" content=\"540\" \/>\n\t<meta property=\"og:image:type\" content=\"image\/jpeg\" \/>\n<meta name=\"author\" content=\"EDITOR\" \/>\n<meta name=\"twitter:card\" content=\"summary_large_image\" \/>\n<meta name=\"twitter:label1\" content=\"Escrito por\" \/>\n\t<meta name=\"twitter:data1\" content=\"EDITOR\" \/>\n\t<meta name=\"twitter:label2\" content=\"Tiempo de lectura\" \/>\n\t<meta name=\"twitter:data2\" content=\"3 minutos\" \/>\n<script type=\"application\/ld+json\" class=\"yoast-schema-graph\">{\"@context\":\"https:\/\/schema.org\",\"@graph\":[{\"@type\":\"WebPage\",\"@id\":\"https:\/\/laprensacristiana.com\/?p=7263\",\"url\":\"https:\/\/laprensacristiana.com\/?p=7263\",\"name\":\"M\u00e1s de 280 iglesias asociadas a Compassion se unen para marchar en pro de la ni\u00f1ez y la adolescencia. - La Prensa Cristiana\",\"isPartOf\":{\"@id\":\"https:\/\/laprensacristiana.com\/#website\"},\"datePublished\":\"2019-10-31T19:36:55+00:00\",\"dateModified\":\"2019-10-31T19:36:58+00:00\",\"author\":{\"@id\":\"https:\/\/laprensacristiana.com\/#\/schema\/person\/3e7d82c6bfd6b1fa67010f8f7cd5256e\"},\"breadcrumb\":{\"@id\":\"https:\/\/laprensacristiana.com\/?p=7263#breadcrumb\"},\"inLanguage\":\"es\",\"potentialAction\":[{\"@type\":\"ReadAction\",\"target\":[\"https:\/\/laprensacristiana.com\/?p=7263\"]}]},{\"@type\":\"BreadcrumbList\",\"@id\":\"https:\/\/laprensacristiana.com\/?p=7263#breadcrumb\",\"itemListElement\":[{\"@type\":\"ListItem\",\"position\":1,\"name\":\"Portada\",\"item\":\"https:\/\/laprensacristiana.com\/\"},{\"@type\":\"ListItem\",\"position\":2,\"name\":\"M\u00e1s de 280 iglesias asociadas a Compassion se unen para marchar en pro de la ni\u00f1ez y la adolescencia.\"}]},{\"@type\":\"WebSite\",\"@id\":\"https:\/\/laprensacristiana.com\/#website\",\"url\":\"https:\/\/laprensacristiana.com\/\",\"name\":\"La Prensa Cristiana\",\"description\":\"Anunciando Las Buenas Nuevas\",\"potentialAction\":[{\"@type\":\"SearchAction\",\"target\":{\"@type\":\"EntryPoint\",\"urlTemplate\":\"https:\/\/laprensacristiana.com\/?s={search_term_string}\"},\"query-input\":\"required name=search_term_string\"}],\"inLanguage\":\"es\"},{\"@type\":\"Person\",\"@id\":\"https:\/\/laprensacristiana.com\/#\/schema\/person\/3e7d82c6bfd6b1fa67010f8f7cd5256e\",\"name\":\"EDITOR\",\"image\":{\"@type\":\"ImageObject\",\"inLanguage\":\"es\",\"@id\":\"https:\/\/laprensacristiana.com\/#\/schema\/person\/image\/\",\"url\":\"https:\/\/secure.gravatar.com\/avatar\/72069dfb6c13772d9e8381e3638666d2?s=96&d=mm&r=g\",\"contentUrl\":\"https:\/\/secure.gravatar.com\/avatar\/72069dfb6c13772d9e8381e3638666d2?s=96&d=mm&r=g\",\"caption\":\"EDITOR\"},\"url\":\"https:\/\/laprensacristiana.com\/?author=3\"}]}<\/script>\n<!-- \/ Yoast SEO plugin. -->","yoast_head_json":{"title":"M\u00e1s de 280 iglesias asociadas a Compassion se unen para marchar en pro de la ni\u00f1ez y la adolescencia. - La Prensa Cristiana","robots":{"index":"index","follow":"follow","max-snippet":"max-snippet:-1","max-image-preview":"max-image-preview:large","max-video-preview":"max-video-preview:-1"},"canonical":"https:\/\/laprensacristiana.com\/?p=7263","og_locale":"es_ES","og_type":"article","og_title":"M\u00e1s de 280 iglesias asociadas a Compassion se unen para marchar en pro de la ni\u00f1ez y la adolescencia. - La Prensa Cristiana","og_description":"En El Salvador cada uno de octubre se estableci\u00f3 por el pleno legislativo como \u201cDia de la Ni\u00f1ez y Adolescencia\u201d con el fin de promover en la poblaci\u00f3n salvadore\u00f1a la importancia de los ni\u00f1os y adolescentes dentro de la sociedad. Este d\u00eda m\u00e1s de 280 iglesias asociadas a Compassion Internacional se han organizado para salir [&hellip;]","og_url":"https:\/\/laprensacristiana.com\/?p=7263","og_site_name":"La Prensa Cristiana","article_published_time":"2019-10-31T19:36:55+00:00","article_modified_time":"2019-10-31T19:36:58+00:00","og_image":[{"width":720,"height":540,"url":"https:\/\/laprensacristiana.com\/wp-content\/uploads\/2019\/10\/WhatsApp-Image-2019-10-31-at-12.23.11-7.jpeg","type":"image\/jpeg"}],"author":"EDITOR","twitter_card":"summary_large_image","twitter_misc":{"Escrito por":"EDITOR","Tiempo de lectura":"3 minutos"},"schema":{"@context":"https:\/\/schema.org","@graph":[{"@type":"WebPage","@id":"https:\/\/laprensacristiana.com\/?p=7263","url":"https:\/\/laprensacristiana.com\/?p=7263","name":"M\u00e1s de 280 iglesias asociadas a Compassion se unen para marchar en pro de la ni\u00f1ez y la adolescencia. - La Prensa Cristiana","isPartOf":{"@id":"https:\/\/laprensacristiana.com\/#website"},"datePublished":"2019-10-31T19:36:55+00:00","dateModified":"2019-10-31T19:36:58+00:00","author":{"@id":"https:\/\/laprensacristiana.com\/#\/schema\/person\/3e7d82c6bfd6b1fa67010f8f7cd5256e"},"breadcrumb":{"@id":"https:\/\/laprensacristiana.com\/?p=7263#breadcrumb"},"inLanguage":"es","potentialAction":[{"@type":"ReadAction","target":["https:\/\/laprensacristiana.com\/?p=7263"]}]},{"@type":"BreadcrumbList","@id":"https:\/\/laprensacristiana.com\/?p=7263#breadcrumb","itemListElement":[{"@type":"ListItem","position":1,"name":"Portada","item":"https:\/\/laprensacristiana.com\/"},{"@type":"ListItem","position":2,"name":"M\u00e1s de 280 iglesias asociadas a Compassion se unen para marchar en pro de la ni\u00f1ez y la adolescencia."}]},{"@type":"WebSite","@id":"https:\/\/laprensacristiana.com\/#website","url":"https:\/\/laprensacristiana.com\/","name":"La Prensa Cristiana","description":"Anunciando Las Buenas Nuevas","potentialAction":[{"@type":"SearchAction","target":{"@type":"EntryPoint","urlTemplate":"https:\/\/laprensacristiana.com\/?s={search_term_string}"},"query-input":"required name=search_term_string"}],"inLanguage":"es"},{"@type":"Person","@id":"https:\/\/laprensacristiana.com\/#\/schema\/person\/3e7d82c6bfd6b1fa67010f8f7cd5256e","name":"EDITOR","image":{"@type":"ImageObject","inLanguage":"es","@id":"https:\/\/laprensacristiana.com\/#\/schema\/person\/image\/","url":"https:\/\/secure.gravatar.com\/avatar\/72069dfb6c13772d9e8381e3638666d2?s=96&d=mm&r=g","contentUrl":"https:\/\/secure.gravatar.com\/avatar\/72069dfb6c13772d9e8381e3638666d2?s=96&d=mm&r=g","caption":"EDITOR"},"url":"https:\/\/laprensacristiana.com\/?author=3"}]}},"_links":{"self":[{"href":"https:\/\/laprensacristiana.com\/index.php?rest_route=\/wp\/v2\/posts\/7263"}],"collection":[{"href":"https:\/\/laprensacristiana.com\/index.php?rest_route=\/wp\/v2\/posts"}],"about":[{"href":"https:\/\/laprensacristiana.com\/index.php?rest_route=\/wp\/v2\/types\/post"}],"author":[{"embeddable":true,"href":"https:\/\/laprensacristiana.com\/index.php?rest_route=\/wp\/v2\/users\/3"}],"replies":[{"embeddable":true,"href":"https:\/\/laprensacristiana.com\/index.php?rest_route=%2Fwp%2Fv2%2Fcomments&post=7263"}],"version-history":[{"count":1,"href":"https:\/\/laprensacristiana.com\/index.php?rest_route=\/wp\/v2\/posts\/7263\/revisions"}],"predecessor-version":[{"id":7274,"href":"https:\/\/laprensacristiana.com\/index.php?rest_route=\/wp\/v2\/posts\/7263\/revisions\/7274"}],"wp:featuredmedia":[{"embeddable":true,"href":"https:\/\/laprensacristiana.com\/index.php?rest_route=\/wp\/v2\/media\/7264"}],"wp:attachment":[{"href":"https:\/\/laprensacristiana.com\/index.php?rest_route=%2Fwp%2Fv2%2Fmedia&parent=7263"}],"wp:term":[{"taxonomy":"category","embeddable":true,"href":"https:\/\/laprensacristiana.com\/index.php?rest_route=%2Fwp%2Fv2%2Fcategories&post=7263"},{"taxonomy":"post_tag","embeddable":true,"href":"https:\/\/laprensacristiana.com\/index.php?rest_route=%2Fwp%2Fv2%2Ftags&post=7263"}],"curies":[{"name":"wp","href":"https:\/\/api.w.org\/{rel}","templated":true}]}}