{"id":7279,"date":"2019-11-01T21:28:32","date_gmt":"2019-11-01T21:28:32","guid":{"rendered":"https:\/\/laprensacristiana.com\/?p=7279"},"modified":"2019-11-01T21:28:36","modified_gmt":"2019-11-01T21:28:36","slug":"alianza-evangelica-conmemora-el-dia-nacional-de-la-iglesia-evangelica","status":"publish","type":"post","link":"https:\/\/laprensacristiana.com\/?p=7279","title":{"rendered":"Alianza Evang\u00e9lica conmemora el D\u00eda Nacional de la Iglesia Evang\u00e9lica"},"content":{"rendered":"\n<p>Por: Gerardo&nbsp; Arbaiza<\/p>\n\n\n\n<p>La Alianza\nEvang\u00e9lica de El Salvador conmemor\u00f3 el pasado jueves el D\u00eda Nacional de la\nIglesia Evang\u00e9lica con un acto al que asistieron cerca de 150 pastores y\nl\u00edderes de ministerios y fundaciones de todo el pa\u00eds que forman parte de la\nAlianza Evang\u00e9lica.<\/p>\n\n\n\n<p>El evento cont\u00f3 con las ponencias del Dr. Hiram Harris, coordinador de la Alianza Evang\u00e9lica de Panam\u00e1, y del presidente de la Alianza Evang\u00e9lica de El Salvador, Mauricio Castell\u00f3n, quien plante\u00f3 a los asistentes el reto de ampliar la influencia de la iglesia evang\u00e9lica en la vida del pa\u00eds, a la luz que el evangelio est\u00e1 presente en pr\u00e1cticamente todo el pa\u00eds.<\/p>\n\n\n\n<figure class=\"wp-block-image\"><img decoding=\"async\" loading=\"lazy\" width=\"960\" height=\"640\" src=\"https:\/\/laprensacristiana.com\/wp-content\/uploads\/2019\/11\/75593867_2445281272354603_2555471499209211904_n.jpg\" alt=\"\" class=\"wp-image-7281\" srcset=\"https:\/\/laprensacristiana.com\/wp-content\/uploads\/2019\/11\/75593867_2445281272354603_2555471499209211904_n.jpg 960w, https:\/\/laprensacristiana.com\/wp-content\/uploads\/2019\/11\/75593867_2445281272354603_2555471499209211904_n-300x200.jpg 300w, https:\/\/laprensacristiana.com\/wp-content\/uploads\/2019\/11\/75593867_2445281272354603_2555471499209211904_n-768x512.jpg 768w, https:\/\/laprensacristiana.com\/wp-content\/uploads\/2019\/11\/75593867_2445281272354603_2555471499209211904_n-696x464.jpg 696w, https:\/\/laprensacristiana.com\/wp-content\/uploads\/2019\/11\/75593867_2445281272354603_2555471499209211904_n-630x420.jpg 630w, https:\/\/laprensacristiana.com\/wp-content\/uploads\/2019\/11\/75593867_2445281272354603_2555471499209211904_n-600x400.jpg 600w\" sizes=\"(max-width: 960px) 100vw, 960px\" \/><figcaption>Cortes\u00eda Alianza Evang\u00e9lica El Salvador <\/figcaption><\/figure>\n\n\n\n<p>Por su\nparte, el pastor general de la Iglesia Elim, Mario Vega, comparti\u00f3 en un video\nun devocional inspirado en la obra de los reformadores del Siglo XVI, sin los\ncuales no habr\u00eda una explosi\u00f3n en el movimiento evangel\u00edstico mundial y no\nhubiera existido la Iglesia Evang\u00e9lica.<\/p>\n\n\n\n<p>La Orquesta de C\u00e1mara de Compassion International, compuesta por j\u00f3venes de iglesias del \u00e1rea metropolitana de San Salvador, honraron al Se\u00f1or con la interpretaci\u00f3n de alabanzas con arreglos sinf\u00f3nicos.<\/p>\n\n\n\n<figure class=\"wp-block-image\"><img decoding=\"async\" loading=\"lazy\" width=\"960\" height=\"640\" src=\"https:\/\/laprensacristiana.com\/wp-content\/uploads\/2019\/11\/77000134_2445283272354403_2451004069070766080_n.jpg\" alt=\"\" class=\"wp-image-7282\" srcset=\"https:\/\/laprensacristiana.com\/wp-content\/uploads\/2019\/11\/77000134_2445283272354403_2451004069070766080_n.jpg 960w, https:\/\/laprensacristiana.com\/wp-content\/uploads\/2019\/11\/77000134_2445283272354403_2451004069070766080_n-300x200.jpg 300w, https:\/\/laprensacristiana.com\/wp-content\/uploads\/2019\/11\/77000134_2445283272354403_2451004069070766080_n-768x512.jpg 768w, https:\/\/laprensacristiana.com\/wp-content\/uploads\/2019\/11\/77000134_2445283272354403_2451004069070766080_n-696x464.jpg 696w, https:\/\/laprensacristiana.com\/wp-content\/uploads\/2019\/11\/77000134_2445283272354403_2451004069070766080_n-630x420.jpg 630w, https:\/\/laprensacristiana.com\/wp-content\/uploads\/2019\/11\/77000134_2445283272354403_2451004069070766080_n-600x400.jpg 600w\" sizes=\"(max-width: 960px) 100vw, 960px\" \/><\/figure>\n\n\n\n<p>Durante el\nevento tambi\u00e9n se reconoci\u00f3 la obra de organizaciones y siervos que por a\u00f1os\nhan rendido sus vidas al Se\u00f1or y han contribu\u00eddo con la expansi\u00f3n del evangelio\nen El Salvador.<\/p>\n\n\n\n<p>Entre los galardonados est\u00e1n la Jefatura Evang\u00e9lica Militar, representada por el coronel y doctor Rafael Antonio Mart\u00ednez Cortez; la Fundaci\u00f3n Esperanza de Vida (EDEN), la cual se encarga de cuidar a pastores retirados del ministerio por su avanzada edad; y el pastor Luis Palacios de la Misi\u00f3n Centroamericana (MCA).<\/p>\n\n\n\n<ul class=\"wp-block-gallery columns-2 is-cropped wp-block-gallery-1 is-layout-flex\"><li class=\"blocks-gallery-item\"><figure><img decoding=\"async\" loading=\"lazy\" width=\"960\" height=\"640\" src=\"https:\/\/laprensacristiana.com\/wp-content\/uploads\/2019\/11\/73177176_2445288125687251_329155749420728320_n.jpg\" alt=\"\" data-id=\"7283\" data-link=\"https:\/\/laprensacristiana.com\/?attachment_id=7283\" class=\"wp-image-7283\" srcset=\"https:\/\/laprensacristiana.com\/wp-content\/uploads\/2019\/11\/73177176_2445288125687251_329155749420728320_n.jpg 960w, https:\/\/laprensacristiana.com\/wp-content\/uploads\/2019\/11\/73177176_2445288125687251_329155749420728320_n-300x200.jpg 300w, https:\/\/laprensacristiana.com\/wp-content\/uploads\/2019\/11\/73177176_2445288125687251_329155749420728320_n-768x512.jpg 768w, https:\/\/laprensacristiana.com\/wp-content\/uploads\/2019\/11\/73177176_2445288125687251_329155749420728320_n-696x464.jpg 696w, https:\/\/laprensacristiana.com\/wp-content\/uploads\/2019\/11\/73177176_2445288125687251_329155749420728320_n-630x420.jpg 630w, https:\/\/laprensacristiana.com\/wp-content\/uploads\/2019\/11\/73177176_2445288125687251_329155749420728320_n-600x400.jpg 600w\" sizes=\"(max-width: 960px) 100vw, 960px\" \/><\/figure><\/li><li class=\"blocks-gallery-item\"><figure><img decoding=\"async\" loading=\"lazy\" width=\"960\" height=\"640\" src=\"https:\/\/laprensacristiana.com\/wp-content\/uploads\/2019\/11\/74906663_2445287839020613_6746034415190671360_n.jpg\" alt=\"\" data-id=\"7284\" data-link=\"https:\/\/laprensacristiana.com\/?attachment_id=7284\" class=\"wp-image-7284\" srcset=\"https:\/\/laprensacristiana.com\/wp-content\/uploads\/2019\/11\/74906663_2445287839020613_6746034415190671360_n.jpg 960w, https:\/\/laprensacristiana.com\/wp-content\/uploads\/2019\/11\/74906663_2445287839020613_6746034415190671360_n-300x200.jpg 300w, https:\/\/laprensacristiana.com\/wp-content\/uploads\/2019\/11\/74906663_2445287839020613_6746034415190671360_n-768x512.jpg 768w, https:\/\/laprensacristiana.com\/wp-content\/uploads\/2019\/11\/74906663_2445287839020613_6746034415190671360_n-696x464.jpg 696w, https:\/\/laprensacristiana.com\/wp-content\/uploads\/2019\/11\/74906663_2445287839020613_6746034415190671360_n-630x420.jpg 630w, https:\/\/laprensacristiana.com\/wp-content\/uploads\/2019\/11\/74906663_2445287839020613_6746034415190671360_n-600x400.jpg 600w\" sizes=\"(max-width: 960px) 100vw, 960px\" \/><\/figure><\/li><\/ul>\n\n\n\n<p>El acto concluy\u00f3 con la firma de una declaraci\u00f3n con 16 compromisos encaminados a que la Iglesia Evang\u00e9lica de El Salvador influya con los valores del Reino de Dios en todas las esferas de la sociedad. La declaraci\u00f3n fue respaldada por todos los miembros de la actual junta directiva de la Alianza Evang\u00e9lica de El Salvador y otros l\u00edderes de importantes denominaciones cristianas del pa\u00eds.<\/p>\n\n\n\n<figure class=\"wp-block-image\"><img decoding=\"async\" loading=\"lazy\" width=\"960\" height=\"640\" src=\"https:\/\/laprensacristiana.com\/wp-content\/uploads\/2019\/11\/73274748_2445289419020455_3815466319462006784_n.jpg\" alt=\"\" class=\"wp-image-7286\" srcset=\"https:\/\/laprensacristiana.com\/wp-content\/uploads\/2019\/11\/73274748_2445289419020455_3815466319462006784_n.jpg 960w, https:\/\/laprensacristiana.com\/wp-content\/uploads\/2019\/11\/73274748_2445289419020455_3815466319462006784_n-300x200.jpg 300w, https:\/\/laprensacristiana.com\/wp-content\/uploads\/2019\/11\/73274748_2445289419020455_3815466319462006784_n-768x512.jpg 768w, https:\/\/laprensacristiana.com\/wp-content\/uploads\/2019\/11\/73274748_2445289419020455_3815466319462006784_n-696x464.jpg 696w, https:\/\/laprensacristiana.com\/wp-content\/uploads\/2019\/11\/73274748_2445289419020455_3815466319462006784_n-630x420.jpg 630w, https:\/\/laprensacristiana.com\/wp-content\/uploads\/2019\/11\/73274748_2445289419020455_3815466319462006784_n-600x400.jpg 600w\" sizes=\"(max-width: 960px) 100vw, 960px\" \/><\/figure>\n\n\n\n<p>El 11 de\nnoviembre de 2013 la Asamblea Legislativa decret\u00f3 que el 31 de octubre de cada\na\u00f1o se celebre el D\u00eda Nacional de la Iglesia Evang\u00e9lica Salvadore\u00f1a. La raz\u00f3n\nque motiv\u00f3 a celebrarlo en esta fecha y no otra fue que en un 31 de octubre de\n1517, Mart\u00edn Lutero clav\u00f3 sus 95 tesis en la iglesia de Wittenberg, Alemania,\nlo que dio inicio a la Reforma Protestante.<\/p>\n","protected":false},"excerpt":{"rendered":"<p>Por: Gerardo&nbsp; Arbaiza La Alianza Evang\u00e9lica de El Salvador conmemor\u00f3 el pasado jueves el D\u00eda Nacional de la Iglesia Evang\u00e9lica con un acto al que asistieron cerca de 150 pastores y l\u00edderes de ministerios y fundaciones de todo el pa\u00eds que forman parte de la Alianza Evang\u00e9lica. El evento cont\u00f3 con las ponencias del Dr. [&hellip;]<\/p>\n","protected":false},"author":3,"featured_media":7280,"comment_status":"open","ping_status":"open","sticky":false,"template":"","format":"standard","meta":[],"categories":[56],"tags":[],"yoast_head":"<!-- This site is optimized with the Yoast SEO plugin v20.8 - https:\/\/yoast.com\/wordpress\/plugins\/seo\/ -->\n<title>Alianza Evang\u00e9lica conmemora el D\u00eda Nacional de la Iglesia Evang\u00e9lica - La Prensa Cristiana<\/title>\n<meta name=\"robots\" content=\"index, follow, max-snippet:-1, max-image-preview:large, max-video-preview:-1\" \/>\n<link rel=\"canonical\" href=\"https:\/\/laprensacristiana.com\/?p=7279\" \/>\n<meta property=\"og:locale\" content=\"es_ES\" \/>\n<meta property=\"og:type\" content=\"article\" \/>\n<meta property=\"og:title\" content=\"Alianza Evang\u00e9lica conmemora el D\u00eda Nacional de la Iglesia Evang\u00e9lica - La Prensa Cristiana\" \/>\n<meta property=\"og:description\" content=\"Por: Gerardo&nbsp; Arbaiza La Alianza Evang\u00e9lica de El Salvador conmemor\u00f3 el pasado jueves el D\u00eda Nacional de la Iglesia Evang\u00e9lica con un acto al que asistieron cerca de 150 pastores y l\u00edderes de ministerios y fundaciones de todo el pa\u00eds que forman parte de la Alianza Evang\u00e9lica. El evento cont\u00f3 con las ponencias del Dr. [&hellip;]\" \/>\n<meta property=\"og:url\" content=\"https:\/\/laprensacristiana.com\/?p=7279\" \/>\n<meta property=\"og:site_name\" content=\"La Prensa Cristiana\" \/>\n<meta property=\"article:published_time\" content=\"2019-11-01T21:28:32+00:00\" \/>\n<meta property=\"article:modified_time\" content=\"2019-11-01T21:28:36+00:00\" \/>\n<meta property=\"og:image\" content=\"https:\/\/laprensacristiana.com\/wp-content\/uploads\/2019\/11\/74793842_2445283395687724_6480884759495966720_n.jpg\" \/>\n\t<meta property=\"og:image:width\" content=\"960\" \/>\n\t<meta property=\"og:image:height\" content=\"640\" \/>\n\t<meta property=\"og:image:type\" content=\"image\/jpeg\" \/>\n<meta name=\"author\" content=\"EDITOR\" \/>\n<meta name=\"twitter:card\" content=\"summary_large_image\" \/>\n<meta name=\"twitter:label1\" content=\"Escrito por\" \/>\n\t<meta name=\"twitter:data1\" content=\"EDITOR\" \/>\n\t<meta name=\"twitter:label2\" content=\"Tiempo de lectura\" \/>\n\t<meta name=\"twitter:data2\" content=\"2 minutos\" \/>\n<script type=\"application\/ld+json\" class=\"yoast-schema-graph\">{\"@context\":\"https:\/\/schema.org\",\"@graph\":[{\"@type\":\"WebPage\",\"@id\":\"https:\/\/laprensacristiana.com\/?p=7279\",\"url\":\"https:\/\/laprensacristiana.com\/?p=7279\",\"name\":\"Alianza Evang\u00e9lica conmemora el D\u00eda Nacional de la Iglesia Evang\u00e9lica - La Prensa Cristiana\",\"isPartOf\":{\"@id\":\"https:\/\/laprensacristiana.com\/#website\"},\"datePublished\":\"2019-11-01T21:28:32+00:00\",\"dateModified\":\"2019-11-01T21:28:36+00:00\",\"author\":{\"@id\":\"https:\/\/laprensacristiana.com\/#\/schema\/person\/3e7d82c6bfd6b1fa67010f8f7cd5256e\"},\"breadcrumb\":{\"@id\":\"https:\/\/laprensacristiana.com\/?p=7279#breadcrumb\"},\"inLanguage\":\"es\",\"potentialAction\":[{\"@type\":\"ReadAction\",\"target\":[\"https:\/\/laprensacristiana.com\/?p=7279\"]}]},{\"@type\":\"BreadcrumbList\",\"@id\":\"https:\/\/laprensacristiana.com\/?p=7279#breadcrumb\",\"itemListElement\":[{\"@type\":\"ListItem\",\"position\":1,\"name\":\"Portada\",\"item\":\"https:\/\/laprensacristiana.com\/\"},{\"@type\":\"ListItem\",\"position\":2,\"name\":\"Alianza Evang\u00e9lica conmemora el D\u00eda Nacional de la Iglesia Evang\u00e9lica\"}]},{\"@type\":\"WebSite\",\"@id\":\"https:\/\/laprensacristiana.com\/#website\",\"url\":\"https:\/\/laprensacristiana.com\/\",\"name\":\"La Prensa Cristiana\",\"description\":\"Anunciando Las Buenas Nuevas\",\"potentialAction\":[{\"@type\":\"SearchAction\",\"target\":{\"@type\":\"EntryPoint\",\"urlTemplate\":\"https:\/\/laprensacristiana.com\/?s={search_term_string}\"},\"query-input\":\"required name=search_term_string\"}],\"inLanguage\":\"es\"},{\"@type\":\"Person\",\"@id\":\"https:\/\/laprensacristiana.com\/#\/schema\/person\/3e7d82c6bfd6b1fa67010f8f7cd5256e\",\"name\":\"EDITOR\",\"image\":{\"@type\":\"ImageObject\",\"inLanguage\":\"es\",\"@id\":\"https:\/\/laprensacristiana.com\/#\/schema\/person\/image\/\",\"url\":\"https:\/\/secure.gravatar.com\/avatar\/72069dfb6c13772d9e8381e3638666d2?s=96&d=mm&r=g\",\"contentUrl\":\"https:\/\/secure.gravatar.com\/avatar\/72069dfb6c13772d9e8381e3638666d2?s=96&d=mm&r=g\",\"caption\":\"EDITOR\"},\"url\":\"https:\/\/laprensacristiana.com\/?author=3\"}]}<\/script>\n<!-- \/ Yoast SEO plugin. -->","yoast_head_json":{"title":"Alianza Evang\u00e9lica conmemora el D\u00eda Nacional de la Iglesia Evang\u00e9lica - La Prensa Cristiana","robots":{"index":"index","follow":"follow","max-snippet":"max-snippet:-1","max-image-preview":"max-image-preview:large","max-video-preview":"max-video-preview:-1"},"canonical":"https:\/\/laprensacristiana.com\/?p=7279","og_locale":"es_ES","og_type":"article","og_title":"Alianza Evang\u00e9lica conmemora el D\u00eda Nacional de la Iglesia Evang\u00e9lica - La Prensa Cristiana","og_description":"Por: Gerardo&nbsp; Arbaiza La Alianza Evang\u00e9lica de El Salvador conmemor\u00f3 el pasado jueves el D\u00eda Nacional de la Iglesia Evang\u00e9lica con un acto al que asistieron cerca de 150 pastores y l\u00edderes de ministerios y fundaciones de todo el pa\u00eds que forman parte de la Alianza Evang\u00e9lica. El evento cont\u00f3 con las ponencias del Dr. [&hellip;]","og_url":"https:\/\/laprensacristiana.com\/?p=7279","og_site_name":"La Prensa Cristiana","article_published_time":"2019-11-01T21:28:32+00:00","article_modified_time":"2019-11-01T21:28:36+00:00","og_image":[{"width":960,"height":640,"url":"https:\/\/laprensacristiana.com\/wp-content\/uploads\/2019\/11\/74793842_2445283395687724_6480884759495966720_n.jpg","type":"image\/jpeg"}],"author":"EDITOR","twitter_card":"summary_large_image","twitter_misc":{"Escrito por":"EDITOR","Tiempo de lectura":"2 minutos"},"schema":{"@context":"https:\/\/schema.org","@graph":[{"@type":"WebPage","@id":"https:\/\/laprensacristiana.com\/?p=7279","url":"https:\/\/laprensacristiana.com\/?p=7279","name":"Alianza Evang\u00e9lica conmemora el D\u00eda Nacional de la Iglesia Evang\u00e9lica - La Prensa Cristiana","isPartOf":{"@id":"https:\/\/laprensacristiana.com\/#website"},"datePublished":"2019-11-01T21:28:32+00:00","dateModified":"2019-11-01T21:28:36+00:00","author":{"@id":"https:\/\/laprensacristiana.com\/#\/schema\/person\/3e7d82c6bfd6b1fa67010f8f7cd5256e"},"breadcrumb":{"@id":"https:\/\/laprensacristiana.com\/?p=7279#breadcrumb"},"inLanguage":"es","potentialAction":[{"@type":"ReadAction","target":["https:\/\/laprensacristiana.com\/?p=7279"]}]},{"@type":"BreadcrumbList","@id":"https:\/\/laprensacristiana.com\/?p=7279#breadcrumb","itemListElement":[{"@type":"ListItem","position":1,"name":"Portada","item":"https:\/\/laprensacristiana.com\/"},{"@type":"ListItem","position":2,"name":"Alianza Evang\u00e9lica conmemora el D\u00eda Nacional de la Iglesia Evang\u00e9lica"}]},{"@type":"WebSite","@id":"https:\/\/laprensacristiana.com\/#website","url":"https:\/\/laprensacristiana.com\/","name":"La Prensa Cristiana","description":"Anunciando Las Buenas Nuevas","potentialAction":[{"@type":"SearchAction","target":{"@type":"EntryPoint","urlTemplate":"https:\/\/laprensacristiana.com\/?s={search_term_string}"},"query-input":"required name=search_term_string"}],"inLanguage":"es"},{"@type":"Person","@id":"https:\/\/laprensacristiana.com\/#\/schema\/person\/3e7d82c6bfd6b1fa67010f8f7cd5256e","name":"EDITOR","image":{"@type":"ImageObject","inLanguage":"es","@id":"https:\/\/laprensacristiana.com\/#\/schema\/person\/image\/","url":"https:\/\/secure.gravatar.com\/avatar\/72069dfb6c13772d9e8381e3638666d2?s=96&d=mm&r=g","contentUrl":"https:\/\/secure.gravatar.com\/avatar\/72069dfb6c13772d9e8381e3638666d2?s=96&d=mm&r=g","caption":"EDITOR"},"url":"https:\/\/laprensacristiana.com\/?author=3"}]}},"_links":{"self":[{"href":"https:\/\/laprensacristiana.com\/index.php?rest_route=\/wp\/v2\/posts\/7279"}],"collection":[{"href":"https:\/\/laprensacristiana.com\/index.php?rest_route=\/wp\/v2\/posts"}],"about":[{"href":"https:\/\/laprensacristiana.com\/index.php?rest_route=\/wp\/v2\/types\/post"}],"author":[{"embeddable":true,"href":"https:\/\/laprensacristiana.com\/index.php?rest_route=\/wp\/v2\/users\/3"}],"replies":[{"embeddable":true,"href":"https:\/\/laprensacristiana.com\/index.php?rest_route=%2Fwp%2Fv2%2Fcomments&post=7279"}],"version-history":[{"count":1,"href":"https:\/\/laprensacristiana.com\/index.php?rest_route=\/wp\/v2\/posts\/7279\/revisions"}],"predecessor-version":[{"id":7287,"href":"https:\/\/laprensacristiana.com\/index.php?rest_route=\/wp\/v2\/posts\/7279\/revisions\/7287"}],"wp:featuredmedia":[{"embeddable":true,"href":"https:\/\/laprensacristiana.com\/index.php?rest_route=\/wp\/v2\/media\/7280"}],"wp:attachment":[{"href":"https:\/\/laprensacristiana.com\/index.php?rest_route=%2Fwp%2Fv2%2Fmedia&parent=7279"}],"wp:term":[{"taxonomy":"category","embeddable":true,"href":"https:\/\/laprensacristiana.com\/index.php?rest_route=%2Fwp%2Fv2%2Fcategories&post=7279"},{"taxonomy":"post_tag","embeddable":true,"href":"https:\/\/laprensacristiana.com\/index.php?rest_route=%2Fwp%2Fv2%2Ftags&post=7279"}],"curies":[{"name":"wp","href":"https:\/\/api.w.org\/{rel}","templated":true}]}}