{"id":7295,"date":"2019-11-06T16:35:29","date_gmt":"2019-11-06T16:35:29","guid":{"rendered":"https:\/\/laprensacristiana.com\/?p=7295"},"modified":"2019-11-06T16:40:20","modified_gmt":"2019-11-06T16:40:20","slug":"iglesia-casa-emanuel-para-todas-las-naciones-realiza-marcha-nocturna-en-ilopango","status":"publish","type":"post","link":"https:\/\/laprensacristiana.com\/?p=7295","title":{"rendered":"Iglesia Casa Emmanuel para Todas las Naciones realiza marcha nocturna en Ilopango"},"content":{"rendered":"\n<p>La noche del pasado 31 de octubre ni\u00f1os, j\u00f3venes y adultos\nque pertenecen a iglesia Casa Emmanuel ubicada en Ilopango acompa\u00f1ados por su\npastor Otoniel Alvarado y familia se dispusieron a salir por la noche a marchar\nen las calles del municipio, para conmemorar \u201cEl D\u00eda Nacional De La Iglesia\nEvang\u00e9lica de El Salvador\u201d que se celebra cada 31 de octubre decretado por la\nAsamblea Legislativa desde el a\u00f1o 2013, siendo parte del proyecto SES\n(Salvadores de El Salvador) que la iglesia est\u00e1 realizando.<\/p>\n\n\n\n<ul class=\"wp-block-gallery columns-1 is-cropped wp-block-gallery-1 is-layout-flex\"><li class=\"blocks-gallery-item\"><figure><img decoding=\"async\" loading=\"lazy\" width=\"1024\" height=\"768\" src=\"https:\/\/laprensacristiana.com\/wp-content\/uploads\/2019\/11\/2cddebd7-e7c9-4d82-879a-fd8d221196f7-1024x768.jpg\" alt=\"\" data-id=\"7297\" data-link=\"https:\/\/laprensacristiana.com\/?attachment_id=7297\" class=\"wp-image-7297\" srcset=\"https:\/\/laprensacristiana.com\/wp-content\/uploads\/2019\/11\/2cddebd7-e7c9-4d82-879a-fd8d221196f7-1024x768.jpg 1024w, https:\/\/laprensacristiana.com\/wp-content\/uploads\/2019\/11\/2cddebd7-e7c9-4d82-879a-fd8d221196f7-300x225.jpg 300w, https:\/\/laprensacristiana.com\/wp-content\/uploads\/2019\/11\/2cddebd7-e7c9-4d82-879a-fd8d221196f7-768x576.jpg 768w, https:\/\/laprensacristiana.com\/wp-content\/uploads\/2019\/11\/2cddebd7-e7c9-4d82-879a-fd8d221196f7-80x60.jpg 80w, https:\/\/laprensacristiana.com\/wp-content\/uploads\/2019\/11\/2cddebd7-e7c9-4d82-879a-fd8d221196f7-265x198.jpg 265w, https:\/\/laprensacristiana.com\/wp-content\/uploads\/2019\/11\/2cddebd7-e7c9-4d82-879a-fd8d221196f7-696x522.jpg 696w, https:\/\/laprensacristiana.com\/wp-content\/uploads\/2019\/11\/2cddebd7-e7c9-4d82-879a-fd8d221196f7-1068x801.jpg 1068w, https:\/\/laprensacristiana.com\/wp-content\/uploads\/2019\/11\/2cddebd7-e7c9-4d82-879a-fd8d221196f7-560x420.jpg 560w, https:\/\/laprensacristiana.com\/wp-content\/uploads\/2019\/11\/2cddebd7-e7c9-4d82-879a-fd8d221196f7-600x450.jpg 600w, https:\/\/laprensacristiana.com\/wp-content\/uploads\/2019\/11\/2cddebd7-e7c9-4d82-879a-fd8d221196f7.jpg 1280w\" sizes=\"(max-width: 1024px) 100vw, 1024px\" \/><\/figure><\/li><\/ul>\n\n\n\n<p>Esta marcha se ha realizado por 9 a\u00f1os consecutivos, es\nparte del compromiso que este ministerio tiene por la naci\u00f3n, vestidos de\nblanco, con globos y alzando sus manos y su voz para levantar un clamor por El\nSalvador recorrieron las calles. La marcha culmin\u00f3 en las instalaciones del\ntemplo con la celebraci\u00f3n de la noche blanca denominada: \u201cLa Vi\u00f1a\u201d, haciendo un\nrecordatorio de la responsabilidad que la iglesia tiene de producir frutos en\nesta naci\u00f3n. <\/p>\n\n\n\n<figure class=\"wp-block-image\"><img decoding=\"async\" loading=\"lazy\" width=\"1024\" height=\"768\" src=\"https:\/\/laprensacristiana.com\/wp-content\/uploads\/2019\/11\/bda9977b-fc05-4b7c-b744-1c8033a45084-1024x768.jpg\" alt=\"\" class=\"wp-image-7298\" srcset=\"https:\/\/laprensacristiana.com\/wp-content\/uploads\/2019\/11\/bda9977b-fc05-4b7c-b744-1c8033a45084-1024x768.jpg 1024w, https:\/\/laprensacristiana.com\/wp-content\/uploads\/2019\/11\/bda9977b-fc05-4b7c-b744-1c8033a45084-300x225.jpg 300w, https:\/\/laprensacristiana.com\/wp-content\/uploads\/2019\/11\/bda9977b-fc05-4b7c-b744-1c8033a45084-768x576.jpg 768w, https:\/\/laprensacristiana.com\/wp-content\/uploads\/2019\/11\/bda9977b-fc05-4b7c-b744-1c8033a45084-80x60.jpg 80w, https:\/\/laprensacristiana.com\/wp-content\/uploads\/2019\/11\/bda9977b-fc05-4b7c-b744-1c8033a45084-265x198.jpg 265w, https:\/\/laprensacristiana.com\/wp-content\/uploads\/2019\/11\/bda9977b-fc05-4b7c-b744-1c8033a45084-696x522.jpg 696w, https:\/\/laprensacristiana.com\/wp-content\/uploads\/2019\/11\/bda9977b-fc05-4b7c-b744-1c8033a45084-1068x801.jpg 1068w, https:\/\/laprensacristiana.com\/wp-content\/uploads\/2019\/11\/bda9977b-fc05-4b7c-b744-1c8033a45084-560x420.jpg 560w, https:\/\/laprensacristiana.com\/wp-content\/uploads\/2019\/11\/bda9977b-fc05-4b7c-b744-1c8033a45084-600x450.jpg 600w, https:\/\/laprensacristiana.com\/wp-content\/uploads\/2019\/11\/bda9977b-fc05-4b7c-b744-1c8033a45084.jpg 1280w\" sizes=\"(max-width: 1024px) 100vw, 1024px\" \/><\/figure>\n\n\n\n<p>Tambi\u00e9n se realiz\u00f3 el lanzamiento oficial de la colecci\u00f3n\nLegado. Apuntes que tienen el prop\u00f3sito de bendecir y ministrar a las familias.<\/p>\n\n\n\n<figure class=\"wp-block-image\"><img decoding=\"async\" loading=\"lazy\" width=\"1024\" height=\"768\" src=\"https:\/\/laprensacristiana.com\/wp-content\/uploads\/2019\/11\/ade40087-445f-4cec-8c9c-297e8057a172-1024x768.jpg\" alt=\"\" class=\"wp-image-7299\" srcset=\"https:\/\/laprensacristiana.com\/wp-content\/uploads\/2019\/11\/ade40087-445f-4cec-8c9c-297e8057a172-1024x768.jpg 1024w, https:\/\/laprensacristiana.com\/wp-content\/uploads\/2019\/11\/ade40087-445f-4cec-8c9c-297e8057a172-300x225.jpg 300w, https:\/\/laprensacristiana.com\/wp-content\/uploads\/2019\/11\/ade40087-445f-4cec-8c9c-297e8057a172-768x576.jpg 768w, https:\/\/laprensacristiana.com\/wp-content\/uploads\/2019\/11\/ade40087-445f-4cec-8c9c-297e8057a172-80x60.jpg 80w, https:\/\/laprensacristiana.com\/wp-content\/uploads\/2019\/11\/ade40087-445f-4cec-8c9c-297e8057a172-265x198.jpg 265w, https:\/\/laprensacristiana.com\/wp-content\/uploads\/2019\/11\/ade40087-445f-4cec-8c9c-297e8057a172-696x522.jpg 696w, https:\/\/laprensacristiana.com\/wp-content\/uploads\/2019\/11\/ade40087-445f-4cec-8c9c-297e8057a172-1068x801.jpg 1068w, https:\/\/laprensacristiana.com\/wp-content\/uploads\/2019\/11\/ade40087-445f-4cec-8c9c-297e8057a172-560x420.jpg 560w, https:\/\/laprensacristiana.com\/wp-content\/uploads\/2019\/11\/ade40087-445f-4cec-8c9c-297e8057a172-600x450.jpg 600w, https:\/\/laprensacristiana.com\/wp-content\/uploads\/2019\/11\/ade40087-445f-4cec-8c9c-297e8057a172.jpg 1280w\" sizes=\"(max-width: 1024px) 100vw, 1024px\" \/><\/figure>\n\n\n\n<p>\u00bb Se necesita que la iglesia impacte a los de afuera y\nno s\u00f3lo permanezca adentro&#8230;\u00bb la sal debe salir del salero para ser una\ninfluencia poderosa\u00bb expres\u00f3 el Pastor General de Casa Emanuel para Todas\nLas Naciones Otoniel Alvarado.<\/p>\n","protected":false},"excerpt":{"rendered":"<p>La noche del pasado 31 de octubre ni\u00f1os, j\u00f3venes y adultos que pertenecen a iglesia Casa Emmanuel ubicada en Ilopango acompa\u00f1ados por su pastor Otoniel Alvarado y familia se dispusieron a salir por la noche a marchar en las calles del municipio, para conmemorar \u201cEl D\u00eda Nacional De La Iglesia Evang\u00e9lica de El Salvador\u201d que [&hellip;]<\/p>\n","protected":false},"author":3,"featured_media":7296,"comment_status":"open","ping_status":"open","sticky":false,"template":"","format":"standard","meta":[],"categories":[56],"tags":[],"yoast_head":"<!-- This site is optimized with the Yoast SEO plugin v20.8 - https:\/\/yoast.com\/wordpress\/plugins\/seo\/ -->\n<title>Iglesia Casa Emmanuel para Todas las Naciones realiza marcha nocturna en Ilopango - La Prensa Cristiana<\/title>\n<meta name=\"robots\" content=\"index, follow, max-snippet:-1, max-image-preview:large, max-video-preview:-1\" \/>\n<link rel=\"canonical\" href=\"https:\/\/laprensacristiana.com\/?p=7295\" \/>\n<meta property=\"og:locale\" content=\"es_ES\" \/>\n<meta property=\"og:type\" content=\"article\" \/>\n<meta property=\"og:title\" content=\"Iglesia Casa Emmanuel para Todas las Naciones realiza marcha nocturna en Ilopango - La Prensa Cristiana\" \/>\n<meta property=\"og:description\" content=\"La noche del pasado 31 de octubre ni\u00f1os, j\u00f3venes y adultos que pertenecen a iglesia Casa Emmanuel ubicada en Ilopango acompa\u00f1ados por su pastor Otoniel Alvarado y familia se dispusieron a salir por la noche a marchar en las calles del municipio, para conmemorar \u201cEl D\u00eda Nacional De La Iglesia Evang\u00e9lica de El Salvador\u201d que [&hellip;]\" \/>\n<meta property=\"og:url\" content=\"https:\/\/laprensacristiana.com\/?p=7295\" \/>\n<meta property=\"og:site_name\" content=\"La Prensa Cristiana\" \/>\n<meta property=\"article:published_time\" content=\"2019-11-06T16:35:29+00:00\" \/>\n<meta property=\"article:modified_time\" content=\"2019-11-06T16:40:20+00:00\" \/>\n<meta property=\"og:image\" content=\"https:\/\/laprensacristiana.com\/wp-content\/uploads\/2019\/11\/d790478a-8f14-4fcb-a1e7-195e0fe2ad1f.jpg\" \/>\n\t<meta property=\"og:image:width\" content=\"1152\" \/>\n\t<meta property=\"og:image:height\" content=\"864\" \/>\n\t<meta property=\"og:image:type\" content=\"image\/jpeg\" \/>\n<meta name=\"author\" content=\"EDITOR\" \/>\n<meta name=\"twitter:card\" content=\"summary_large_image\" \/>\n<meta name=\"twitter:label1\" content=\"Escrito por\" \/>\n\t<meta name=\"twitter:data1\" content=\"EDITOR\" \/>\n\t<meta name=\"twitter:label2\" content=\"Tiempo de lectura\" \/>\n\t<meta name=\"twitter:data2\" content=\"1 minuto\" \/>\n<script type=\"application\/ld+json\" class=\"yoast-schema-graph\">{\"@context\":\"https:\/\/schema.org\",\"@graph\":[{\"@type\":\"WebPage\",\"@id\":\"https:\/\/laprensacristiana.com\/?p=7295\",\"url\":\"https:\/\/laprensacristiana.com\/?p=7295\",\"name\":\"Iglesia Casa Emmanuel para Todas las Naciones realiza marcha nocturna en Ilopango - La Prensa Cristiana\",\"isPartOf\":{\"@id\":\"https:\/\/laprensacristiana.com\/#website\"},\"datePublished\":\"2019-11-06T16:35:29+00:00\",\"dateModified\":\"2019-11-06T16:40:20+00:00\",\"author\":{\"@id\":\"https:\/\/laprensacristiana.com\/#\/schema\/person\/3e7d82c6bfd6b1fa67010f8f7cd5256e\"},\"breadcrumb\":{\"@id\":\"https:\/\/laprensacristiana.com\/?p=7295#breadcrumb\"},\"inLanguage\":\"es\",\"potentialAction\":[{\"@type\":\"ReadAction\",\"target\":[\"https:\/\/laprensacristiana.com\/?p=7295\"]}]},{\"@type\":\"BreadcrumbList\",\"@id\":\"https:\/\/laprensacristiana.com\/?p=7295#breadcrumb\",\"itemListElement\":[{\"@type\":\"ListItem\",\"position\":1,\"name\":\"Portada\",\"item\":\"https:\/\/laprensacristiana.com\/\"},{\"@type\":\"ListItem\",\"position\":2,\"name\":\"Iglesia Casa Emmanuel para Todas las Naciones realiza marcha nocturna en Ilopango\"}]},{\"@type\":\"WebSite\",\"@id\":\"https:\/\/laprensacristiana.com\/#website\",\"url\":\"https:\/\/laprensacristiana.com\/\",\"name\":\"La Prensa Cristiana\",\"description\":\"Anunciando Las Buenas Nuevas\",\"potentialAction\":[{\"@type\":\"SearchAction\",\"target\":{\"@type\":\"EntryPoint\",\"urlTemplate\":\"https:\/\/laprensacristiana.com\/?s={search_term_string}\"},\"query-input\":\"required name=search_term_string\"}],\"inLanguage\":\"es\"},{\"@type\":\"Person\",\"@id\":\"https:\/\/laprensacristiana.com\/#\/schema\/person\/3e7d82c6bfd6b1fa67010f8f7cd5256e\",\"name\":\"EDITOR\",\"image\":{\"@type\":\"ImageObject\",\"inLanguage\":\"es\",\"@id\":\"https:\/\/laprensacristiana.com\/#\/schema\/person\/image\/\",\"url\":\"https:\/\/secure.gravatar.com\/avatar\/72069dfb6c13772d9e8381e3638666d2?s=96&d=mm&r=g\",\"contentUrl\":\"https:\/\/secure.gravatar.com\/avatar\/72069dfb6c13772d9e8381e3638666d2?s=96&d=mm&r=g\",\"caption\":\"EDITOR\"},\"url\":\"https:\/\/laprensacristiana.com\/?author=3\"}]}<\/script>\n<!-- \/ Yoast SEO plugin. -->","yoast_head_json":{"title":"Iglesia Casa Emmanuel para Todas las Naciones realiza marcha nocturna en Ilopango - La Prensa Cristiana","robots":{"index":"index","follow":"follow","max-snippet":"max-snippet:-1","max-image-preview":"max-image-preview:large","max-video-preview":"max-video-preview:-1"},"canonical":"https:\/\/laprensacristiana.com\/?p=7295","og_locale":"es_ES","og_type":"article","og_title":"Iglesia Casa Emmanuel para Todas las Naciones realiza marcha nocturna en Ilopango - La Prensa Cristiana","og_description":"La noche del pasado 31 de octubre ni\u00f1os, j\u00f3venes y adultos que pertenecen a iglesia Casa Emmanuel ubicada en Ilopango acompa\u00f1ados por su pastor Otoniel Alvarado y familia se dispusieron a salir por la noche a marchar en las calles del municipio, para conmemorar \u201cEl D\u00eda Nacional De La Iglesia Evang\u00e9lica de El Salvador\u201d que [&hellip;]","og_url":"https:\/\/laprensacristiana.com\/?p=7295","og_site_name":"La Prensa Cristiana","article_published_time":"2019-11-06T16:35:29+00:00","article_modified_time":"2019-11-06T16:40:20+00:00","og_image":[{"width":1152,"height":864,"url":"https:\/\/laprensacristiana.com\/wp-content\/uploads\/2019\/11\/d790478a-8f14-4fcb-a1e7-195e0fe2ad1f.jpg","type":"image\/jpeg"}],"author":"EDITOR","twitter_card":"summary_large_image","twitter_misc":{"Escrito por":"EDITOR","Tiempo de lectura":"1 minuto"},"schema":{"@context":"https:\/\/schema.org","@graph":[{"@type":"WebPage","@id":"https:\/\/laprensacristiana.com\/?p=7295","url":"https:\/\/laprensacristiana.com\/?p=7295","name":"Iglesia Casa Emmanuel para Todas las Naciones realiza marcha nocturna en Ilopango - La Prensa Cristiana","isPartOf":{"@id":"https:\/\/laprensacristiana.com\/#website"},"datePublished":"2019-11-06T16:35:29+00:00","dateModified":"2019-11-06T16:40:20+00:00","author":{"@id":"https:\/\/laprensacristiana.com\/#\/schema\/person\/3e7d82c6bfd6b1fa67010f8f7cd5256e"},"breadcrumb":{"@id":"https:\/\/laprensacristiana.com\/?p=7295#breadcrumb"},"inLanguage":"es","potentialAction":[{"@type":"ReadAction","target":["https:\/\/laprensacristiana.com\/?p=7295"]}]},{"@type":"BreadcrumbList","@id":"https:\/\/laprensacristiana.com\/?p=7295#breadcrumb","itemListElement":[{"@type":"ListItem","position":1,"name":"Portada","item":"https:\/\/laprensacristiana.com\/"},{"@type":"ListItem","position":2,"name":"Iglesia Casa Emmanuel para Todas las Naciones realiza marcha nocturna en Ilopango"}]},{"@type":"WebSite","@id":"https:\/\/laprensacristiana.com\/#website","url":"https:\/\/laprensacristiana.com\/","name":"La Prensa Cristiana","description":"Anunciando Las Buenas Nuevas","potentialAction":[{"@type":"SearchAction","target":{"@type":"EntryPoint","urlTemplate":"https:\/\/laprensacristiana.com\/?s={search_term_string}"},"query-input":"required name=search_term_string"}],"inLanguage":"es"},{"@type":"Person","@id":"https:\/\/laprensacristiana.com\/#\/schema\/person\/3e7d82c6bfd6b1fa67010f8f7cd5256e","name":"EDITOR","image":{"@type":"ImageObject","inLanguage":"es","@id":"https:\/\/laprensacristiana.com\/#\/schema\/person\/image\/","url":"https:\/\/secure.gravatar.com\/avatar\/72069dfb6c13772d9e8381e3638666d2?s=96&d=mm&r=g","contentUrl":"https:\/\/secure.gravatar.com\/avatar\/72069dfb6c13772d9e8381e3638666d2?s=96&d=mm&r=g","caption":"EDITOR"},"url":"https:\/\/laprensacristiana.com\/?author=3"}]}},"_links":{"self":[{"href":"https:\/\/laprensacristiana.com\/index.php?rest_route=\/wp\/v2\/posts\/7295"}],"collection":[{"href":"https:\/\/laprensacristiana.com\/index.php?rest_route=\/wp\/v2\/posts"}],"about":[{"href":"https:\/\/laprensacristiana.com\/index.php?rest_route=\/wp\/v2\/types\/post"}],"author":[{"embeddable":true,"href":"https:\/\/laprensacristiana.com\/index.php?rest_route=\/wp\/v2\/users\/3"}],"replies":[{"embeddable":true,"href":"https:\/\/laprensacristiana.com\/index.php?rest_route=%2Fwp%2Fv2%2Fcomments&post=7295"}],"version-history":[{"count":2,"href":"https:\/\/laprensacristiana.com\/index.php?rest_route=\/wp\/v2\/posts\/7295\/revisions"}],"predecessor-version":[{"id":7301,"href":"https:\/\/laprensacristiana.com\/index.php?rest_route=\/wp\/v2\/posts\/7295\/revisions\/7301"}],"wp:featuredmedia":[{"embeddable":true,"href":"https:\/\/laprensacristiana.com\/index.php?rest_route=\/wp\/v2\/media\/7296"}],"wp:attachment":[{"href":"https:\/\/laprensacristiana.com\/index.php?rest_route=%2Fwp%2Fv2%2Fmedia&parent=7295"}],"wp:term":[{"taxonomy":"category","embeddable":true,"href":"https:\/\/laprensacristiana.com\/index.php?rest_route=%2Fwp%2Fv2%2Fcategories&post=7295"},{"taxonomy":"post_tag","embeddable":true,"href":"https:\/\/laprensacristiana.com\/index.php?rest_route=%2Fwp%2Fv2%2Ftags&post=7295"}],"curies":[{"name":"wp","href":"https:\/\/api.w.org\/{rel}","templated":true}]}}