{"id":7304,"date":"2019-11-09T13:48:32","date_gmt":"2019-11-09T13:48:32","guid":{"rendered":"https:\/\/laprensacristiana.com\/?p=7304"},"modified":"2020-07-01T21:56:57","modified_gmt":"2020-07-01T21:56:57","slug":"el-espiritu-de-dios-en-nosotros","status":"publish","type":"post","link":"https:\/\/laprensacristiana.com\/?p=7304","title":{"rendered":"El Esp\u00edritu de Dios en nosotros"},"content":{"rendered":"\n<p>Entender y\naceptar que el poder del Esp\u00edritu que levant\u00f3 de los muertos a Jes\u00fas, mora en\nnosotros, es definitivamente la esperanza de gloria que tenemos. En esta\npreciosa verdad se fundamenta el estilo de vida cristiano; aunque muchos\ncreyentes siguen sin entender la dimensi\u00f3n del poder que act\u00faa en ellos y del\ncuidado especial que debemos de tener con ese poder que reposa dentro de\nnuestra fragilidad semejante a la de las vasijas de barro (2 Corintios 4:7)<\/p>\n\n\n\n<p>Precisamente es\nla excelencia del poder de Dios en nosotros, lo que marca diferencia entre un\ncreyente convertido y un creyente simpatizante. Considero que esto es clave\npara concientizarnos de quien es aquel que lleno el hueco en nuestra alma, ya\nque &nbsp;muchos, son, los que simpatizan con el\nmensaje de una nueva vida en Cristo, pero pocos los que aceptamos tomar lugar\ndentro de esa nueva vida convirti\u00e9ndonos en cristianos militantes &nbsp;del reino de Dios. Del mismo modo considero\nimportante, recordar o entender a que nos referimos cuando decimos \u201csoy cristiano\u201d\nser cristiano no significa que somos inmunes al dolor, problemas, aflicciones,\nenfermedades, persecuciones, vicios etc. Lo que significa es que hemos puesto\nnuestra confianza y fe en el hijo de Dios y por esto contamos con su poder para\nenfrentar todo lo mencionado conociendo que no peleamos solos, el poder de Dios\nnos acompa\u00f1a siempre; podremos estar atribulados, pero no angustiados, en\napuros, pero no desesperados, perseguidos, pero no desamparados, derribados,\npero no destruidos, y esto, gracias al poder de Dios que se manifiesta en\nnuestra carne mortal. Me resulta \u00a1incre\u00edble! cuando un cristiano \u00b4poseedor de\neste poder sucumbe en la gigantesca ola que a su parecer forma su problema. Y\nno estoy diciendo que los cristianos no debemos ocuparnos en resolver nuestros\npropios problemas, lo que estoy diciendo es que contamos con el poder de aquel\nque fundo el universo, para encontrar una salida de escape ante cualquier\npresi\u00f3n, antes de darnos por vencidos. La peor zona de peligro que encontramos al\npermitir que la visi\u00f3n de nuestros problemas sea mayor a la de Dios en\nnosotros, es la silenciosa pero fatal depresi\u00f3n, el des\u00e1nimo frente a cualquier\ntipo de circunstancia que estemos, no deber\u00eda de ocupar lugar en la mente de\naquellos que hemos confesado a Cristo como salvador y se\u00f1or de nuestra vida.\nHoy en d\u00eda ha tomado m\u00e1s auge la palabra \u201cestr\u00e9s\u201d sin encontrar diferencia entre\nla percepci\u00f3n de los creyentes de Dios y los incr\u00e9dulos. Esto, debido a la poca\nimportancia que algunos, prestan, al poder que act\u00faa en ellos, debido a la duda\nacerca de la permanencia de Dios en su vida, esta y cualquier otro tipo de duda\na la manifestaci\u00f3n del poder de Dios &nbsp;hace a nuestra fe similar a las olas del mar\nque el viento lleva de un lado a otro. Y \u00bfQui\u00e9n podr\u00e1 ver manifestaciones de\npoder en medio de sus dudas? Por esta causa Dios recomienda que al acercarnos a\n\u00e9l debemos estar plenamente consientes de que \u00e9l existe y que es galardonador\nde quienes le buscan.<\/p>\n\n\n\n<p>Todos los\ncristianos nacidos de nuevo en Cristo, somos responsables del uso o ignorancia,\nque demos al poder que act\u00faa en nosotros. <\/p>\n\n\n\n<p>Para no olvidar\nesto \u00bfQu\u00e9 le parece? si comenzamos recordando la verdad escrita en G\u00e1latas 2:20\nCon Cristo estoy juntamente crucificado, y ya no vivo yo, m\u00e1s vive cristo en m\u00ed;\ny lo que ahora vivo en la carne, lo vivo en la fe del hijo de Dios.<\/p>\n\n\n\n<p>Ning\u00fan problema alcanza\nmayor altura y fuerza que el poder de Dios en nosotros \u00a1us\u00e9moslo!<\/p>\n","protected":false},"excerpt":{"rendered":"<p>Entender y aceptar que el poder del Esp\u00edritu que levant\u00f3 de los muertos a Jes\u00fas, mora en nosotros, es definitivamente la esperanza de gloria que tenemos. En esta preciosa verdad se fundamenta el estilo de vida cristiano; aunque muchos creyentes siguen sin entender la dimensi\u00f3n del poder que act\u00faa en ellos y del cuidado especial [&hellip;]<\/p>\n","protected":false},"author":3,"featured_media":7210,"comment_status":"open","ping_status":"open","sticky":false,"template":"","format":"standard","meta":[],"categories":[36],"tags":[],"yoast_head":"<!-- This site is optimized with the Yoast SEO plugin v20.8 - https:\/\/yoast.com\/wordpress\/plugins\/seo\/ -->\n<title>El Esp\u00edritu de Dios en nosotros - La Prensa Cristiana<\/title>\n<meta name=\"robots\" content=\"index, follow, max-snippet:-1, max-image-preview:large, max-video-preview:-1\" \/>\n<link rel=\"canonical\" href=\"https:\/\/laprensacristiana.com\/?p=7304\" \/>\n<meta property=\"og:locale\" content=\"es_ES\" \/>\n<meta property=\"og:type\" content=\"article\" \/>\n<meta property=\"og:title\" content=\"El Esp\u00edritu de Dios en nosotros - La Prensa Cristiana\" \/>\n<meta property=\"og:description\" content=\"Entender y aceptar que el poder del Esp\u00edritu que levant\u00f3 de los muertos a Jes\u00fas, mora en nosotros, es definitivamente la esperanza de gloria que tenemos. En esta preciosa verdad se fundamenta el estilo de vida cristiano; aunque muchos creyentes siguen sin entender la dimensi\u00f3n del poder que act\u00faa en ellos y del cuidado especial [&hellip;]\" \/>\n<meta property=\"og:url\" content=\"https:\/\/laprensacristiana.com\/?p=7304\" \/>\n<meta property=\"og:site_name\" content=\"La Prensa Cristiana\" \/>\n<meta property=\"article:published_time\" content=\"2019-11-09T13:48:32+00:00\" \/>\n<meta property=\"article:modified_time\" content=\"2020-07-01T21:56:57+00:00\" \/>\n<meta property=\"og:image\" content=\"https:\/\/laprensacristiana.com\/wp-content\/uploads\/2019\/10\/JULY-LPG-2017.jpg\" \/>\n\t<meta property=\"og:image:width\" content=\"1240\" \/>\n\t<meta property=\"og:image:height\" content=\"692\" \/>\n\t<meta property=\"og:image:type\" content=\"image\/jpeg\" \/>\n<meta name=\"author\" content=\"EDITOR\" \/>\n<meta name=\"twitter:card\" content=\"summary_large_image\" \/>\n<meta name=\"twitter:label1\" content=\"Escrito por\" \/>\n\t<meta name=\"twitter:data1\" content=\"EDITOR\" \/>\n\t<meta name=\"twitter:label2\" content=\"Tiempo de lectura\" \/>\n\t<meta name=\"twitter:data2\" content=\"3 minutos\" \/>\n<script type=\"application\/ld+json\" class=\"yoast-schema-graph\">{\"@context\":\"https:\/\/schema.org\",\"@graph\":[{\"@type\":\"WebPage\",\"@id\":\"https:\/\/laprensacristiana.com\/?p=7304\",\"url\":\"https:\/\/laprensacristiana.com\/?p=7304\",\"name\":\"El Esp\u00edritu de Dios en nosotros - La Prensa Cristiana\",\"isPartOf\":{\"@id\":\"https:\/\/laprensacristiana.com\/#website\"},\"datePublished\":\"2019-11-09T13:48:32+00:00\",\"dateModified\":\"2020-07-01T21:56:57+00:00\",\"author\":{\"@id\":\"https:\/\/laprensacristiana.com\/#\/schema\/person\/3e7d82c6bfd6b1fa67010f8f7cd5256e\"},\"breadcrumb\":{\"@id\":\"https:\/\/laprensacristiana.com\/?p=7304#breadcrumb\"},\"inLanguage\":\"es\",\"potentialAction\":[{\"@type\":\"ReadAction\",\"target\":[\"https:\/\/laprensacristiana.com\/?p=7304\"]}]},{\"@type\":\"BreadcrumbList\",\"@id\":\"https:\/\/laprensacristiana.com\/?p=7304#breadcrumb\",\"itemListElement\":[{\"@type\":\"ListItem\",\"position\":1,\"name\":\"Portada\",\"item\":\"https:\/\/laprensacristiana.com\/\"},{\"@type\":\"ListItem\",\"position\":2,\"name\":\"El Esp\u00edritu de Dios en nosotros\"}]},{\"@type\":\"WebSite\",\"@id\":\"https:\/\/laprensacristiana.com\/#website\",\"url\":\"https:\/\/laprensacristiana.com\/\",\"name\":\"La Prensa Cristiana\",\"description\":\"Anunciando Las Buenas Nuevas\",\"potentialAction\":[{\"@type\":\"SearchAction\",\"target\":{\"@type\":\"EntryPoint\",\"urlTemplate\":\"https:\/\/laprensacristiana.com\/?s={search_term_string}\"},\"query-input\":\"required name=search_term_string\"}],\"inLanguage\":\"es\"},{\"@type\":\"Person\",\"@id\":\"https:\/\/laprensacristiana.com\/#\/schema\/person\/3e7d82c6bfd6b1fa67010f8f7cd5256e\",\"name\":\"EDITOR\",\"image\":{\"@type\":\"ImageObject\",\"inLanguage\":\"es\",\"@id\":\"https:\/\/laprensacristiana.com\/#\/schema\/person\/image\/\",\"url\":\"https:\/\/secure.gravatar.com\/avatar\/72069dfb6c13772d9e8381e3638666d2?s=96&d=mm&r=g\",\"contentUrl\":\"https:\/\/secure.gravatar.com\/avatar\/72069dfb6c13772d9e8381e3638666d2?s=96&d=mm&r=g\",\"caption\":\"EDITOR\"},\"url\":\"https:\/\/laprensacristiana.com\/?author=3\"}]}<\/script>\n<!-- \/ Yoast SEO plugin. -->","yoast_head_json":{"title":"El Esp\u00edritu de Dios en nosotros - La Prensa Cristiana","robots":{"index":"index","follow":"follow","max-snippet":"max-snippet:-1","max-image-preview":"max-image-preview:large","max-video-preview":"max-video-preview:-1"},"canonical":"https:\/\/laprensacristiana.com\/?p=7304","og_locale":"es_ES","og_type":"article","og_title":"El Esp\u00edritu de Dios en nosotros - La Prensa Cristiana","og_description":"Entender y aceptar que el poder del Esp\u00edritu que levant\u00f3 de los muertos a Jes\u00fas, mora en nosotros, es definitivamente la esperanza de gloria que tenemos. En esta preciosa verdad se fundamenta el estilo de vida cristiano; aunque muchos creyentes siguen sin entender la dimensi\u00f3n del poder que act\u00faa en ellos y del cuidado especial [&hellip;]","og_url":"https:\/\/laprensacristiana.com\/?p=7304","og_site_name":"La Prensa Cristiana","article_published_time":"2019-11-09T13:48:32+00:00","article_modified_time":"2020-07-01T21:56:57+00:00","og_image":[{"width":1240,"height":692,"url":"https:\/\/laprensacristiana.com\/wp-content\/uploads\/2019\/10\/JULY-LPG-2017.jpg","type":"image\/jpeg"}],"author":"EDITOR","twitter_card":"summary_large_image","twitter_misc":{"Escrito por":"EDITOR","Tiempo de lectura":"3 minutos"},"schema":{"@context":"https:\/\/schema.org","@graph":[{"@type":"WebPage","@id":"https:\/\/laprensacristiana.com\/?p=7304","url":"https:\/\/laprensacristiana.com\/?p=7304","name":"El Esp\u00edritu de Dios en nosotros - La Prensa Cristiana","isPartOf":{"@id":"https:\/\/laprensacristiana.com\/#website"},"datePublished":"2019-11-09T13:48:32+00:00","dateModified":"2020-07-01T21:56:57+00:00","author":{"@id":"https:\/\/laprensacristiana.com\/#\/schema\/person\/3e7d82c6bfd6b1fa67010f8f7cd5256e"},"breadcrumb":{"@id":"https:\/\/laprensacristiana.com\/?p=7304#breadcrumb"},"inLanguage":"es","potentialAction":[{"@type":"ReadAction","target":["https:\/\/laprensacristiana.com\/?p=7304"]}]},{"@type":"BreadcrumbList","@id":"https:\/\/laprensacristiana.com\/?p=7304#breadcrumb","itemListElement":[{"@type":"ListItem","position":1,"name":"Portada","item":"https:\/\/laprensacristiana.com\/"},{"@type":"ListItem","position":2,"name":"El Esp\u00edritu de Dios en nosotros"}]},{"@type":"WebSite","@id":"https:\/\/laprensacristiana.com\/#website","url":"https:\/\/laprensacristiana.com\/","name":"La Prensa Cristiana","description":"Anunciando Las Buenas Nuevas","potentialAction":[{"@type":"SearchAction","target":{"@type":"EntryPoint","urlTemplate":"https:\/\/laprensacristiana.com\/?s={search_term_string}"},"query-input":"required name=search_term_string"}],"inLanguage":"es"},{"@type":"Person","@id":"https:\/\/laprensacristiana.com\/#\/schema\/person\/3e7d82c6bfd6b1fa67010f8f7cd5256e","name":"EDITOR","image":{"@type":"ImageObject","inLanguage":"es","@id":"https:\/\/laprensacristiana.com\/#\/schema\/person\/image\/","url":"https:\/\/secure.gravatar.com\/avatar\/72069dfb6c13772d9e8381e3638666d2?s=96&d=mm&r=g","contentUrl":"https:\/\/secure.gravatar.com\/avatar\/72069dfb6c13772d9e8381e3638666d2?s=96&d=mm&r=g","caption":"EDITOR"},"url":"https:\/\/laprensacristiana.com\/?author=3"}]}},"_links":{"self":[{"href":"https:\/\/laprensacristiana.com\/index.php?rest_route=\/wp\/v2\/posts\/7304"}],"collection":[{"href":"https:\/\/laprensacristiana.com\/index.php?rest_route=\/wp\/v2\/posts"}],"about":[{"href":"https:\/\/laprensacristiana.com\/index.php?rest_route=\/wp\/v2\/types\/post"}],"author":[{"embeddable":true,"href":"https:\/\/laprensacristiana.com\/index.php?rest_route=\/wp\/v2\/users\/3"}],"replies":[{"embeddable":true,"href":"https:\/\/laprensacristiana.com\/index.php?rest_route=%2Fwp%2Fv2%2Fcomments&post=7304"}],"version-history":[{"count":1,"href":"https:\/\/laprensacristiana.com\/index.php?rest_route=\/wp\/v2\/posts\/7304\/revisions"}],"predecessor-version":[{"id":7305,"href":"https:\/\/laprensacristiana.com\/index.php?rest_route=\/wp\/v2\/posts\/7304\/revisions\/7305"}],"wp:featuredmedia":[{"embeddable":true,"href":"https:\/\/laprensacristiana.com\/index.php?rest_route=\/wp\/v2\/media\/7210"}],"wp:attachment":[{"href":"https:\/\/laprensacristiana.com\/index.php?rest_route=%2Fwp%2Fv2%2Fmedia&parent=7304"}],"wp:term":[{"taxonomy":"category","embeddable":true,"href":"https:\/\/laprensacristiana.com\/index.php?rest_route=%2Fwp%2Fv2%2Fcategories&post=7304"},{"taxonomy":"post_tag","embeddable":true,"href":"https:\/\/laprensacristiana.com\/index.php?rest_route=%2Fwp%2Fv2%2Ftags&post=7304"}],"curies":[{"name":"wp","href":"https:\/\/api.w.org\/{rel}","templated":true}]}}