{"id":7308,"date":"2019-11-09T17:34:55","date_gmt":"2019-11-09T17:34:55","guid":{"rendered":"https:\/\/laprensacristiana.com\/?p=7308"},"modified":"2019-11-09T17:35:15","modified_gmt":"2019-11-09T17:35:15","slug":"el-gobierno-de-la-iglesia","status":"publish","type":"post","link":"https:\/\/laprensacristiana.com\/?p=7308","title":{"rendered":"El gobierno de la iglesia"},"content":{"rendered":"\n<p>Desde el comienzo de la iglesia, se vio la necesidad de tener un gobierno como Cristo lo hab\u00eda establecido y desarrollar la obra de Dios sujeta a ese gobierno para alcanzar el prop\u00f3sito divino de extender verdaderamente el reino de Dios y no alguna forma humana de religi\u00f3n.<\/p>\n\n\n\n<p>Los ap\u00f3stoles, llenos del Esp\u00edritu Santo, organizaron pronto la iglesia como Jes\u00fas les hab\u00eda ense\u00f1ado. Estaba claro para ellos que la cabeza de la iglesia es Cristo y que ser\u00eda la continua direcci\u00f3n del Esp\u00edritu Santo quien los guiar\u00eda siempre a la verdad.<\/p>\n\n\n\n<p>Todav\u00eda no hab\u00eda Nuevo Testamento, s\u00f3lo las palabras de Jes\u00fas dirig\u00edan el camino que los primeros disc\u00edpulos tendr\u00edan que seguir.<\/p>\n\n\n\n<p>Nadie tom\u00f3 posici\u00f3n de autoridad en la iglesia apost\u00f3lica. La pretensi\u00f3n de colocar a Pedro como l\u00edder de la primera iglesia, no tiene sustento b\u00edblico. Si bien es cierto que Pedro pronunci\u00f3 el primer serm\u00f3n el d\u00eda de Pentecost\u00e9s, m\u00e1s bien se deduce seg\u00fan el libro de los Hechos, que fue Jacobo el l\u00edder de la iglesia de Jerusal\u00e9n.<\/p>\n\n\n\n<p>El gobierno de la iglesia lo conform\u00f3 el Concilio de ap\u00f3stoles y ancianos, seg\u00fan lo relatado en Hechos 15.Nada hay en la Biblia que sugiera que Pedro fuera el primer l\u00edder y que tendr\u00eda que tener sucesores para dirigir la iglesia.<\/p>\n\n\n\n<p>Fueron las ep\u00edstolas de Pablo, las llamadas cartas pastorales, las que explican con claridad c\u00f3mo debe gobernarse la iglesia. Primeramente, Pablo escribe a los efesios, que es el Se\u00f1or quien constituye ap\u00f3stoles, profetas, evangelistas, pastores y maestros. Pero son las cartas a Timoteo, escritas cerca del a\u00f1o 67 las que establecen que la autoridad de la iglesia local es el pastor, obispo o anciano. Pablo deja claro que la unidad de la iglesia es espiritual y establece el amor como v\u00ednculo seguro para poder reconocer las Iglesias guiadas por el Esp\u00edritu Santo.<\/p>\n\n\n\n<p>Por tanto, no debe haber duda que el pastor de la iglesia local es la autoridad en la congregaci\u00f3n y esa autoridad no es extensiva sobre otras Iglesias. No existe autoridad universal en la iglesia, o autoridad regional, el pastor es autoridad s\u00f3lo sobre las ovejas que pastorea. Ese es el modelo b\u00edblico.<\/p>\n\n\n\n<p>Pero, no siempre las Iglesias han adoptado las instrucciones de la Biblia para gobernarse. A lo largo de los siglos, se lleg\u00f3 a deformar tanto el sistema de gobierno, que se adoptaron sistemas de gobierno centralizados en la autoridad de un hombre y no en la autoridad de Cristo. Otras formas de gobierno aceptaron autoridad imperial sobre la iglesia y otras formas terminaron en tristes alianzas Iglesias estado, que quitaron la presencia de Dios en las congregaciones.<\/p>\n\n\n\n<p>Cuando ocurri\u00f3 la gran apostas\u00eda del siglo cuarto, Constantino, el emperador romano tom\u00f3 control total de la iglesia sometiendo a los obispos cristianos a sus decisiones pol\u00edticas, desviando as\u00ed al cristianismo verdadero de su prop\u00f3sito espiritual.<\/p>\n\n\n\n<p>Cuando la iglesia de Roma tom\u00f3 protagonismo en el siglo s\u00e9ptimo, coloc\u00f3 a la cabeza al Papa, y comenz\u00f3 as\u00ed la dinast\u00eda papal que dura hasta hoy, ejerciendo un gobierno terrenal, humano y carnal, alejado completamente del modelo b\u00edblico. Despu\u00e9s de la Reforma del siglo 16,las Iglesias protestantes comenzaron a ensayar modelos de gobierno episcopal, presbiteriano y despu\u00e9s congregacional .<\/p>\n\n\n\n<p>Es dif\u00edcil aplicar en las Iglesias modernas el modelo b\u00edblico que sigui\u00f3 la iglesia primitiva. La iglesia est\u00e1 tan dividida, que s\u00f3lo una reforma verdaderamente espiritual podr\u00e1 restaurarla a la forma original de gobierno: Cristo, la cabeza gobernando los distintos miembros del cuerpo unidos en amor bajo la direcci\u00f3n del Esp\u00edritu Santo.<\/p>\n\n\n\n<figure class=\"wp-block-image\"><img alt=\"\"\/><\/figure>\n","protected":false},"excerpt":{"rendered":"<p>Desde el comienzo de la iglesia, se vio la necesidad de tener un gobierno como Cristo lo hab\u00eda establecido y desarrollar la obra de Dios sujeta a ese gobierno para alcanzar el prop\u00f3sito divino de extender verdaderamente el reino de Dios y no alguna forma humana de religi\u00f3n. Los ap\u00f3stoles, llenos del Esp\u00edritu Santo, organizaron [&hellip;]<\/p>\n","protected":false},"author":3,"featured_media":7309,"comment_status":"open","ping_status":"open","sticky":false,"template":"","format":"standard","meta":[],"categories":[69],"tags":[],"yoast_head":"<!-- This site is optimized with the Yoast SEO plugin v20.8 - https:\/\/yoast.com\/wordpress\/plugins\/seo\/ -->\n<title>El gobierno de la iglesia - La Prensa Cristiana<\/title>\n<meta name=\"robots\" content=\"index, follow, max-snippet:-1, max-image-preview:large, max-video-preview:-1\" \/>\n<link rel=\"canonical\" href=\"https:\/\/laprensacristiana.com\/?p=7308\" \/>\n<meta property=\"og:locale\" content=\"es_ES\" \/>\n<meta property=\"og:type\" content=\"article\" \/>\n<meta property=\"og:title\" content=\"El gobierno de la iglesia - La Prensa Cristiana\" \/>\n<meta property=\"og:description\" content=\"Desde el comienzo de la iglesia, se vio la necesidad de tener un gobierno como Cristo lo hab\u00eda establecido y desarrollar la obra de Dios sujeta a ese gobierno para alcanzar el prop\u00f3sito divino de extender verdaderamente el reino de Dios y no alguna forma humana de religi\u00f3n. Los ap\u00f3stoles, llenos del Esp\u00edritu Santo, organizaron [&hellip;]\" \/>\n<meta property=\"og:url\" content=\"https:\/\/laprensacristiana.com\/?p=7308\" \/>\n<meta property=\"og:site_name\" content=\"La Prensa Cristiana\" \/>\n<meta property=\"article:published_time\" content=\"2019-11-09T17:34:55+00:00\" \/>\n<meta property=\"article:modified_time\" content=\"2019-11-09T17:35:15+00:00\" \/>\n<meta property=\"og:image\" content=\"https:\/\/laprensacristiana.com\/wp-content\/uploads\/2019\/11\/WhatsApp-Image-2019-08-21-at-10.53.02.jpeg\" \/>\n\t<meta property=\"og:image:width\" content=\"1280\" \/>\n\t<meta property=\"og:image:height\" content=\"647\" \/>\n\t<meta property=\"og:image:type\" content=\"image\/jpeg\" \/>\n<meta name=\"author\" content=\"EDITOR\" \/>\n<meta name=\"twitter:card\" content=\"summary_large_image\" \/>\n<meta name=\"twitter:label1\" content=\"Escrito por\" \/>\n\t<meta name=\"twitter:data1\" content=\"EDITOR\" \/>\n\t<meta name=\"twitter:label2\" content=\"Tiempo de lectura\" \/>\n\t<meta name=\"twitter:data2\" content=\"3 minutos\" \/>\n<script type=\"application\/ld+json\" class=\"yoast-schema-graph\">{\"@context\":\"https:\/\/schema.org\",\"@graph\":[{\"@type\":\"WebPage\",\"@id\":\"https:\/\/laprensacristiana.com\/?p=7308\",\"url\":\"https:\/\/laprensacristiana.com\/?p=7308\",\"name\":\"El gobierno de la iglesia - La Prensa Cristiana\",\"isPartOf\":{\"@id\":\"https:\/\/laprensacristiana.com\/#website\"},\"datePublished\":\"2019-11-09T17:34:55+00:00\",\"dateModified\":\"2019-11-09T17:35:15+00:00\",\"author\":{\"@id\":\"https:\/\/laprensacristiana.com\/#\/schema\/person\/3e7d82c6bfd6b1fa67010f8f7cd5256e\"},\"breadcrumb\":{\"@id\":\"https:\/\/laprensacristiana.com\/?p=7308#breadcrumb\"},\"inLanguage\":\"es\",\"potentialAction\":[{\"@type\":\"ReadAction\",\"target\":[\"https:\/\/laprensacristiana.com\/?p=7308\"]}]},{\"@type\":\"BreadcrumbList\",\"@id\":\"https:\/\/laprensacristiana.com\/?p=7308#breadcrumb\",\"itemListElement\":[{\"@type\":\"ListItem\",\"position\":1,\"name\":\"Portada\",\"item\":\"https:\/\/laprensacristiana.com\/\"},{\"@type\":\"ListItem\",\"position\":2,\"name\":\"El gobierno de la iglesia\"}]},{\"@type\":\"WebSite\",\"@id\":\"https:\/\/laprensacristiana.com\/#website\",\"url\":\"https:\/\/laprensacristiana.com\/\",\"name\":\"La Prensa Cristiana\",\"description\":\"Anunciando Las Buenas Nuevas\",\"potentialAction\":[{\"@type\":\"SearchAction\",\"target\":{\"@type\":\"EntryPoint\",\"urlTemplate\":\"https:\/\/laprensacristiana.com\/?s={search_term_string}\"},\"query-input\":\"required name=search_term_string\"}],\"inLanguage\":\"es\"},{\"@type\":\"Person\",\"@id\":\"https:\/\/laprensacristiana.com\/#\/schema\/person\/3e7d82c6bfd6b1fa67010f8f7cd5256e\",\"name\":\"EDITOR\",\"image\":{\"@type\":\"ImageObject\",\"inLanguage\":\"es\",\"@id\":\"https:\/\/laprensacristiana.com\/#\/schema\/person\/image\/\",\"url\":\"https:\/\/secure.gravatar.com\/avatar\/72069dfb6c13772d9e8381e3638666d2?s=96&d=mm&r=g\",\"contentUrl\":\"https:\/\/secure.gravatar.com\/avatar\/72069dfb6c13772d9e8381e3638666d2?s=96&d=mm&r=g\",\"caption\":\"EDITOR\"},\"url\":\"https:\/\/laprensacristiana.com\/?author=3\"}]}<\/script>\n<!-- \/ Yoast SEO plugin. -->","yoast_head_json":{"title":"El gobierno de la iglesia - La Prensa Cristiana","robots":{"index":"index","follow":"follow","max-snippet":"max-snippet:-1","max-image-preview":"max-image-preview:large","max-video-preview":"max-video-preview:-1"},"canonical":"https:\/\/laprensacristiana.com\/?p=7308","og_locale":"es_ES","og_type":"article","og_title":"El gobierno de la iglesia - La Prensa Cristiana","og_description":"Desde el comienzo de la iglesia, se vio la necesidad de tener un gobierno como Cristo lo hab\u00eda establecido y desarrollar la obra de Dios sujeta a ese gobierno para alcanzar el prop\u00f3sito divino de extender verdaderamente el reino de Dios y no alguna forma humana de religi\u00f3n. Los ap\u00f3stoles, llenos del Esp\u00edritu Santo, organizaron [&hellip;]","og_url":"https:\/\/laprensacristiana.com\/?p=7308","og_site_name":"La Prensa Cristiana","article_published_time":"2019-11-09T17:34:55+00:00","article_modified_time":"2019-11-09T17:35:15+00:00","og_image":[{"width":1280,"height":647,"url":"https:\/\/laprensacristiana.com\/wp-content\/uploads\/2019\/11\/WhatsApp-Image-2019-08-21-at-10.53.02.jpeg","type":"image\/jpeg"}],"author":"EDITOR","twitter_card":"summary_large_image","twitter_misc":{"Escrito por":"EDITOR","Tiempo de lectura":"3 minutos"},"schema":{"@context":"https:\/\/schema.org","@graph":[{"@type":"WebPage","@id":"https:\/\/laprensacristiana.com\/?p=7308","url":"https:\/\/laprensacristiana.com\/?p=7308","name":"El gobierno de la iglesia - La Prensa Cristiana","isPartOf":{"@id":"https:\/\/laprensacristiana.com\/#website"},"datePublished":"2019-11-09T17:34:55+00:00","dateModified":"2019-11-09T17:35:15+00:00","author":{"@id":"https:\/\/laprensacristiana.com\/#\/schema\/person\/3e7d82c6bfd6b1fa67010f8f7cd5256e"},"breadcrumb":{"@id":"https:\/\/laprensacristiana.com\/?p=7308#breadcrumb"},"inLanguage":"es","potentialAction":[{"@type":"ReadAction","target":["https:\/\/laprensacristiana.com\/?p=7308"]}]},{"@type":"BreadcrumbList","@id":"https:\/\/laprensacristiana.com\/?p=7308#breadcrumb","itemListElement":[{"@type":"ListItem","position":1,"name":"Portada","item":"https:\/\/laprensacristiana.com\/"},{"@type":"ListItem","position":2,"name":"El gobierno de la iglesia"}]},{"@type":"WebSite","@id":"https:\/\/laprensacristiana.com\/#website","url":"https:\/\/laprensacristiana.com\/","name":"La Prensa Cristiana","description":"Anunciando Las Buenas Nuevas","potentialAction":[{"@type":"SearchAction","target":{"@type":"EntryPoint","urlTemplate":"https:\/\/laprensacristiana.com\/?s={search_term_string}"},"query-input":"required name=search_term_string"}],"inLanguage":"es"},{"@type":"Person","@id":"https:\/\/laprensacristiana.com\/#\/schema\/person\/3e7d82c6bfd6b1fa67010f8f7cd5256e","name":"EDITOR","image":{"@type":"ImageObject","inLanguage":"es","@id":"https:\/\/laprensacristiana.com\/#\/schema\/person\/image\/","url":"https:\/\/secure.gravatar.com\/avatar\/72069dfb6c13772d9e8381e3638666d2?s=96&d=mm&r=g","contentUrl":"https:\/\/secure.gravatar.com\/avatar\/72069dfb6c13772d9e8381e3638666d2?s=96&d=mm&r=g","caption":"EDITOR"},"url":"https:\/\/laprensacristiana.com\/?author=3"}]}},"_links":{"self":[{"href":"https:\/\/laprensacristiana.com\/index.php?rest_route=\/wp\/v2\/posts\/7308"}],"collection":[{"href":"https:\/\/laprensacristiana.com\/index.php?rest_route=\/wp\/v2\/posts"}],"about":[{"href":"https:\/\/laprensacristiana.com\/index.php?rest_route=\/wp\/v2\/types\/post"}],"author":[{"embeddable":true,"href":"https:\/\/laprensacristiana.com\/index.php?rest_route=\/wp\/v2\/users\/3"}],"replies":[{"embeddable":true,"href":"https:\/\/laprensacristiana.com\/index.php?rest_route=%2Fwp%2Fv2%2Fcomments&post=7308"}],"version-history":[{"count":1,"href":"https:\/\/laprensacristiana.com\/index.php?rest_route=\/wp\/v2\/posts\/7308\/revisions"}],"predecessor-version":[{"id":7310,"href":"https:\/\/laprensacristiana.com\/index.php?rest_route=\/wp\/v2\/posts\/7308\/revisions\/7310"}],"wp:featuredmedia":[{"embeddable":true,"href":"https:\/\/laprensacristiana.com\/index.php?rest_route=\/wp\/v2\/media\/7309"}],"wp:attachment":[{"href":"https:\/\/laprensacristiana.com\/index.php?rest_route=%2Fwp%2Fv2%2Fmedia&parent=7308"}],"wp:term":[{"taxonomy":"category","embeddable":true,"href":"https:\/\/laprensacristiana.com\/index.php?rest_route=%2Fwp%2Fv2%2Fcategories&post=7308"},{"taxonomy":"post_tag","embeddable":true,"href":"https:\/\/laprensacristiana.com\/index.php?rest_route=%2Fwp%2Fv2%2Ftags&post=7308"}],"curies":[{"name":"wp","href":"https:\/\/api.w.org\/{rel}","templated":true}]}}